{"id":120775,"date":"2019-08-08T11:15:14","date_gmt":"2019-08-08T09:15:14","guid":{"rendered":"http:\/\/www.lourdes-france.org\/open-source-du-6-au-8-aout-rassemblement-a-lourdes-pour-les-etudiants-et-jeunes-pro\/"},"modified":"2026-01-30T12:20:25","modified_gmt":"2026-01-30T11:20:25","slug":"open-source-vom-06-bis-zum-08-august-jugendtreffen-in-lourdes-fuer-studenten-und-berufseinsteiger","status":"publish","type":"post","link":"https:\/\/www.lourdes-france.org\/de\/open-source-vom-06-bis-zum-08-august-jugendtreffen-in-lourdes-fuer-studenten-und-berufseinsteiger\/","title":{"rendered":"Open \u00ab\u00a0source\u00a0\u00bb<\/br>Vom 06. bis zum 08. August Jugendtreffen in Lourdes f\u00fcr Studenten und Berufseinsteiger"},"content":{"rendered":"\t\t<div data-elementor-type=\"wp-post\" data-elementor-id=\"120775\" class=\"elementor elementor-120775 elementor-110813\" data-elementor-post-type=\"post\">\n\t\t\t\t\t\t<section class=\"elementor-section elementor-top-section elementor-element elementor-element-238de7b elementor-section-boxed elementor-section-height-default elementor-section-height-default\" data-id=\"238de7b\" data-element_type=\"section\">\n\t\t\t\t\t\t<div class=\"elementor-container elementor-column-gap-no\">\n\t\t\t\t\t<div class=\"elementor-column elementor-col-100 elementor-top-column elementor-element elementor-element-4b3110c\" data-id=\"4b3110c\" data-element_type=\"column\">\n\t\t\t<div class=\"elementor-widget-wrap elementor-element-populated\">\n\t\t\t\t\t\t<div class=\"elementor-element elementor-element-c2ae5fd elementor-widget elementor-widget-text-editor\" data-id=\"c2ae5fd\" data-element_type=\"widget\" data-widget_type=\"text-editor.default\">\n\t\t\t\t<div class=\"elementor-widget-container\">\n\t\t\t\t\t\t\t\t\t<h2>Er\u00f6ffnung an <span style=\"color: #e8a700;\">der Grotte<\/span><\/h2>\t\t\t\t\t\t\t\t<\/div>\n\t\t\t\t<\/div>\n\t\t\t\t<section class=\"elementor-section elementor-inner-section elementor-element elementor-element-0e1a070 elementor-section-boxed elementor-section-height-default elementor-section-height-default\" data-id=\"0e1a070\" data-element_type=\"section\">\n\t\t\t\t\t\t<div class=\"elementor-container elementor-column-gap-no\">\n\t\t\t\t\t<div class=\"elementor-column elementor-col-50 elementor-inner-column elementor-element elementor-element-4020bd9\" data-id=\"4020bd9\" data-element_type=\"column\">\n\t\t\t<div class=\"elementor-widget-wrap elementor-element-populated\">\n\t\t\t\t\t\t<div class=\"elementor-element elementor-element-ad96dfb elementor-widget elementor-widget-text-editor\" data-id=\"ad96dfb\" data-element_type=\"widget\" data-widget_type=\"text-editor.default\">\n\t\t\t\t<div class=\"elementor-widget-container\">\n\t\t\t\t\t\t\t\t\t<p>Msgr Nicolas Brouwet,Bischof von Tarbes und Lourdes hat die Jugendlichen an der Grotte von Massabielle in Empfang genommen: \u201e<em>In Lourdes ist alles einfach. Bernadette wurde auserw\u00e4hlt, weil sie die \u00c4rmste war. Wir sind alle arm. Wenn wir Unsere Liebe Frau von Lourdes verehren, verehren wir ihre Statue in einer Grotte. Diese Grotte stellt in unserer Kultur und unserer Anthropologie drei Dinge dar: einen Zufluchtsort, einen Ort, der Angst ausl\u00f6st und einen Ort der m\u00fctterlichen Aufnahme. Der Glaube offenbart uns, dass sich im Inneren dieser Grotte immer noch die \u201cQuelle\u201c, Christus, befindet. \u00d6ffnen wir uns f\u00fcr die Gnade dieser \u201eQuelle\u201c! Die Gottesmutter zeigt uns, dass diese Grotte in uns ist. Wir werden von der g\u00fctigen Liebe Mariens betrachtet, die uns zul\u00e4chelt. Machen wir uns jetzt in Prozession auf den Weg!<\/em>\u201c<\/p>\t\t\t\t\t\t\t\t<\/div>\n\t\t\t\t<\/div>\n\t\t\t\t\t<\/div>\n\t\t<\/div>\n\t\t\t\t<div class=\"elementor-column elementor-col-50 elementor-inner-column elementor-element elementor-element-3df6d2f\" data-id=\"3df6d2f\" data-element_type=\"column\">\n\t\t\t<div class=\"elementor-widget-wrap elementor-element-populated\">\n\t\t\t\t\t\t<div class=\"elementor-element elementor-element-2caae2e elementor-widget elementor-widget-image\" data-id=\"2caae2e\" data-element_type=\"widget\" data-widget_type=\"image.default\">\n\t\t\t\t<div class=\"elementor-widget-container\">\n\t\t\t\t\t\t\t\t\t\t\t\t\t\t\t<img fetchpriority=\"high\" decoding=\"async\" width=\"533\" height=\"800\" src=\"https:\/\/www.lourdes-france.org\/wp-content\/uploads\/2019\/08\/OPEN003_PHOTO-2_redimensionner.jpg\" class=\"attachment-large size-large wp-image-110871\" alt=\"\" srcset=\"https:\/\/www.lourdes-france.org\/wp-content\/uploads\/2019\/08\/OPEN003_PHOTO-2_redimensionner.jpg 533w, https:\/\/www.lourdes-france.org\/wp-content\/uploads\/2019\/08\/OPEN003_PHOTO-2_redimensionner-200x300.jpg 200w, https:\/\/www.lourdes-france.org\/wp-content\/uploads\/2019\/08\/OPEN003_PHOTO-2_redimensionner-187x280.jpg 187w\" sizes=\"(max-width: 533px) 100vw, 533px\" \/>\t\t\t\t\t\t\t\t\t\t\t\t\t\t\t<\/div>\n\t\t\t\t<\/div>\n\t\t\t\t\t<\/div>\n\t\t<\/div>\n\t\t\t\t\t<\/div>\n\t\t<\/section>\n\t\t\t\t<div class=\"elementor-element elementor-element-691db36 elementor-widget elementor-widget-text-editor\" data-id=\"691db36\" data-element_type=\"widget\" data-widget_type=\"text-editor.default\">\n\t\t\t\t<div class=\"elementor-widget-container\">\n\t\t\t\t\t\t\t\t\t<h2>Die Gnade ist <span style=\"color: #e8a700;\">das Geschenk von Lourdes<\/span><\/h2>\t\t\t\t\t\t\t\t<\/div>\n\t\t\t\t<\/div>\n\t\t\t\t<section class=\"elementor-section elementor-inner-section elementor-element elementor-element-afa14f0 elementor-section-boxed elementor-section-height-default elementor-section-height-default\" data-id=\"afa14f0\" data-element_type=\"section\">\n\t\t\t\t\t\t<div class=\"elementor-container elementor-column-gap-no\">\n\t\t\t\t\t<div class=\"elementor-column elementor-col-50 elementor-inner-column elementor-element elementor-element-f6b5ebb\" data-id=\"f6b5ebb\" data-element_type=\"column\">\n\t\t\t<div class=\"elementor-widget-wrap elementor-element-populated\">\n\t\t\t\t\t\t<div class=\"elementor-element elementor-element-c5733f0 elementor-widget elementor-widget-text-editor\" data-id=\"c5733f0\" data-element_type=\"widget\" data-widget_type=\"text-editor.default\">\n\t\t\t\t<div class=\"elementor-widget-container\">\n\t\t\t\t\t\t\t\t\t<p>Nachdem dem Gebet der Laudes, unter dem Vorsitz von Bischof Nicolas Brouwet, haben sich die Jugendlichen in der Kirche St. Bernadette versammelt und konnten dort Pater Horacio Brito, den verantwortlichen Seelsorger der Hospitalit\u00e9 Notre-Dame de Lourdes begr\u00fc\u00dfen.<br \/>Er forderte die Jugendlichen auf, Maria zu applaudieren, sie sei diejenige, die uns nach Lourdes ruft und betonte\u201e<em>die uns daran erinnert, dass wir nicht alleine sind. Tats\u00e4chlich werden tausende Jugendliche niemals nach Lourdes kommen und dennoch leben sie von dieser Gnade!<\/em>\u201c<\/p>\t\t\t\t\t\t\t\t<\/div>\n\t\t\t\t<\/div>\n\t\t\t\t\t<\/div>\n\t\t<\/div>\n\t\t\t\t<div class=\"elementor-column elementor-col-50 elementor-inner-column elementor-element elementor-element-6c3d69c\" data-id=\"6c3d69c\" data-element_type=\"column\">\n\t\t\t<div class=\"elementor-widget-wrap elementor-element-populated\">\n\t\t\t\t\t\t<div class=\"elementor-element elementor-element-41c891c elementor-widget elementor-widget-image\" data-id=\"41c891c\" data-element_type=\"widget\" data-widget_type=\"image.default\">\n\t\t\t\t<div class=\"elementor-widget-container\">\n\t\t\t\t\t\t\t\t\t\t\t\t\t\t\t<img decoding=\"async\" width=\"1000\" height=\"667\" src=\"https:\/\/www.lourdes-france.org\/wp-content\/uploads\/2019\/08\/IMG_0979_PHOTO-1_redimensionner.jpg\" class=\"attachment-large size-large wp-image-110847\" alt=\"\" srcset=\"https:\/\/www.lourdes-france.org\/wp-content\/uploads\/2019\/08\/IMG_0979_PHOTO-1_redimensionner.jpg 1000w, https:\/\/www.lourdes-france.org\/wp-content\/uploads\/2019\/08\/IMG_0979_PHOTO-1_redimensionner-300x200.jpg 300w, https:\/\/www.lourdes-france.org\/wp-content\/uploads\/2019\/08\/IMG_0979_PHOTO-1_redimensionner-768x512.jpg 768w, https:\/\/www.lourdes-france.org\/wp-content\/uploads\/2019\/08\/IMG_0979_PHOTO-1_redimensionner-380x253.jpg 380w\" sizes=\"(max-width: 1000px) 100vw, 1000px\" \/>\t\t\t\t\t\t\t\t\t\t\t\t\t\t\t<\/div>\n\t\t\t\t<\/div>\n\t\t\t\t\t<\/div>\n\t\t<\/div>\n\t\t\t\t\t<\/div>\n\t\t<\/section>\n\t\t\t\t<div class=\"elementor-element elementor-element-ec34754 elementor-widget elementor-widget-text-editor\" data-id=\"ec34754\" data-element_type=\"widget\" data-widget_type=\"text-editor.default\">\n\t\t\t\t<div class=\"elementor-widget-container\">\n\t\t\t\t\t\t\t\t\t<h2><span style=\"color: #e8a700;\">Maria ist die Quelle <\/span><\/h2>\t\t\t\t\t\t\t\t<\/div>\n\t\t\t\t<\/div>\n\t\t\t\t<section class=\"elementor-section elementor-inner-section elementor-element elementor-element-6f39b73 elementor-section-boxed elementor-section-height-default elementor-section-height-default\" data-id=\"6f39b73\" data-element_type=\"section\">\n\t\t\t\t\t\t<div class=\"elementor-container elementor-column-gap-no\">\n\t\t\t\t\t<div class=\"elementor-column elementor-col-50 elementor-inner-column elementor-element elementor-element-007215c\" data-id=\"007215c\" data-element_type=\"column\">\n\t\t\t<div class=\"elementor-widget-wrap elementor-element-populated\">\n\t\t\t\t\t\t<div class=\"elementor-element elementor-element-f3aa7fb elementor-widget elementor-widget-text-editor\" data-id=\"f3aa7fb\" data-element_type=\"widget\" data-widget_type=\"text-editor.default\">\n\t\t\t\t<div class=\"elementor-widget-container\">\n\t\t\t\t\t\t\t\t\t<p>Lourdes hat seinen Anfang in der Begegnung zwischen Maria und Bernadette genommen. Der Begegnung zwischen zwei Christen. Wie am Fu\u00dfe des Kreuzes, als Jesus seiner Mutter Maria Johannes und Johannes Maria seine Mutter anvertraute.<br \/>Wenn wir die Wallfahrtsst\u00e4tte durch den Haupteingang der Michaelspforte betreten, was sehen wir dann\u00a0? Die bretonische Kreuzigungsgruppe: den gekreuzigten Christus, Maria und Johannes. Sie stehen f\u00fcr einen jeden von uns. Pater Horacio Brito lud jeden Teilnehmer ein \u201e<em>sich mit Christus zu identifizieren<\/em>\u201c. <br \/>Er hat uns Maria anvertraut, \u201e<em>denn sie ist die g\u00fctige, hingebungsvolle, freundliche, aber auch fordernde Mutter<\/em>\u201c.<br \/>Maria ist diejenige, die auf die Quelle gedeutet hat. \u201e<em>Sie ist zugleich deren sch\u00f6nste Frucht<\/em>\u201c, erkl\u00e4rt noch einmal Pater Brito. Er gibt uns den Rat: \u201e<em>Lasst sie nur machen. Gebt euch ganz in ihre H\u00e4nde! Sie will f\u00fcr uns alle das Beste.<\/em>\u201c. Bernadette Soubirous hat dies dank folgender Worte verstanden: \u201e<em>Trinken Sie aus der Quelle und waschen Sie sich darin.<\/em>\u201c<\/p>\t\t\t\t\t\t\t\t<\/div>\n\t\t\t\t<\/div>\n\t\t\t\t\t<\/div>\n\t\t<\/div>\n\t\t\t\t<div class=\"elementor-column elementor-col-50 elementor-inner-column elementor-element elementor-element-c62e142\" data-id=\"c62e142\" data-element_type=\"column\">\n\t\t\t<div class=\"elementor-widget-wrap elementor-element-populated\">\n\t\t\t\t\t\t<div class=\"elementor-element elementor-element-a8d4b2b elementor-widget elementor-widget-image\" data-id=\"a8d4b2b\" data-element_type=\"widget\" data-widget_type=\"image.default\">\n\t\t\t\t<div class=\"elementor-widget-container\">\n\t\t\t\t\t\t\t\t\t\t\t\t\t\t\t<img decoding=\"async\" width=\"1024\" height=\"683\" src=\"https:\/\/www.lourdes-france.org\/wp-content\/uploads\/2019\/08\/reduit_PHOTO-5_Calvaire-BretonAmbiancedete2015-1024x683.jpg\" class=\"attachment-large size-large wp-image-110943\" alt=\"\" srcset=\"https:\/\/www.lourdes-france.org\/wp-content\/uploads\/2019\/08\/reduit_PHOTO-5_Calvaire-BretonAmbiancedete2015-1024x683.jpg 1024w, https:\/\/www.lourdes-france.org\/wp-content\/uploads\/2019\/08\/reduit_PHOTO-5_Calvaire-BretonAmbiancedete2015-300x200.jpg 300w, https:\/\/www.lourdes-france.org\/wp-content\/uploads\/2019\/08\/reduit_PHOTO-5_Calvaire-BretonAmbiancedete2015-768x512.jpg 768w, https:\/\/www.lourdes-france.org\/wp-content\/uploads\/2019\/08\/reduit_PHOTO-5_Calvaire-BretonAmbiancedete2015-380x253.jpg 380w, https:\/\/www.lourdes-france.org\/wp-content\/uploads\/2019\/08\/reduit_PHOTO-5_Calvaire-BretonAmbiancedete2015.jpg 1200w\" sizes=\"(max-width: 1024px) 100vw, 1024px\" \/>\t\t\t\t\t\t\t\t\t\t\t\t\t\t\t<\/div>\n\t\t\t\t<\/div>\n\t\t\t\t\t<\/div>\n\t\t<\/div>\n\t\t\t\t\t<\/div>\n\t\t<\/section>\n\t\t\t\t<div class=\"elementor-element elementor-element-f4cd2cd elementor-widget elementor-widget-text-editor\" data-id=\"f4cd2cd\" data-element_type=\"widget\" data-widget_type=\"text-editor.default\">\n\t\t\t\t<div class=\"elementor-widget-container\">\n\t\t\t\t\t\t\t\t\t<h2><span style=\"color: #e8a700;\">Drei Etappen<\/span><\/h2>\t\t\t\t\t\t\t\t<\/div>\n\t\t\t\t<\/div>\n\t\t\t\t<section class=\"elementor-section elementor-inner-section elementor-element elementor-element-a44213f elementor-section-boxed elementor-section-height-default elementor-section-height-default\" data-id=\"a44213f\" data-element_type=\"section\">\n\t\t\t\t\t\t<div class=\"elementor-container elementor-column-gap-no\">\n\t\t\t\t\t<div class=\"elementor-column elementor-col-50 elementor-inner-column elementor-element elementor-element-4597d5b\" data-id=\"4597d5b\" data-element_type=\"column\">\n\t\t\t<div class=\"elementor-widget-wrap elementor-element-populated\">\n\t\t\t\t\t\t<div class=\"elementor-element elementor-element-ad6129e elementor-widget elementor-widget-text-editor\" data-id=\"ad6129e\" data-element_type=\"widget\" data-widget_type=\"text-editor.default\">\n\t\t\t\t<div class=\"elementor-widget-container\">\n\t\t\t\t\t\t\t\t\t<p>1- \u201e<em>Trinken Sie aus der Quelle und waschen Sie sich darin<\/em>\u201c<br \/>Auf dass wir vorab die Gnade erhalten, \u00fcberhaupt dorthin zu kommen\u00a0!<br \/>2-<em> Aus der Quelle trinken<\/em><br \/>Mit Christus eine pers\u00f6nliche Beziehung eingehen &#8211; das ist die \u201eQuelle\u201c. Sich dem Dialog \u00f6ffnen, auf das Wort des anderen h\u00f6ren, die Eucharistie empfangen, sich im Gebet anvertrauen und einen Akt der N\u00e4chstenliebe verschenken.<br \/>3- \u201e<em>\u2026 und waschen Sie sich darin<\/em>\u201c: Das ist eine Einladung der \u201eQuelle\u201c \u00e4hnlich zu werden.<br \/>\u201eGehen Sie und Sagen Sie&#8230;\u201c: Wenn ihr Lourdes verlasst, dann erz\u00e4hlt von der tiefen inneren Ver\u00e4nderung eures Herzens, von eurer Umkehr. In Lourdes habt ihr geholfen. Dieser Dienst muss auch bei euch zu Hause weitergehen.<\/p>\t\t\t\t\t\t\t\t<\/div>\n\t\t\t\t<\/div>\n\t\t\t\t\t<\/div>\n\t\t<\/div>\n\t\t\t\t<div class=\"elementor-column elementor-col-50 elementor-inner-column elementor-element elementor-element-45c4172\" data-id=\"45c4172\" data-element_type=\"column\">\n\t\t\t<div class=\"elementor-widget-wrap elementor-element-populated\">\n\t\t\t\t\t\t<div class=\"elementor-element elementor-element-9fef03e elementor-widget elementor-widget-image\" data-id=\"9fef03e\" data-element_type=\"widget\" data-widget_type=\"image.default\">\n\t\t\t\t<div class=\"elementor-widget-container\">\n\t\t\t\t\t\t\t\t\t\t\t\t\t\t\t<img loading=\"lazy\" decoding=\"async\" width=\"1000\" height=\"667\" src=\"https:\/\/www.lourdes-france.org\/wp-content\/uploads\/2019\/08\/IMG_0961_photo-5BIS_redimensionner.jpg\" class=\"attachment-large size-large wp-image-111333\" alt=\"\" srcset=\"https:\/\/www.lourdes-france.org\/wp-content\/uploads\/2019\/08\/IMG_0961_photo-5BIS_redimensionner.jpg 1000w, https:\/\/www.lourdes-france.org\/wp-content\/uploads\/2019\/08\/IMG_0961_photo-5BIS_redimensionner-300x200.jpg 300w, https:\/\/www.lourdes-france.org\/wp-content\/uploads\/2019\/08\/IMG_0961_photo-5BIS_redimensionner-768x512.jpg 768w, https:\/\/www.lourdes-france.org\/wp-content\/uploads\/2019\/08\/IMG_0961_photo-5BIS_redimensionner-380x253.jpg 380w\" sizes=\"(max-width: 1000px) 100vw, 1000px\" \/>\t\t\t\t\t\t\t\t\t\t\t\t\t\t\t<\/div>\n\t\t\t\t<\/div>\n\t\t\t\t\t<\/div>\n\t\t<\/div>\n\t\t\t\t\t<\/div>\n\t\t<\/section>\n\t\t\t\t<div class=\"elementor-element elementor-element-03290eb elementor-widget elementor-widget-text-editor\" data-id=\"03290eb\" data-element_type=\"widget\" data-widget_type=\"text-editor.default\">\n\t\t\t\t<div class=\"elementor-widget-container\">\n\t\t\t\t\t\t\t\t\t<p>In Lourdes k\u00f6nnt ihr wunderbare Erfahren machen. Es gen\u00fcgt, die \u201eQuelle\u201c freizulegen. Manchmal muss man, wie Bernadette, ein bisschen graben, damit man das schafft. Pater Horacio Brito f\u00fcgt hinzu: \u201e<em>Die Frucht der Begegnung zwischen den beiden jungen M\u00e4dchen sind wir. K\u00f6nnen andere aus dieser \u2018Quelle\u2019, die in uns ist und die f\u00fcr Gerechtigkeit, Vergebung und Zuh\u00f6ren steht, trinken und sich darin waschen? Stellen wir uns einmal dieser Frage!<\/em>\u201c<\/p>\t\t\t\t\t\t\t\t<\/div>\n\t\t\t\t<\/div>\n\t\t\t\t<div class=\"elementor-element elementor-element-5bf68ef elementor-widget elementor-widget-text-editor\" data-id=\"5bf68ef\" data-element_type=\"widget\" data-widget_type=\"text-editor.default\">\n\t\t\t\t<div class=\"elementor-widget-container\">\n\t\t\t\t\t\t\t\t\t<h2><span style=\"color: #e8a700;\">F\u00fcnf spirituelle Angebote<\/span><\/h2>\t\t\t\t\t\t\t\t<\/div>\n\t\t\t\t<\/div>\n\t\t\t\t<div class=\"elementor-element elementor-element-b62defb elementor-widget elementor-widget-text-editor\" data-id=\"b62defb\" data-element_type=\"widget\" data-widget_type=\"text-editor.default\">\n\t\t\t\t<div class=\"elementor-widget-container\">\n\t\t\t\t\t\t\t\t\t<p>Um unsere innere \u201eQuelle\u201c ans Tageslicht zu bringen, lassen wir uns von Maria anschauen, mithilfe der f\u00fcnf spirituellen Angebote seitens der Wallfahrtsst\u00e4tte.<\/p><ul><li>Die B\u00e4der<\/li><li>Der Kreuzweg auf dem Esp\u00e9lugues-H\u00fcgel<\/li><li>Teilnahme an der F\u00fchrung \u201eAuf den Spuren der Bernadette\u201c,<br \/>um die Orte zu besuchen, an denen Bernadette gelebt hat oder die mit ihr in Verbindung stehen: das Museum St. Bernadette, die M\u00fchle Boly und den Cachot. So k\u00f6nnt ihr Zugang zur Botschaft von Lourdes und damit zum Evangelium finden.<\/li><li>Anbetung<br \/>Die Anbetungskapelle befindet sich direkt hinter der Kirche St. Bernadette.<\/li><li>Der Weg der Zeichen von Lourdes: <br \/>aus der Quelle trinken und mich an den Wasserspendern waschen,<br \/>zur Grotte gehen und den Felsen ber\u00fchren, <br \/>eine Kerze in der Lichtkapelle entz\u00fcnden.<\/li><\/ul>\t\t\t\t\t\t\t\t<\/div>\n\t\t\t\t<\/div>\n\t\t\t\t<div class=\"elementor-element elementor-element-d3d77b2 elementor-widget elementor-widget-image\" data-id=\"d3d77b2\" data-element_type=\"widget\" data-widget_type=\"image.default\">\n\t\t\t\t<div class=\"elementor-widget-container\">\n\t\t\t\t\t\t\t\t\t\t\t\t\t\t\t<img loading=\"lazy\" decoding=\"async\" width=\"1024\" height=\"632\" src=\"https:\/\/www.lourdes-france.org\/wp-content\/uploads\/2019\/08\/reduit_PHOTO-6_groupe-POUR-REPLAY-MESSEopensource-light-1024x632.jpg\" class=\"attachment-large size-large wp-image-110955\" alt=\"\" srcset=\"https:\/\/www.lourdes-france.org\/wp-content\/uploads\/2019\/08\/reduit_PHOTO-6_groupe-POUR-REPLAY-MESSEopensource-light-1024x632.jpg 1024w, https:\/\/www.lourdes-france.org\/wp-content\/uploads\/2019\/08\/reduit_PHOTO-6_groupe-POUR-REPLAY-MESSEopensource-light-300x185.jpg 300w, https:\/\/www.lourdes-france.org\/wp-content\/uploads\/2019\/08\/reduit_PHOTO-6_groupe-POUR-REPLAY-MESSEopensource-light-768x474.jpg 768w, https:\/\/www.lourdes-france.org\/wp-content\/uploads\/2019\/08\/reduit_PHOTO-6_groupe-POUR-REPLAY-MESSEopensource-light-380x235.jpg 380w, https:\/\/www.lourdes-france.org\/wp-content\/uploads\/2019\/08\/reduit_PHOTO-6_groupe-POUR-REPLAY-MESSEopensource-light.jpg 1200w\" sizes=\"(max-width: 1024px) 100vw, 1024px\" \/>\t\t\t\t\t\t\t\t\t\t\t\t\t\t\t<\/div>\n\t\t\t\t<\/div>\n\t\t\t\t<div class=\"elementor-element elementor-element-7a3e6b5 elementor-widget elementor-widget-text-editor\" data-id=\"7a3e6b5\" data-element_type=\"widget\" data-widget_type=\"text-editor.default\">\n\t\t\t\t<div class=\"elementor-widget-container\">\n\t\t\t\t\t\t\t\t\t<h2><span style=\"color: #e8a700;\">Die Messe an der Grotte ansehen<br \/><\/span><\/h2>\t\t\t\t\t\t\t\t<\/div>\n\t\t\t\t<\/div>\n\t\t\t\t<div class=\"elementor-element elementor-element-17d0255 elementor-widget elementor-widget-video\" data-id=\"17d0255\" data-element_type=\"widget\" data-settings=\"{&quot;youtube_url&quot;:&quot;https:\\\/\\\/www.youtube.com\\\/watch?v=mml8AsOvcxM&quot;,&quot;video_type&quot;:&quot;youtube&quot;,&quot;controls&quot;:&quot;yes&quot;}\" data-widget_type=\"video.default\">\n\t\t\t\t<div class=\"elementor-widget-container\">\n\t\t\t\t\t\t\t<div class=\"elementor-wrapper elementor-open-inline\">\n\t\t\t<div class=\"elementor-video\"><\/div>\t\t<\/div>\n\t\t\t\t\t\t<\/div>\n\t\t\t\t<\/div>\n\t\t\t\t<div class=\"elementor-element elementor-element-beb2b82 carrousel-post elementor-arrows-position-inside elementor-pagination-position-outside elementor-widget elementor-widget-image-carousel\" data-id=\"beb2b82\" data-element_type=\"widget\" data-settings=\"{&quot;slides_to_show&quot;:&quot;1&quot;,&quot;navigation&quot;:&quot;both&quot;,&quot;autoplay&quot;:&quot;yes&quot;,&quot;pause_on_hover&quot;:&quot;yes&quot;,&quot;pause_on_interaction&quot;:&quot;yes&quot;,&quot;autoplay_speed&quot;:5000,&quot;infinite&quot;:&quot;yes&quot;,&quot;effect&quot;:&quot;slide&quot;,&quot;speed&quot;:500}\" data-widget_type=\"image-carousel.default\">\n\t\t\t\t<div class=\"elementor-widget-container\">\n\t\t\t\t\t\t\t<div class=\"elementor-image-carousel-wrapper swiper\" role=\"region\" aria-roledescription=\"carousel\" aria-label=\"Bild Karussell\" dir=\"ltr\">\n\t\t\t<div class=\"elementor-image-carousel swiper-wrapper\" aria-live=\"off\">\n\t\t\t\t\t\t\t\t<div class=\"swiper-slide\" role=\"group\" aria-roledescription=\"slide\" aria-label=\"1 von 5\"><a data-elementor-open-lightbox=\"no\" href=\"https:\/\/www.lourdes-france.org\/wp-content\/uploads\/2019\/08\/OPEN030_DIAPORAMA_redimensionner.jpg\"><figure class=\"swiper-slide-inner\"><img decoding=\"async\" class=\"swiper-slide-image\" src=\"https:\/\/www.lourdes-france.org\/wp-content\/uploads\/2019\/08\/OPEN030_DIAPORAMA_redimensionner-768x512.jpg\" alt=\"OPEN030_DIAPORAMA_redimensionner\" \/><\/figure><\/a><\/div><div class=\"swiper-slide\" role=\"group\" aria-roledescription=\"slide\" aria-label=\"2 von 5\"><a data-elementor-open-lightbox=\"no\" href=\"https:\/\/www.lourdes-france.org\/wp-content\/uploads\/2019\/08\/OPEN022_diaporama_redimensionner.jpg\"><figure class=\"swiper-slide-inner\"><img decoding=\"async\" class=\"swiper-slide-image\" src=\"https:\/\/www.lourdes-france.org\/wp-content\/uploads\/2019\/08\/OPEN022_diaporama_redimensionner-768x512.jpg\" alt=\"OPEN022_diaporama_redimensionner\" \/><\/figure><\/a><\/div><div class=\"swiper-slide\" role=\"group\" aria-roledescription=\"slide\" aria-label=\"3 von 5\"><a data-elementor-open-lightbox=\"no\" href=\"https:\/\/www.lourdes-france.org\/wp-content\/uploads\/2019\/08\/OPEN021_diaporama_redimensionner.jpg\"><figure class=\"swiper-slide-inner\"><img decoding=\"async\" class=\"swiper-slide-image\" src=\"https:\/\/www.lourdes-france.org\/wp-content\/uploads\/2019\/08\/OPEN021_diaporama_redimensionner-768x512.jpg\" alt=\"OPEN021_diaporama_redimensionner\" \/><\/figure><\/a><\/div><div class=\"swiper-slide\" role=\"group\" aria-roledescription=\"slide\" aria-label=\"4 von 5\"><a data-elementor-open-lightbox=\"no\" href=\"https:\/\/www.lourdes-france.org\/wp-content\/uploads\/2019\/08\/OPEN016_BANDEAUredimensionner.jpg\"><figure class=\"swiper-slide-inner\"><img decoding=\"async\" class=\"swiper-slide-image\" src=\"https:\/\/www.lourdes-france.org\/wp-content\/uploads\/2019\/08\/OPEN016_BANDEAUredimensionner-768x512.jpg\" alt=\"OPEN016_BANDEAUredimensionner\" \/><\/figure><\/a><\/div><div class=\"swiper-slide\" role=\"group\" aria-roledescription=\"slide\" aria-label=\"5 von 5\"><a data-elementor-open-lightbox=\"no\" href=\"https:\/\/www.lourdes-france.org\/wp-content\/uploads\/2019\/08\/OPEN002__DIAPORAMAredimensionner.jpg\"><figure class=\"swiper-slide-inner\"><img decoding=\"async\" class=\"swiper-slide-image\" src=\"https:\/\/www.lourdes-france.org\/wp-content\/uploads\/2019\/08\/OPEN002__DIAPORAMAredimensionner-768x512.jpg\" alt=\"OPEN002__DIAPORAMAredimensionner\" \/><\/figure><\/a><\/div>\t\t\t<\/div>\n\t\t\t\t\t\t\t\t\t\t\t\t<div class=\"elementor-swiper-button elementor-swiper-button-prev\" role=\"button\" tabindex=\"0\">\n\t\t\t\t\t\t<i aria-hidden=\"true\" class=\"eicon-chevron-left\"><\/i>\t\t\t\t\t<\/div>\n\t\t\t\t\t<div class=\"elementor-swiper-button elementor-swiper-button-next\" role=\"button\" tabindex=\"0\">\n\t\t\t\t\t\t<i aria-hidden=\"true\" class=\"eicon-chevron-right\"><\/i>\t\t\t\t\t<\/div>\n\t\t\t\t\n\t\t\t\t\t\t\t\t\t<div class=\"swiper-pagination\"><\/div>\n\t\t\t\t\t\t\t\t\t<\/div>\n\t\t\t\t\t\t<\/div>\n\t\t\t\t<\/div>\n\t\t\t\t<div class=\"elementor-element elementor-element-77a4986 elementor-widget elementor-widget-text-editor\" data-id=\"77a4986\" data-element_type=\"widget\" data-widget_type=\"text-editor.default\">\n\t\t\t\t<div class=\"elementor-widget-container\">\n\t\t\t\t\t\t\t\t\t<p>Kontakt\u00a0: Jugend- und Familiendienst<br \/>T\u00e9l. <a href=\"tel:0562427838\">+33(0)5 62 42 78 38<\/a><br \/><a href=\"mailto:sjeunes@lourdes-france.com\">sjeunes@lourdes-france.com<\/a><\/p>\t\t\t\t\t\t\t\t<\/div>\n\t\t\t\t<\/div>\n\t\t\t\t\t<\/div>\n\t\t<\/div>\n\t\t\t\t\t<\/div>\n\t\t<\/section>\n\t\t\t\t<\/div>\n\t\t","protected":false},"excerpt":{"rendered":"<p>Er\u00f6ffnung an der Grotte Msgr Nicolas Brouwet,Bischof von Tarbes und Lourdes hat die Jugendlichen an der Grotte von Massabielle in Empfang genommen: \u201eIn Lourdes ist alles einfach. Bernadette wurde auserw\u00e4hlt, weil sie die \u00c4rmste war. Wir sind alle arm. Wenn &hellip; <a href=\"https:\/\/www.lourdes-france.org\/de\/open-source-vom-06-bis-zum-08-august-jugendtreffen-in-lourdes-fuer-studenten-und-berufseinsteiger\/\">Weiter<\/a><\/p>\n","protected":false},"author":21,"featured_media":110835,"comment_status":"closed","ping_status":"closed","sticky":false,"template":"","format":"standard","meta":{"_acf_changed":false,"footnotes":""},"categories":[153],"tags":[],"class_list":["post-120775","post","type-post","status-publish","format-standard","has-post-thumbnail","hentry","category-aktuelles-in-lourdes"],"acf":[],"yoast_head":"<!-- This site is optimized with the Yoast SEO plugin v24.7 - https:\/\/yoast.com\/wordpress\/plugins\/seo\/ -->\n<title>Open \u00ab\u00a0source\u00a0\u00bbVom 06. bis zum 08. August Jugendtreffen in Lourdes f\u00fcr Studenten und Berufseinsteiger<\/title>\n<meta name=\"robots\" content=\"index, follow, max-snippet:-1, max-image-preview:large, max-video-preview:-1\" \/>\n<link rel=\"canonical\" href=\"https:\/\/www.lourdes-france.org\/de\/open-source-vom-06-bis-zum-08-august-jugendtreffen-in-lourdes-fuer-studenten-und-berufseinsteiger\/\" \/>\n<meta name=\"twitter:label1\" content=\"Verfasst von\" \/>\n\t<meta name=\"twitter:data1\" content=\"TV LOURDES\" \/>\n\t<meta name=\"twitter:label2\" content=\"Gesch\u00e4tzte Lesezeit\" \/>\n\t<meta name=\"twitter:data2\" content=\"4\u00a0Minuten\" \/>\n<script type=\"application\/ld+json\" class=\"yoast-schema-graph\">{\"@context\":\"https:\/\/schema.org\",\"@graph\":[{\"@type\":\"WebPage\",\"@id\":\"https:\/\/www.lourdes-france.org\/de\/open-source-vom-06-bis-zum-08-august-jugendtreffen-in-lourdes-fuer-studenten-und-berufseinsteiger\/\",\"url\":\"https:\/\/www.lourdes-france.org\/de\/open-source-vom-06-bis-zum-08-august-jugendtreffen-in-lourdes-fuer-studenten-und-berufseinsteiger\/\",\"name\":\"Open \u00ab\u00a0source\u00a0\u00bbVom 06. bis zum 08. August Jugendtreffen in Lourdes f\u00fcr Studenten und Berufseinsteiger\",\"isPartOf\":{\"@id\":\"https:\/\/preprod-lourdes.cawita.com\/#website\"},\"primaryImageOfPage\":{\"@id\":\"https:\/\/www.lourdes-france.org\/de\/open-source-vom-06-bis-zum-08-august-jugendtreffen-in-lourdes-fuer-studenten-und-berufseinsteiger\/#primaryimage\"},\"image\":{\"@id\":\"https:\/\/www.lourdes-france.org\/de\/open-source-vom-06-bis-zum-08-august-jugendtreffen-in-lourdes-fuer-studenten-und-berufseinsteiger\/#primaryimage\"},\"thumbnailUrl\":\"https:\/\/www.lourdes-france.org\/wp-content\/uploads\/2019\/08\/OPEN016_BANDEAUredimensionner-380.jpg\",\"datePublished\":\"2019-08-08T09:15:14+00:00\",\"dateModified\":\"2026-01-30T11:20:25+00:00\",\"author\":{\"@id\":\"https:\/\/preprod-lourdes.cawita.com\/#\/schema\/person\/00e15361338ccda7ff575e7807b7ff76\"},\"breadcrumb\":{\"@id\":\"https:\/\/www.lourdes-france.org\/de\/open-source-vom-06-bis-zum-08-august-jugendtreffen-in-lourdes-fuer-studenten-und-berufseinsteiger\/#breadcrumb\"},\"inLanguage\":\"de\",\"potentialAction\":[{\"@type\":\"ReadAction\",\"target\":[\"https:\/\/www.lourdes-france.org\/de\/open-source-vom-06-bis-zum-08-august-jugendtreffen-in-lourdes-fuer-studenten-und-berufseinsteiger\/\"]}]},{\"@type\":\"ImageObject\",\"inLanguage\":\"de\",\"@id\":\"https:\/\/www.lourdes-france.org\/de\/open-source-vom-06-bis-zum-08-august-jugendtreffen-in-lourdes-fuer-studenten-und-berufseinsteiger\/#primaryimage\",\"url\":\"https:\/\/www.lourdes-france.org\/wp-content\/uploads\/2019\/08\/OPEN016_BANDEAUredimensionner-380.jpg\",\"contentUrl\":\"https:\/\/www.lourdes-france.org\/wp-content\/uploads\/2019\/08\/OPEN016_BANDEAUredimensionner-380.jpg\",\"width\":760,\"height\":560},{\"@type\":\"BreadcrumbList\",\"@id\":\"https:\/\/www.lourdes-france.org\/de\/open-source-vom-06-bis-zum-08-august-jugendtreffen-in-lourdes-fuer-studenten-und-berufseinsteiger\/#breadcrumb\",\"itemListElement\":[{\"@type\":\"ListItem\",\"position\":1,\"name\":\"Accueil\",\"item\":\"https:\/\/www.lourdes-france.org\/\"},{\"@type\":\"ListItem\",\"position\":2,\"name\":\"Open \u00ab\u00a0source\u00a0\u00bbVom 06. bis zum 08. August Jugendtreffen in Lourdes f\u00fcr Studenten und Berufseinsteiger\"}]},{\"@type\":\"WebSite\",\"@id\":\"https:\/\/preprod-lourdes.cawita.com\/#website\",\"url\":\"https:\/\/preprod-lourdes.cawita.com\/\",\"name\":\"Soutenir le Sanctuaire Notre-Dame de Lourdes\",\"description\":\"\",\"potentialAction\":[{\"@type\":\"SearchAction\",\"target\":{\"@type\":\"EntryPoint\",\"urlTemplate\":\"https:\/\/preprod-lourdes.cawita.com\/?s={search_term_string}\"},\"query-input\":{\"@type\":\"PropertyValueSpecification\",\"valueRequired\":true,\"valueName\":\"search_term_string\"}}],\"inLanguage\":\"de\"},{\"@type\":\"Person\",\"@id\":\"https:\/\/preprod-lourdes.cawita.com\/#\/schema\/person\/00e15361338ccda7ff575e7807b7ff76\",\"name\":\"TV LOURDES\",\"image\":{\"@type\":\"ImageObject\",\"inLanguage\":\"de\",\"@id\":\"https:\/\/preprod-lourdes.cawita.com\/#\/schema\/person\/image\/\",\"url\":\"https:\/\/secure.gravatar.com\/avatar\/99ad963db01f0c73acfee4d5f94ac178?s=96&d=mm&r=g\",\"contentUrl\":\"https:\/\/secure.gravatar.com\/avatar\/99ad963db01f0c73acfee4d5f94ac178?s=96&d=mm&r=g\",\"caption\":\"TV LOURDES\"},\"url\":\"https:\/\/www.lourdes-france.org\/de\/author\/tv-lourdes\/\"}]}<\/script>\n<!-- \/ Yoast SEO plugin. -->","yoast_head_json":{"title":"Open \u00ab\u00a0source\u00a0\u00bbVom 06. bis zum 08. August Jugendtreffen in Lourdes f\u00fcr Studenten und Berufseinsteiger","robots":{"index":"index","follow":"follow","max-snippet":"max-snippet:-1","max-image-preview":"max-image-preview:large","max-video-preview":"max-video-preview:-1"},"canonical":"https:\/\/www.lourdes-france.org\/de\/open-source-vom-06-bis-zum-08-august-jugendtreffen-in-lourdes-fuer-studenten-und-berufseinsteiger\/","twitter_misc":{"Verfasst von":"TV LOURDES","Gesch\u00e4tzte Lesezeit":"4\u00a0Minuten"},"schema":{"@context":"https:\/\/schema.org","@graph":[{"@type":"WebPage","@id":"https:\/\/www.lourdes-france.org\/de\/open-source-vom-06-bis-zum-08-august-jugendtreffen-in-lourdes-fuer-studenten-und-berufseinsteiger\/","url":"https:\/\/www.lourdes-france.org\/de\/open-source-vom-06-bis-zum-08-august-jugendtreffen-in-lourdes-fuer-studenten-und-berufseinsteiger\/","name":"Open \u00ab\u00a0source\u00a0\u00bbVom 06. bis zum 08. August Jugendtreffen in Lourdes f\u00fcr Studenten und Berufseinsteiger","isPartOf":{"@id":"https:\/\/preprod-lourdes.cawita.com\/#website"},"primaryImageOfPage":{"@id":"https:\/\/www.lourdes-france.org\/de\/open-source-vom-06-bis-zum-08-august-jugendtreffen-in-lourdes-fuer-studenten-und-berufseinsteiger\/#primaryimage"},"image":{"@id":"https:\/\/www.lourdes-france.org\/de\/open-source-vom-06-bis-zum-08-august-jugendtreffen-in-lourdes-fuer-studenten-und-berufseinsteiger\/#primaryimage"},"thumbnailUrl":"https:\/\/www.lourdes-france.org\/wp-content\/uploads\/2019\/08\/OPEN016_BANDEAUredimensionner-380.jpg","datePublished":"2019-08-08T09:15:14+00:00","dateModified":"2026-01-30T11:20:25+00:00","author":{"@id":"https:\/\/preprod-lourdes.cawita.com\/#\/schema\/person\/00e15361338ccda7ff575e7807b7ff76"},"breadcrumb":{"@id":"https:\/\/www.lourdes-france.org\/de\/open-source-vom-06-bis-zum-08-august-jugendtreffen-in-lourdes-fuer-studenten-und-berufseinsteiger\/#breadcrumb"},"inLanguage":"de","potentialAction":[{"@type":"ReadAction","target":["https:\/\/www.lourdes-france.org\/de\/open-source-vom-06-bis-zum-08-august-jugendtreffen-in-lourdes-fuer-studenten-und-berufseinsteiger\/"]}]},{"@type":"ImageObject","inLanguage":"de","@id":"https:\/\/www.lourdes-france.org\/de\/open-source-vom-06-bis-zum-08-august-jugendtreffen-in-lourdes-fuer-studenten-und-berufseinsteiger\/#primaryimage","url":"https:\/\/www.lourdes-france.org\/wp-content\/uploads\/2019\/08\/OPEN016_BANDEAUredimensionner-380.jpg","contentUrl":"https:\/\/www.lourdes-france.org\/wp-content\/uploads\/2019\/08\/OPEN016_BANDEAUredimensionner-380.jpg","width":760,"height":560},{"@type":"BreadcrumbList","@id":"https:\/\/www.lourdes-france.org\/de\/open-source-vom-06-bis-zum-08-august-jugendtreffen-in-lourdes-fuer-studenten-und-berufseinsteiger\/#breadcrumb","itemListElement":[{"@type":"ListItem","position":1,"name":"Accueil","item":"https:\/\/www.lourdes-france.org\/"},{"@type":"ListItem","position":2,"name":"Open \u00ab\u00a0source\u00a0\u00bbVom 06. bis zum 08. August Jugendtreffen in Lourdes f\u00fcr Studenten und Berufseinsteiger"}]},{"@type":"WebSite","@id":"https:\/\/preprod-lourdes.cawita.com\/#website","url":"https:\/\/preprod-lourdes.cawita.com\/","name":"Soutenir le Sanctuaire Notre-Dame de Lourdes","description":"","potentialAction":[{"@type":"SearchAction","target":{"@type":"EntryPoint","urlTemplate":"https:\/\/preprod-lourdes.cawita.com\/?s={search_term_string}"},"query-input":{"@type":"PropertyValueSpecification","valueRequired":true,"valueName":"search_term_string"}}],"inLanguage":"de"},{"@type":"Person","@id":"https:\/\/preprod-lourdes.cawita.com\/#\/schema\/person\/00e15361338ccda7ff575e7807b7ff76","name":"TV LOURDES","image":{"@type":"ImageObject","inLanguage":"de","@id":"https:\/\/preprod-lourdes.cawita.com\/#\/schema\/person\/image\/","url":"https:\/\/secure.gravatar.com\/avatar\/99ad963db01f0c73acfee4d5f94ac178?s=96&d=mm&r=g","contentUrl":"https:\/\/secure.gravatar.com\/avatar\/99ad963db01f0c73acfee4d5f94ac178?s=96&d=mm&r=g","caption":"TV LOURDES"},"url":"https:\/\/www.lourdes-france.org\/de\/author\/tv-lourdes\/"}]}},"_links":{"self":[{"href":"https:\/\/www.lourdes-france.org\/de\/wp-json\/wp\/v2\/posts\/120775","targetHints":{"allow":["GET"]}}],"collection":[{"href":"https:\/\/www.lourdes-france.org\/de\/wp-json\/wp\/v2\/posts"}],"about":[{"href":"https:\/\/www.lourdes-france.org\/de\/wp-json\/wp\/v2\/types\/post"}],"author":[{"embeddable":true,"href":"https:\/\/www.lourdes-france.org\/de\/wp-json\/wp\/v2\/users\/21"}],"replies":[{"embeddable":true,"href":"https:\/\/www.lourdes-france.org\/de\/wp-json\/wp\/v2\/comments?post=120775"}],"version-history":[{"count":2,"href":"https:\/\/www.lourdes-france.org\/de\/wp-json\/wp\/v2\/posts\/120775\/revisions"}],"predecessor-version":[{"id":120779,"href":"https:\/\/www.lourdes-france.org\/de\/wp-json\/wp\/v2\/posts\/120775\/revisions\/120779"}],"wp:featuredmedia":[{"embeddable":true,"href":"https:\/\/www.lourdes-france.org\/de\/wp-json\/wp\/v2\/media\/110835"}],"wp:attachment":[{"href":"https:\/\/www.lourdes-france.org\/de\/wp-json\/wp\/v2\/media?parent=120775"}],"wp:term":[{"taxonomy":"category","embeddable":true,"href":"https:\/\/www.lourdes-france.org\/de\/wp-json\/wp\/v2\/categories?post=120775"},{"taxonomy":"post_tag","embeddable":true,"href":"https:\/\/www.lourdes-france.org\/de\/wp-json\/wp\/v2\/tags?post=120775"}],"curies":[{"name":"wp","href":"https:\/\/api.w.org\/{rel}","templated":true}]}}