{"id":131509,"date":"2019-09-03T18:47:33","date_gmt":"2019-09-03T16:47:33","guid":{"rendered":"http:\/\/www.lourdes-france.org\/mgr-olivier-ribadeau-dumas-est-nomme-recteur-du-sanctuaire-notre-dame-de-lourdes\/"},"modified":"2026-01-30T12:20:07","modified_gmt":"2026-01-30T11:20:07","slug":"msgr-olivier-ribadeau-dumas-wird-rektor-der-wallfahrtsstaette-unserer-lieben-frau-von-lourdes","status":"publish","type":"post","link":"https:\/\/www.lourdes-france.org\/de\/msgr-olivier-ribadeau-dumas-wird-rektor-der-wallfahrtsstaette-unserer-lieben-frau-von-lourdes\/","title":{"rendered":"Msgr. Olivier Ribadeau Dumas wird Rektor der Wallfahrtsst\u00e4tte Unserer Lieben Frau von Lourdes"},"content":{"rendered":"\t\t<div data-elementor-type=\"wp-post\" data-elementor-id=\"131509\" class=\"elementor elementor-131509 elementor-130005\" data-elementor-post-type=\"post\">\n\t\t\t\t\t\t<section class=\"elementor-section elementor-top-section elementor-element elementor-element-ec7621a elementor-section-boxed elementor-section-height-default elementor-section-height-default\" data-id=\"ec7621a\" data-element_type=\"section\">\n\t\t\t\t\t\t<div class=\"elementor-container elementor-column-gap-no\">\n\t\t\t\t\t<div class=\"elementor-column elementor-col-100 elementor-top-column elementor-element elementor-element-efb3ca5\" data-id=\"efb3ca5\" data-element_type=\"column\">\n\t\t\t<div class=\"elementor-widget-wrap elementor-element-populated\">\n\t\t\t\t\t\t<div class=\"elementor-element elementor-element-49eb59c elementor-widget elementor-widget-text-editor\" data-id=\"49eb59c\" data-element_type=\"widget\" data-widget_type=\"text-editor.default\">\n\t\t\t\t<div class=\"elementor-widget-container\">\n\t\t\t\t\t\t\t\t\t<h2>Ernennung<\/h2>\t\t\t\t\t\t\t\t<\/div>\n\t\t\t\t<\/div>\n\t\t\t\t<div class=\"elementor-element elementor-element-492be7a elementor-widget elementor-widget-text-editor\" data-id=\"492be7a\" data-element_type=\"widget\" data-widget_type=\"text-editor.default\">\n\t\t\t\t<div class=\"elementor-widget-container\">\n\t\t\t\t\t\t\t\t\t<p><strong>Weihbischof Antoine H\u00e9rouard, Apostolischer Delegat f\u00fcr die Wallfahrtsst\u00e4tte von Lourdes, ernennt ab 1. Oktober 2019 Msgr. Olivier Ribadeau Dumas, Priester der Di\u00f6zese Paris, mit Zustimmung von Erzbischof Michel Aupetit von Paris, zum Rektor der Wallfahrtsst\u00e4tte Unserer Lieben Frau von Lourdes.<\/strong><\/p><p>Er tritt die Nachfolge von Pater Andr\u00e9 Cabes an, dem Bischof Antoine H\u00e9rouard in einer Botschaft an die Mitarbeiter der Wallfahrtsst\u00e4tte Tribut zollte: \u201eEr hat so viel von sich selbst gegeben, mit Gro\u00dfz\u00fcgigkeit und einem Sinn f\u00fcr die Kirche, f\u00fcr das Leben dieser Wallfahrtsst\u00e4tte, die ihm am Herzen liegt.&#8220;<\/p>\t\t\t\t\t\t\t\t<\/div>\n\t\t\t\t<\/div>\n\t\t\t\t<div class=\"elementor-element elementor-element-b5d84e9 elementor-widget elementor-widget-image\" data-id=\"b5d84e9\" data-element_type=\"widget\" data-widget_type=\"image.default\">\n\t\t\t\t<div class=\"elementor-widget-container\">\n\t\t\t\t\t\t\t\t\t\t\t\t<figure class=\"wp-caption\">\n\t\t\t\t\t\t\t\t\t\t<img fetchpriority=\"high\" decoding=\"async\" width=\"300\" height=\"221\" src=\"https:\/\/www.lourdes-france.org\/wp-content\/uploads\/2019\/09\/Bloc-recteur-300x221.jpg\" class=\"attachment-medium size-medium wp-image-130025\" alt=\"\" srcset=\"https:\/\/www.lourdes-france.org\/wp-content\/uploads\/2019\/09\/Bloc-recteur-300x221.jpg 300w, https:\/\/www.lourdes-france.org\/wp-content\/uploads\/2019\/09\/Bloc-recteur-380x280.jpg 380w, https:\/\/www.lourdes-france.org\/wp-content\/uploads\/2019\/09\/Bloc-recteur.jpg 760w\" sizes=\"(max-width: 300px) 100vw, 300px\" \/>\t\t\t\t\t\t\t\t\t\t\t<figcaption class=\"widget-image-caption wp-caption-text\">Mgr Olivier Ribadeau Dumas Rektor der Wallfahrtsst\u00e4tte Unsrer Lieben Frau von Lourdes - \u00a9 Photo Ciric<\/figcaption>\n\t\t\t\t\t\t\t\t\t\t<\/figure>\n\t\t\t\t\t\t\t\t\t<\/div>\n\t\t\t\t<\/div>\n\t\t\t\t\t<\/div>\n\t\t<\/div>\n\t\t\t\t\t<\/div>\n\t\t<\/section>\n\t\t\t\t<section class=\"elementor-section elementor-top-section elementor-element elementor-element-412afe2 elementor-section-boxed elementor-section-height-default elementor-section-height-default\" data-id=\"412afe2\" data-element_type=\"section\">\n\t\t\t\t\t\t<div class=\"elementor-container elementor-column-gap-no\">\n\t\t\t\t\t<div class=\"elementor-column elementor-col-100 elementor-top-column elementor-element elementor-element-bb3551a\" data-id=\"bb3551a\" data-element_type=\"column\">\n\t\t\t<div class=\"elementor-widget-wrap elementor-element-populated\">\n\t\t\t\t\t\t<div class=\"elementor-element elementor-element-ce7314e elementor-widget elementor-widget-text-editor\" data-id=\"ce7314e\" data-element_type=\"widget\" data-widget_type=\"text-editor.default\">\n\t\t\t\t<div class=\"elementor-widget-container\">\n\t\t\t\t\t\t\t\t\t<h2>Heilige Messe zur feierlichen Einsetzung <span style=\"color: #e8a700;\">des neuen Rektors der Wallfahrtsst\u00e4tte von Lourdes<\/span><\/h2>\t\t\t\t\t\t\t\t<\/div>\n\t\t\t\t<\/div>\n\t\t\t\t<div class=\"elementor-element elementor-element-fedf6f3 elementor-widget elementor-widget-text-editor\" data-id=\"fedf6f3\" data-element_type=\"widget\" data-widget_type=\"text-editor.default\">\n\t\t\t\t<div class=\"elementor-widget-container\">\n\t\t\t\t\t\t\t\t\t<p><strong>Am 21. Oktober stand der p\u00e4pstliche Delegat der Wallfahrtsst\u00e4tte, Weihbischof Antoine H\u00e9rouard in der Basilika Unserer Lieben Frau vom Rosenkranz der Heilige Messe zur feierlichen Einsetzung des seit 1. Oktobers als Rektor amtierenden Msgr. Olivier Ribadeau Dumas vor.<br \/><\/strong><\/p>\t\t\t\t\t\t\t\t<\/div>\n\t\t\t\t<\/div>\n\t\t\t\t<div class=\"elementor-element elementor-element-b94d42a elementor-widget elementor-widget-text-editor\" data-id=\"b94d42a\" data-element_type=\"widget\" data-widget_type=\"text-editor.default\">\n\t\t\t\t<div class=\"elementor-widget-container\">\n\t\t\t\t\t\t\t\t\t<p>Zu Beginn der Zelebration vollzog Monsignore Olivier Ribadeau Dumas die Geste der Fu\u00dfwaschung Jesu an zw\u00f6lf Mitarbeitern und Freiwilligen der Wallfahrtsst\u00e4tte. Diese Geste hebt die Bedeutung des Dienstes hervor. Jesus l\u00e4dt uns ein, einander die F\u00fc\u00dfe zu waschen. Bischof H\u00e9rouard fragte daher in seiner Predigt: \u201e<i>K\u00f6nnen wir \u00fcber unsere guten Absichten hinaus auch unseren Dienst mit Leben erf\u00fcllen? Im Glauben k\u00f6nnen wir die dazu notwendige Kraft finden, sie zu vollbringen<\/i>\u201c (R\u00f6m 4). Als Bischof an der Wallfahrtsst\u00e4tte f\u00fcgte er hinzu: \u201e<i>Hier k\u00f6nnen wir Maria alles anvertrauen: ihre Freuden, ihre Projekte, aber auch ihre Bedr\u00e4ngnisse. Sie \u00fcbergibt sie ihrem Sohn<\/i>. Er hob die Haltung des Respekts hervor, den man jeder verdanke, von der sich \u201e<i>Bernadette sich als Person angesehen f\u00fchlte<\/i>.\u201c Insbesondere erinnerte er daran, dass jeder \u201e<i>seine Talente durch die ihm \u00fcbertragene Verantwortung wachsen lassen muss. Und damit jene, die uns begegnen st\u00e4ken zu k\u00f6nnen.<\/i>\u201c In diesem Jahr, in dem das Pastoralthema \u201eSelig sind die Armen\u201c lautet, \u201e<i>k\u00f6nnen wir die Haltung von Bernadette wiederentdecken, die einfach wiederholen konnte, was ihr geschenkt wurde.<\/i>\u201c Wir m\u00fcssen dieses verinnerlichen, damit wir in der Lage sind, Marias g\u00fctige Zuwendung zum Ausdruck zu bringen.<\/p>\t\t\t\t\t\t\t\t<\/div>\n\t\t\t\t<\/div>\n\t\t\t\t<div class=\"elementor-element elementor-element-599ecf1 elementor-widget elementor-widget-text-editor\" data-id=\"599ecf1\" data-element_type=\"widget\" data-widget_type=\"text-editor.default\">\n\t\t\t\t<div class=\"elementor-widget-container\">\n\t\t\t\t\t\t\t\t\t<h2>Zu wissen,<span style=\"color: #e8a700;\"> wie man die vom Leben Benachteiligten willkommen hei\u00dft!<\/span><\/h2>\t\t\t\t\t\t\t\t<\/div>\n\t\t\t\t<\/div>\n\t\t\t\t<div class=\"elementor-element elementor-element-fa7523b elementor-widget elementor-widget-text-editor\" data-id=\"fa7523b\" data-element_type=\"widget\" data-widget_type=\"text-editor.default\">\n\t\t\t\t<div class=\"elementor-widget-container\">\n\t\t\t\t\t\t\t\t\t<p>Monsignore Olivier Ribadeau Dumas bekr\u00e4ftigte seine Freude \u00fcber seinen Wechsel in sein Amt nach Lourdes, wo \u201e<i>die Aus\u00fcbung von Autorit\u00e4t nur in der Haltung des Dienens vollzogen werden kann.<\/i>\u201c \u201e <i>die Pilger sind unsere Daseinsberechtigung und es muss unser Anliegen sein, die vom Leben zutiefst benachteiligten Pilger mit besonderer Aufmerksamkeit willkommen zu hei\u00dfen<\/i>\u201c, sagte er zu Beginn der Messe. Nachdem Weihbischof Antoine H\u00e9rouard die kirchliche Verlautbarung von Bischof Laurence, dem Bischof von Tarbes, aus dem Jahr 1862 \u00fcber die Authentizit\u00e4t der Erscheinungen von Maria vor Bernadette vorgelesen hatte, \u00fcberreichte er dem neuen Rektor das Kreuz der Kapl\u00e4ne von Lourdes. An die Gemeinschaft der Priester der Wallfahrtsst\u00e4tte gewandt, erinnerte er daran, <i>dass der Priester in jeder Feier Christus repr\u00e4sentiere<\/i>\u201c. Das Heiligtum von Lourdes strahlt in der ganzen Welt aus. \u201e<i>Wir arbeiten nicht in einem dunklen, sondern in einem durch die G\u00fcte Marias erhellten Bereich. Diesen Dienst k\u00f6nnen wir in einem echten Wohlwollen vollziehen<\/i>\u201c, hob er noch einmal hervor. Monsignore Oliver Ribadeau Dumas m\u00f6chte auch weiterhin den guten Kontakt mit den gew\u00e4hlten Vertretern der Gemeinde von Lourdes pflegen, sowie mit allen Kaufleuten und Hoteliers, die alle durch den Dienst mit den Pilgern vereint sind, fortsetzen. Abschlie\u00dfend w\u00fcrdigte er das Rektorat von Pater Andr\u00e9 Cabes und bat, dass jeder aus ganzem Herzen f\u00fcr seine Anliegen bete.<\/p>\t\t\t\t\t\t\t\t<\/div>\n\t\t\t\t<\/div>\n\t\t\t\t<div class=\"elementor-element elementor-element-4b897e0 carrousel-post elementor-arrows-position-inside elementor-pagination-position-outside elementor-widget elementor-widget-image-carousel\" data-id=\"4b897e0\" data-element_type=\"widget\" data-settings=\"{&quot;slides_to_show&quot;:&quot;1&quot;,&quot;navigation&quot;:&quot;both&quot;,&quot;autoplay&quot;:&quot;yes&quot;,&quot;pause_on_hover&quot;:&quot;yes&quot;,&quot;pause_on_interaction&quot;:&quot;yes&quot;,&quot;autoplay_speed&quot;:5000,&quot;infinite&quot;:&quot;yes&quot;,&quot;effect&quot;:&quot;slide&quot;,&quot;speed&quot;:500}\" data-widget_type=\"image-carousel.default\">\n\t\t\t\t<div class=\"elementor-widget-container\">\n\t\t\t\t\t\t\t<div class=\"elementor-image-carousel-wrapper swiper\" role=\"region\" aria-roledescription=\"carousel\" aria-label=\"Bild Karussell\" dir=\"ltr\">\n\t\t\t<div class=\"elementor-image-carousel swiper-wrapper\" aria-live=\"off\">\n\t\t\t\t\t\t\t\t<div class=\"swiper-slide\" role=\"group\" aria-roledescription=\"slide\" aria-label=\"1 von 12\"><a data-elementor-open-lightbox=\"yes\" data-elementor-lightbox-slideshow=\"4b897e0\" data-elementor-lightbox-title=\"reduitBANDEAU-et-DIAPO_1_CHAPELAINS_GROUPE_GROTTE-7_c\" data-e-action-hash=\"#elementor-action%3Aaction%3Dlightbox%26settings%3DeyJpZCI6MTc2MzEzLCJ1cmwiOiJodHRwczpcL1wvd3d3LmxvdXJkZXMtZnJhbmNlLm9yZ1wvd3AtY29udGVudFwvdXBsb2Fkc1wvMjAxOVwvMTBcL3JlZHVpdEJBTkRFQVUtZXQtRElBUE9fMV9DSEFQRUxBSU5TX0dST1VQRV9HUk9UVEUtN19jLmpwZyIsInNsaWRlc2hvdyI6IjRiODk3ZTAifQ%3D%3D\" href=\"https:\/\/www.lourdes-france.org\/wp-content\/uploads\/2019\/10\/reduitBANDEAU-et-DIAPO_1_CHAPELAINS_GROUPE_GROTTE-7_c.jpg\"><figure class=\"swiper-slide-inner\"><img decoding=\"async\" class=\"swiper-slide-image\" src=\"https:\/\/www.lourdes-france.org\/wp-content\/uploads\/2019\/10\/reduitBANDEAU-et-DIAPO_1_CHAPELAINS_GROUPE_GROTTE-7_c-768x432.jpg\" alt=\"reduitBANDEAU-et-DIAPO_1_CHAPELAINS_GROUPE_GROTTE-7_c\" \/><\/figure><\/a><\/div><div class=\"swiper-slide\" role=\"group\" aria-roledescription=\"slide\" aria-label=\"2 von 12\"><a data-elementor-open-lightbox=\"yes\" data-elementor-lightbox-slideshow=\"4b897e0\" data-elementor-lightbox-title=\"reduit_2_LAVEMENT-PIEDS-_MesseInstallation-ORD-21-10-2019_c\" data-e-action-hash=\"#elementor-action%3Aaction%3Dlightbox%26settings%3DeyJpZCI6MTc2MTgxLCJ1cmwiOiJodHRwczpcL1wvd3d3LmxvdXJkZXMtZnJhbmNlLm9yZ1wvd3AtY29udGVudFwvdXBsb2Fkc1wvMjAxOVwvMTBcL3JlZHVpdF8yX0xBVkVNRU5ULVBJRURTLV9NZXNzZUluc3RhbGxhdGlvbi1PUkQtMjEtMTAtMjAxOV9jLmpwZyIsInNsaWRlc2hvdyI6IjRiODk3ZTAifQ%3D%3D\" href=\"https:\/\/www.lourdes-france.org\/wp-content\/uploads\/2019\/10\/reduit_2_LAVEMENT-PIEDS-_MesseInstallation-ORD-21-10-2019_c.jpg\"><figure class=\"swiper-slide-inner\"><img decoding=\"async\" class=\"swiper-slide-image\" src=\"https:\/\/www.lourdes-france.org\/wp-content\/uploads\/2019\/10\/reduit_2_LAVEMENT-PIEDS-_MesseInstallation-ORD-21-10-2019_c-768x512.jpg\" alt=\"reduit_2_LAVEMENT-PIEDS-_MesseInstallation-ORD-21-10-2019_c\" \/><\/figure><\/a><\/div><div class=\"swiper-slide\" role=\"group\" aria-roledescription=\"slide\" aria-label=\"3 von 12\"><a data-elementor-open-lightbox=\"yes\" data-elementor-lightbox-slideshow=\"4b897e0\" data-elementor-lightbox-title=\"reduit_2BIS_Lavement-pieds_messe-installation-ORD-21-10-2019_c\" data-e-action-hash=\"#elementor-action%3Aaction%3Dlightbox%26settings%3DeyJpZCI6MTc2MTkzLCJ1cmwiOiJodHRwczpcL1wvd3d3LmxvdXJkZXMtZnJhbmNlLm9yZ1wvd3AtY29udGVudFwvdXBsb2Fkc1wvMjAxOVwvMTBcL3JlZHVpdF8yQklTX0xhdmVtZW50LXBpZWRzX21lc3NlLWluc3RhbGxhdGlvbi1PUkQtMjEtMTAtMjAxOV9jLmpwZyIsInNsaWRlc2hvdyI6IjRiODk3ZTAifQ%3D%3D\" href=\"https:\/\/www.lourdes-france.org\/wp-content\/uploads\/2019\/10\/reduit_2BIS_Lavement-pieds_messe-installation-ORD-21-10-2019_c.jpg\"><figure class=\"swiper-slide-inner\"><img decoding=\"async\" class=\"swiper-slide-image\" src=\"https:\/\/www.lourdes-france.org\/wp-content\/uploads\/2019\/10\/reduit_2BIS_Lavement-pieds_messe-installation-ORD-21-10-2019_c-768x432.jpg\" alt=\"reduit_2BIS_Lavement-pieds_messe-installation-ORD-21-10-2019_c\" \/><\/figure><\/a><\/div><div class=\"swiper-slide\" role=\"group\" aria-roledescription=\"slide\" aria-label=\"4 von 12\"><a data-elementor-open-lightbox=\"yes\" data-elementor-lightbox-slideshow=\"4b897e0\" data-elementor-lightbox-title=\"reduit_3_CROIX-CHAPELAIN_NOUVEAU-RECTEUR-26d7_c\" data-e-action-hash=\"#elementor-action%3Aaction%3Dlightbox%26settings%3DeyJpZCI6MTc2MjA1LCJ1cmwiOiJodHRwczpcL1wvd3d3LmxvdXJkZXMtZnJhbmNlLm9yZ1wvd3AtY29udGVudFwvdXBsb2Fkc1wvMjAxOVwvMTBcL3JlZHVpdF8zX0NST0lYLUNIQVBFTEFJTl9OT1VWRUFVLVJFQ1RFVVItMjZkN19jLmpwZyIsInNsaWRlc2hvdyI6IjRiODk3ZTAifQ%3D%3D\" href=\"https:\/\/www.lourdes-france.org\/wp-content\/uploads\/2019\/10\/reduit_3_CROIX-CHAPELAIN_NOUVEAU-RECTEUR-26d7_c.jpg\"><figure class=\"swiper-slide-inner\"><img decoding=\"async\" class=\"swiper-slide-image\" src=\"https:\/\/www.lourdes-france.org\/wp-content\/uploads\/2019\/10\/reduit_3_CROIX-CHAPELAIN_NOUVEAU-RECTEUR-26d7_c-768x512.jpg\" alt=\"reduit_3_CROIX-CHAPELAIN_NOUVEAU-RECTEUR-26d7_c\" \/><\/figure><\/a><\/div><div class=\"swiper-slide\" role=\"group\" aria-roledescription=\"slide\" aria-label=\"5 von 12\"><a data-elementor-open-lightbox=\"yes\" data-elementor-lightbox-slideshow=\"4b897e0\" data-elementor-lightbox-title=\"reduit_4_LA-MESSE-INSTALLATION-NOUVEAU-RECTEUR-RIBADEAU-DUMAS-21-10-2019_7_c\" data-e-action-hash=\"#elementor-action%3Aaction%3Dlightbox%26settings%3DeyJpZCI6MTc2MjE3LCJ1cmwiOiJodHRwczpcL1wvd3d3LmxvdXJkZXMtZnJhbmNlLm9yZ1wvd3AtY29udGVudFwvdXBsb2Fkc1wvMjAxOVwvMTBcL3JlZHVpdF80X0xBLU1FU1NFLUlOU1RBTExBVElPTi1OT1VWRUFVLVJFQ1RFVVItUklCQURFQVUtRFVNQVMtMjEtMTAtMjAxOV83X2MuanBnIiwic2xpZGVzaG93IjoiNGI4OTdlMCJ9\" href=\"https:\/\/www.lourdes-france.org\/wp-content\/uploads\/2019\/10\/reduit_4_LA-MESSE-INSTALLATION-NOUVEAU-RECTEUR-RIBADEAU-DUMAS-21-10-2019_7_c.jpg\"><figure class=\"swiper-slide-inner\"><img decoding=\"async\" class=\"swiper-slide-image\" src=\"https:\/\/www.lourdes-france.org\/wp-content\/uploads\/2019\/10\/reduit_4_LA-MESSE-INSTALLATION-NOUVEAU-RECTEUR-RIBADEAU-DUMAS-21-10-2019_7_c-768x512.jpg\" alt=\"reduit_4_LA-MESSE-INSTALLATION-NOUVEAU-RECTEUR-RIBADEAU-DUMAS-21-10-2019_7_c\" \/><\/figure><\/a><\/div><div class=\"swiper-slide\" role=\"group\" aria-roledescription=\"slide\" aria-label=\"6 von 12\"><a data-elementor-open-lightbox=\"yes\" data-elementor-lightbox-slideshow=\"4b897e0\" data-elementor-lightbox-title=\"reduit_5_MesseInstallationRIBADEAU-DUMAS-21-oct2019_7bbf873cff_c\" data-e-action-hash=\"#elementor-action%3Aaction%3Dlightbox%26settings%3DeyJpZCI6MTc2MjI5LCJ1cmwiOiJodHRwczpcL1wvd3d3LmxvdXJkZXMtZnJhbmNlLm9yZ1wvd3AtY29udGVudFwvdXBsb2Fkc1wvMjAxOVwvMTBcL3JlZHVpdF81X01lc3NlSW5zdGFsbGF0aW9uUklCQURFQVUtRFVNQVMtMjEtb2N0MjAxOV83YmJmODczY2ZmX2MuanBnIiwic2xpZGVzaG93IjoiNGI4OTdlMCJ9\" href=\"https:\/\/www.lourdes-france.org\/wp-content\/uploads\/2019\/10\/reduit_5_MesseInstallationRIBADEAU-DUMAS-21-oct2019_7bbf873cff_c.jpg\"><figure class=\"swiper-slide-inner\"><img decoding=\"async\" class=\"swiper-slide-image\" src=\"https:\/\/www.lourdes-france.org\/wp-content\/uploads\/2019\/10\/reduit_5_MesseInstallationRIBADEAU-DUMAS-21-oct2019_7bbf873cff_c-768x432.jpg\" alt=\"reduit_5_MesseInstallationRIBADEAU-DUMAS-21-oct2019_7bbf873cff_c\" \/><\/figure><\/a><\/div><div class=\"swiper-slide\" role=\"group\" aria-roledescription=\"slide\" aria-label=\"7 von 12\"><a data-elementor-open-lightbox=\"yes\" data-elementor-lightbox-slideshow=\"4b897e0\" data-elementor-lightbox-title=\"reduit_6_MESSE-21-OCT-2019-Installation-ORD-ELEVATION_7268538d44_c\" data-e-action-hash=\"#elementor-action%3Aaction%3Dlightbox%26settings%3DeyJpZCI6MTc2MjQxLCJ1cmwiOiJodHRwczpcL1wvd3d3LmxvdXJkZXMtZnJhbmNlLm9yZ1wvd3AtY29udGVudFwvdXBsb2Fkc1wvMjAxOVwvMTBcL3JlZHVpdF82X01FU1NFLTIxLU9DVC0yMDE5LUluc3RhbGxhdGlvbi1PUkQtRUxFVkFUSU9OXzcyNjg1MzhkNDRfYy5qcGciLCJzbGlkZXNob3ciOiI0Yjg5N2UwIn0%3D\" href=\"https:\/\/www.lourdes-france.org\/wp-content\/uploads\/2019\/10\/reduit_6_MESSE-21-OCT-2019-Installation-ORD-ELEVATION_7268538d44_c.jpg\"><figure class=\"swiper-slide-inner\"><img decoding=\"async\" class=\"swiper-slide-image\" src=\"https:\/\/www.lourdes-france.org\/wp-content\/uploads\/2019\/10\/reduit_6_MESSE-21-OCT-2019-Installation-ORD-ELEVATION_7268538d44_c.jpg\" alt=\"reduit_6_MESSE-21-OCT-2019-Installation-ORD-ELEVATION_7268538d44_c\" \/><\/figure><\/a><\/div><div class=\"swiper-slide\" role=\"group\" aria-roledescription=\"slide\" aria-label=\"8 von 12\"><a data-elementor-open-lightbox=\"yes\" data-elementor-lightbox-slideshow=\"4b897e0\" data-elementor-lightbox-title=\"reduit_7_MesseInstallation_RibadeauDumas_21_10_2019_3ca_c\" data-e-action-hash=\"#elementor-action%3Aaction%3Dlightbox%26settings%3DeyJpZCI6MTc2MjUzLCJ1cmwiOiJodHRwczpcL1wvd3d3LmxvdXJkZXMtZnJhbmNlLm9yZ1wvd3AtY29udGVudFwvdXBsb2Fkc1wvMjAxOVwvMTBcL3JlZHVpdF83X01lc3NlSW5zdGFsbGF0aW9uX1JpYmFkZWF1RHVtYXNfMjFfMTBfMjAxOV8zY2FfYy5qcGciLCJzbGlkZXNob3ciOiI0Yjg5N2UwIn0%3D\" href=\"https:\/\/www.lourdes-france.org\/wp-content\/uploads\/2019\/10\/reduit_7_MesseInstallation_RibadeauDumas_21_10_2019_3ca_c.jpg\"><figure class=\"swiper-slide-inner\"><img decoding=\"async\" class=\"swiper-slide-image\" src=\"https:\/\/www.lourdes-france.org\/wp-content\/uploads\/2019\/10\/reduit_7_MesseInstallation_RibadeauDumas_21_10_2019_3ca_c-768x512.jpg\" alt=\"reduit_7_MesseInstallation_RibadeauDumas_21_10_2019_3ca_c\" \/><\/figure><\/a><\/div><div class=\"swiper-slide\" role=\"group\" aria-roledescription=\"slide\" aria-label=\"9 von 12\"><a data-elementor-open-lightbox=\"yes\" data-elementor-lightbox-slideshow=\"4b897e0\" data-elementor-lightbox-title=\"reduit_8_ORD-COMMUNION-21-10-2019_c\" data-e-action-hash=\"#elementor-action%3Aaction%3Dlightbox%26settings%3DeyJpZCI6MTc2MjY1LCJ1cmwiOiJodHRwczpcL1wvd3d3LmxvdXJkZXMtZnJhbmNlLm9yZ1wvd3AtY29udGVudFwvdXBsb2Fkc1wvMjAxOVwvMTBcL3JlZHVpdF84X09SRC1DT01NVU5JT04tMjEtMTAtMjAxOV9jLmpwZyIsInNsaWRlc2hvdyI6IjRiODk3ZTAifQ%3D%3D\" href=\"https:\/\/www.lourdes-france.org\/wp-content\/uploads\/2019\/10\/reduit_8_ORD-COMMUNION-21-10-2019_c.jpg\"><figure class=\"swiper-slide-inner\"><img decoding=\"async\" class=\"swiper-slide-image\" src=\"https:\/\/www.lourdes-france.org\/wp-content\/uploads\/2019\/10\/reduit_8_ORD-COMMUNION-21-10-2019_c-768x512.jpg\" alt=\"reduit_8_ORD-COMMUNION-21-10-2019_c\" \/><\/figure><\/a><\/div><div class=\"swiper-slide\" role=\"group\" aria-roledescription=\"slide\" aria-label=\"10 von 12\"><a data-elementor-open-lightbox=\"yes\" data-elementor-lightbox-slideshow=\"4b897e0\" data-elementor-lightbox-title=\"reduit_9_RIBADEAU_DUMAS_Communion_c\" data-e-action-hash=\"#elementor-action%3Aaction%3Dlightbox%26settings%3DeyJpZCI6MTc2Mjc3LCJ1cmwiOiJodHRwczpcL1wvd3d3LmxvdXJkZXMtZnJhbmNlLm9yZ1wvd3AtY29udGVudFwvdXBsb2Fkc1wvMjAxOVwvMTBcL3JlZHVpdF85X1JJQkFERUFVX0RVTUFTX0NvbW11bmlvbl9jLmpwZyIsInNsaWRlc2hvdyI6IjRiODk3ZTAifQ%3D%3D\" href=\"https:\/\/www.lourdes-france.org\/wp-content\/uploads\/2019\/10\/reduit_9_RIBADEAU_DUMAS_Communion_c.jpg\"><figure class=\"swiper-slide-inner\"><img decoding=\"async\" class=\"swiper-slide-image\" src=\"https:\/\/www.lourdes-france.org\/wp-content\/uploads\/2019\/10\/reduit_9_RIBADEAU_DUMAS_Communion_c-768x432.jpg\" alt=\"reduit_9_RIBADEAU_DUMAS_Communion_c\" \/><\/figure><\/a><\/div><div class=\"swiper-slide\" role=\"group\" aria-roledescription=\"slide\" aria-label=\"11 von 12\"><a data-elementor-open-lightbox=\"yes\" data-elementor-lightbox-slideshow=\"4b897e0\" data-elementor-lightbox-title=\"reduit_10_ORD_GROTTE_4498e5827b_c\" data-e-action-hash=\"#elementor-action%3Aaction%3Dlightbox%26settings%3DeyJpZCI6MTc2Mjg5LCJ1cmwiOiJodHRwczpcL1wvd3d3LmxvdXJkZXMtZnJhbmNlLm9yZ1wvd3AtY29udGVudFwvdXBsb2Fkc1wvMjAxOVwvMTBcL3JlZHVpdF8xMF9PUkRfR1JPVFRFXzQ0OThlNTgyN2JfYy5qcGciLCJzbGlkZXNob3ciOiI0Yjg5N2UwIn0%3D\" href=\"https:\/\/www.lourdes-france.org\/wp-content\/uploads\/2019\/10\/reduit_10_ORD_GROTTE_4498e5827b_c.jpg\"><figure class=\"swiper-slide-inner\"><img decoding=\"async\" class=\"swiper-slide-image\" src=\"https:\/\/www.lourdes-france.org\/wp-content\/uploads\/2019\/10\/reduit_10_ORD_GROTTE_4498e5827b_c-768x512.jpg\" alt=\"reduit_10_ORD_GROTTE_4498e5827b_c\" \/><\/figure><\/a><\/div><div class=\"swiper-slide\" role=\"group\" aria-roledescription=\"slide\" aria-label=\"12 von 12\"><a data-elementor-open-lightbox=\"yes\" data-elementor-lightbox-slideshow=\"4b897e0\" data-elementor-lightbox-title=\"reduit_11_ORD-GROTTE_4d3712ebe0_c\" data-e-action-hash=\"#elementor-action%3Aaction%3Dlightbox%26settings%3DeyJpZCI6MTc2MzAxLCJ1cmwiOiJodHRwczpcL1wvd3d3LmxvdXJkZXMtZnJhbmNlLm9yZ1wvd3AtY29udGVudFwvdXBsb2Fkc1wvMjAxOVwvMTBcL3JlZHVpdF8xMV9PUkQtR1JPVFRFXzRkMzcxMmViZTBfYy5qcGciLCJzbGlkZXNob3ciOiI0Yjg5N2UwIn0%3D\" href=\"https:\/\/www.lourdes-france.org\/wp-content\/uploads\/2019\/10\/reduit_11_ORD-GROTTE_4d3712ebe0_c.jpg\"><figure class=\"swiper-slide-inner\"><img decoding=\"async\" class=\"swiper-slide-image\" src=\"https:\/\/www.lourdes-france.org\/wp-content\/uploads\/2019\/10\/reduit_11_ORD-GROTTE_4d3712ebe0_c-768x512.jpg\" alt=\"reduit_11_ORD-GROTTE_4d3712ebe0_c\" \/><\/figure><\/a><\/div>\t\t\t<\/div>\n\t\t\t\t\t\t\t\t\t\t\t\t<div class=\"elementor-swiper-button elementor-swiper-button-prev\" role=\"button\" tabindex=\"0\">\n\t\t\t\t\t\t<i aria-hidden=\"true\" class=\"eicon-chevron-left\"><\/i>\t\t\t\t\t<\/div>\n\t\t\t\t\t<div class=\"elementor-swiper-button elementor-swiper-button-next\" role=\"button\" tabindex=\"0\">\n\t\t\t\t\t\t<i aria-hidden=\"true\" class=\"eicon-chevron-right\"><\/i>\t\t\t\t\t<\/div>\n\t\t\t\t\n\t\t\t\t\t\t\t\t\t<div class=\"swiper-pagination\"><\/div>\n\t\t\t\t\t\t\t\t\t<\/div>\n\t\t\t\t\t\t<\/div>\n\t\t\t\t<\/div>\n\t\t\t\t\t<\/div>\n\t\t<\/div>\n\t\t\t\t\t<\/div>\n\t\t<\/section>\n\t\t\t\t<\/div>\n\t\t","protected":false},"excerpt":{"rendered":"<p>Ernennung Weihbischof Antoine H\u00e9rouard, Apostolischer Delegat f\u00fcr die Wallfahrtsst\u00e4tte von Lourdes, ernennt ab 1. Oktober 2019 Msgr. Olivier Ribadeau Dumas, Priester der Di\u00f6zese Paris, mit Zustimmung von Erzbischof Michel Aupetit von Paris, zum Rektor der Wallfahrtsst\u00e4tte Unserer Lieben Frau von &hellip; <a href=\"https:\/\/www.lourdes-france.org\/de\/msgr-olivier-ribadeau-dumas-wird-rektor-der-wallfahrtsstaette-unserer-lieben-frau-von-lourdes\/\">Weiter<\/a><\/p>\n","protected":false},"author":21,"featured_media":130025,"comment_status":"closed","ping_status":"closed","sticky":false,"template":"","format":"standard","meta":{"_acf_changed":false,"footnotes":""},"categories":[153],"tags":[],"class_list":["post-131509","post","type-post","status-publish","format-standard","has-post-thumbnail","hentry","category-aktuelles-in-lourdes"],"acf":[],"yoast_head":"<!-- This site is optimized with the Yoast SEO plugin v24.7 - https:\/\/yoast.com\/wordpress\/plugins\/seo\/ -->\n<title>Msgr. Olivier Ribadeau Dumas wird Rektor der Wallfahrtsst\u00e4tte Unserer Lieben Frau von Lourdes<\/title>\n<meta name=\"robots\" content=\"index, follow, max-snippet:-1, max-image-preview:large, max-video-preview:-1\" \/>\n<link rel=\"canonical\" href=\"https:\/\/www.lourdes-france.org\/de\/msgr-olivier-ribadeau-dumas-wird-rektor-der-wallfahrtsstaette-unserer-lieben-frau-von-lourdes\/\" \/>\n<meta name=\"twitter:label1\" content=\"Verfasst von\" \/>\n\t<meta name=\"twitter:data1\" content=\"TV LOURDES\" \/>\n\t<meta name=\"twitter:label2\" content=\"Gesch\u00e4tzte Lesezeit\" \/>\n\t<meta name=\"twitter:data2\" content=\"3\u00a0Minuten\" \/>\n<script type=\"application\/ld+json\" class=\"yoast-schema-graph\">{\"@context\":\"https:\/\/schema.org\",\"@graph\":[{\"@type\":\"WebPage\",\"@id\":\"https:\/\/www.lourdes-france.org\/de\/msgr-olivier-ribadeau-dumas-wird-rektor-der-wallfahrtsstaette-unserer-lieben-frau-von-lourdes\/\",\"url\":\"https:\/\/www.lourdes-france.org\/de\/msgr-olivier-ribadeau-dumas-wird-rektor-der-wallfahrtsstaette-unserer-lieben-frau-von-lourdes\/\",\"name\":\"Msgr. Olivier Ribadeau Dumas wird Rektor der Wallfahrtsst\u00e4tte Unserer Lieben Frau von Lourdes\",\"isPartOf\":{\"@id\":\"https:\/\/preprod-lourdes.cawita.com\/#website\"},\"primaryImageOfPage\":{\"@id\":\"https:\/\/www.lourdes-france.org\/de\/msgr-olivier-ribadeau-dumas-wird-rektor-der-wallfahrtsstaette-unserer-lieben-frau-von-lourdes\/#primaryimage\"},\"image\":{\"@id\":\"https:\/\/www.lourdes-france.org\/de\/msgr-olivier-ribadeau-dumas-wird-rektor-der-wallfahrtsstaette-unserer-lieben-frau-von-lourdes\/#primaryimage\"},\"thumbnailUrl\":\"https:\/\/www.lourdes-france.org\/wp-content\/uploads\/2019\/09\/Bloc-recteur.jpg\",\"datePublished\":\"2019-09-03T16:47:33+00:00\",\"dateModified\":\"2026-01-30T11:20:07+00:00\",\"author\":{\"@id\":\"https:\/\/preprod-lourdes.cawita.com\/#\/schema\/person\/00e15361338ccda7ff575e7807b7ff76\"},\"breadcrumb\":{\"@id\":\"https:\/\/www.lourdes-france.org\/de\/msgr-olivier-ribadeau-dumas-wird-rektor-der-wallfahrtsstaette-unserer-lieben-frau-von-lourdes\/#breadcrumb\"},\"inLanguage\":\"de\",\"potentialAction\":[{\"@type\":\"ReadAction\",\"target\":[\"https:\/\/www.lourdes-france.org\/de\/msgr-olivier-ribadeau-dumas-wird-rektor-der-wallfahrtsstaette-unserer-lieben-frau-von-lourdes\/\"]}]},{\"@type\":\"ImageObject\",\"inLanguage\":\"de\",\"@id\":\"https:\/\/www.lourdes-france.org\/de\/msgr-olivier-ribadeau-dumas-wird-rektor-der-wallfahrtsstaette-unserer-lieben-frau-von-lourdes\/#primaryimage\",\"url\":\"https:\/\/www.lourdes-france.org\/wp-content\/uploads\/2019\/09\/Bloc-recteur.jpg\",\"contentUrl\":\"https:\/\/www.lourdes-france.org\/wp-content\/uploads\/2019\/09\/Bloc-recteur.jpg\",\"width\":760,\"height\":560},{\"@type\":\"BreadcrumbList\",\"@id\":\"https:\/\/www.lourdes-france.org\/de\/msgr-olivier-ribadeau-dumas-wird-rektor-der-wallfahrtsstaette-unserer-lieben-frau-von-lourdes\/#breadcrumb\",\"itemListElement\":[{\"@type\":\"ListItem\",\"position\":1,\"name\":\"Accueil\",\"item\":\"https:\/\/www.lourdes-france.org\/\"},{\"@type\":\"ListItem\",\"position\":2,\"name\":\"Msgr. Olivier Ribadeau Dumas wird Rektor der Wallfahrtsst\u00e4tte Unserer Lieben Frau von Lourdes\"}]},{\"@type\":\"WebSite\",\"@id\":\"https:\/\/preprod-lourdes.cawita.com\/#website\",\"url\":\"https:\/\/preprod-lourdes.cawita.com\/\",\"name\":\"Soutenir le Sanctuaire Notre-Dame de Lourdes\",\"description\":\"\",\"potentialAction\":[{\"@type\":\"SearchAction\",\"target\":{\"@type\":\"EntryPoint\",\"urlTemplate\":\"https:\/\/preprod-lourdes.cawita.com\/?s={search_term_string}\"},\"query-input\":{\"@type\":\"PropertyValueSpecification\",\"valueRequired\":true,\"valueName\":\"search_term_string\"}}],\"inLanguage\":\"de\"},{\"@type\":\"Person\",\"@id\":\"https:\/\/preprod-lourdes.cawita.com\/#\/schema\/person\/00e15361338ccda7ff575e7807b7ff76\",\"name\":\"TV LOURDES\",\"image\":{\"@type\":\"ImageObject\",\"inLanguage\":\"de\",\"@id\":\"https:\/\/preprod-lourdes.cawita.com\/#\/schema\/person\/image\/\",\"url\":\"https:\/\/secure.gravatar.com\/avatar\/99ad963db01f0c73acfee4d5f94ac178?s=96&d=mm&r=g\",\"contentUrl\":\"https:\/\/secure.gravatar.com\/avatar\/99ad963db01f0c73acfee4d5f94ac178?s=96&d=mm&r=g\",\"caption\":\"TV LOURDES\"},\"url\":\"https:\/\/www.lourdes-france.org\/de\/author\/tv-lourdes\/\"}]}<\/script>\n<!-- \/ Yoast SEO plugin. -->","yoast_head_json":{"title":"Msgr. Olivier Ribadeau Dumas wird Rektor der Wallfahrtsst\u00e4tte Unserer Lieben Frau von Lourdes","robots":{"index":"index","follow":"follow","max-snippet":"max-snippet:-1","max-image-preview":"max-image-preview:large","max-video-preview":"max-video-preview:-1"},"canonical":"https:\/\/www.lourdes-france.org\/de\/msgr-olivier-ribadeau-dumas-wird-rektor-der-wallfahrtsstaette-unserer-lieben-frau-von-lourdes\/","twitter_misc":{"Verfasst von":"TV LOURDES","Gesch\u00e4tzte Lesezeit":"3\u00a0Minuten"},"schema":{"@context":"https:\/\/schema.org","@graph":[{"@type":"WebPage","@id":"https:\/\/www.lourdes-france.org\/de\/msgr-olivier-ribadeau-dumas-wird-rektor-der-wallfahrtsstaette-unserer-lieben-frau-von-lourdes\/","url":"https:\/\/www.lourdes-france.org\/de\/msgr-olivier-ribadeau-dumas-wird-rektor-der-wallfahrtsstaette-unserer-lieben-frau-von-lourdes\/","name":"Msgr. Olivier Ribadeau Dumas wird Rektor der Wallfahrtsst\u00e4tte Unserer Lieben Frau von Lourdes","isPartOf":{"@id":"https:\/\/preprod-lourdes.cawita.com\/#website"},"primaryImageOfPage":{"@id":"https:\/\/www.lourdes-france.org\/de\/msgr-olivier-ribadeau-dumas-wird-rektor-der-wallfahrtsstaette-unserer-lieben-frau-von-lourdes\/#primaryimage"},"image":{"@id":"https:\/\/www.lourdes-france.org\/de\/msgr-olivier-ribadeau-dumas-wird-rektor-der-wallfahrtsstaette-unserer-lieben-frau-von-lourdes\/#primaryimage"},"thumbnailUrl":"https:\/\/www.lourdes-france.org\/wp-content\/uploads\/2019\/09\/Bloc-recteur.jpg","datePublished":"2019-09-03T16:47:33+00:00","dateModified":"2026-01-30T11:20:07+00:00","author":{"@id":"https:\/\/preprod-lourdes.cawita.com\/#\/schema\/person\/00e15361338ccda7ff575e7807b7ff76"},"breadcrumb":{"@id":"https:\/\/www.lourdes-france.org\/de\/msgr-olivier-ribadeau-dumas-wird-rektor-der-wallfahrtsstaette-unserer-lieben-frau-von-lourdes\/#breadcrumb"},"inLanguage":"de","potentialAction":[{"@type":"ReadAction","target":["https:\/\/www.lourdes-france.org\/de\/msgr-olivier-ribadeau-dumas-wird-rektor-der-wallfahrtsstaette-unserer-lieben-frau-von-lourdes\/"]}]},{"@type":"ImageObject","inLanguage":"de","@id":"https:\/\/www.lourdes-france.org\/de\/msgr-olivier-ribadeau-dumas-wird-rektor-der-wallfahrtsstaette-unserer-lieben-frau-von-lourdes\/#primaryimage","url":"https:\/\/www.lourdes-france.org\/wp-content\/uploads\/2019\/09\/Bloc-recteur.jpg","contentUrl":"https:\/\/www.lourdes-france.org\/wp-content\/uploads\/2019\/09\/Bloc-recteur.jpg","width":760,"height":560},{"@type":"BreadcrumbList","@id":"https:\/\/www.lourdes-france.org\/de\/msgr-olivier-ribadeau-dumas-wird-rektor-der-wallfahrtsstaette-unserer-lieben-frau-von-lourdes\/#breadcrumb","itemListElement":[{"@type":"ListItem","position":1,"name":"Accueil","item":"https:\/\/www.lourdes-france.org\/"},{"@type":"ListItem","position":2,"name":"Msgr. Olivier Ribadeau Dumas wird Rektor der Wallfahrtsst\u00e4tte Unserer Lieben Frau von Lourdes"}]},{"@type":"WebSite","@id":"https:\/\/preprod-lourdes.cawita.com\/#website","url":"https:\/\/preprod-lourdes.cawita.com\/","name":"Soutenir le Sanctuaire Notre-Dame de Lourdes","description":"","potentialAction":[{"@type":"SearchAction","target":{"@type":"EntryPoint","urlTemplate":"https:\/\/preprod-lourdes.cawita.com\/?s={search_term_string}"},"query-input":{"@type":"PropertyValueSpecification","valueRequired":true,"valueName":"search_term_string"}}],"inLanguage":"de"},{"@type":"Person","@id":"https:\/\/preprod-lourdes.cawita.com\/#\/schema\/person\/00e15361338ccda7ff575e7807b7ff76","name":"TV LOURDES","image":{"@type":"ImageObject","inLanguage":"de","@id":"https:\/\/preprod-lourdes.cawita.com\/#\/schema\/person\/image\/","url":"https:\/\/secure.gravatar.com\/avatar\/99ad963db01f0c73acfee4d5f94ac178?s=96&d=mm&r=g","contentUrl":"https:\/\/secure.gravatar.com\/avatar\/99ad963db01f0c73acfee4d5f94ac178?s=96&d=mm&r=g","caption":"TV LOURDES"},"url":"https:\/\/www.lourdes-france.org\/de\/author\/tv-lourdes\/"}]}},"_links":{"self":[{"href":"https:\/\/www.lourdes-france.org\/de\/wp-json\/wp\/v2\/posts\/131509","targetHints":{"allow":["GET"]}}],"collection":[{"href":"https:\/\/www.lourdes-france.org\/de\/wp-json\/wp\/v2\/posts"}],"about":[{"href":"https:\/\/www.lourdes-france.org\/de\/wp-json\/wp\/v2\/types\/post"}],"author":[{"embeddable":true,"href":"https:\/\/www.lourdes-france.org\/de\/wp-json\/wp\/v2\/users\/21"}],"replies":[{"embeddable":true,"href":"https:\/\/www.lourdes-france.org\/de\/wp-json\/wp\/v2\/comments?post=131509"}],"version-history":[{"count":4,"href":"https:\/\/www.lourdes-france.org\/de\/wp-json\/wp\/v2\/posts\/131509\/revisions"}],"predecessor-version":[{"id":180557,"href":"https:\/\/www.lourdes-france.org\/de\/wp-json\/wp\/v2\/posts\/131509\/revisions\/180557"}],"wp:featuredmedia":[{"embeddable":true,"href":"https:\/\/www.lourdes-france.org\/de\/wp-json\/wp\/v2\/media\/130025"}],"wp:attachment":[{"href":"https:\/\/www.lourdes-france.org\/de\/wp-json\/wp\/v2\/media?parent=131509"}],"wp:term":[{"taxonomy":"category","embeddable":true,"href":"https:\/\/www.lourdes-france.org\/de\/wp-json\/wp\/v2\/categories?post=131509"},{"taxonomy":"post_tag","embeddable":true,"href":"https:\/\/www.lourdes-france.org\/de\/wp-json\/wp\/v2\/tags?post=131509"}],"curies":[{"name":"wp","href":"https:\/\/api.w.org\/{rel}","templated":true}]}}