{"id":181471,"date":"2019-10-30T14:53:56","date_gmt":"2019-10-30T13:53:56","guid":{"rendered":"http:\/\/www.lourdes-france.org\/le-1er-novembre-la-toussaint-2019\/"},"modified":"2026-01-30T12:19:36","modified_gmt":"2026-01-30T11:19:36","slug":"1-november-allerheiligen-2019","status":"publish","type":"post","link":"https:\/\/www.lourdes-france.org\/de\/1-november-allerheiligen-2019\/","title":{"rendered":"1. November, Allerheiligen"},"content":{"rendered":"\t\t<div data-elementor-type=\"wp-post\" data-elementor-id=\"181471\" class=\"elementor elementor-181471 elementor-181423\" data-elementor-post-type=\"post\">\n\t\t\t\t\t\t<section class=\"elementor-section elementor-top-section elementor-element elementor-element-d70b824 elementor-section-boxed elementor-section-height-default elementor-section-height-default\" data-id=\"d70b824\" data-element_type=\"section\">\n\t\t\t\t\t\t<div class=\"elementor-container elementor-column-gap-no\">\n\t\t\t\t\t<div class=\"elementor-column elementor-col-100 elementor-top-column elementor-element elementor-element-2b0e9a6\" data-id=\"2b0e9a6\" data-element_type=\"column\">\n\t\t\t<div class=\"elementor-widget-wrap elementor-element-populated\">\n\t\t\t\t\t\t<div class=\"elementor-element elementor-element-1d6ed63 elementor-widget elementor-widget-text-editor\" data-id=\"1d6ed63\" data-element_type=\"widget\" data-widget_type=\"text-editor.default\">\n\t\t\t\t<div class=\"elementor-widget-container\">\n\t\t\t\t\t\t\t\t\t<p>Der Anlass dieses Fest ruft uns in Erinnerung, dass alle Menschen durch verschiedene, aber f\u00fcr alle zug\u00e4nglichen Wege, zur Heiligkeit berufen sind. Heiligkeit ist kein Weg, der einer Elite vorbehalten ist: Sie betrifft alle, die sich bewusst zur Nachfolge Christi entscheiden &#8211; (Lesen Sie hierzu das Apostolische Schreiben von Papst Franziskus \u201eGaudete und Exsultate\u201c). Papst Johannes Paul II hat dies durch die gro\u00dfe Anzahl von Menschen die er selig- und heiliggesprochen hat, darunter so unterschiedliche Pers\u00f6nlichkeiten wie Pater Maximilian Kolbe, Edith Stein, Padre Pio oder Mutter Teresa, zum Ausdruck gebracht. &#8230; Erst k\u00fcrzlich, am 14. Oktober 2018, sprach Papst Franziskus Paul VI und Bischof Romero heilig. Als Zeugen der Liebe Gottes sind diese M\u00e4nner und Frauen &#8211; sie sind nicht \u00fcber Nacht Heilige geworden &#8211; uns gerade durch ihre Entfaltung \u2013 mit ihren Zweifel, ihren Fragen &#8211; mit einem Wort: durch ihre Menschlichkeit nahe. <\/p>\t\t\t\t\t\t\t\t<\/div>\n\t\t\t\t<\/div>\n\t\t\t\t<div class=\"elementor-element elementor-element-c5ef04b elementor-widget elementor-widget-text-editor\" data-id=\"c5ef04b\" data-element_type=\"widget\" data-widget_type=\"text-editor.default\">\n\t\t\t\t<div class=\"elementor-widget-container\">\n\t\t\t\t\t\t\t\t\t<h2><span style=\"color: #e8a700;\">2. November Allerseelen<\/span><\/h2>\t\t\t\t\t\t\t\t<\/div>\n\t\t\t\t<\/div>\n\t\t\t\t<div class=\"elementor-element elementor-element-fe1d20e elementor-widget elementor-widget-text-editor\" data-id=\"fe1d20e\" data-element_type=\"widget\" data-widget_type=\"text-editor.default\">\n\t\t\t\t<div class=\"elementor-widget-container\">\n\t\t\t\t\t\t\t\t\t<p>Der 2. November, Allerseelen ist dem Gedenken der Verstorbenen gewidmet. An diesem Tag wird in der Wallfahrtsst\u00e4tte von Lourdes um 11:15 Uhr in der Rosenkranzbasilika unter dem Vorsitz von Msgr. Olivier Ribadeau Dumas eine Messe gefeiert, die uns, so der Rektor der Wallfahrtsst\u00e4tte, an diesem Ort erinnern soll, \u201e<em>dass wir uns im Rahmen des Evangeliums bewegen, wo die \u00c4rmsten an erster Stelle stehen.<\/em>&#8222;<\/p>\t\t\t\t\t\t\t\t<\/div>\n\t\t\t\t<\/div>\n\t\t\t\t<div class=\"elementor-element elementor-element-d9ca675 elementor-widget elementor-widget-image\" data-id=\"d9ca675\" data-element_type=\"widget\" data-widget_type=\"image.default\">\n\t\t\t\t<div class=\"elementor-widget-container\">\n\t\t\t\t\t\t\t\t\t\t\t\t\t\t\t<img fetchpriority=\"high\" decoding=\"async\" width=\"1024\" height=\"683\" src=\"https:\/\/www.lourdes-france.org\/wp-content\/uploads\/2019\/10\/reduit_Messe-Rosaire_o-1024x683.jpg\" class=\"attachment-large size-large wp-image-181485\" alt=\"\" srcset=\"https:\/\/www.lourdes-france.org\/wp-content\/uploads\/2019\/10\/reduit_Messe-Rosaire_o-1024x683.jpg 1024w, https:\/\/www.lourdes-france.org\/wp-content\/uploads\/2019\/10\/reduit_Messe-Rosaire_o-300x200.jpg 300w, https:\/\/www.lourdes-france.org\/wp-content\/uploads\/2019\/10\/reduit_Messe-Rosaire_o-768x512.jpg 768w, https:\/\/www.lourdes-france.org\/wp-content\/uploads\/2019\/10\/reduit_Messe-Rosaire_o-380x253.jpg 380w, https:\/\/www.lourdes-france.org\/wp-content\/uploads\/2019\/10\/reduit_Messe-Rosaire_o.jpg 1200w\" sizes=\"(max-width: 1024px) 100vw, 1024px\" \/>\t\t\t\t\t\t\t\t\t\t\t\t\t\t\t<\/div>\n\t\t\t\t<\/div>\n\t\t\t\t<div class=\"elementor-element elementor-element-613e472 elementor-widget elementor-widget-text-editor\" data-id=\"613e472\" data-element_type=\"widget\" data-widget_type=\"text-editor.default\">\n\t\t\t\t<div class=\"elementor-widget-container\">\n\t\t\t\t\t\t\t\t\t<h2>Ein Konzert zur <span style=\"color: #e8a700;\">Restaurierung der Pfarrkirche<\/span><\/h2>\t\t\t\t\t\t\t\t<\/div>\n\t\t\t\t<\/div>\n\t\t\t\t<div class=\"elementor-element elementor-element-2f64555 elementor-widget elementor-widget-text-editor\" data-id=\"2f64555\" data-element_type=\"widget\" data-widget_type=\"text-editor.default\">\n\t\t\t\t<div class=\"elementor-widget-container\">\n\t\t\t\t\t\t\t\t\t<p>Am Samstag, 2. November, um 20:30 Uhr wird in der Basilika zur Unbefleckten Empf\u00e4ngnis das unvollendete Werk des Requiems von Mozarts, in Anwesenheit des Komponisten Pierre-Henri Dutron, der es neu interpretiert und diese Fassung unterbreitet hat, zur Auff\u00fchrung gebracht. Der Erl\u00f6s der Auff\u00fchrung wird dem Verein <em>Toit du c\u0153ur<\/em> f\u00fcr die Restaurierung der Pfarrkirche in Lourdes zur Verf\u00fcgung gestellt.<br \/>Der Eintritt ist frei f\u00fcr alle.<\/p>\t\t\t\t\t\t\t\t<\/div>\n\t\t\t\t<\/div>\n\t\t\t\t\t<\/div>\n\t\t<\/div>\n\t\t\t\t\t<\/div>\n\t\t<\/section>\n\t\t\t\t<\/div>\n\t\t","protected":false},"excerpt":{"rendered":"<p>Der Anlass dieses Fest ruft uns in Erinnerung, dass alle Menschen durch verschiedene, aber f\u00fcr alle zug\u00e4nglichen Wege, zur Heiligkeit berufen sind. Heiligkeit ist kein Weg, der einer Elite vorbehalten ist: Sie betrifft alle, die sich bewusst zur Nachfolge Christi &hellip; <a href=\"https:\/\/www.lourdes-france.org\/de\/1-november-allerheiligen-2019\/\">Weiter<\/a><\/p>\n","protected":false},"author":21,"featured_media":181455,"comment_status":"closed","ping_status":"closed","sticky":false,"template":"","format":"standard","meta":{"_acf_changed":false,"footnotes":""},"categories":[153],"tags":[],"class_list":["post-181471","post","type-post","status-publish","format-standard","has-post-thumbnail","hentry","category-aktuelles-in-lourdes"],"acf":[],"yoast_head":"<!-- This site is optimized with the Yoast SEO plugin v24.7 - https:\/\/yoast.com\/wordpress\/plugins\/seo\/ -->\n<title>1. November, Allerheiligen<\/title>\n<meta name=\"robots\" content=\"index, follow, max-snippet:-1, max-image-preview:large, max-video-preview:-1\" \/>\n<link rel=\"canonical\" href=\"https:\/\/www.lourdes-france.org\/de\/1-november-allerheiligen-2019\/\" \/>\n<meta name=\"twitter:label1\" content=\"Verfasst von\" \/>\n\t<meta name=\"twitter:data1\" content=\"TV LOURDES\" \/>\n\t<meta name=\"twitter:label2\" content=\"Gesch\u00e4tzte Lesezeit\" \/>\n\t<meta name=\"twitter:data2\" content=\"1\u00a0Minute\" \/>\n<script type=\"application\/ld+json\" class=\"yoast-schema-graph\">{\"@context\":\"https:\/\/schema.org\",\"@graph\":[{\"@type\":\"WebPage\",\"@id\":\"https:\/\/www.lourdes-france.org\/de\/1-november-allerheiligen-2019\/\",\"url\":\"https:\/\/www.lourdes-france.org\/de\/1-november-allerheiligen-2019\/\",\"name\":\"1. November, Allerheiligen\",\"isPartOf\":{\"@id\":\"https:\/\/preprod-lourdes.cawita.com\/#website\"},\"primaryImageOfPage\":{\"@id\":\"https:\/\/www.lourdes-france.org\/de\/1-november-allerheiligen-2019\/#primaryimage\"},\"image\":{\"@id\":\"https:\/\/www.lourdes-france.org\/de\/1-november-allerheiligen-2019\/#primaryimage\"},\"thumbnailUrl\":\"https:\/\/www.lourdes-france.org\/wp-content\/uploads\/2019\/10\/reduit_Messe-Rosaire_o-380.jpg\",\"datePublished\":\"2019-10-30T13:53:56+00:00\",\"dateModified\":\"2026-01-30T11:19:36+00:00\",\"author\":{\"@id\":\"https:\/\/preprod-lourdes.cawita.com\/#\/schema\/person\/00e15361338ccda7ff575e7807b7ff76\"},\"breadcrumb\":{\"@id\":\"https:\/\/www.lourdes-france.org\/de\/1-november-allerheiligen-2019\/#breadcrumb\"},\"inLanguage\":\"de\",\"potentialAction\":[{\"@type\":\"ReadAction\",\"target\":[\"https:\/\/www.lourdes-france.org\/de\/1-november-allerheiligen-2019\/\"]}]},{\"@type\":\"ImageObject\",\"inLanguage\":\"de\",\"@id\":\"https:\/\/www.lourdes-france.org\/de\/1-november-allerheiligen-2019\/#primaryimage\",\"url\":\"https:\/\/www.lourdes-france.org\/wp-content\/uploads\/2019\/10\/reduit_Messe-Rosaire_o-380.jpg\",\"contentUrl\":\"https:\/\/www.lourdes-france.org\/wp-content\/uploads\/2019\/10\/reduit_Messe-Rosaire_o-380.jpg\",\"width\":760,\"height\":560},{\"@type\":\"BreadcrumbList\",\"@id\":\"https:\/\/www.lourdes-france.org\/de\/1-november-allerheiligen-2019\/#breadcrumb\",\"itemListElement\":[{\"@type\":\"ListItem\",\"position\":1,\"name\":\"Accueil\",\"item\":\"https:\/\/www.lourdes-france.org\/\"},{\"@type\":\"ListItem\",\"position\":2,\"name\":\"1. November, Allerheiligen\"}]},{\"@type\":\"WebSite\",\"@id\":\"https:\/\/preprod-lourdes.cawita.com\/#website\",\"url\":\"https:\/\/preprod-lourdes.cawita.com\/\",\"name\":\"Soutenir le Sanctuaire Notre-Dame de Lourdes\",\"description\":\"\",\"potentialAction\":[{\"@type\":\"SearchAction\",\"target\":{\"@type\":\"EntryPoint\",\"urlTemplate\":\"https:\/\/preprod-lourdes.cawita.com\/?s={search_term_string}\"},\"query-input\":{\"@type\":\"PropertyValueSpecification\",\"valueRequired\":true,\"valueName\":\"search_term_string\"}}],\"inLanguage\":\"de\"},{\"@type\":\"Person\",\"@id\":\"https:\/\/preprod-lourdes.cawita.com\/#\/schema\/person\/00e15361338ccda7ff575e7807b7ff76\",\"name\":\"TV LOURDES\",\"image\":{\"@type\":\"ImageObject\",\"inLanguage\":\"de\",\"@id\":\"https:\/\/preprod-lourdes.cawita.com\/#\/schema\/person\/image\/\",\"url\":\"https:\/\/secure.gravatar.com\/avatar\/99ad963db01f0c73acfee4d5f94ac178?s=96&d=mm&r=g\",\"contentUrl\":\"https:\/\/secure.gravatar.com\/avatar\/99ad963db01f0c73acfee4d5f94ac178?s=96&d=mm&r=g\",\"caption\":\"TV LOURDES\"},\"url\":\"https:\/\/www.lourdes-france.org\/de\/author\/tv-lourdes\/\"}]}<\/script>\n<!-- \/ Yoast SEO plugin. -->","yoast_head_json":{"title":"1. November, Allerheiligen","robots":{"index":"index","follow":"follow","max-snippet":"max-snippet:-1","max-image-preview":"max-image-preview:large","max-video-preview":"max-video-preview:-1"},"canonical":"https:\/\/www.lourdes-france.org\/de\/1-november-allerheiligen-2019\/","twitter_misc":{"Verfasst von":"TV LOURDES","Gesch\u00e4tzte Lesezeit":"1\u00a0Minute"},"schema":{"@context":"https:\/\/schema.org","@graph":[{"@type":"WebPage","@id":"https:\/\/www.lourdes-france.org\/de\/1-november-allerheiligen-2019\/","url":"https:\/\/www.lourdes-france.org\/de\/1-november-allerheiligen-2019\/","name":"1. November, Allerheiligen","isPartOf":{"@id":"https:\/\/preprod-lourdes.cawita.com\/#website"},"primaryImageOfPage":{"@id":"https:\/\/www.lourdes-france.org\/de\/1-november-allerheiligen-2019\/#primaryimage"},"image":{"@id":"https:\/\/www.lourdes-france.org\/de\/1-november-allerheiligen-2019\/#primaryimage"},"thumbnailUrl":"https:\/\/www.lourdes-france.org\/wp-content\/uploads\/2019\/10\/reduit_Messe-Rosaire_o-380.jpg","datePublished":"2019-10-30T13:53:56+00:00","dateModified":"2026-01-30T11:19:36+00:00","author":{"@id":"https:\/\/preprod-lourdes.cawita.com\/#\/schema\/person\/00e15361338ccda7ff575e7807b7ff76"},"breadcrumb":{"@id":"https:\/\/www.lourdes-france.org\/de\/1-november-allerheiligen-2019\/#breadcrumb"},"inLanguage":"de","potentialAction":[{"@type":"ReadAction","target":["https:\/\/www.lourdes-france.org\/de\/1-november-allerheiligen-2019\/"]}]},{"@type":"ImageObject","inLanguage":"de","@id":"https:\/\/www.lourdes-france.org\/de\/1-november-allerheiligen-2019\/#primaryimage","url":"https:\/\/www.lourdes-france.org\/wp-content\/uploads\/2019\/10\/reduit_Messe-Rosaire_o-380.jpg","contentUrl":"https:\/\/www.lourdes-france.org\/wp-content\/uploads\/2019\/10\/reduit_Messe-Rosaire_o-380.jpg","width":760,"height":560},{"@type":"BreadcrumbList","@id":"https:\/\/www.lourdes-france.org\/de\/1-november-allerheiligen-2019\/#breadcrumb","itemListElement":[{"@type":"ListItem","position":1,"name":"Accueil","item":"https:\/\/www.lourdes-france.org\/"},{"@type":"ListItem","position":2,"name":"1. November, Allerheiligen"}]},{"@type":"WebSite","@id":"https:\/\/preprod-lourdes.cawita.com\/#website","url":"https:\/\/preprod-lourdes.cawita.com\/","name":"Soutenir le Sanctuaire Notre-Dame de Lourdes","description":"","potentialAction":[{"@type":"SearchAction","target":{"@type":"EntryPoint","urlTemplate":"https:\/\/preprod-lourdes.cawita.com\/?s={search_term_string}"},"query-input":{"@type":"PropertyValueSpecification","valueRequired":true,"valueName":"search_term_string"}}],"inLanguage":"de"},{"@type":"Person","@id":"https:\/\/preprod-lourdes.cawita.com\/#\/schema\/person\/00e15361338ccda7ff575e7807b7ff76","name":"TV LOURDES","image":{"@type":"ImageObject","inLanguage":"de","@id":"https:\/\/preprod-lourdes.cawita.com\/#\/schema\/person\/image\/","url":"https:\/\/secure.gravatar.com\/avatar\/99ad963db01f0c73acfee4d5f94ac178?s=96&d=mm&r=g","contentUrl":"https:\/\/secure.gravatar.com\/avatar\/99ad963db01f0c73acfee4d5f94ac178?s=96&d=mm&r=g","caption":"TV LOURDES"},"url":"https:\/\/www.lourdes-france.org\/de\/author\/tv-lourdes\/"}]}},"_links":{"self":[{"href":"https:\/\/www.lourdes-france.org\/de\/wp-json\/wp\/v2\/posts\/181471","targetHints":{"allow":["GET"]}}],"collection":[{"href":"https:\/\/www.lourdes-france.org\/de\/wp-json\/wp\/v2\/posts"}],"about":[{"href":"https:\/\/www.lourdes-france.org\/de\/wp-json\/wp\/v2\/types\/post"}],"author":[{"embeddable":true,"href":"https:\/\/www.lourdes-france.org\/de\/wp-json\/wp\/v2\/users\/21"}],"replies":[{"embeddable":true,"href":"https:\/\/www.lourdes-france.org\/de\/wp-json\/wp\/v2\/comments?post=181471"}],"version-history":[{"count":4,"href":"https:\/\/www.lourdes-france.org\/de\/wp-json\/wp\/v2\/posts\/181471\/revisions"}],"predecessor-version":[{"id":181527,"href":"https:\/\/www.lourdes-france.org\/de\/wp-json\/wp\/v2\/posts\/181471\/revisions\/181527"}],"wp:featuredmedia":[{"embeddable":true,"href":"https:\/\/www.lourdes-france.org\/de\/wp-json\/wp\/v2\/media\/181455"}],"wp:attachment":[{"href":"https:\/\/www.lourdes-france.org\/de\/wp-json\/wp\/v2\/media?parent=181471"}],"wp:term":[{"taxonomy":"category","embeddable":true,"href":"https:\/\/www.lourdes-france.org\/de\/wp-json\/wp\/v2\/categories?post=181471"},{"taxonomy":"post_tag","embeddable":true,"href":"https:\/\/www.lourdes-france.org\/de\/wp-json\/wp\/v2\/tags?post=181471"}],"curies":[{"name":"wp","href":"https:\/\/api.w.org\/{rel}","templated":true}]}}