{"id":195877,"date":"2019-12-16T11:36:03","date_gmt":"2019-12-16T10:36:03","guid":{"rendered":"http:\/\/www.lourdes-france.org\/suivez-le-chemin-des-creches-2\/"},"modified":"2026-01-30T12:17:14","modified_gmt":"2026-01-30T11:17:14","slug":"folgen-sie-dem-krippenweg","status":"publish","type":"post","link":"https:\/\/www.lourdes-france.org\/de\/folgen-sie-dem-krippenweg\/","title":{"rendered":"Folgen Sie dem Krippenweg!"},"content":{"rendered":"\t\t<div data-elementor-type=\"wp-post\" data-elementor-id=\"195877\" class=\"elementor elementor-195877 elementor-195581\" data-elementor-post-type=\"post\">\n\t\t\t\t\t\t<section class=\"elementor-section elementor-top-section elementor-element elementor-element-7d6ab19e elementor-section-boxed elementor-section-height-default elementor-section-height-default\" data-id=\"7d6ab19e\" data-element_type=\"section\">\n\t\t\t\t\t\t<div class=\"elementor-container elementor-column-gap-no\">\n\t\t\t\t\t<div class=\"elementor-column elementor-col-100 elementor-top-column elementor-element elementor-element-2dd55f41\" data-id=\"2dd55f41\" data-element_type=\"column\">\n\t\t\t<div class=\"elementor-widget-wrap elementor-element-populated\">\n\t\t\t\t\t\t<div class=\"elementor-element elementor-element-ef79851 elementor-widget elementor-widget-video\" data-id=\"ef79851\" data-element_type=\"widget\" data-settings=\"{&quot;youtube_url&quot;:&quot;https:\\\/\\\/www.youtube.com\\\/watch?v=or4Dx-yna3I&quot;,&quot;video_type&quot;:&quot;youtube&quot;,&quot;controls&quot;:&quot;yes&quot;}\" data-widget_type=\"video.default\">\n\t\t\t\t<div class=\"elementor-widget-container\">\n\t\t\t\t\t\t\t<div class=\"elementor-wrapper elementor-open-inline\">\n\t\t\t<div class=\"elementor-video\"><\/div>\t\t<\/div>\n\t\t\t\t\t\t<\/div>\n\t\t\t\t<\/div>\n\t\t\t\t<div class=\"elementor-element elementor-element-53e7e3e9 elementor-widget elementor-widget-text-editor\" data-id=\"53e7e3e9\" data-element_type=\"widget\" data-widget_type=\"text-editor.default\">\n\t\t\t\t<div class=\"elementor-widget-container\">\n\t\t\t\t\t\t\t\t\t<h2>In der Rosenkranzbasilika : <span style=\"color: #e8a700;\">die M\u00fchle Boly<\/span><\/h2>\t\t\t\t\t\t\t\t<\/div>\n\t\t\t\t<\/div>\n\t\t\t\t<div class=\"elementor-element elementor-element-6f4adb4 elementor-widget elementor-widget-text-editor\" data-id=\"6f4adb4\" data-element_type=\"widget\" data-widget_type=\"text-editor.default\">\n\t\t\t\t<div class=\"elementor-widget-container\">\n\t\t\t\t\t\t\t\t\t<p>Bernadette wird am 07. Januar 1844 in der M\u00fchle Boly, der \u00ab\u00a0M\u00fchle des Gl\u00fccks\u00a0\u00bb geboren. Die M\u00fchle wird so genannt, da sie der Familie in den Jahren als Wohnung diente, in denen sie ein ruhiges Leben f\u00fchrte, das durch den Rhythmus der christlichen Traditionen und das Rauschen des Lapacca-Baches, der die M\u00fchle antrieb, bestimmt wurde. Bernadettes Taufe am 09. Januar, zwei Tage nach ihrer Geburt, gibt Anlass f\u00fcr ein sch\u00f6nes Fest. Die Farben der festlich schimmernden Gew\u00e4nder der Santons (provenzalische Krippenfiguren) und ihre Anzahl, machen den Eindruck, als sei die Krippe lebendig und in Bewegung. Man h\u00f6rt f\u00f6rmlich den L\u00e4rm des Festes, das die Familie in der Zeit des Festtages der Erscheinung des Herrn gibt und das von dem Gl\u00fcck durchdrungen ist, die Geburt des ersten Kindes in einem nat\u00fcrlichen und einfachen Glauben zu erleben. So vergehen zehn friedliche Jahre, deren Frieden dennoch durch Louises Verbrennung an ihrer Brust gest\u00f6rt wird, da sie so verpflichtet ist ihr Baby Bernadette einer Amme in Bartr\u00e8s f\u00fcr achtzehn Monate zu \u00fcbergeben. Der Vater, Fran\u00e7ois, verletzt sich am Auge, als er den M\u00fchlstein bearbeitet. Das gute Herz der Soubirous, die es nicht wagen, den ihnen zustehenden Lohn f\u00fcr ihre Arbeit zu verlangen und die Konkurrenz der industriellen M\u00fchlen, treibt die Familie an den Rand des Bankrotts. Auch in den anderen M\u00fchlen, in die sie umziehen, ergeht es ihnen nicht besser. St\u00fcck f\u00fcr St\u00fcck ger\u00e4t die Familie in tiefe Not, es ist kein Geld mehr da, um etwas zu essen zu kaufen oder die Miete zu bezahlen. Im Juni 1854 ist die Familie Soubirius so ruiniert, dass sie die \u201eM\u00fchle des Gl\u00fccks\u201c verlassen muss.\u00bb<\/p>\t\t\t\t\t\t\t\t<\/div>\n\t\t\t\t<\/div>\n\t\t\t\t<div class=\"elementor-element elementor-element-4504dcc elementor-widget elementor-widget-text-editor\" data-id=\"4504dcc\" data-element_type=\"widget\" data-widget_type=\"text-editor.default\">\n\t\t\t\t<div class=\"elementor-widget-container\">\n\t\t\t\t\t\t\t\t\t<p><strong>Die Botschaft.<\/strong> <em>Das Beispiel der Familie Soubirous vermittelt uns eine wertvolle Botschaft. Das Wichtigste f\u00fcr ein Kind, ist die Liebe seiner Eltern. Und das Gebet. So liefert der Glaube, angesichts aller Schwierigkeiten, die Antworten, denn man ist nie mehr allein. Die Familie Soubirous betet. Der Himmel k\u00f6nnte sich verdunkeln, doch Bernadette wird niemals zweifeln.<\/em><\/p>\t\t\t\t\t\t\t\t<\/div>\n\t\t\t\t<\/div>\n\t\t\t\t<div class=\"elementor-element elementor-element-6cf1f0ad carrousel-post elementor-arrows-position-inside elementor-pagination-position-outside elementor-widget elementor-widget-image-carousel\" data-id=\"6cf1f0ad\" data-element_type=\"widget\" data-settings=\"{&quot;slides_to_show&quot;:&quot;1&quot;,&quot;navigation&quot;:&quot;both&quot;,&quot;autoplay&quot;:&quot;yes&quot;,&quot;pause_on_hover&quot;:&quot;yes&quot;,&quot;pause_on_interaction&quot;:&quot;yes&quot;,&quot;autoplay_speed&quot;:5000,&quot;infinite&quot;:&quot;yes&quot;,&quot;effect&quot;:&quot;slide&quot;,&quot;speed&quot;:500}\" data-widget_type=\"image-carousel.default\">\n\t\t\t\t<div class=\"elementor-widget-container\">\n\t\t\t\t\t\t\t<div class=\"elementor-image-carousel-wrapper swiper\" role=\"region\" aria-roledescription=\"carousel\" aria-label=\"Bild Karussell\" dir=\"ltr\">\n\t\t\t<div class=\"elementor-image-carousel swiper-wrapper\" aria-live=\"off\">\n\t\t\t\t\t\t\t\t<div class=\"swiper-slide\" role=\"group\" aria-roledescription=\"slide\" aria-label=\"1 von 9\"><figure class=\"swiper-slide-inner\"><img decoding=\"async\" class=\"swiper-slide-image\" src=\"https:\/\/www.lourdes-france.org\/wp-content\/uploads\/2019\/12\/PHOTO-2A_reduit_BENEDICTIONcreche-ROSAIRE_20-768x512.jpg\" alt=\"PHOTO-2A_reduit_BENEDICTIONcreche-ROSAIRE_20\" \/><\/figure><\/div><div class=\"swiper-slide\" role=\"group\" aria-roledescription=\"slide\" aria-label=\"2 von 9\"><figure class=\"swiper-slide-inner\"><img decoding=\"async\" class=\"swiper-slide-image\" src=\"https:\/\/www.lourdes-france.org\/wp-content\/uploads\/2019\/12\/PHOTO-2B-reduit_2019-creche-Rosaire-04-768x512.jpg\" alt=\"PHOTO-2B-reduit_2019-creche-Rosaire-04\" \/><\/figure><\/div><div class=\"swiper-slide\" role=\"group\" aria-roledescription=\"slide\" aria-label=\"3 von 9\"><figure class=\"swiper-slide-inner\"><img decoding=\"async\" class=\"swiper-slide-image\" src=\"https:\/\/www.lourdes-france.org\/wp-content\/uploads\/2019\/12\/PHOTO-2BIS_reduit_2019-creche-Rosaire-05-768x512.jpg\" alt=\"PHOTO-2BIS_reduit_2019-creche-Rosaire-05\" \/><\/figure><\/div><div class=\"swiper-slide\" role=\"group\" aria-roledescription=\"slide\" aria-label=\"4 von 9\"><figure class=\"swiper-slide-inner\"><img decoding=\"async\" class=\"swiper-slide-image\" src=\"https:\/\/www.lourdes-france.org\/wp-content\/uploads\/2019\/12\/PHOTO-2TER_reduit_2019-creche-Rosaire-06-768x512.jpg\" alt=\"PHOTO-2TER_reduit_2019-creche-Rosaire-06\" \/><\/figure><\/div><div class=\"swiper-slide\" role=\"group\" aria-roledescription=\"slide\" aria-label=\"5 von 9\"><figure class=\"swiper-slide-inner\"><img decoding=\"async\" class=\"swiper-slide-image\" src=\"https:\/\/www.lourdes-france.org\/wp-content\/uploads\/2019\/12\/PHOTO-2QUART_reduit_2019-creche-Rosaire-14-768x512.jpg\" alt=\"PHOTO-2QUART_reduit_2019-creche-Rosaire-14\" \/><\/figure><\/div><div class=\"swiper-slide\" role=\"group\" aria-roledescription=\"slide\" aria-label=\"6 von 9\"><figure class=\"swiper-slide-inner\"><img decoding=\"async\" class=\"swiper-slide-image\" src=\"https:\/\/www.lourdes-france.org\/wp-content\/uploads\/2019\/12\/PHOTO-2QUINT_reduit_2019-creche-Rosaire-15-768x512.jpg\" alt=\"PHOTO-2QUINT_reduit_2019-creche-Rosaire-15\" \/><\/figure><\/div><div class=\"swiper-slide\" role=\"group\" aria-roledescription=\"slide\" aria-label=\"7 von 9\"><figure class=\"swiper-slide-inner\"><img decoding=\"async\" class=\"swiper-slide-image\" src=\"https:\/\/www.lourdes-france.org\/wp-content\/uploads\/2019\/12\/PHOTO-2SEXT_reduit_2019-creche-Rosaire-16-768x512.jpg\" alt=\"PHOTO-2SEXT_reduit_2019-creche-Rosaire-16\" \/><\/figure><\/div><div class=\"swiper-slide\" role=\"group\" aria-roledescription=\"slide\" aria-label=\"8 von 9\"><figure class=\"swiper-slide-inner\"><img decoding=\"async\" class=\"swiper-slide-image\" src=\"https:\/\/www.lourdes-france.org\/wp-content\/uploads\/2019\/12\/PHOTO-2SEXTbis_reduit_2019-creche-Rosaire-07-768x512.jpg\" alt=\"PHOTO-2SEXTbis_reduit_2019-creche-Rosaire-07\" \/><\/figure><\/div><div class=\"swiper-slide\" role=\"group\" aria-roledescription=\"slide\" aria-label=\"9 von 9\"><figure class=\"swiper-slide-inner\"><img decoding=\"async\" class=\"swiper-slide-image\" src=\"https:\/\/www.lourdes-france.org\/wp-content\/uploads\/2019\/12\/PHOTO-2SEXTter_reduit_2019-creche-Rosaire-11-768x512.jpg\" alt=\"PHOTO-2SEXTter_reduit_2019-creche-Rosaire-11\" \/><\/figure><\/div>\t\t\t<\/div>\n\t\t\t\t\t\t\t\t\t\t\t\t<div class=\"elementor-swiper-button elementor-swiper-button-prev\" role=\"button\" tabindex=\"0\">\n\t\t\t\t\t\t<i aria-hidden=\"true\" class=\"eicon-chevron-left\"><\/i>\t\t\t\t\t<\/div>\n\t\t\t\t\t<div class=\"elementor-swiper-button elementor-swiper-button-next\" role=\"button\" tabindex=\"0\">\n\t\t\t\t\t\t<i aria-hidden=\"true\" class=\"eicon-chevron-right\"><\/i>\t\t\t\t\t<\/div>\n\t\t\t\t\n\t\t\t\t\t\t\t\t\t<div class=\"swiper-pagination\"><\/div>\n\t\t\t\t\t\t\t\t\t<\/div>\n\t\t\t\t\t\t<\/div>\n\t\t\t\t<\/div>\n\t\t\t\t<div class=\"elementor-element elementor-element-db6e49f elementor-widget elementor-widget-text-editor\" data-id=\"db6e49f\" data-element_type=\"widget\" data-widget_type=\"text-editor.default\">\n\t\t\t\t<div class=\"elementor-widget-container\">\n\t\t\t\t\t\t\t\t\t<h2>In der Basilika Zur Unbefleckten Empf\u00e4ngnis : <span style=\"color: #e8a700;\">der Cachot<\/span><\/h2>\t\t\t\t\t\t\t\t<\/div>\n\t\t\t\t<\/div>\n\t\t\t\t<div class=\"elementor-element elementor-element-49bbf98 elementor-widget elementor-widget-text-editor\" data-id=\"49bbf98\" data-element_type=\"widget\" data-widget_type=\"text-editor.default\">\n\t\t\t\t<div class=\"elementor-widget-container\">\n\t\t\t\t\t\t\t\t\t<p align=\"justify\">Nachdem sie drei Jahre lang versucht haben, andere M\u00fchlen zu bewirtschaften, endet die Familie schlie\u00dflich im \u201eCachot\u201c, dem ehemaligen Gef\u00e4ngnis, das zu diesem Zeitpunkt bereits ausgedient hat und den Cousins Sajous geh\u00f6rt, die in der Wohnung in der ersten Etage leben. Diese Unterkunft der Familie, die schmutzig und dunkel ist und unangenehm riecht, wird unter anderem vom k\u00f6niglichen Staatsanwalt als \u201eabscheulich und finster\u201c beschrieben. In dieser Zeit wird Fran\u00e7ois Soubirous verhaftet und ins Gef\u00e4ngnis geworfen, da man ihm vorwirft, zwei S\u00e4cke Mehl gestohlen zu haben. Seine Schuld scheint naheliegend, denn er ist der \u00e4rmste Mann in Lourdes. Er wird eine Woche sp\u00e4ter aus dem Gef\u00e4ngnis entlassen, da man ihm nichts zu Last legen kann. Aber der Argwohn bleibt. Die Familie Soubirous h\u00e4lt dank ihres starken Glaubens allem und jedem stand. Sie beten jeden Morgen und jeden Abend. So inbr\u00fcnstig, dass die Cousins sie h\u00f6ren. So bewahren sie sich ihren inneren Frieden und ihre Harmonie. Als Hinweis auf den, auf dessen Initiative dieser Krippen f\u00fcr Lourdes zur\u00fcckgeht, hat der K\u00fcnstler ihn, den im Juni dieses Jahres verstorben Kapuzinerpater und Priester der Wallfahrtsst\u00e4tte Andrea Caruso, in einer Krippenfigur verewigt. Die Gesundheit Bernadettes ist sehr angeschlagen. Im Cachot gibt es nicht jeden Tag etwas zu essen. Bernadette muss sich um ihre Geschwister k\u00fcmmern, damit ihre Mutter arbeiten gehen kann. Sie kann somit nicht zur Schule gehen, um franz\u00f6sisch lesen und schreiben zu lernen und daher nicht an den Unterweisungen des Katechismus teilnehmen, was wiederum die Voraussetzung war, zur Erstkommunion zugelassen zu werden, was Bernadettes gr\u00f6\u00dfter Wunsch ist. Im September 1857 entscheiden ihre Eltern, sie bei ihrer Amme in Bartr\u00e8s unterzubringen, damit sie sich dort sattessen kann. Im Gegenzug soll sie einige Dienste leisten, wie zum Beispiel die Schafe h\u00fcten. Die Amme versucht, ihr den Katechismus beizubringen. Aber Bernadette f\u00e4llt es schwer, die Texte, die sie nicht versteht, zu behalten, da sie auf Franz\u00f6sisch sind. Sie spricht nur den \u00f6rtlichen, okzitanischen Dialekt. Als sie von der Abreise des Pfarrers von Bartr\u00e8s erf\u00e4hrt, schwindet ihre letzte Hoffnung die Kommunion zu empfangen. Somit bat sie um Erlaubnis, am 21. Januar 1858 nach Lourdes zur\u00fcckzukehren, um dort dem Katechismus zu folgen.<\/p>\t\t\t\t\t\t\t\t<\/div>\n\t\t\t\t<\/div>\n\t\t\t\t<div class=\"elementor-element elementor-element-2ad8262 elementor-widget elementor-widget-text-editor\" data-id=\"2ad8262\" data-element_type=\"widget\" data-widget_type=\"text-editor.default\">\n\t\t\t\t<div class=\"elementor-widget-container\">\n\t\t\t\t\t\t\t\t\t<p align=\"justify\"><strong>Die Botschaft<\/strong> \u2013 <em>Diese Darstellung erinnert an Bernadettes Weihnachtsfest im Cachot &#8230; der Unterschied zwischen dem Leben der Familie Soubirous und einer angesehenen Familie aus Lourdes ist offensichtlich \u2026 Diese Darstellung hilft uns die Botschaft des Weihnachtsevangeliums zu vertiefen. Wer vom materiellen Reichtum befangen ist, sucht und erwartet nichts. Wenn man davon \u00fcberzeugt ist, durch eigene Kraft gut und gerecht zu sein, braucht man keinen Retter. Nur leidende oder in Not geratene Menschen &#8211; sei dies materiell oder spirituell &#8211; nur sie erwarten etwas und w\u00fcnsche sich, gerettet zu werden. Folgen wir dem Beispiel der Familie Soubirous und sch\u00f6pfen wir, selbst in den schlimmsten Momenten unseres Lebens, unsere Kraft aus der Hoffnung, die der Glaube schenkt und vergessen wir nie, dass Gott genau da ist und auf unseren Ruf durch das Gebet wartet.<\/em><\/p>\t\t\t\t\t\t\t\t<\/div>\n\t\t\t\t<\/div>\n\t\t\t\t<div class=\"elementor-element elementor-element-cd6b993 carrousel-post elementor-arrows-position-inside elementor-pagination-position-outside elementor-widget elementor-widget-image-carousel\" data-id=\"cd6b993\" data-element_type=\"widget\" data-settings=\"{&quot;slides_to_show&quot;:&quot;1&quot;,&quot;navigation&quot;:&quot;both&quot;,&quot;autoplay&quot;:&quot;yes&quot;,&quot;pause_on_hover&quot;:&quot;yes&quot;,&quot;pause_on_interaction&quot;:&quot;yes&quot;,&quot;autoplay_speed&quot;:5000,&quot;infinite&quot;:&quot;yes&quot;,&quot;effect&quot;:&quot;slide&quot;,&quot;speed&quot;:500}\" data-widget_type=\"image-carousel.default\">\n\t\t\t\t<div class=\"elementor-widget-container\">\n\t\t\t\t\t\t\t<div class=\"elementor-image-carousel-wrapper swiper\" role=\"region\" aria-roledescription=\"carousel\" aria-label=\"Bild Karussell\" dir=\"ltr\">\n\t\t\t<div class=\"elementor-image-carousel swiper-wrapper\" aria-live=\"off\">\n\t\t\t\t\t\t\t\t<div class=\"swiper-slide\" role=\"group\" aria-roledescription=\"slide\" aria-label=\"1 von 4\"><figure class=\"swiper-slide-inner\"><img decoding=\"async\" class=\"swiper-slide-image\" src=\"https:\/\/www.lourdes-france.org\/wp-content\/uploads\/2019\/12\/PHOTO-3A_reduit_2019-installation-creche-05-768x512.jpg\" alt=\"PHOTO-3A_reduit_2019-installation-creche-05\" \/><\/figure><\/div><div class=\"swiper-slide\" role=\"group\" aria-roledescription=\"slide\" aria-label=\"2 von 4\"><figure class=\"swiper-slide-inner\"><img decoding=\"async\" class=\"swiper-slide-image\" src=\"https:\/\/www.lourdes-france.org\/wp-content\/uploads\/2019\/12\/PHOTO-3B_reduit-PHOTO3A_BENEDICTIONcreche-BIC-26-768x512.jpg\" alt=\"PHOTO-3B_reduit-PHOTO3A_BENEDICTIONcreche-BIC-26\" \/><\/figure><\/div><div class=\"swiper-slide\" role=\"group\" aria-roledescription=\"slide\" aria-label=\"3 von 4\"><figure class=\"swiper-slide-inner\"><img decoding=\"async\" class=\"swiper-slide-image\" src=\"https:\/\/www.lourdes-france.org\/wp-content\/uploads\/2019\/12\/PHOTO-3C_reduit_K19_1066-HDR-768x512.jpg\" alt=\"PHOTO-3C_reduit_K19_1066-HDR\" \/><\/figure><\/div><div class=\"swiper-slide\" role=\"group\" aria-roledescription=\"slide\" aria-label=\"4 von 4\"><figure class=\"swiper-slide-inner\"><img decoding=\"async\" class=\"swiper-slide-image\" src=\"https:\/\/www.lourdes-france.org\/wp-content\/uploads\/2019\/12\/PHOTO-3D_reduit_2019-installation-creche-02-768x512.jpg\" alt=\"PHOTO-3D_reduit_2019-installation-creche-02\" \/><\/figure><\/div>\t\t\t<\/div>\n\t\t\t\t\t\t\t\t\t\t\t\t<div class=\"elementor-swiper-button elementor-swiper-button-prev\" role=\"button\" tabindex=\"0\">\n\t\t\t\t\t\t<i aria-hidden=\"true\" class=\"eicon-chevron-left\"><\/i>\t\t\t\t\t<\/div>\n\t\t\t\t\t<div class=\"elementor-swiper-button elementor-swiper-button-next\" role=\"button\" tabindex=\"0\">\n\t\t\t\t\t\t<i aria-hidden=\"true\" class=\"eicon-chevron-right\"><\/i>\t\t\t\t\t<\/div>\n\t\t\t\t\n\t\t\t\t\t\t\t\t\t<div class=\"swiper-pagination\"><\/div>\n\t\t\t\t\t\t\t\t\t<\/div>\n\t\t\t\t\t\t<\/div>\n\t\t\t\t<\/div>\n\t\t\t\t<div class=\"elementor-element elementor-element-00e97d5 elementor-widget elementor-widget-text-editor\" data-id=\"00e97d5\" data-element_type=\"widget\" data-widget_type=\"text-editor.default\">\n\t\t\t\t<div class=\"elementor-widget-container\">\n\t\t\t\t\t\t\t\t\t<h2>In der Krypta : <span style=\"color: #e8a700;\">die Grotte von Massabielle<\/span><\/h2>\t\t\t\t\t\t\t\t<\/div>\n\t\t\t\t<\/div>\n\t\t\t\t<div class=\"elementor-element elementor-element-e5e3db5 elementor-widget elementor-widget-text-editor\" data-id=\"e5e3db5\" data-element_type=\"widget\" data-widget_type=\"text-editor.default\">\n\t\t\t\t<div class=\"elementor-widget-container\">\n\t\t\t\t\t\t\t\t\t<p align=\"justify\">Im Cachot ist das Holz ausgegangen. Trotz des Risikos eines erneuten Asthmaanfalls \u2013 denn an diesem 11. Februar ist es sehr kalt &#8211; m\u00f6chte Bernadette als auch ihre Schwester Toinette der Familie helfen und so brechen sie mit Baloume, einer Freundin, auf, um totes Holz zu sammeln. Die Grotte von Massabielle liegt au\u00dferhalb der Stadt Lourdes. Im Jahr 1858 gelangt man zu ihr, indem man die Weide der M\u00fchle Savy und dann den Bach Lapacca \u00fcberquerte. Das Innere der Grotte bestand nur aus Unrat und Schutt, den der Gave und der Bach angeschwemmt hatten. Dieser Ort wurde die \u201eSchweinegrotte\u201c genannt, denn hier hin brachte der \u00f6rtliche Schweinehirte seine Tiere. Und genau hier dringt die Jungfrau Maria pl\u00f6tzlich in Bernadettes Leben ein. Sie gibt sich ihr mit einem Windhauch zu erkennen, dem Hauch des Lebens, dem Hauch eines neuen Lebens. Bernadette, jenes M\u00e4dchen, das die Einwohner als \u201edreckige Spinnerin\u201c bezeichnen, aufgrund des schlechten Geruchs, der sie seit sie im Cachot lebt umgibt. (vgl. Webseite der Wallfahrtsst\u00e4tte). Sie hat die sch\u00f6ne Dame von Massabielle auserw\u00e4hlt, die Unwissendste von allen, um ihr eine Botschaft zu \u00fcbermitteln, die heute Millionen von Menschen hierher bringt, um zu F\u00fc\u00dfen der Grotte die Lasten niederzulegen, die sie ohne die Hilfe des Himmels nicht mehr alleine tragen k\u00f6nnen. In dieser Darstellung haben Maria, Joseph und das Jesuskind ihre Arme als Zeichen des Willkommens gegen\u00fcber allen, die sich n\u00e4hern, weit ge\u00f6ffnet. Ein Kind, das die Herden begleitet, sieht als Einziger den Himmelsboten und zeigt mit dem Finger auf die Felsnische. Wie Bernadette.<\/p>\t\t\t\t\t\t\t\t<\/div>\n\t\t\t\t<\/div>\n\t\t\t\t<div class=\"elementor-element elementor-element-97e008c elementor-widget elementor-widget-text-editor\" data-id=\"97e008c\" data-element_type=\"widget\" data-widget_type=\"text-editor.default\">\n\t\t\t\t<div class=\"elementor-widget-container\">\n\t\t\t\t\t\t\t\t\t<p align=\"justify\"><strong>Die Botschaft<\/strong> \u2013 <em>Was die Grotte von Massabielle und die Grotte von Bethlehem gemeinsam haben, ist, dass sie beide absolut nicht einladend sind \u2026 Letztere war ein nat\u00fcrlicher Unterstand, der in einen Stall umgewandelt wurde. Der Boden war bedeckt mit altem Stroh und getrocknetem Unrat. Trotz der K\u00e4lte geht ein starker Geruch von ihr aus. Gegen\u00fcber dem Eingang standen eine Krippe und ein Ochse. Als Bernadette am 11. Februar 1858 an der Grotte von Massabielle ankam, watete sie im Schlamm &#8230;<\/em><br \/><em>Die Grotte ruft uns zu einer wahren Umkehr auf, denn es ist sicherlich nicht einfach, bereit zu sein, den Herrn in dem Zeichen zu erkennen, das er den Hirten gegeben hat, genauso wie er es auch uns gibt: \u201eIhr werdet ein neugeborenes Kind in Windeln gewickelt in einer Krippe finden.\u201c Wir m\u00fcssen uns oft wirklich anstrengen, um den allm\u00e4chtigen Retter in der Schwachheit zu erkennen, in der vollkommenen Abh\u00e4ngigkeit eines Babys, das an diesem dunklen Ort Schutz fand! Aber die Grotte von Bethlehem, wie die Grotte von Massabielle, f\u00fchrt uns zu unserer eigenen Grotte, zu unserem Herzen, das, wie dieser dunkle, kalte, schmutzige und schlecht riechende Ort, verwandelt und von der Quelle, die Christus ist, gereinigt und neu geschaffen werden kann.<\/em><\/p>\t\t\t\t\t\t\t\t<\/div>\n\t\t\t\t<\/div>\n\t\t\t\t<div class=\"elementor-element elementor-element-2acdf53 carrousel-post elementor-arrows-position-inside elementor-pagination-position-outside elementor-widget elementor-widget-image-carousel\" data-id=\"2acdf53\" data-element_type=\"widget\" data-settings=\"{&quot;slides_to_show&quot;:&quot;1&quot;,&quot;navigation&quot;:&quot;both&quot;,&quot;autoplay&quot;:&quot;yes&quot;,&quot;pause_on_hover&quot;:&quot;yes&quot;,&quot;pause_on_interaction&quot;:&quot;yes&quot;,&quot;autoplay_speed&quot;:5000,&quot;infinite&quot;:&quot;yes&quot;,&quot;effect&quot;:&quot;slide&quot;,&quot;speed&quot;:500}\" data-widget_type=\"image-carousel.default\">\n\t\t\t\t<div class=\"elementor-widget-container\">\n\t\t\t\t\t\t\t<div class=\"elementor-image-carousel-wrapper swiper\" role=\"region\" aria-roledescription=\"carousel\" aria-label=\"Bild Karussell\" dir=\"ltr\">\n\t\t\t<div class=\"elementor-image-carousel swiper-wrapper\" aria-live=\"off\">\n\t\t\t\t\t\t\t\t<div class=\"swiper-slide\" role=\"group\" aria-roledescription=\"slide\" aria-label=\"1 von 5\"><figure class=\"swiper-slide-inner\"><img decoding=\"async\" class=\"swiper-slide-image\" src=\"https:\/\/www.lourdes-france.org\/wp-content\/uploads\/2019\/12\/reduit_PHOTO-2_BENEDICTIONcreche-Crypte_31-1-768x512.jpg\" alt=\"reduit_PHOTO-2_BENEDICTIONcreche-Crypte_31-1\" \/><\/figure><\/div><div class=\"swiper-slide\" role=\"group\" aria-roledescription=\"slide\" aria-label=\"2 von 5\"><figure class=\"swiper-slide-inner\"><img decoding=\"async\" class=\"swiper-slide-image\" src=\"https:\/\/www.lourdes-france.org\/wp-content\/uploads\/2019\/12\/PHOTO-4A_reduit_BENEDICTIONcreches-Crypte_38-768x512.jpg\" alt=\"PHOTO-4A_reduit_BENEDICTIONcreches-Crypte_38\" \/><\/figure><\/div><div class=\"swiper-slide\" role=\"group\" aria-roledescription=\"slide\" aria-label=\"3 von 5\"><figure class=\"swiper-slide-inner\"><img decoding=\"async\" class=\"swiper-slide-image\" src=\"https:\/\/www.lourdes-france.org\/wp-content\/uploads\/2019\/12\/PHOTO-4B_reduit_K19_1088-768x512.jpg\" alt=\"PHOTO-4B_reduit_K19_1088\" \/><\/figure><\/div><div class=\"swiper-slide\" role=\"group\" aria-roledescription=\"slide\" aria-label=\"4 von 5\"><figure class=\"swiper-slide-inner\"><img decoding=\"async\" class=\"swiper-slide-image\" src=\"https:\/\/www.lourdes-france.org\/wp-content\/uploads\/2019\/12\/PHOTO-4C_reduit_K19_1081-768x512.jpg\" alt=\"PHOTO-4C_reduit_K19_1081\" \/><\/figure><\/div><div class=\"swiper-slide\" role=\"group\" aria-roledescription=\"slide\" aria-label=\"5 von 5\"><figure class=\"swiper-slide-inner\"><img decoding=\"async\" class=\"swiper-slide-image\" src=\"https:\/\/www.lourdes-france.org\/wp-content\/uploads\/2019\/12\/PHOTO-4D_reduit_K19_1083-768x512.jpg\" alt=\"PHOTO-4D_reduit_K19_1083\" \/><\/figure><\/div>\t\t\t<\/div>\n\t\t\t\t\t\t\t\t\t\t\t\t<div class=\"elementor-swiper-button elementor-swiper-button-prev\" role=\"button\" tabindex=\"0\">\n\t\t\t\t\t\t<i aria-hidden=\"true\" class=\"eicon-chevron-left\"><\/i>\t\t\t\t\t<\/div>\n\t\t\t\t\t<div class=\"elementor-swiper-button elementor-swiper-button-next\" role=\"button\" tabindex=\"0\">\n\t\t\t\t\t\t<i aria-hidden=\"true\" class=\"eicon-chevron-right\"><\/i>\t\t\t\t\t<\/div>\n\t\t\t\t\n\t\t\t\t\t\t\t\t\t<div class=\"swiper-pagination\"><\/div>\n\t\t\t\t\t\t\t\t\t<\/div>\n\t\t\t\t\t\t<\/div>\n\t\t\t\t<\/div>\n\t\t\t\t<div class=\"elementor-element elementor-element-e581e8f elementor-widget elementor-widget-text-editor\" data-id=\"e581e8f\" data-element_type=\"widget\" data-widget_type=\"text-editor.default\">\n\t\t\t\t<div class=\"elementor-widget-container\">\n\t\t\t\t\t\t\t\t\t<h2><span style=\"color: #e8a700;\">Die Krippe der Grotte<\/span><\/h2>\t\t\t\t\t\t\t\t<\/div>\n\t\t\t\t<\/div>\n\t\t\t\t<div class=\"elementor-element elementor-element-26ffa50 elementor-widget elementor-widget-text-editor\" data-id=\"26ffa50\" data-element_type=\"widget\" data-widget_type=\"text-editor.default\">\n\t\t\t\t<div class=\"elementor-widget-container\">\n\t\t\t\t\t\t\t\t\t<p align=\"justify\">Was der Heilige Franz von Assisi in jener Weihnachtsnacht im Jahr 1223 in Greccio getan hat, war eine bewegende und \u00fcberraschende Neuerung. Oft denkt man, dass er eine Art sakrale, theatralische Darstellung beabsichtigte \u2026 aber das ist ganz und gar nicht der Fall: er l\u00e4sst eine Messe im Stall feiern. Das war revolution\u00e4r! Der Hl. Franz wollte eine Eucharistiefeier im Heu, zwischen Ochs und Esel. Die Quellen sind eindeutig. Der erste Biograph, Thomas von Celano, erz\u00e4hlt, dass Franz von Assisi \u201e<em>das in Bethlehem geborene Kind darstellen und konkret vor Augen f\u00fchren wollte, in welchen N\u00f6ten es sich befunden hat, da es ihm an allem fehlte, was ein Neugeborenes braucht und es in einer Strohkrippe zwischen Ochs und Esel lag<\/em>.\u201c Sich an dieses Ereignis erinnern: ein Kind, geboren zwischen Vieh. Dies beinhaltet keine H\u00e4resie, denn der Arme von Assisi unterstreicht nur, dass \u201eder Herr der Welt sich in unsere Niedrigkeit hinabbegeben hat\u201c.<\/p>\t\t\t\t\t\t\t\t<\/div>\n\t\t\t\t<\/div>\n\t\t\t\t<div class=\"elementor-element elementor-element-9bca0b3 elementor-widget elementor-widget-text-editor\" data-id=\"9bca0b3\" data-element_type=\"widget\" data-widget_type=\"text-editor.default\">\n\t\t\t\t<div class=\"elementor-widget-container\">\n\t\t\t\t\t\t\t\t\t<p align=\"justify\"><strong>Die Botschaft<\/strong> \u2013 <em>In den vergangenen Tagen, hat Papst Franziskus einen Aufruf zum Sinn der Krippe gestartet. Ganz im Sinne dessen, was Franz von Assisi sich vorgestellt hatte: die Einfachheit der Geburt Jesu. Im Laufe der Zeit hat sich diese Tradition auf der ganzen Welt verbreitet. Alle diese Nachbildungen der Krippe von Bethlehem \u00fcbermitteln uns eine Botschaft, Jesus kommt dort, wo wir leben, auf die Welt \u2026, Christus ist in unserer Mitte geboren, er wohnt unter uns. (vgl. Papst Franziskus, Admirabile).<\/em><\/p>\t\t\t\t\t\t\t\t<\/div>\n\t\t\t\t<\/div>\n\t\t\t\t<div class=\"elementor-element elementor-element-ed69815 carrousel-post elementor-arrows-position-inside elementor-pagination-position-outside elementor-widget elementor-widget-image-carousel\" data-id=\"ed69815\" data-element_type=\"widget\" data-settings=\"{&quot;slides_to_show&quot;:&quot;1&quot;,&quot;navigation&quot;:&quot;both&quot;,&quot;autoplay&quot;:&quot;yes&quot;,&quot;pause_on_hover&quot;:&quot;yes&quot;,&quot;pause_on_interaction&quot;:&quot;yes&quot;,&quot;autoplay_speed&quot;:5000,&quot;infinite&quot;:&quot;yes&quot;,&quot;effect&quot;:&quot;slide&quot;,&quot;speed&quot;:500}\" data-widget_type=\"image-carousel.default\">\n\t\t\t\t<div class=\"elementor-widget-container\">\n\t\t\t\t\t\t\t<div class=\"elementor-image-carousel-wrapper swiper\" role=\"region\" aria-roledescription=\"carousel\" aria-label=\"Bild Karussell\" dir=\"ltr\">\n\t\t\t<div class=\"elementor-image-carousel swiper-wrapper\" aria-live=\"off\">\n\t\t\t\t\t\t\t\t<div class=\"swiper-slide\" role=\"group\" aria-roledescription=\"slide\" aria-label=\"1 von 1\"><figure class=\"swiper-slide-inner\"><img decoding=\"async\" class=\"swiper-slide-image\" src=\"https:\/\/www.lourdes-france.org\/wp-content\/uploads\/2019\/12\/PHOTO-BANDEAU-ET-PHOTO-5_reduit_Creche_GROTTE-768x512.jpg\" alt=\"Cr\u00e8ches\" \/><\/figure><\/div>\t\t\t<\/div>\n\t\t\t\t\t<\/div>\n\t\t\t\t\t\t<\/div>\n\t\t\t\t<\/div>\n\t\t\t\t\t<\/div>\n\t\t<\/div>\n\t\t\t\t\t<\/div>\n\t\t<\/section>\n\t\t\t\t<\/div>\n\t\t","protected":false},"excerpt":{"rendered":"<p>https:\/\/www.youtube.com\/watch?v=or4Dx-yna3I In der Rosenkranzbasilika : die M\u00fchle Boly Bernadette wird am 07. Januar 1844 in der M\u00fchle Boly, der \u00ab\u00a0M\u00fchle des Gl\u00fccks\u00a0\u00bb geboren. Die M\u00fchle wird so genannt, da sie der Familie in den Jahren als Wohnung diente, in denen &hellip; <a href=\"https:\/\/www.lourdes-france.org\/de\/folgen-sie-dem-krippenweg\/\">Weiter<\/a><\/p>\n","protected":false},"author":21,"featured_media":195573,"comment_status":"closed","ping_status":"closed","sticky":false,"template":"","format":"standard","meta":{"_acf_changed":false,"footnotes":""},"categories":[153],"tags":[],"class_list":["post-195877","post","type-post","status-publish","format-standard","has-post-thumbnail","hentry","category-aktuelles-in-lourdes"],"acf":[],"yoast_head":"<!-- This site is optimized with the Yoast SEO plugin v24.7 - https:\/\/yoast.com\/wordpress\/plugins\/seo\/ -->\n<title>Folgen Sie dem Krippenweg!<\/title>\n<meta name=\"robots\" content=\"index, follow, max-snippet:-1, max-image-preview:large, max-video-preview:-1\" \/>\n<link rel=\"canonical\" href=\"https:\/\/www.lourdes-france.org\/de\/folgen-sie-dem-krippenweg\/\" \/>\n<meta name=\"twitter:label1\" content=\"Verfasst von\" \/>\n\t<meta name=\"twitter:data1\" content=\"TV LOURDES\" \/>\n\t<meta name=\"twitter:label2\" content=\"Gesch\u00e4tzte Lesezeit\" \/>\n\t<meta name=\"twitter:data2\" content=\"8\u00a0Minuten\" \/>\n<script type=\"application\/ld+json\" class=\"yoast-schema-graph\">{\"@context\":\"https:\/\/schema.org\",\"@graph\":[{\"@type\":\"WebPage\",\"@id\":\"https:\/\/www.lourdes-france.org\/de\/folgen-sie-dem-krippenweg\/\",\"url\":\"https:\/\/www.lourdes-france.org\/de\/folgen-sie-dem-krippenweg\/\",\"name\":\"Folgen Sie dem Krippenweg!\",\"isPartOf\":{\"@id\":\"https:\/\/preprod-lourdes.cawita.com\/#website\"},\"primaryImageOfPage\":{\"@id\":\"https:\/\/www.lourdes-france.org\/de\/folgen-sie-dem-krippenweg\/#primaryimage\"},\"image\":{\"@id\":\"https:\/\/www.lourdes-france.org\/de\/folgen-sie-dem-krippenweg\/#primaryimage\"},\"thumbnailUrl\":\"https:\/\/www.lourdes-france.org\/wp-content\/uploads\/2019\/12\/PHOTO-BANDEAU-ET-PHOTO-5_reduit_Creche_GROTTE-380.jpg\",\"datePublished\":\"2019-12-16T10:36:03+00:00\",\"dateModified\":\"2026-01-30T11:17:14+00:00\",\"author\":{\"@id\":\"https:\/\/preprod-lourdes.cawita.com\/#\/schema\/person\/00e15361338ccda7ff575e7807b7ff76\"},\"breadcrumb\":{\"@id\":\"https:\/\/www.lourdes-france.org\/de\/folgen-sie-dem-krippenweg\/#breadcrumb\"},\"inLanguage\":\"de\",\"potentialAction\":[{\"@type\":\"ReadAction\",\"target\":[\"https:\/\/www.lourdes-france.org\/de\/folgen-sie-dem-krippenweg\/\"]}]},{\"@type\":\"ImageObject\",\"inLanguage\":\"de\",\"@id\":\"https:\/\/www.lourdes-france.org\/de\/folgen-sie-dem-krippenweg\/#primaryimage\",\"url\":\"https:\/\/www.lourdes-france.org\/wp-content\/uploads\/2019\/12\/PHOTO-BANDEAU-ET-PHOTO-5_reduit_Creche_GROTTE-380.jpg\",\"contentUrl\":\"https:\/\/www.lourdes-france.org\/wp-content\/uploads\/2019\/12\/PHOTO-BANDEAU-ET-PHOTO-5_reduit_Creche_GROTTE-380.jpg\",\"width\":760,\"height\":560},{\"@type\":\"BreadcrumbList\",\"@id\":\"https:\/\/www.lourdes-france.org\/de\/folgen-sie-dem-krippenweg\/#breadcrumb\",\"itemListElement\":[{\"@type\":\"ListItem\",\"position\":1,\"name\":\"Accueil\",\"item\":\"https:\/\/www.lourdes-france.org\/\"},{\"@type\":\"ListItem\",\"position\":2,\"name\":\"Folgen Sie dem Krippenweg!\"}]},{\"@type\":\"WebSite\",\"@id\":\"https:\/\/preprod-lourdes.cawita.com\/#website\",\"url\":\"https:\/\/preprod-lourdes.cawita.com\/\",\"name\":\"Soutenir le Sanctuaire Notre-Dame de Lourdes\",\"description\":\"\",\"potentialAction\":[{\"@type\":\"SearchAction\",\"target\":{\"@type\":\"EntryPoint\",\"urlTemplate\":\"https:\/\/preprod-lourdes.cawita.com\/?s={search_term_string}\"},\"query-input\":{\"@type\":\"PropertyValueSpecification\",\"valueRequired\":true,\"valueName\":\"search_term_string\"}}],\"inLanguage\":\"de\"},{\"@type\":\"Person\",\"@id\":\"https:\/\/preprod-lourdes.cawita.com\/#\/schema\/person\/00e15361338ccda7ff575e7807b7ff76\",\"name\":\"TV LOURDES\",\"image\":{\"@type\":\"ImageObject\",\"inLanguage\":\"de\",\"@id\":\"https:\/\/preprod-lourdes.cawita.com\/#\/schema\/person\/image\/\",\"url\":\"https:\/\/secure.gravatar.com\/avatar\/99ad963db01f0c73acfee4d5f94ac178?s=96&d=mm&r=g\",\"contentUrl\":\"https:\/\/secure.gravatar.com\/avatar\/99ad963db01f0c73acfee4d5f94ac178?s=96&d=mm&r=g\",\"caption\":\"TV LOURDES\"},\"url\":\"https:\/\/www.lourdes-france.org\/de\/author\/tv-lourdes\/\"}]}<\/script>\n<!-- \/ Yoast SEO plugin. -->","yoast_head_json":{"title":"Folgen Sie dem Krippenweg!","robots":{"index":"index","follow":"follow","max-snippet":"max-snippet:-1","max-image-preview":"max-image-preview:large","max-video-preview":"max-video-preview:-1"},"canonical":"https:\/\/www.lourdes-france.org\/de\/folgen-sie-dem-krippenweg\/","twitter_misc":{"Verfasst von":"TV LOURDES","Gesch\u00e4tzte Lesezeit":"8\u00a0Minuten"},"schema":{"@context":"https:\/\/schema.org","@graph":[{"@type":"WebPage","@id":"https:\/\/www.lourdes-france.org\/de\/folgen-sie-dem-krippenweg\/","url":"https:\/\/www.lourdes-france.org\/de\/folgen-sie-dem-krippenweg\/","name":"Folgen Sie dem Krippenweg!","isPartOf":{"@id":"https:\/\/preprod-lourdes.cawita.com\/#website"},"primaryImageOfPage":{"@id":"https:\/\/www.lourdes-france.org\/de\/folgen-sie-dem-krippenweg\/#primaryimage"},"image":{"@id":"https:\/\/www.lourdes-france.org\/de\/folgen-sie-dem-krippenweg\/#primaryimage"},"thumbnailUrl":"https:\/\/www.lourdes-france.org\/wp-content\/uploads\/2019\/12\/PHOTO-BANDEAU-ET-PHOTO-5_reduit_Creche_GROTTE-380.jpg","datePublished":"2019-12-16T10:36:03+00:00","dateModified":"2026-01-30T11:17:14+00:00","author":{"@id":"https:\/\/preprod-lourdes.cawita.com\/#\/schema\/person\/00e15361338ccda7ff575e7807b7ff76"},"breadcrumb":{"@id":"https:\/\/www.lourdes-france.org\/de\/folgen-sie-dem-krippenweg\/#breadcrumb"},"inLanguage":"de","potentialAction":[{"@type":"ReadAction","target":["https:\/\/www.lourdes-france.org\/de\/folgen-sie-dem-krippenweg\/"]}]},{"@type":"ImageObject","inLanguage":"de","@id":"https:\/\/www.lourdes-france.org\/de\/folgen-sie-dem-krippenweg\/#primaryimage","url":"https:\/\/www.lourdes-france.org\/wp-content\/uploads\/2019\/12\/PHOTO-BANDEAU-ET-PHOTO-5_reduit_Creche_GROTTE-380.jpg","contentUrl":"https:\/\/www.lourdes-france.org\/wp-content\/uploads\/2019\/12\/PHOTO-BANDEAU-ET-PHOTO-5_reduit_Creche_GROTTE-380.jpg","width":760,"height":560},{"@type":"BreadcrumbList","@id":"https:\/\/www.lourdes-france.org\/de\/folgen-sie-dem-krippenweg\/#breadcrumb","itemListElement":[{"@type":"ListItem","position":1,"name":"Accueil","item":"https:\/\/www.lourdes-france.org\/"},{"@type":"ListItem","position":2,"name":"Folgen Sie dem Krippenweg!"}]},{"@type":"WebSite","@id":"https:\/\/preprod-lourdes.cawita.com\/#website","url":"https:\/\/preprod-lourdes.cawita.com\/","name":"Soutenir le Sanctuaire Notre-Dame de Lourdes","description":"","potentialAction":[{"@type":"SearchAction","target":{"@type":"EntryPoint","urlTemplate":"https:\/\/preprod-lourdes.cawita.com\/?s={search_term_string}"},"query-input":{"@type":"PropertyValueSpecification","valueRequired":true,"valueName":"search_term_string"}}],"inLanguage":"de"},{"@type":"Person","@id":"https:\/\/preprod-lourdes.cawita.com\/#\/schema\/person\/00e15361338ccda7ff575e7807b7ff76","name":"TV LOURDES","image":{"@type":"ImageObject","inLanguage":"de","@id":"https:\/\/preprod-lourdes.cawita.com\/#\/schema\/person\/image\/","url":"https:\/\/secure.gravatar.com\/avatar\/99ad963db01f0c73acfee4d5f94ac178?s=96&d=mm&r=g","contentUrl":"https:\/\/secure.gravatar.com\/avatar\/99ad963db01f0c73acfee4d5f94ac178?s=96&d=mm&r=g","caption":"TV LOURDES"},"url":"https:\/\/www.lourdes-france.org\/de\/author\/tv-lourdes\/"}]}},"_links":{"self":[{"href":"https:\/\/www.lourdes-france.org\/de\/wp-json\/wp\/v2\/posts\/195877","targetHints":{"allow":["GET"]}}],"collection":[{"href":"https:\/\/www.lourdes-france.org\/de\/wp-json\/wp\/v2\/posts"}],"about":[{"href":"https:\/\/www.lourdes-france.org\/de\/wp-json\/wp\/v2\/types\/post"}],"author":[{"embeddable":true,"href":"https:\/\/www.lourdes-france.org\/de\/wp-json\/wp\/v2\/users\/21"}],"replies":[{"embeddable":true,"href":"https:\/\/www.lourdes-france.org\/de\/wp-json\/wp\/v2\/comments?post=195877"}],"version-history":[{"count":5,"href":"https:\/\/www.lourdes-france.org\/de\/wp-json\/wp\/v2\/posts\/195877\/revisions"}],"predecessor-version":[{"id":196323,"href":"https:\/\/www.lourdes-france.org\/de\/wp-json\/wp\/v2\/posts\/195877\/revisions\/196323"}],"wp:featuredmedia":[{"embeddable":true,"href":"https:\/\/www.lourdes-france.org\/de\/wp-json\/wp\/v2\/media\/195573"}],"wp:attachment":[{"href":"https:\/\/www.lourdes-france.org\/de\/wp-json\/wp\/v2\/media?parent=195877"}],"wp:term":[{"taxonomy":"category","embeddable":true,"href":"https:\/\/www.lourdes-france.org\/de\/wp-json\/wp\/v2\/categories?post=195877"},{"taxonomy":"post_tag","embeddable":true,"href":"https:\/\/www.lourdes-france.org\/de\/wp-json\/wp\/v2\/tags?post=195877"}],"curies":[{"name":"wp","href":"https:\/\/api.w.org\/{rel}","templated":true}]}}