{"id":311566,"date":"2020-07-22T12:08:32","date_gmt":"2020-07-22T10:08:32","guid":{"rendered":"https:\/\/www.lourdes-france.org\/accomplir-le-geste-de-leau-aux-piscines\/"},"modified":"2026-01-30T12:13:25","modified_gmt":"2026-01-30T11:13:25","slug":"der-vollzug-der-wassergeste-in-den-baedern","status":"publish","type":"post","link":"https:\/\/www.lourdes-france.org\/de\/der-vollzug-der-wassergeste-in-den-baedern\/","title":{"rendered":"Der Vollzug der \u00ab Wassergeste \u00bb in den B\u00e4dern"},"content":{"rendered":"\t\t<div data-elementor-type=\"wp-post\" data-elementor-id=\"311566\" class=\"elementor elementor-311566 elementor-310418\" data-elementor-post-type=\"post\">\n\t\t\t\t\t\t<section class=\"elementor-section elementor-top-section elementor-element elementor-element-17eff60 elementor-section-boxed elementor-section-height-default elementor-section-height-default\" data-id=\"17eff60\" data-element_type=\"section\">\n\t\t\t\t\t\t<div class=\"elementor-container elementor-column-gap-default\">\n\t\t\t\t\t<div class=\"elementor-column elementor-col-100 elementor-top-column elementor-element elementor-element-fd38f8d\" data-id=\"fd38f8d\" data-element_type=\"column\">\n\t\t\t<div class=\"elementor-widget-wrap elementor-element-populated\">\n\t\t\t\t\t\t<div class=\"elementor-element elementor-element-e52e883 elementor-widget elementor-widget-text-editor\" data-id=\"e52e883\" data-element_type=\"widget\" data-widget_type=\"text-editor.default\">\n\t\t\t\t<div class=\"elementor-widget-container\">\n\t\t\t\t\t\t\t\t\t<h3><span style=\"color: #e8a702;\">T\u00e4glich wird die Geste des Wassers um 9.30 Uhr, 10.30 Uhr, 14.30 Uhr und 15.30 Uhr angeboten.<\/span><\/h3><p><strong>Aus hygienischen Gr\u00fcnden zur Einhaltung k\u00f6rperlich- sozialer Abst\u00e4nde ist momentan kein Baden m\u00f6glich. <\/strong>Der spirituelle Ablauf der, von Mitgliedern der Hospitalite Unserer Lieben Frau von Lourdes begleiteten, Geste des Wassers, vollzieht sich an diesem so reich an Erinnerungen, Gebeten und Gnadengaben symboltr\u00e4chtigen Ort der B\u00e4der, indem man Lourdes-Wasser trinkt und sich das Gesicht w\u00e4scht.<\/p>\t\t\t\t\t\t\t\t<\/div>\n\t\t\t\t<\/div>\n\t\t\t\t\t<\/div>\n\t\t<\/div>\n\t\t\t\t\t<\/div>\n\t\t<\/section>\n\t\t\t\t<section class=\"elementor-section elementor-top-section elementor-element elementor-element-4b34b09 elementor-section-boxed elementor-section-height-default elementor-section-height-default\" data-id=\"4b34b09\" data-element_type=\"section\">\n\t\t\t\t\t\t<div class=\"elementor-container elementor-column-gap-default\">\n\t\t\t\t\t<div class=\"elementor-column elementor-col-100 elementor-top-column elementor-element elementor-element-8b65ac2\" data-id=\"8b65ac2\" data-element_type=\"column\">\n\t\t\t<div class=\"elementor-widget-wrap elementor-element-populated\">\n\t\t\t\t\t\t<div class=\"elementor-element elementor-element-44b6f70 elementor-widget elementor-widget-text-editor\" data-id=\"44b6f70\" data-element_type=\"widget\" data-widget_type=\"text-editor.default\">\n\t\t\t\t<div class=\"elementor-widget-container\">\n\t\t\t\t\t\t\t\t\t<h2><strong>Sicherheitsvorkehrungen COVID-19<\/strong><\/h2><h2><span style=\"color: #e8a702;\"><strong>Wassergeste in den B\u00e4dern<\/strong><\/span><\/h2><p><strong>\u00a0<\/strong><strong>9h30 \u2022 10h30 \u2022 14h30 \u2022 15h30<\/strong><\/p><p>Aus gesundheitlichen Gr\u00fcnden zur Einhaltung k\u00f6rperlich- sozialer Abst\u00e4nde ist momentan kein Baden m\u00f6glich.<\/p>\t\t\t\t\t\t\t\t<\/div>\n\t\t\t\t<\/div>\n\t\t\t\t\t<\/div>\n\t\t<\/div>\n\t\t\t\t\t<\/div>\n\t\t<\/section>\n\t\t\t\t<\/div>\n\t\t","protected":false},"excerpt":{"rendered":"<p>T\u00e4glich wird die Geste des Wassers um 9.30 Uhr, 10.30 Uhr, 14.30 Uhr und 15.30 Uhr angeboten. Aus hygienischen Gr\u00fcnden zur Einhaltung k\u00f6rperlich- sozialer Abst\u00e4nde ist momentan kein Baden m\u00f6glich. Der spirituelle Ablauf der, von Mitgliedern der Hospitalite Unserer Lieben &hellip; <a href=\"https:\/\/www.lourdes-france.org\/de\/der-vollzug-der-wassergeste-in-den-baedern\/\">Weiter<\/a><\/p>\n","protected":false},"author":21,"featured_media":310440,"comment_status":"closed","ping_status":"closed","sticky":false,"template":"","format":"standard","meta":{"_acf_changed":false,"footnotes":""},"categories":[153],"tags":[],"class_list":["post-311566","post","type-post","status-publish","format-standard","has-post-thumbnail","hentry","category-aktuelles-in-lourdes"],"acf":[],"yoast_head":"<!-- This site is optimized with the Yoast SEO plugin v24.7 - https:\/\/yoast.com\/wordpress\/plugins\/seo\/ -->\n<title>Der Vollzug der \u00ab Wassergeste \u00bb in den B\u00e4dern<\/title>\n<meta name=\"robots\" content=\"index, follow, max-snippet:-1, max-image-preview:large, max-video-preview:-1\" \/>\n<link rel=\"canonical\" href=\"https:\/\/www.lourdes-france.org\/de\/der-vollzug-der-wassergeste-in-den-baedern\/\" \/>\n<meta name=\"twitter:label1\" content=\"Verfasst von\" \/>\n\t<meta name=\"twitter:data1\" content=\"TV LOURDES\" \/>\n\t<meta name=\"twitter:label2\" content=\"Gesch\u00e4tzte Lesezeit\" \/>\n\t<meta name=\"twitter:data2\" content=\"1\u00a0Minute\" \/>\n<script type=\"application\/ld+json\" class=\"yoast-schema-graph\">{\"@context\":\"https:\/\/schema.org\",\"@graph\":[{\"@type\":\"WebPage\",\"@id\":\"https:\/\/www.lourdes-france.org\/de\/der-vollzug-der-wassergeste-in-den-baedern\/\",\"url\":\"https:\/\/www.lourdes-france.org\/de\/der-vollzug-der-wassergeste-in-den-baedern\/\",\"name\":\"Der Vollzug der \u00ab Wassergeste \u00bb in den B\u00e4dern\",\"isPartOf\":{\"@id\":\"https:\/\/preprod-lourdes.cawita.com\/#website\"},\"primaryImageOfPage\":{\"@id\":\"https:\/\/www.lourdes-france.org\/de\/der-vollzug-der-wassergeste-in-den-baedern\/#primaryimage\"},\"image\":{\"@id\":\"https:\/\/www.lourdes-france.org\/de\/der-vollzug-der-wassergeste-in-den-baedern\/#primaryimage\"},\"thumbnailUrl\":\"https:\/\/www.lourdes-france.org\/wp-content\/uploads\/2020\/07\/geste-eau-une.jpg\",\"datePublished\":\"2020-07-22T10:08:32+00:00\",\"dateModified\":\"2026-01-30T11:13:25+00:00\",\"author\":{\"@id\":\"https:\/\/preprod-lourdes.cawita.com\/#\/schema\/person\/00e15361338ccda7ff575e7807b7ff76\"},\"breadcrumb\":{\"@id\":\"https:\/\/www.lourdes-france.org\/de\/der-vollzug-der-wassergeste-in-den-baedern\/#breadcrumb\"},\"inLanguage\":\"de\",\"potentialAction\":[{\"@type\":\"ReadAction\",\"target\":[\"https:\/\/www.lourdes-france.org\/de\/der-vollzug-der-wassergeste-in-den-baedern\/\"]}]},{\"@type\":\"ImageObject\",\"inLanguage\":\"de\",\"@id\":\"https:\/\/www.lourdes-france.org\/de\/der-vollzug-der-wassergeste-in-den-baedern\/#primaryimage\",\"url\":\"https:\/\/www.lourdes-france.org\/wp-content\/uploads\/2020\/07\/geste-eau-une.jpg\",\"contentUrl\":\"https:\/\/www.lourdes-france.org\/wp-content\/uploads\/2020\/07\/geste-eau-une.jpg\",\"width\":760,\"height\":560},{\"@type\":\"BreadcrumbList\",\"@id\":\"https:\/\/www.lourdes-france.org\/de\/der-vollzug-der-wassergeste-in-den-baedern\/#breadcrumb\",\"itemListElement\":[{\"@type\":\"ListItem\",\"position\":1,\"name\":\"Accueil\",\"item\":\"https:\/\/www.lourdes-france.org\/\"},{\"@type\":\"ListItem\",\"position\":2,\"name\":\"Der Vollzug der \u00ab Wassergeste \u00bb in den B\u00e4dern\"}]},{\"@type\":\"WebSite\",\"@id\":\"https:\/\/preprod-lourdes.cawita.com\/#website\",\"url\":\"https:\/\/preprod-lourdes.cawita.com\/\",\"name\":\"Soutenir le Sanctuaire Notre-Dame de Lourdes\",\"description\":\"\",\"potentialAction\":[{\"@type\":\"SearchAction\",\"target\":{\"@type\":\"EntryPoint\",\"urlTemplate\":\"https:\/\/preprod-lourdes.cawita.com\/?s={search_term_string}\"},\"query-input\":{\"@type\":\"PropertyValueSpecification\",\"valueRequired\":true,\"valueName\":\"search_term_string\"}}],\"inLanguage\":\"de\"},{\"@type\":\"Person\",\"@id\":\"https:\/\/preprod-lourdes.cawita.com\/#\/schema\/person\/00e15361338ccda7ff575e7807b7ff76\",\"name\":\"TV LOURDES\",\"image\":{\"@type\":\"ImageObject\",\"inLanguage\":\"de\",\"@id\":\"https:\/\/preprod-lourdes.cawita.com\/#\/schema\/person\/image\/\",\"url\":\"https:\/\/secure.gravatar.com\/avatar\/99ad963db01f0c73acfee4d5f94ac178?s=96&d=mm&r=g\",\"contentUrl\":\"https:\/\/secure.gravatar.com\/avatar\/99ad963db01f0c73acfee4d5f94ac178?s=96&d=mm&r=g\",\"caption\":\"TV LOURDES\"},\"url\":\"https:\/\/www.lourdes-france.org\/de\/author\/tv-lourdes\/\"}]}<\/script>\n<!-- \/ Yoast SEO plugin. -->","yoast_head_json":{"title":"Der Vollzug der \u00ab Wassergeste \u00bb in den B\u00e4dern","robots":{"index":"index","follow":"follow","max-snippet":"max-snippet:-1","max-image-preview":"max-image-preview:large","max-video-preview":"max-video-preview:-1"},"canonical":"https:\/\/www.lourdes-france.org\/de\/der-vollzug-der-wassergeste-in-den-baedern\/","twitter_misc":{"Verfasst von":"TV LOURDES","Gesch\u00e4tzte Lesezeit":"1\u00a0Minute"},"schema":{"@context":"https:\/\/schema.org","@graph":[{"@type":"WebPage","@id":"https:\/\/www.lourdes-france.org\/de\/der-vollzug-der-wassergeste-in-den-baedern\/","url":"https:\/\/www.lourdes-france.org\/de\/der-vollzug-der-wassergeste-in-den-baedern\/","name":"Der Vollzug der \u00ab Wassergeste \u00bb in den B\u00e4dern","isPartOf":{"@id":"https:\/\/preprod-lourdes.cawita.com\/#website"},"primaryImageOfPage":{"@id":"https:\/\/www.lourdes-france.org\/de\/der-vollzug-der-wassergeste-in-den-baedern\/#primaryimage"},"image":{"@id":"https:\/\/www.lourdes-france.org\/de\/der-vollzug-der-wassergeste-in-den-baedern\/#primaryimage"},"thumbnailUrl":"https:\/\/www.lourdes-france.org\/wp-content\/uploads\/2020\/07\/geste-eau-une.jpg","datePublished":"2020-07-22T10:08:32+00:00","dateModified":"2026-01-30T11:13:25+00:00","author":{"@id":"https:\/\/preprod-lourdes.cawita.com\/#\/schema\/person\/00e15361338ccda7ff575e7807b7ff76"},"breadcrumb":{"@id":"https:\/\/www.lourdes-france.org\/de\/der-vollzug-der-wassergeste-in-den-baedern\/#breadcrumb"},"inLanguage":"de","potentialAction":[{"@type":"ReadAction","target":["https:\/\/www.lourdes-france.org\/de\/der-vollzug-der-wassergeste-in-den-baedern\/"]}]},{"@type":"ImageObject","inLanguage":"de","@id":"https:\/\/www.lourdes-france.org\/de\/der-vollzug-der-wassergeste-in-den-baedern\/#primaryimage","url":"https:\/\/www.lourdes-france.org\/wp-content\/uploads\/2020\/07\/geste-eau-une.jpg","contentUrl":"https:\/\/www.lourdes-france.org\/wp-content\/uploads\/2020\/07\/geste-eau-une.jpg","width":760,"height":560},{"@type":"BreadcrumbList","@id":"https:\/\/www.lourdes-france.org\/de\/der-vollzug-der-wassergeste-in-den-baedern\/#breadcrumb","itemListElement":[{"@type":"ListItem","position":1,"name":"Accueil","item":"https:\/\/www.lourdes-france.org\/"},{"@type":"ListItem","position":2,"name":"Der Vollzug der \u00ab Wassergeste \u00bb in den B\u00e4dern"}]},{"@type":"WebSite","@id":"https:\/\/preprod-lourdes.cawita.com\/#website","url":"https:\/\/preprod-lourdes.cawita.com\/","name":"Soutenir le Sanctuaire Notre-Dame de Lourdes","description":"","potentialAction":[{"@type":"SearchAction","target":{"@type":"EntryPoint","urlTemplate":"https:\/\/preprod-lourdes.cawita.com\/?s={search_term_string}"},"query-input":{"@type":"PropertyValueSpecification","valueRequired":true,"valueName":"search_term_string"}}],"inLanguage":"de"},{"@type":"Person","@id":"https:\/\/preprod-lourdes.cawita.com\/#\/schema\/person\/00e15361338ccda7ff575e7807b7ff76","name":"TV LOURDES","image":{"@type":"ImageObject","inLanguage":"de","@id":"https:\/\/preprod-lourdes.cawita.com\/#\/schema\/person\/image\/","url":"https:\/\/secure.gravatar.com\/avatar\/99ad963db01f0c73acfee4d5f94ac178?s=96&d=mm&r=g","contentUrl":"https:\/\/secure.gravatar.com\/avatar\/99ad963db01f0c73acfee4d5f94ac178?s=96&d=mm&r=g","caption":"TV LOURDES"},"url":"https:\/\/www.lourdes-france.org\/de\/author\/tv-lourdes\/"}]}},"_links":{"self":[{"href":"https:\/\/www.lourdes-france.org\/de\/wp-json\/wp\/v2\/posts\/311566","targetHints":{"allow":["GET"]}}],"collection":[{"href":"https:\/\/www.lourdes-france.org\/de\/wp-json\/wp\/v2\/posts"}],"about":[{"href":"https:\/\/www.lourdes-france.org\/de\/wp-json\/wp\/v2\/types\/post"}],"author":[{"embeddable":true,"href":"https:\/\/www.lourdes-france.org\/de\/wp-json\/wp\/v2\/users\/21"}],"replies":[{"embeddable":true,"href":"https:\/\/www.lourdes-france.org\/de\/wp-json\/wp\/v2\/comments?post=311566"}],"version-history":[{"count":2,"href":"https:\/\/www.lourdes-france.org\/de\/wp-json\/wp\/v2\/posts\/311566\/revisions"}],"predecessor-version":[{"id":311572,"href":"https:\/\/www.lourdes-france.org\/de\/wp-json\/wp\/v2\/posts\/311566\/revisions\/311572"}],"wp:featuredmedia":[{"embeddable":true,"href":"https:\/\/www.lourdes-france.org\/de\/wp-json\/wp\/v2\/media\/310440"}],"wp:attachment":[{"href":"https:\/\/www.lourdes-france.org\/de\/wp-json\/wp\/v2\/media?parent=311566"}],"wp:term":[{"taxonomy":"category","embeddable":true,"href":"https:\/\/www.lourdes-france.org\/de\/wp-json\/wp\/v2\/categories?post=311566"},{"taxonomy":"post_tag","embeddable":true,"href":"https:\/\/www.lourdes-france.org\/de\/wp-json\/wp\/v2\/tags?post=311566"}],"curies":[{"name":"wp","href":"https:\/\/api.w.org\/{rel}","templated":true}]}}