{"id":36251,"date":"2019-04-10T15:38:09","date_gmt":"2019-04-10T13:38:09","guid":{"rendered":"https:\/\/www.lourdes-france.org\/une-exposition-de-photos-sur-bernadette-au-sanctuaire-la-premiere-sainte-photographiee\/"},"modified":"2026-01-30T12:23:13","modified_gmt":"2026-01-30T11:23:13","slug":"eine-fotoausstellung-ueber-bernadette-in-der-wallfahrtsstaette-die-erste-fotografierte-heilige","status":"publish","type":"post","link":"https:\/\/www.lourdes-france.org\/de\/eine-fotoausstellung-ueber-bernadette-in-der-wallfahrtsstaette-die-erste-fotografierte-heilige\/","title":{"rendered":"Eine Fotoausstellung \u00fcber Bernadette in der Wallfahrtsst\u00e4tte Die erste fotografierte Heilige"},"content":{"rendered":"\t\t<div data-elementor-type=\"wp-post\" data-elementor-id=\"36251\" class=\"elementor elementor-36251 elementor-36161 elementor-bc-flex-widget\" data-elementor-post-type=\"post\">\n\t\t\t\t\t\t<section class=\"elementor-section elementor-top-section elementor-element elementor-element-1cc5dba elementor-section-boxed elementor-section-height-default elementor-section-height-default\" data-id=\"1cc5dba\" data-element_type=\"section\">\n\t\t\t\t\t\t<div class=\"elementor-container elementor-column-gap-no\">\n\t\t\t\t\t<div class=\"elementor-column elementor-col-100 elementor-top-column elementor-element elementor-element-6c077f50\" data-id=\"6c077f50\" data-element_type=\"column\">\n\t\t\t<div class=\"elementor-widget-wrap elementor-element-populated\">\n\t\t\t\t\t\t<div class=\"elementor-element elementor-element-3d95f7f6 elementor-widget elementor-widget-text-editor\" data-id=\"3d95f7f6\" data-element_type=\"widget\" data-widget_type=\"text-editor.default\">\n\t\t\t\t<div class=\"elementor-widget-container\">\n\t\t\t\t\t\t\t\t\t<p>Bernadettes Fotografien entstanden in der Anfangszeit der Fotografie in Lourdes und Nevers. W\u00e4hrend der Erscheinungen wurde sie nie fotografiert. Mehr als 70 authentische Fotografien hat der Historiker, Abb\u00e9 Ren\u00e9 Laurentin, der Historiker von Lourdes, zusammengestellt. Sie wurden zwischen 1861 und 1868, 1879 zur Retrospektive festgehalten.<\/p>\t\t\t\t\t\t\t\t<\/div>\n\t\t\t\t<\/div>\n\t\t\t\t<div class=\"elementor-element elementor-element-48b7725 elementor-widget elementor-widget-text-editor\" data-id=\"48b7725\" data-element_type=\"widget\" data-widget_type=\"text-editor.default\">\n\t\t\t\t<div class=\"elementor-widget-container\">\n\t\t\t\t\t\t\t\t\t<p>Diese Ausstellung zeigt das f\u00fcgsame Entgegenkommen Bernadettes gegen\u00fcber sechs Berufsfotografen, bringt aber auch ihre Ausgeglichenheit, ihre Gelassenheit und sogar etwas von ihre Innerlichkeit zum Ausdruck. Man erahnt ihre Widerstandsf\u00e4higkeit, die sie einnehmen konnte, um sich den drohenden Beh\u00f6rden zu stellen.<\/p>\t\t\t\t\t\t\t\t<\/div>\n\t\t\t\t<\/div>\n\t\t\t\t<div class=\"elementor-element elementor-element-a8c2a3e elementor-widget elementor-widget-text-editor\" data-id=\"a8c2a3e\" data-element_type=\"widget\" data-widget_type=\"text-editor.default\">\n\t\t\t\t<div class=\"elementor-widget-container\">\n\t\t\t\t\t\t\t\t\t<p>Bernadettes Leben wird im Rahmen der Bildserie der \u201eGemmail-Kunstwerke*, \u201eein Pfad des Lichts\u201c ausgestellt. Diese Gedenkausstellung ist zugleich Anlass, diese Kunst, die 1969 in Lourdes installiert wurde, zu w\u00fcrdigen. Nachdem Sie sich dieser Darbietung gewidmet haben, k\u00f6nnen Sie sich in die unterirdische Basilika begeben, wo sich die sanft beleuchten \u201eGemmail-Kunstwerke* als auch die Geheimnisse des Rosenkranzes von Robert Falcucci (1987) und der Kreuzweg Christi von Denys de Sol\u00e8re (1981) befinden.<\/p>\t\t\t\t\t\t\t\t<\/div>\n\t\t\t\t<\/div>\n\t\t\t\t<div class=\"elementor-element elementor-element-adf87de elementor-widget elementor-widget-text-editor\" data-id=\"adf87de\" data-element_type=\"widget\" data-widget_type=\"text-editor.default\">\n\t\t\t\t<div class=\"elementor-widget-container\">\n\t\t\t\t\t\t\t\t\t<p>* Der Begriff \u00ab\u00a0gemmail\u00a0\u00bb setzt sich zusammen aus \u201eGemme\u201c (ein wertvoller Stein oder buntes Glas) und \u201eEmaille\u201c (welches Fragmente unter einer glasartigen Masse bindet). Im Gegensatz zum Buntglas, handelt es sich bei einem \u00ab gemmail\u00a0\u00bb um eine \u00dcberlagerung von farbigen Glasfragmenten, die dem Licht erlauben, sie zu durchdringen. Diese Technik wurde nach dem Zweiten Weltkrieg von Jean Crotti initiiert und von Roger Malherbe-Navarre weiterentwickelt. Das \u00ab\u00a0gemmail\u00a0\u00bb verf\u00fcgt \u00fcber die Besonderheit der Hintergrundbeleuchtung, die das Ausleuchten in der unterirdischen Basilika Pius X erm\u00f6glicht.<\/p>\t\t\t\t\t\t\t\t<\/div>\n\t\t\t\t<\/div>\n\t\t\t\t<div class=\"elementor-element elementor-element-49c74c6 elementor-widget elementor-widget-shortcode\" data-id=\"49c74c6\" data-element_type=\"widget\" data-widget_type=\"shortcode.default\">\n\t\t\t\t<div class=\"elementor-widget-container\">\n\t\t\t\t\t\t\t<div class=\"elementor-shortcode\"><a data-flickr-embed=\"true\"  href=\"https:\/\/www.flickr.com\/photos\/lourdes_sanctuaires\/albums\/72157690849487903\" title=\"Exposition Bernadette galerie Sainte-Veronique\"><img fetchpriority=\"high\" decoding=\"async\" src=\"https:\/\/live.staticflickr.com\/7827\/46668901935_8a8a986979_c.jpg\" width=\"500\" height=\"534\" alt=\"Exposition Bernadette galerie Sainte-Veronique\"><\/a><script async src=\"\/\/embedr.flickr.com\/assets\/client-code.js\" charset=\"utf-8\"><\/script><\/div>\n\t\t\t\t\t\t<\/div>\n\t\t\t\t<\/div>\n\t\t\t\t\t<\/div>\n\t\t<\/div>\n\t\t\t\t\t<\/div>\n\t\t<\/section>\n\t\t\t\t<\/div>\n\t\t","protected":false},"excerpt":{"rendered":"<p>Bernadettes Fotografien entstanden in der Anfangszeit der Fotografie in Lourdes und Nevers. W\u00e4hrend der Erscheinungen wurde sie nie fotografiert. Mehr als 70 authentische Fotografien hat der Historiker, Abb\u00e9 Ren\u00e9 Laurentin, der Historiker von Lourdes, zusammengestellt. Sie wurden zwischen 1861 und &hellip; <a href=\"https:\/\/www.lourdes-france.org\/de\/eine-fotoausstellung-ueber-bernadette-in-der-wallfahrtsstaette-die-erste-fotografierte-heilige\/\">Weiter<\/a><\/p>\n","protected":false},"author":21,"featured_media":36181,"comment_status":"closed","ping_status":"closed","sticky":false,"template":"","format":"standard","meta":{"_acf_changed":false,"footnotes":""},"categories":[153],"tags":[],"class_list":["post-36251","post","type-post","status-publish","format-standard","has-post-thumbnail","hentry","category-aktuelles-in-lourdes"],"acf":[],"yoast_head":"<!-- This site is optimized with the Yoast SEO plugin v24.7 - https:\/\/yoast.com\/wordpress\/plugins\/seo\/ -->\n<title>Eine Fotoausstellung \u00fcber Bernadette in der Wallfahrtsst\u00e4tte Die erste fotografierte Heilige<\/title>\n<meta name=\"robots\" content=\"index, follow, max-snippet:-1, max-image-preview:large, max-video-preview:-1\" \/>\n<link rel=\"canonical\" href=\"https:\/\/www.lourdes-france.org\/de\/eine-fotoausstellung-ueber-bernadette-in-der-wallfahrtsstaette-die-erste-fotografierte-heilige\/\" \/>\n<meta name=\"twitter:label1\" content=\"Verfasst von\" \/>\n\t<meta name=\"twitter:data1\" content=\"TV LOURDES\" \/>\n\t<meta name=\"twitter:label2\" content=\"Gesch\u00e4tzte Lesezeit\" \/>\n\t<meta name=\"twitter:data2\" content=\"1\u00a0Minute\" \/>\n<script type=\"application\/ld+json\" class=\"yoast-schema-graph\">{\"@context\":\"https:\/\/schema.org\",\"@graph\":[{\"@type\":\"WebPage\",\"@id\":\"https:\/\/www.lourdes-france.org\/de\/eine-fotoausstellung-ueber-bernadette-in-der-wallfahrtsstaette-die-erste-fotografierte-heilige\/\",\"url\":\"https:\/\/www.lourdes-france.org\/de\/eine-fotoausstellung-ueber-bernadette-in-der-wallfahrtsstaette-die-erste-fotografierte-heilige\/\",\"name\":\"Eine Fotoausstellung \u00fcber Bernadette in der Wallfahrtsst\u00e4tte Die erste fotografierte Heilige\",\"isPartOf\":{\"@id\":\"https:\/\/preprod-lourdes.cawita.com\/#website\"},\"primaryImageOfPage\":{\"@id\":\"https:\/\/www.lourdes-france.org\/de\/eine-fotoausstellung-ueber-bernadette-in-der-wallfahrtsstaette-die-erste-fotografierte-heilige\/#primaryimage\"},\"image\":{\"@id\":\"https:\/\/www.lourdes-france.org\/de\/eine-fotoausstellung-ueber-bernadette-in-der-wallfahrtsstaette-die-erste-fotografierte-heilige\/#primaryimage\"},\"thumbnailUrl\":\"https:\/\/www.lourdes-france.org\/wp-content\/uploads\/2019\/04\/ExpoBernadette_Bernadette4-380.jpg\",\"datePublished\":\"2019-04-10T13:38:09+00:00\",\"dateModified\":\"2026-01-30T11:23:13+00:00\",\"author\":{\"@id\":\"https:\/\/preprod-lourdes.cawita.com\/#\/schema\/person\/00e15361338ccda7ff575e7807b7ff76\"},\"breadcrumb\":{\"@id\":\"https:\/\/www.lourdes-france.org\/de\/eine-fotoausstellung-ueber-bernadette-in-der-wallfahrtsstaette-die-erste-fotografierte-heilige\/#breadcrumb\"},\"inLanguage\":\"de\",\"potentialAction\":[{\"@type\":\"ReadAction\",\"target\":[\"https:\/\/www.lourdes-france.org\/de\/eine-fotoausstellung-ueber-bernadette-in-der-wallfahrtsstaette-die-erste-fotografierte-heilige\/\"]}]},{\"@type\":\"ImageObject\",\"inLanguage\":\"de\",\"@id\":\"https:\/\/www.lourdes-france.org\/de\/eine-fotoausstellung-ueber-bernadette-in-der-wallfahrtsstaette-die-erste-fotografierte-heilige\/#primaryimage\",\"url\":\"https:\/\/www.lourdes-france.org\/wp-content\/uploads\/2019\/04\/ExpoBernadette_Bernadette4-380.jpg\",\"contentUrl\":\"https:\/\/www.lourdes-france.org\/wp-content\/uploads\/2019\/04\/ExpoBernadette_Bernadette4-380.jpg\",\"width\":760,\"height\":560},{\"@type\":\"BreadcrumbList\",\"@id\":\"https:\/\/www.lourdes-france.org\/de\/eine-fotoausstellung-ueber-bernadette-in-der-wallfahrtsstaette-die-erste-fotografierte-heilige\/#breadcrumb\",\"itemListElement\":[{\"@type\":\"ListItem\",\"position\":1,\"name\":\"Accueil\",\"item\":\"https:\/\/www.lourdes-france.org\/\"},{\"@type\":\"ListItem\",\"position\":2,\"name\":\"Eine Fotoausstellung \u00fcber Bernadette in der Wallfahrtsst\u00e4tte Die erste fotografierte Heilige\"}]},{\"@type\":\"WebSite\",\"@id\":\"https:\/\/preprod-lourdes.cawita.com\/#website\",\"url\":\"https:\/\/preprod-lourdes.cawita.com\/\",\"name\":\"Soutenir le Sanctuaire Notre-Dame de Lourdes\",\"description\":\"\",\"potentialAction\":[{\"@type\":\"SearchAction\",\"target\":{\"@type\":\"EntryPoint\",\"urlTemplate\":\"https:\/\/preprod-lourdes.cawita.com\/?s={search_term_string}\"},\"query-input\":{\"@type\":\"PropertyValueSpecification\",\"valueRequired\":true,\"valueName\":\"search_term_string\"}}],\"inLanguage\":\"de\"},{\"@type\":\"Person\",\"@id\":\"https:\/\/preprod-lourdes.cawita.com\/#\/schema\/person\/00e15361338ccda7ff575e7807b7ff76\",\"name\":\"TV LOURDES\",\"image\":{\"@type\":\"ImageObject\",\"inLanguage\":\"de\",\"@id\":\"https:\/\/preprod-lourdes.cawita.com\/#\/schema\/person\/image\/\",\"url\":\"https:\/\/secure.gravatar.com\/avatar\/99ad963db01f0c73acfee4d5f94ac178?s=96&d=mm&r=g\",\"contentUrl\":\"https:\/\/secure.gravatar.com\/avatar\/99ad963db01f0c73acfee4d5f94ac178?s=96&d=mm&r=g\",\"caption\":\"TV LOURDES\"},\"url\":\"https:\/\/www.lourdes-france.org\/de\/author\/tv-lourdes\/\"}]}<\/script>\n<!-- \/ Yoast SEO plugin. -->","yoast_head_json":{"title":"Eine Fotoausstellung \u00fcber Bernadette in der Wallfahrtsst\u00e4tte Die erste fotografierte Heilige","robots":{"index":"index","follow":"follow","max-snippet":"max-snippet:-1","max-image-preview":"max-image-preview:large","max-video-preview":"max-video-preview:-1"},"canonical":"https:\/\/www.lourdes-france.org\/de\/eine-fotoausstellung-ueber-bernadette-in-der-wallfahrtsstaette-die-erste-fotografierte-heilige\/","twitter_misc":{"Verfasst von":"TV LOURDES","Gesch\u00e4tzte Lesezeit":"1\u00a0Minute"},"schema":{"@context":"https:\/\/schema.org","@graph":[{"@type":"WebPage","@id":"https:\/\/www.lourdes-france.org\/de\/eine-fotoausstellung-ueber-bernadette-in-der-wallfahrtsstaette-die-erste-fotografierte-heilige\/","url":"https:\/\/www.lourdes-france.org\/de\/eine-fotoausstellung-ueber-bernadette-in-der-wallfahrtsstaette-die-erste-fotografierte-heilige\/","name":"Eine Fotoausstellung \u00fcber Bernadette in der Wallfahrtsst\u00e4tte Die erste fotografierte Heilige","isPartOf":{"@id":"https:\/\/preprod-lourdes.cawita.com\/#website"},"primaryImageOfPage":{"@id":"https:\/\/www.lourdes-france.org\/de\/eine-fotoausstellung-ueber-bernadette-in-der-wallfahrtsstaette-die-erste-fotografierte-heilige\/#primaryimage"},"image":{"@id":"https:\/\/www.lourdes-france.org\/de\/eine-fotoausstellung-ueber-bernadette-in-der-wallfahrtsstaette-die-erste-fotografierte-heilige\/#primaryimage"},"thumbnailUrl":"https:\/\/www.lourdes-france.org\/wp-content\/uploads\/2019\/04\/ExpoBernadette_Bernadette4-380.jpg","datePublished":"2019-04-10T13:38:09+00:00","dateModified":"2026-01-30T11:23:13+00:00","author":{"@id":"https:\/\/preprod-lourdes.cawita.com\/#\/schema\/person\/00e15361338ccda7ff575e7807b7ff76"},"breadcrumb":{"@id":"https:\/\/www.lourdes-france.org\/de\/eine-fotoausstellung-ueber-bernadette-in-der-wallfahrtsstaette-die-erste-fotografierte-heilige\/#breadcrumb"},"inLanguage":"de","potentialAction":[{"@type":"ReadAction","target":["https:\/\/www.lourdes-france.org\/de\/eine-fotoausstellung-ueber-bernadette-in-der-wallfahrtsstaette-die-erste-fotografierte-heilige\/"]}]},{"@type":"ImageObject","inLanguage":"de","@id":"https:\/\/www.lourdes-france.org\/de\/eine-fotoausstellung-ueber-bernadette-in-der-wallfahrtsstaette-die-erste-fotografierte-heilige\/#primaryimage","url":"https:\/\/www.lourdes-france.org\/wp-content\/uploads\/2019\/04\/ExpoBernadette_Bernadette4-380.jpg","contentUrl":"https:\/\/www.lourdes-france.org\/wp-content\/uploads\/2019\/04\/ExpoBernadette_Bernadette4-380.jpg","width":760,"height":560},{"@type":"BreadcrumbList","@id":"https:\/\/www.lourdes-france.org\/de\/eine-fotoausstellung-ueber-bernadette-in-der-wallfahrtsstaette-die-erste-fotografierte-heilige\/#breadcrumb","itemListElement":[{"@type":"ListItem","position":1,"name":"Accueil","item":"https:\/\/www.lourdes-france.org\/"},{"@type":"ListItem","position":2,"name":"Eine Fotoausstellung \u00fcber Bernadette in der Wallfahrtsst\u00e4tte Die erste fotografierte Heilige"}]},{"@type":"WebSite","@id":"https:\/\/preprod-lourdes.cawita.com\/#website","url":"https:\/\/preprod-lourdes.cawita.com\/","name":"Soutenir le Sanctuaire Notre-Dame de Lourdes","description":"","potentialAction":[{"@type":"SearchAction","target":{"@type":"EntryPoint","urlTemplate":"https:\/\/preprod-lourdes.cawita.com\/?s={search_term_string}"},"query-input":{"@type":"PropertyValueSpecification","valueRequired":true,"valueName":"search_term_string"}}],"inLanguage":"de"},{"@type":"Person","@id":"https:\/\/preprod-lourdes.cawita.com\/#\/schema\/person\/00e15361338ccda7ff575e7807b7ff76","name":"TV LOURDES","image":{"@type":"ImageObject","inLanguage":"de","@id":"https:\/\/preprod-lourdes.cawita.com\/#\/schema\/person\/image\/","url":"https:\/\/secure.gravatar.com\/avatar\/99ad963db01f0c73acfee4d5f94ac178?s=96&d=mm&r=g","contentUrl":"https:\/\/secure.gravatar.com\/avatar\/99ad963db01f0c73acfee4d5f94ac178?s=96&d=mm&r=g","caption":"TV LOURDES"},"url":"https:\/\/www.lourdes-france.org\/de\/author\/tv-lourdes\/"}]}},"_links":{"self":[{"href":"https:\/\/www.lourdes-france.org\/de\/wp-json\/wp\/v2\/posts\/36251","targetHints":{"allow":["GET"]}}],"collection":[{"href":"https:\/\/www.lourdes-france.org\/de\/wp-json\/wp\/v2\/posts"}],"about":[{"href":"https:\/\/www.lourdes-france.org\/de\/wp-json\/wp\/v2\/types\/post"}],"author":[{"embeddable":true,"href":"https:\/\/www.lourdes-france.org\/de\/wp-json\/wp\/v2\/users\/21"}],"replies":[{"embeddable":true,"href":"https:\/\/www.lourdes-france.org\/de\/wp-json\/wp\/v2\/comments?post=36251"}],"version-history":[{"count":2,"href":"https:\/\/www.lourdes-france.org\/de\/wp-json\/wp\/v2\/posts\/36251\/revisions"}],"predecessor-version":[{"id":36263,"href":"https:\/\/www.lourdes-france.org\/de\/wp-json\/wp\/v2\/posts\/36251\/revisions\/36263"}],"wp:featuredmedia":[{"embeddable":true,"href":"https:\/\/www.lourdes-france.org\/de\/wp-json\/wp\/v2\/media\/36181"}],"wp:attachment":[{"href":"https:\/\/www.lourdes-france.org\/de\/wp-json\/wp\/v2\/media?parent=36251"}],"wp:term":[{"taxonomy":"category","embeddable":true,"href":"https:\/\/www.lourdes-france.org\/de\/wp-json\/wp\/v2\/categories?post=36251"},{"taxonomy":"post_tag","embeddable":true,"href":"https:\/\/www.lourdes-france.org\/de\/wp-json\/wp\/v2\/tags?post=36251"}],"curies":[{"name":"wp","href":"https:\/\/api.w.org\/{rel}","templated":true}]}}