{"id":502628,"date":"2021-02-16T10:00:01","date_gmt":"2021-02-16T09:00:01","guid":{"rendered":"https:\/\/www.lourdes-france.org\/11-et-12-fevrier-revivez-les-journees-de-lourdes\/"},"modified":"2026-01-30T12:12:02","modified_gmt":"2026-01-30T11:12:02","slug":"11-und-12-februar-erleben-sie-erneut-die-lourdes-tage","status":"publish","type":"post","link":"https:\/\/www.lourdes-france.org\/de\/11-und-12-februar-erleben-sie-erneut-die-lourdes-tage\/","title":{"rendered":"11. und 12. Februar: Erleben Sie erneut die Lourdes-Tage!"},"content":{"rendered":"\t\t<div data-elementor-type=\"wp-post\" data-elementor-id=\"502628\" class=\"elementor elementor-502628 elementor-500252\" data-elementor-post-type=\"post\">\n\t\t\t\t\t\t<section class=\"elementor-section elementor-top-section elementor-element elementor-element-0827d8e elementor-section-boxed elementor-section-height-default elementor-section-height-default\" data-id=\"0827d8e\" data-element_type=\"section\">\n\t\t\t\t\t\t<div class=\"elementor-container elementor-column-gap-default\">\n\t\t\t\t\t<div class=\"elementor-column elementor-col-100 elementor-top-column elementor-element elementor-element-f1d7432\" data-id=\"f1d7432\" data-element_type=\"column\">\n\t\t\t<div class=\"elementor-widget-wrap elementor-element-populated\">\n\t\t\t\t\t\t<div class=\"elementor-element elementor-element-9a332c3 elementor-widget elementor-widget-text-editor\" data-id=\"9a332c3\" data-element_type=\"widget\" data-widget_type=\"text-editor.default\">\n\t\t\t\t<div class=\"elementor-widget-container\">\n\t\t\t\t\t\t\t\t\t<h1><span style=\"color: #e8a702;\">Die Wiederholungen der Lourdes-Tage<\/span><\/h1>\t\t\t\t\t\t\t\t<\/div>\n\t\t\t\t<\/div>\n\t\t\t\t<div class=\"elementor-element elementor-element-c3aad84 elementor-widget elementor-widget-text-editor\" data-id=\"c3aad84\" data-element_type=\"widget\" data-widget_type=\"text-editor.default\">\n\t\t\t\t<div class=\"elementor-widget-container\">\n\t\t\t\t\t\t\t\t\t<h3>Donnerstag, 11. Februar<\/h3><h3><span style=\"color: #e8a702;\">Pastorale Leitlinien f\u00fcr das Heiligtum von Lourdes \u2013 Weihbischof Antoine H\u00e9rouard, apostolischer Delegat f\u00fcr die Wallfahrtsst\u00e4tte von Lourdes<\/span><\/h3><p>Videor\u00fcckblick auf das Jahr 2020<br \/>Die neuen Statuten des Heiligtums<\/p><h3><span style=\"color: #e8a702;\">Internationale Messe<br \/><\/span><\/h3><p><a href=\"https:\/\/youtu.be\/kxuWC7mXybk?list=PL2fBaIU3WZ2147TywB04IeyjmcPT5hyAi\" target=\"_blank\" rel=\"noopener\">replay &gt;&gt;<\/a><\/p><h3><span style=\"color: #e8a702;\">Die Bedeutung von Lourdes in meinem Leben<\/span><\/h3><p>Worte und Zeugnisse: <br \/>Cl\u00e9mence (Mit Frat vor f\u00fcnf Jahren in Lourdes, heute Junglehrerin) <br \/>Fran\u00e7ois Compagnet (einheimischer Hospitalier und Hotelier) <br \/>Martine Korpal (Belegschaft des Heiligtums, Einheimische) <br \/>Laurence d\u2019Artigues (vid\u00e9o) <br \/>Christian Bodard (vid\u00e9o)<\/p><p><a href=\"https:\/\/youtu.be\/1tIVZ_pUxMM\" target=\"_blank\" rel=\"noopener\">replay &gt;&gt;<\/a><\/p><h3><span style=\"color: #e8a702;\">Msgr. Olivier Ribadeau Dumas, Rektor<\/span><\/h3><p>Wie Lourdes mit der Krise umgeht (Teil 1) <a href=\"https:\/\/youtu.be\/Zl763du8ZZ8\" target=\"_blank\" rel=\"noopener\">replay &gt;&gt;<\/a><br \/>Hoffnung und Beharrlichkeit (Teil 2) <a href=\"https:\/\/youtu.be\/jpmBsZQgQ1A\" target=\"_blank\" rel=\"noopener\">replay &gt;&gt;<\/a><\/p><h3><span style=\"color: #e8a702;\">15h30 Rosenkranz vor der Grotte mit Weihbischof Antoine H\u00e9rouard<\/span><\/h3><p><a href=\"https:\/\/youtu.be\/3vvNREL_0us?list=PL2fBaIU3WZ21qnMRaNWj4OqvAO4KNBGu6\" target=\"_blank\" rel=\"noopener\">replay &gt;&gt;<\/a><\/p><h3><span style=\"color: #e8a702;\">Eine Wallfahrtsst\u00e4tte, die auf einen sicheren Empfang bedacht ist. <br \/>Gesundheitsma\u00dfnahmen des Heiligtums<\/span><\/h3><p>Unter Mitwirkung von Rektor, Msgr. Olivier Ribadeau Dumas, des Arztes von Lourdes, Alessandro de Franciscis, des Leiters der technischen Dienste, der Pr\u00e4vention und der Sicherheit, S\u00e9bastien Maysounave und der Vizepr\u00e4sidentin des Fremdenverkehrsb\u00fcros von Lourdes, Marie Etcheverry.<\/p><p><a href=\"https:\/\/youtu.be\/G8f2JZsOVCM\" target=\"_blank\" rel=\"noopener\">replay &gt;&gt;<\/a><\/p><h3>Das Jahresthema 2021 ist erneut \u00ab Ich bin die Unbefleckte Empf\u00e4ngnis \u00bb,<span style=\"color: #e8a702;\"> Pater Horacio Brito, <\/span>Geistlicher Leiter der Hospitalit\u00e9 Notre-Dame de Lourdes, tr\u00e4gt drei Meditationen vor, wobei die erste lautet : <span style=\"color: #e8a702;\">\u00ab Maria voll der Gnade \u00bb.<br \/><\/span><\/h3><p><a href=\"https:\/\/youtu.be\/SGu4SZMSRO4\" target=\"_blank\" rel=\"noopener\">replay &gt;&gt;<\/a><\/p><h3><span style=\"color: #e8a702;\">Ein sich erneuernder Wallfahrtsort <br \/>Erfahrungen und Erneuerungen<\/span><\/h3><p>Auf dem Podium in der Kirche St. Bernadette haben: Don Anne Guillaume, Don Pascal Boulic, Krzysztof Zielenda, Wallfahrtsgeistliche f\u00fcr die Abteilung Emfang und Wallfahrten, Daniel Pezet, Vorsitzender der Hospitalit\u00e9 Notre-Dame de Lourdes und Don Jean-Xavier Salefran, der f\u00fcr die Liturgie verantwortliche Wallfahrtsgeistliche, ihre Erfahrungen zu diesem Thema mitgeteilt.<\/p><p><a href=\"https:\/\/youtu.be\/ksYANBqHInE\" target=\"_blank\" rel=\"noopener\">replay &gt;&gt;<\/a><\/p>\t\t\t\t\t\t\t\t<\/div>\n\t\t\t\t<\/div>\n\t\t\t\t<div class=\"elementor-element elementor-element-f950599 elementor-widget elementor-widget-text-editor\" data-id=\"f950599\" data-element_type=\"widget\" data-widget_type=\"text-editor.default\">\n\t\t\t\t<div class=\"elementor-widget-container\">\n\t\t\t\t\t\t\t\t\t<h3>Freitag, 12. Februar<\/h3><h3><span style=\"color: #e8a702;\">8h00 H. Messe an der Grotte, Vorsitz Weihbischof Antoine H\u00e9rouard<\/span><\/h3><p><a href=\"https:\/\/youtu.be\/q3MMWc311xo\" target=\"_blank\" rel=\"noopener\">replay &gt;&gt;<\/a><\/p><h3>\u00ab Mir geschehe nach deinem Wort \u00bb <br \/>2e M\u00e9ditation von Pater Horacio Brito,<\/h3><p><a href=\"https:\/\/youtu.be\/MvFP4fI01Gw\" target=\"_blank\" rel=\"noopener\">replay &gt;&gt;<\/a><\/p><h3><span style=\"color: #e8a702;\">Mit kranken Menschen nach Lourdes pilgern<\/span><\/h3><p>Runder Tisch, an dem Dr, Alessandro de Franciscis, Arzt von Lourdes, Fran\u00e7ois Labadie, Direktor desAccueil Notre-Dame und Schwester Amal des Accueil Marie Saint-Frai von Lourdes ihre Standpunkte zur Wallfahrt nach Lourdes ausgetauscht haben. Hierbei haben virtuell, Professor Gilles Berrut, Geriater und Arzt der Rosaire-Wallfahrt, Dr. Jean-Louis Dalleinne, verantwortlich f\u00fcr die Krankenpastoral der Di\u00f6zese Evreux und der Allgemeinmediziner Dr. Alain Baty, Pr\u00e4sident der Gesellschaft der Vorsteher der franz\u00f6sischsprechenden Hospitalit\u00e9.<\/p><p><a href=\"https:\/\/youtu.be\/eAzpKN_e_uU\" target=\"_blank\" rel=\"noopener\">replay &gt;&gt;<\/a><\/p><h3><span style=\"color: #e8a702;\">Die Ausstrahlung von Lourdes <br \/>Der Rosenkranz von Lourdes im katholischen Fernsehen<\/span><\/h3><p>Der Rosenkranz von Lourdes wird weltweit ausgestrahlt. Pfarrer Michel Baute, Wallfahrtsgeistlicher in Lourdes, auf dem Podium und, virtuell verbunden, Philippine de Saint-Pierre, (Generaldirektorin von KTO TV, Frankreich), Fabio Bolzetta, (Moderator von TV2000, Italien), Peter Gagnon, (Programmdirektor von EWTN, USA) und Femin Jacob, (Programmdirektor von Atmadarshan TV (Indien), die t\u00e4glich den Rosenkranz von Lourdes \u00fcbertragen.<\/p><p><a href=\"https:\/\/youtu.be\/TnsAdVjnXCo\" target=\"_blank\" rel=\"noopener\">replay &gt;&gt;<\/a><\/p><h3><span style=\"color: #e8a702;\">\u201eIch verspreche Euch nicht das Gl\u00fcck dieser Welt, sondern das der anderen\u201c\u00a0<br \/><\/span>3e Meditation von Pater Horacio Brito zum Jahresthema \u201eIch bin die Unbefleckte Empf\u00e4ngnis.\u201c <\/h3><p><a href=\"https:\/\/youtu.be\/3_deC4lho9w\" target=\"_blank\" rel=\"noopener\">replay &gt;&gt;<\/a><\/p><h3><span style=\"color: #e8a702;\">Lourdes fern von Lourdes miterleben\u00a0<\/span><\/h3><p>Zum Austausch Anwesende: Msgr. Rektor Xavier d\u2019Arodes, Vice-Rektor der Wallfahrsst\u00e4tte, um die \u00ab Missions vom Lourdes \u00bb vorzustellen; Pater R\u00e9gis-Marie de La Teyssonni\u00e8re, Wallfahrtsgeistlicher in Lourdes, der in unterschiedlichen L\u00e4ndern der Welt die Tage \u00ab Wie in Lourdes \u00bb begleitete und kommentierte; Pfarrer Georges Nicoli, Pfarrer von Notre-Dame de Lourdes, in Bastia, der auf seine Mission mit Bernadette und den Reliquien zur\u00fcckkam, die auf der Insel Korsika zur Verehrung ausgestellt worden waren. Pater Vincent Cabanac, Direktor der Nationalwallfahrt und Constance Lot de Maniquete, Hospitali\u00e8re von Notre-Dame de Salut, die ihre Erfahrung \u00ab\u202fSchutzengeln\u202f\u00bb im Kreis der Hospitalit\u00e9 Notre-Dame de Salut vorgestellten. Msgr. Pascal Gollnisch, Direktor der \u0152uvre d\u2019Orient, sprach \u00fcber die Entsendung der Statue von Unserer Lieben Frau von Lourdes in den Irak.<\/p><p><a href=\"https:\/\/youtu.be\/i0g0MOcinUQ\" target=\"_blank\" rel=\"noopener\">replay &gt;&gt;<\/a><\/p><h3><span style=\"color: #e8a702;\">Fragen\/Antworten<\/span><\/h3><p>Weihbischof Antoine H\u00e9rouard, apostolischer Delegat und Guillaume de Vulpian, Generaldirektor der Wallfahrtsst\u00e4tte von Lourdes, beantworten die Fragen der Wallfahrtsorganisatoren.<\/p><p><a href=\"https:\/\/youtu.be\/ch154M_H7Sg\" target=\"_blank\" rel=\"noopener\">replay &gt;&gt;<\/a><\/p><h3><span style=\"color: #e8a702;\">Zum Abschluss<\/span><\/h3><p>fasste Weihbischof Antoine H\u00e9rouard das Schlusswort zu diesen zwei miteinander verbundenen Tagen f\u00fcr uns so zusammen, als sei jeder von in Lourdes gewesen.<\/p><p><a href=\"https:\/\/youtu.be\/HcXyPWtGpTg\" target=\"_blank\" rel=\"noopener\">replay &gt;&gt;<\/a><\/p>\t\t\t\t\t\t\t\t<\/div>\n\t\t\t\t<\/div>\n\t\t\t\t\t<\/div>\n\t\t<\/div>\n\t\t\t\t\t<\/div>\n\t\t<\/section>\n\t\t\t\t<\/div>\n\t\t","protected":false},"excerpt":{"rendered":"<p>Die Wiederholungen der Lourdes-Tage Donnerstag, 11. Februar Pastorale Leitlinien f\u00fcr das Heiligtum von Lourdes \u2013 Weihbischof Antoine H\u00e9rouard, apostolischer Delegat f\u00fcr die Wallfahrtsst\u00e4tte von Lourdes Videor\u00fcckblick auf das Jahr 2020Die neuen Statuten des Heiligtums Internationale Messe replay &gt;&gt; Die Bedeutung &hellip; <a href=\"https:\/\/www.lourdes-france.org\/de\/11-und-12-februar-erleben-sie-erneut-die-lourdes-tage\/\">Weiter<\/a><\/p>\n","protected":false},"author":21,"featured_media":500268,"comment_status":"closed","ping_status":"closed","sticky":false,"template":"","format":"standard","meta":{"_acf_changed":false,"footnotes":""},"categories":[153],"tags":[],"class_list":["post-502628","post","type-post","status-publish","format-standard","has-post-thumbnail","hentry","category-aktuelles-in-lourdes"],"acf":[],"yoast_head":"<!-- This site is optimized with the Yoast SEO plugin v24.7 - https:\/\/yoast.com\/wordpress\/plugins\/seo\/ -->\n<title>11. und 12. Februar: Erleben Sie erneut die Lourdes-Tage!<\/title>\n<meta name=\"description\" content=\"La pri\u00e8re est propos\u00e9e par les chapelains de Lourdes du 3 au 11 f\u00e9vrier 2021.\" \/>\n<meta name=\"robots\" content=\"index, follow, max-snippet:-1, max-image-preview:large, max-video-preview:-1\" \/>\n<link rel=\"canonical\" href=\"https:\/\/www.lourdes-france.org\/de\/11-und-12-februar-erleben-sie-erneut-die-lourdes-tage\/\" \/>\n<meta name=\"twitter:label1\" content=\"Verfasst von\" \/>\n\t<meta name=\"twitter:data1\" content=\"TV LOURDES\" \/>\n\t<meta name=\"twitter:label2\" content=\"Gesch\u00e4tzte Lesezeit\" \/>\n\t<meta name=\"twitter:data2\" content=\"3\u00a0Minuten\" \/>\n<script type=\"application\/ld+json\" class=\"yoast-schema-graph\">{\"@context\":\"https:\/\/schema.org\",\"@graph\":[{\"@type\":\"WebPage\",\"@id\":\"https:\/\/www.lourdes-france.org\/de\/11-und-12-februar-erleben-sie-erneut-die-lourdes-tage\/\",\"url\":\"https:\/\/www.lourdes-france.org\/de\/11-und-12-februar-erleben-sie-erneut-die-lourdes-tage\/\",\"name\":\"11. und 12. Februar: Erleben Sie erneut die Lourdes-Tage!\",\"isPartOf\":{\"@id\":\"https:\/\/preprod-lourdes.cawita.com\/#website\"},\"primaryImageOfPage\":{\"@id\":\"https:\/\/www.lourdes-france.org\/de\/11-und-12-februar-erleben-sie-erneut-die-lourdes-tage\/#primaryimage\"},\"image\":{\"@id\":\"https:\/\/www.lourdes-france.org\/de\/11-und-12-februar-erleben-sie-erneut-die-lourdes-tage\/#primaryimage\"},\"thumbnailUrl\":\"https:\/\/www.lourdes-france.org\/wp-content\/uploads\/2021\/02\/vignette-replay-11fev.jpg\",\"datePublished\":\"2021-02-16T09:00:01+00:00\",\"dateModified\":\"2026-01-30T11:12:02+00:00\",\"author\":{\"@id\":\"https:\/\/preprod-lourdes.cawita.com\/#\/schema\/person\/00e15361338ccda7ff575e7807b7ff76\"},\"description\":\"La pri\u00e8re est propos\u00e9e par les chapelains de Lourdes du 3 au 11 f\u00e9vrier 2021.\",\"breadcrumb\":{\"@id\":\"https:\/\/www.lourdes-france.org\/de\/11-und-12-februar-erleben-sie-erneut-die-lourdes-tage\/#breadcrumb\"},\"inLanguage\":\"de\",\"potentialAction\":[{\"@type\":\"ReadAction\",\"target\":[\"https:\/\/www.lourdes-france.org\/de\/11-und-12-februar-erleben-sie-erneut-die-lourdes-tage\/\"]}]},{\"@type\":\"ImageObject\",\"inLanguage\":\"de\",\"@id\":\"https:\/\/www.lourdes-france.org\/de\/11-und-12-februar-erleben-sie-erneut-die-lourdes-tage\/#primaryimage\",\"url\":\"https:\/\/www.lourdes-france.org\/wp-content\/uploads\/2021\/02\/vignette-replay-11fev.jpg\",\"contentUrl\":\"https:\/\/www.lourdes-france.org\/wp-content\/uploads\/2021\/02\/vignette-replay-11fev.jpg\",\"width\":1200,\"height\":884},{\"@type\":\"BreadcrumbList\",\"@id\":\"https:\/\/www.lourdes-france.org\/de\/11-und-12-februar-erleben-sie-erneut-die-lourdes-tage\/#breadcrumb\",\"itemListElement\":[{\"@type\":\"ListItem\",\"position\":1,\"name\":\"Accueil\",\"item\":\"https:\/\/www.lourdes-france.org\/\"},{\"@type\":\"ListItem\",\"position\":2,\"name\":\"11. und 12. Februar: Erleben Sie erneut die Lourdes-Tage!\"}]},{\"@type\":\"WebSite\",\"@id\":\"https:\/\/preprod-lourdes.cawita.com\/#website\",\"url\":\"https:\/\/preprod-lourdes.cawita.com\/\",\"name\":\"Soutenir le Sanctuaire Notre-Dame de Lourdes\",\"description\":\"\",\"potentialAction\":[{\"@type\":\"SearchAction\",\"target\":{\"@type\":\"EntryPoint\",\"urlTemplate\":\"https:\/\/preprod-lourdes.cawita.com\/?s={search_term_string}\"},\"query-input\":{\"@type\":\"PropertyValueSpecification\",\"valueRequired\":true,\"valueName\":\"search_term_string\"}}],\"inLanguage\":\"de\"},{\"@type\":\"Person\",\"@id\":\"https:\/\/preprod-lourdes.cawita.com\/#\/schema\/person\/00e15361338ccda7ff575e7807b7ff76\",\"name\":\"TV LOURDES\",\"image\":{\"@type\":\"ImageObject\",\"inLanguage\":\"de\",\"@id\":\"https:\/\/preprod-lourdes.cawita.com\/#\/schema\/person\/image\/\",\"url\":\"https:\/\/secure.gravatar.com\/avatar\/99ad963db01f0c73acfee4d5f94ac178?s=96&d=mm&r=g\",\"contentUrl\":\"https:\/\/secure.gravatar.com\/avatar\/99ad963db01f0c73acfee4d5f94ac178?s=96&d=mm&r=g\",\"caption\":\"TV LOURDES\"},\"url\":\"https:\/\/www.lourdes-france.org\/de\/author\/tv-lourdes\/\"}]}<\/script>\n<!-- \/ Yoast SEO plugin. -->","yoast_head_json":{"title":"11. und 12. Februar: Erleben Sie erneut die Lourdes-Tage!","description":"La pri\u00e8re est propos\u00e9e par les chapelains de Lourdes du 3 au 11 f\u00e9vrier 2021.","robots":{"index":"index","follow":"follow","max-snippet":"max-snippet:-1","max-image-preview":"max-image-preview:large","max-video-preview":"max-video-preview:-1"},"canonical":"https:\/\/www.lourdes-france.org\/de\/11-und-12-februar-erleben-sie-erneut-die-lourdes-tage\/","twitter_misc":{"Verfasst von":"TV LOURDES","Gesch\u00e4tzte Lesezeit":"3\u00a0Minuten"},"schema":{"@context":"https:\/\/schema.org","@graph":[{"@type":"WebPage","@id":"https:\/\/www.lourdes-france.org\/de\/11-und-12-februar-erleben-sie-erneut-die-lourdes-tage\/","url":"https:\/\/www.lourdes-france.org\/de\/11-und-12-februar-erleben-sie-erneut-die-lourdes-tage\/","name":"11. und 12. Februar: Erleben Sie erneut die Lourdes-Tage!","isPartOf":{"@id":"https:\/\/preprod-lourdes.cawita.com\/#website"},"primaryImageOfPage":{"@id":"https:\/\/www.lourdes-france.org\/de\/11-und-12-februar-erleben-sie-erneut-die-lourdes-tage\/#primaryimage"},"image":{"@id":"https:\/\/www.lourdes-france.org\/de\/11-und-12-februar-erleben-sie-erneut-die-lourdes-tage\/#primaryimage"},"thumbnailUrl":"https:\/\/www.lourdes-france.org\/wp-content\/uploads\/2021\/02\/vignette-replay-11fev.jpg","datePublished":"2021-02-16T09:00:01+00:00","dateModified":"2026-01-30T11:12:02+00:00","author":{"@id":"https:\/\/preprod-lourdes.cawita.com\/#\/schema\/person\/00e15361338ccda7ff575e7807b7ff76"},"description":"La pri\u00e8re est propos\u00e9e par les chapelains de Lourdes du 3 au 11 f\u00e9vrier 2021.","breadcrumb":{"@id":"https:\/\/www.lourdes-france.org\/de\/11-und-12-februar-erleben-sie-erneut-die-lourdes-tage\/#breadcrumb"},"inLanguage":"de","potentialAction":[{"@type":"ReadAction","target":["https:\/\/www.lourdes-france.org\/de\/11-und-12-februar-erleben-sie-erneut-die-lourdes-tage\/"]}]},{"@type":"ImageObject","inLanguage":"de","@id":"https:\/\/www.lourdes-france.org\/de\/11-und-12-februar-erleben-sie-erneut-die-lourdes-tage\/#primaryimage","url":"https:\/\/www.lourdes-france.org\/wp-content\/uploads\/2021\/02\/vignette-replay-11fev.jpg","contentUrl":"https:\/\/www.lourdes-france.org\/wp-content\/uploads\/2021\/02\/vignette-replay-11fev.jpg","width":1200,"height":884},{"@type":"BreadcrumbList","@id":"https:\/\/www.lourdes-france.org\/de\/11-und-12-februar-erleben-sie-erneut-die-lourdes-tage\/#breadcrumb","itemListElement":[{"@type":"ListItem","position":1,"name":"Accueil","item":"https:\/\/www.lourdes-france.org\/"},{"@type":"ListItem","position":2,"name":"11. und 12. Februar: Erleben Sie erneut die Lourdes-Tage!"}]},{"@type":"WebSite","@id":"https:\/\/preprod-lourdes.cawita.com\/#website","url":"https:\/\/preprod-lourdes.cawita.com\/","name":"Soutenir le Sanctuaire Notre-Dame de Lourdes","description":"","potentialAction":[{"@type":"SearchAction","target":{"@type":"EntryPoint","urlTemplate":"https:\/\/preprod-lourdes.cawita.com\/?s={search_term_string}"},"query-input":{"@type":"PropertyValueSpecification","valueRequired":true,"valueName":"search_term_string"}}],"inLanguage":"de"},{"@type":"Person","@id":"https:\/\/preprod-lourdes.cawita.com\/#\/schema\/person\/00e15361338ccda7ff575e7807b7ff76","name":"TV LOURDES","image":{"@type":"ImageObject","inLanguage":"de","@id":"https:\/\/preprod-lourdes.cawita.com\/#\/schema\/person\/image\/","url":"https:\/\/secure.gravatar.com\/avatar\/99ad963db01f0c73acfee4d5f94ac178?s=96&d=mm&r=g","contentUrl":"https:\/\/secure.gravatar.com\/avatar\/99ad963db01f0c73acfee4d5f94ac178?s=96&d=mm&r=g","caption":"TV LOURDES"},"url":"https:\/\/www.lourdes-france.org\/de\/author\/tv-lourdes\/"}]}},"_links":{"self":[{"href":"https:\/\/www.lourdes-france.org\/de\/wp-json\/wp\/v2\/posts\/502628","targetHints":{"allow":["GET"]}}],"collection":[{"href":"https:\/\/www.lourdes-france.org\/de\/wp-json\/wp\/v2\/posts"}],"about":[{"href":"https:\/\/www.lourdes-france.org\/de\/wp-json\/wp\/v2\/types\/post"}],"author":[{"embeddable":true,"href":"https:\/\/www.lourdes-france.org\/de\/wp-json\/wp\/v2\/users\/21"}],"replies":[{"embeddable":true,"href":"https:\/\/www.lourdes-france.org\/de\/wp-json\/wp\/v2\/comments?post=502628"}],"version-history":[{"count":4,"href":"https:\/\/www.lourdes-france.org\/de\/wp-json\/wp\/v2\/posts\/502628\/revisions"}],"predecessor-version":[{"id":502632,"href":"https:\/\/www.lourdes-france.org\/de\/wp-json\/wp\/v2\/posts\/502628\/revisions\/502632"}],"wp:featuredmedia":[{"embeddable":true,"href":"https:\/\/www.lourdes-france.org\/de\/wp-json\/wp\/v2\/media\/500268"}],"wp:attachment":[{"href":"https:\/\/www.lourdes-france.org\/de\/wp-json\/wp\/v2\/media?parent=502628"}],"wp:term":[{"taxonomy":"category","embeddable":true,"href":"https:\/\/www.lourdes-france.org\/de\/wp-json\/wp\/v2\/categories?post=502628"},{"taxonomy":"post_tag","embeddable":true,"href":"https:\/\/www.lourdes-france.org\/de\/wp-json\/wp\/v2\/tags?post=502628"}],"curies":[{"name":"wp","href":"https:\/\/api.w.org\/{rel}","templated":true}]}}