{"id":539066,"date":"2021-03-15T09:38:24","date_gmt":"2021-03-15T08:38:24","guid":{"rendered":"https:\/\/www.lourdes-france.org\/la-semaine-sainte\/"},"modified":"2026-01-30T12:11:22","modified_gmt":"2026-01-30T11:11:22","slug":"die-karwoche","status":"publish","type":"post","link":"https:\/\/www.lourdes-france.org\/de\/die-karwoche\/","title":{"rendered":"Die Karwoche"},"content":{"rendered":"\t\t<div data-elementor-type=\"wp-post\" data-elementor-id=\"539066\" class=\"elementor elementor-539066 elementor-532010\" data-elementor-post-type=\"post\">\n\t\t\t\t\t\t<section class=\"elementor-section elementor-top-section elementor-element elementor-element-35170a0f elementor-section-boxed elementor-section-height-default elementor-section-height-default\" data-id=\"35170a0f\" data-element_type=\"section\">\n\t\t\t\t\t\t<div class=\"elementor-container elementor-column-gap-no\">\n\t\t\t\t\t<div class=\"elementor-column elementor-col-100 elementor-top-column elementor-element elementor-element-5326308a\" data-id=\"5326308a\" data-element_type=\"column\">\n\t\t\t<div class=\"elementor-widget-wrap elementor-element-populated\">\n\t\t\t\t\t\t<div class=\"elementor-element elementor-element-73ff613e elementor-widget elementor-widget-text-editor\" data-id=\"73ff613e\" data-element_type=\"widget\" data-widget_type=\"text-editor.default\">\n\t\t\t\t<div class=\"elementor-widget-container\">\n\t\t\t\t\t\t\t\t\t<h2>Unsere Liebe Frau von Lourdes, <span style=\"color: #e8a700;\">bitter f\u00fcr uns!\u00a0<br \/><\/span><\/h2>\t\t\t\t\t\t\t\t<\/div>\n\t\t\t\t<\/div>\n\t\t\t\t<div class=\"elementor-element elementor-element-74e530f7 elementor-widget elementor-widget-text-editor\" data-id=\"74e530f7\" data-element_type=\"widget\" data-widget_type=\"text-editor.default\">\n\t\t\t\t<div class=\"elementor-widget-container\">\n\t\t\t\t\t\t\t\t\t<p>F\u00fcr Katholiken ist die Karwoche die letzte Woche in der Fastenzeit. Sie beginnt mit dem Palmsonntag, am 28. M\u00e4rz, der an den feierlichen Eingang Christi in Jerusalem erinnert. Sie umfasst den Gr\u00fcndonnerstag, an dem Jesus w\u00e4hrend des Abendmahls die Eucharistie einsetzte und den Karfreitag, dem Tag des Leidens Christi und seines Todes am Kreuz. Sie m\u00fcndet mit der Osternacht in den Ostersonntag, an dem wir die Auferstehung Christi feiern. Im Folgenden finden Sie alle Gottesdienstzeiten.<\/p>\t\t\t\t\t\t\t\t<\/div>\n\t\t\t\t<\/div>\n\t\t\t\t<div class=\"elementor-element elementor-element-2180446 elementor-widget elementor-widget-text-editor\" data-id=\"2180446\" data-element_type=\"widget\" data-widget_type=\"text-editor.default\">\n\t\t\t\t<div class=\"elementor-widget-container\">\n\t\t\t\t\t\t\t\t\t<p><strong><span style=\"color: #e8a702;\">Palmsonntag<\/span> 28 M\u00e4rz,<\/strong><br \/><strong>10h00<\/strong> Hl. Messe an der Grotte <strong>\u00dcbertragen von Lourdes TV<\/strong><br \/><strong>11h15<\/strong> Hl. Messe in der Basilika Pius X, (keine Zelebration in der Rosenkranzbasilika). <strong>\u00dcbertragen von Lourdes TV<\/strong><br \/><strong>15h30<\/strong> Rosenkranz an der Grotte <strong>\u00dcbertragen von Lourdes TV und KTO<\/strong><\/p><p><strong><span style=\"color: #e8a702;\">Gr\u00fcndonnerstag<\/span> 1. April<\/strong><br \/><strong>08h30<\/strong> Karmette (Tenebrae,\u00a0Matutin), in der Rosenkranzbasilika<br \/><strong>15h30<\/strong> Rosenkranz an der Grotte <strong>\u00dcbertragen von Lourdes TV und KTO<\/strong><br \/><strong>16h00<\/strong> Abendmahlsfeier in der Basilika Pius X,<\/p><p><strong><span style=\"color: #e8a702;\">Karfreitag<\/span> 2. April<\/strong><br \/><strong>08h30<\/strong> Karmette (Tenebrae,\u00a0Matutin), in der Rosenkranzbasilika<br \/><strong>11h00<\/strong> Kreuzweg auf dem Vorplatz der Rosenkranzbasilika <strong>\u00dcbertragen von Lourdes TV<\/strong><br \/><strong>15h00<\/strong> Die Leidensfeier, in der Basilika Pius X<br \/><strong>15h30<\/strong> Rosenkranz an der Grotte <strong>\u00dcbertragen von Lourdes TV und KTO<\/strong><\/p><p><strong><span style=\"color: #e8a702;\">Osternacht<\/span> 3. April<\/strong><br \/><strong>15h30<\/strong> Rosenkranz an der Grotte <strong>\u00dcbertragen von Lourdes TV und KTO<\/strong><br \/><strong>21h00<\/strong> Geschlossenes Gebet an der Grotte<br \/><strong>Falls die Ausgangssperre aufgehoben ist, beginnen die Abendmahlsfeier und die Feier der Osternacht um 21h00 in der Basilika Pius X<\/strong><\/p><p><strong><span style=\"color: #e8a702;\">Osternsonntag<\/span> 4. April<\/strong><br \/><strong>11h15<\/strong> Hl. Messe in der Basilika Pius X (keine Zelebration in der Rosenkranzbasilika). <br \/><strong>\u00dcbertragen von Lourdes TV<\/strong> <br \/><strong>15h30<\/strong> Rosenkranz an der Grotte <strong>\u00dcbertragen von Lourdes TV und KTO<\/strong><br \/><strong>21h<\/strong> Marianische Lichterprozession an der Grotte<\/p>\t\t\t\t\t\t\t\t<\/div>\n\t\t\t\t<\/div>\n\t\t\t\t<div class=\"elementor-element elementor-element-22e229a elementor-widget elementor-widget-text-editor\" data-id=\"22e229a\" data-element_type=\"widget\" data-widget_type=\"text-editor.default\">\n\t\t\t\t<div class=\"elementor-widget-container\">\n\t\t\t\t\t\t\t\t\t<h2>Beten wir mit der heiligen Bernadette, um uns in die Hande Gottes zu begeben und unser Herz auf die Osterfreude vorzubereiten, ein Gebet der hl. Bernadette.<span style=\"color: #e8a700;\"><br \/><\/span><\/h2>\t\t\t\t\t\t\t\t<\/div>\n\t\t\t\t<\/div>\n\t\t\t\t<div class=\"elementor-element elementor-element-42c75db elementor-widget elementor-widget-text-editor\" data-id=\"42c75db\" data-element_type=\"widget\" data-widget_type=\"text-editor.default\">\n\t\t\t\t<div class=\"elementor-widget-container\">\n\t\t\t\t\t\t\t\t\t<p><strong>Gebet einer armen Bettlerin zu Jesus<\/strong><\/p><p>O Jesus, ich bitte Dich, gib mir <br \/>Das Brot der Demut,<br \/>Das Brot des Gehorsams, <br \/>Das Brot der N\u00e4chstenliebe.<br \/>Das Brot der Kraft, um meinen Willen zu z\u00fcgeln und ihn mit Deinem zu verschmelzen.<br \/>Das Brot der inneren Abt\u00f6tung.<br \/>Das Brot der Lossagung von allen Gesch\u00f6pfen,<br \/>Das Brot der Geduld das Leid zu ertragen, das mein Herz qu\u00e4lt; <br \/>O Jesus, wenn Du mich kreuzigen willst, geschehe es.<br \/>Das Brot der St\u00e4rke, aufrichtig zu leiden.<br \/>Das Brot, nur Dich allein in allem und auf immer zu sehen.<br \/>Jesus, Maria, das Kreuz, ich will keine anderen Freunde als eben diese. Amen<\/p><p><em>Gebet einer armen Bettlerin zu Jesus \u2013 Bernadette Soubirous, Tagebuch, S. 17.<\/em><\/p>\t\t\t\t\t\t\t\t<\/div>\n\t\t\t\t<\/div>\n\t\t\t\t\t<\/div>\n\t\t<\/div>\n\t\t\t\t\t<\/div>\n\t\t<\/section>\n\t\t\t\t<\/div>\n\t\t","protected":false},"excerpt":{"rendered":"<p>Unsere Liebe Frau von Lourdes, bitter f\u00fcr uns!\u00a0 F\u00fcr Katholiken ist die Karwoche die letzte Woche in der Fastenzeit. Sie beginnt mit dem Palmsonntag, am 28. M\u00e4rz, der an den feierlichen Eingang Christi in Jerusalem erinnert. Sie umfasst den Gr\u00fcndonnerstag, &hellip; <a href=\"https:\/\/www.lourdes-france.org\/de\/die-karwoche\/\">Weiter<\/a><\/p>\n","protected":false},"author":21,"featured_media":539074,"comment_status":"closed","ping_status":"closed","sticky":false,"template":"","format":"standard","meta":{"_acf_changed":false,"footnotes":""},"categories":[153],"tags":[],"class_list":["post-539066","post","type-post","status-publish","format-standard","has-post-thumbnail","hentry","category-aktuelles-in-lourdes"],"acf":[],"yoast_head":"<!-- This site is optimized with the Yoast SEO plugin v24.7 - https:\/\/yoast.com\/wordpress\/plugins\/seo\/ -->\n<title>Die Karwoche<\/title>\n<meta name=\"robots\" content=\"index, follow, max-snippet:-1, max-image-preview:large, max-video-preview:-1\" \/>\n<link rel=\"canonical\" href=\"https:\/\/www.lourdes-france.org\/de\/die-karwoche\/\" \/>\n<meta name=\"twitter:label1\" content=\"Verfasst von\" \/>\n\t<meta name=\"twitter:data1\" content=\"TV LOURDES\" \/>\n\t<meta name=\"twitter:label2\" content=\"Gesch\u00e4tzte Lesezeit\" \/>\n\t<meta name=\"twitter:data2\" content=\"2\u00a0Minuten\" \/>\n<script type=\"application\/ld+json\" class=\"yoast-schema-graph\">{\"@context\":\"https:\/\/schema.org\",\"@graph\":[{\"@type\":\"WebPage\",\"@id\":\"https:\/\/www.lourdes-france.org\/de\/die-karwoche\/\",\"url\":\"https:\/\/www.lourdes-france.org\/de\/die-karwoche\/\",\"name\":\"Die Karwoche\",\"isPartOf\":{\"@id\":\"https:\/\/preprod-lourdes.cawita.com\/#website\"},\"primaryImageOfPage\":{\"@id\":\"https:\/\/www.lourdes-france.org\/de\/die-karwoche\/#primaryimage\"},\"image\":{\"@id\":\"https:\/\/www.lourdes-france.org\/de\/die-karwoche\/#primaryimage\"},\"thumbnailUrl\":\"https:\/\/www.lourdes-france.org\/wp-content\/uploads\/2021\/03\/Semaine-sainte-2021-vignette-760x560px_DE.jpg\",\"datePublished\":\"2021-03-15T08:38:24+00:00\",\"dateModified\":\"2026-01-30T11:11:22+00:00\",\"author\":{\"@id\":\"https:\/\/preprod-lourdes.cawita.com\/#\/schema\/person\/00e15361338ccda7ff575e7807b7ff76\"},\"breadcrumb\":{\"@id\":\"https:\/\/www.lourdes-france.org\/de\/die-karwoche\/#breadcrumb\"},\"inLanguage\":\"de\",\"potentialAction\":[{\"@type\":\"ReadAction\",\"target\":[\"https:\/\/www.lourdes-france.org\/de\/die-karwoche\/\"]}]},{\"@type\":\"ImageObject\",\"inLanguage\":\"de\",\"@id\":\"https:\/\/www.lourdes-france.org\/de\/die-karwoche\/#primaryimage\",\"url\":\"https:\/\/www.lourdes-france.org\/wp-content\/uploads\/2021\/03\/Semaine-sainte-2021-vignette-760x560px_DE.jpg\",\"contentUrl\":\"https:\/\/www.lourdes-france.org\/wp-content\/uploads\/2021\/03\/Semaine-sainte-2021-vignette-760x560px_DE.jpg\",\"width\":760,\"height\":560},{\"@type\":\"BreadcrumbList\",\"@id\":\"https:\/\/www.lourdes-france.org\/de\/die-karwoche\/#breadcrumb\",\"itemListElement\":[{\"@type\":\"ListItem\",\"position\":1,\"name\":\"Accueil\",\"item\":\"https:\/\/www.lourdes-france.org\/\"},{\"@type\":\"ListItem\",\"position\":2,\"name\":\"Die Karwoche\"}]},{\"@type\":\"WebSite\",\"@id\":\"https:\/\/preprod-lourdes.cawita.com\/#website\",\"url\":\"https:\/\/preprod-lourdes.cawita.com\/\",\"name\":\"Soutenir le Sanctuaire Notre-Dame de Lourdes\",\"description\":\"\",\"potentialAction\":[{\"@type\":\"SearchAction\",\"target\":{\"@type\":\"EntryPoint\",\"urlTemplate\":\"https:\/\/preprod-lourdes.cawita.com\/?s={search_term_string}\"},\"query-input\":{\"@type\":\"PropertyValueSpecification\",\"valueRequired\":true,\"valueName\":\"search_term_string\"}}],\"inLanguage\":\"de\"},{\"@type\":\"Person\",\"@id\":\"https:\/\/preprod-lourdes.cawita.com\/#\/schema\/person\/00e15361338ccda7ff575e7807b7ff76\",\"name\":\"TV LOURDES\",\"image\":{\"@type\":\"ImageObject\",\"inLanguage\":\"de\",\"@id\":\"https:\/\/preprod-lourdes.cawita.com\/#\/schema\/person\/image\/\",\"url\":\"https:\/\/secure.gravatar.com\/avatar\/99ad963db01f0c73acfee4d5f94ac178?s=96&d=mm&r=g\",\"contentUrl\":\"https:\/\/secure.gravatar.com\/avatar\/99ad963db01f0c73acfee4d5f94ac178?s=96&d=mm&r=g\",\"caption\":\"TV LOURDES\"},\"url\":\"https:\/\/www.lourdes-france.org\/de\/author\/tv-lourdes\/\"}]}<\/script>\n<!-- \/ Yoast SEO plugin. -->","yoast_head_json":{"title":"Die Karwoche","robots":{"index":"index","follow":"follow","max-snippet":"max-snippet:-1","max-image-preview":"max-image-preview:large","max-video-preview":"max-video-preview:-1"},"canonical":"https:\/\/www.lourdes-france.org\/de\/die-karwoche\/","twitter_misc":{"Verfasst von":"TV LOURDES","Gesch\u00e4tzte Lesezeit":"2\u00a0Minuten"},"schema":{"@context":"https:\/\/schema.org","@graph":[{"@type":"WebPage","@id":"https:\/\/www.lourdes-france.org\/de\/die-karwoche\/","url":"https:\/\/www.lourdes-france.org\/de\/die-karwoche\/","name":"Die Karwoche","isPartOf":{"@id":"https:\/\/preprod-lourdes.cawita.com\/#website"},"primaryImageOfPage":{"@id":"https:\/\/www.lourdes-france.org\/de\/die-karwoche\/#primaryimage"},"image":{"@id":"https:\/\/www.lourdes-france.org\/de\/die-karwoche\/#primaryimage"},"thumbnailUrl":"https:\/\/www.lourdes-france.org\/wp-content\/uploads\/2021\/03\/Semaine-sainte-2021-vignette-760x560px_DE.jpg","datePublished":"2021-03-15T08:38:24+00:00","dateModified":"2026-01-30T11:11:22+00:00","author":{"@id":"https:\/\/preprod-lourdes.cawita.com\/#\/schema\/person\/00e15361338ccda7ff575e7807b7ff76"},"breadcrumb":{"@id":"https:\/\/www.lourdes-france.org\/de\/die-karwoche\/#breadcrumb"},"inLanguage":"de","potentialAction":[{"@type":"ReadAction","target":["https:\/\/www.lourdes-france.org\/de\/die-karwoche\/"]}]},{"@type":"ImageObject","inLanguage":"de","@id":"https:\/\/www.lourdes-france.org\/de\/die-karwoche\/#primaryimage","url":"https:\/\/www.lourdes-france.org\/wp-content\/uploads\/2021\/03\/Semaine-sainte-2021-vignette-760x560px_DE.jpg","contentUrl":"https:\/\/www.lourdes-france.org\/wp-content\/uploads\/2021\/03\/Semaine-sainte-2021-vignette-760x560px_DE.jpg","width":760,"height":560},{"@type":"BreadcrumbList","@id":"https:\/\/www.lourdes-france.org\/de\/die-karwoche\/#breadcrumb","itemListElement":[{"@type":"ListItem","position":1,"name":"Accueil","item":"https:\/\/www.lourdes-france.org\/"},{"@type":"ListItem","position":2,"name":"Die Karwoche"}]},{"@type":"WebSite","@id":"https:\/\/preprod-lourdes.cawita.com\/#website","url":"https:\/\/preprod-lourdes.cawita.com\/","name":"Soutenir le Sanctuaire Notre-Dame de Lourdes","description":"","potentialAction":[{"@type":"SearchAction","target":{"@type":"EntryPoint","urlTemplate":"https:\/\/preprod-lourdes.cawita.com\/?s={search_term_string}"},"query-input":{"@type":"PropertyValueSpecification","valueRequired":true,"valueName":"search_term_string"}}],"inLanguage":"de"},{"@type":"Person","@id":"https:\/\/preprod-lourdes.cawita.com\/#\/schema\/person\/00e15361338ccda7ff575e7807b7ff76","name":"TV LOURDES","image":{"@type":"ImageObject","inLanguage":"de","@id":"https:\/\/preprod-lourdes.cawita.com\/#\/schema\/person\/image\/","url":"https:\/\/secure.gravatar.com\/avatar\/99ad963db01f0c73acfee4d5f94ac178?s=96&d=mm&r=g","contentUrl":"https:\/\/secure.gravatar.com\/avatar\/99ad963db01f0c73acfee4d5f94ac178?s=96&d=mm&r=g","caption":"TV LOURDES"},"url":"https:\/\/www.lourdes-france.org\/de\/author\/tv-lourdes\/"}]}},"_links":{"self":[{"href":"https:\/\/www.lourdes-france.org\/de\/wp-json\/wp\/v2\/posts\/539066","targetHints":{"allow":["GET"]}}],"collection":[{"href":"https:\/\/www.lourdes-france.org\/de\/wp-json\/wp\/v2\/posts"}],"about":[{"href":"https:\/\/www.lourdes-france.org\/de\/wp-json\/wp\/v2\/types\/post"}],"author":[{"embeddable":true,"href":"https:\/\/www.lourdes-france.org\/de\/wp-json\/wp\/v2\/users\/21"}],"replies":[{"embeddable":true,"href":"https:\/\/www.lourdes-france.org\/de\/wp-json\/wp\/v2\/comments?post=539066"}],"version-history":[{"count":7,"href":"https:\/\/www.lourdes-france.org\/de\/wp-json\/wp\/v2\/posts\/539066\/revisions"}],"predecessor-version":[{"id":542147,"href":"https:\/\/www.lourdes-france.org\/de\/wp-json\/wp\/v2\/posts\/539066\/revisions\/542147"}],"wp:featuredmedia":[{"embeddable":true,"href":"https:\/\/www.lourdes-france.org\/de\/wp-json\/wp\/v2\/media\/539074"}],"wp:attachment":[{"href":"https:\/\/www.lourdes-france.org\/de\/wp-json\/wp\/v2\/media?parent=539066"}],"wp:term":[{"taxonomy":"category","embeddable":true,"href":"https:\/\/www.lourdes-france.org\/de\/wp-json\/wp\/v2\/categories?post=539066"},{"taxonomy":"post_tag","embeddable":true,"href":"https:\/\/www.lourdes-france.org\/de\/wp-json\/wp\/v2\/tags?post=539066"}],"curies":[{"name":"wp","href":"https:\/\/api.w.org\/{rel}","templated":true}]}}