{"id":55671,"date":"2019-06-06T15:33:32","date_gmt":"2019-06-06T13:33:32","guid":{"rendered":"http:\/\/www.lourdes-france.org\/on-parle-de-lourdes\/"},"modified":"2026-01-30T12:21:13","modified_gmt":"2026-01-30T11:21:13","slug":"gespraechsreihe-wir-sprechen-ueber-lourdes","status":"publish","type":"post","link":"https:\/\/www.lourdes-france.org\/de\/gespraechsreihe-wir-sprechen-ueber-lourdes\/","title":{"rendered":"Gespr\u00e4chsreihe: Wir sprechen \u00fcber Lourdes"},"content":{"rendered":"\t\t<div data-elementor-type=\"wp-post\" data-elementor-id=\"55671\" class=\"elementor elementor-55671 elementor-54451\" data-elementor-post-type=\"post\">\n\t\t\t\t\t\t<section class=\"elementor-section elementor-top-section elementor-element elementor-element-6524d41b elementor-section-boxed elementor-section-height-default elementor-section-height-default\" data-id=\"6524d41b\" data-element_type=\"section\">\n\t\t\t\t\t\t<div class=\"elementor-container elementor-column-gap-no\">\n\t\t\t\t\t<div class=\"elementor-column elementor-col-100 elementor-top-column elementor-element elementor-element-31da2b6a\" data-id=\"31da2b6a\" data-element_type=\"column\">\n\t\t\t<div class=\"elementor-widget-wrap elementor-element-populated\">\n\t\t\t\t\t\t<div class=\"elementor-element elementor-element-3af852c9 elementor-widget elementor-widget-text-editor\" data-id=\"3af852c9\" data-element_type=\"widget\" data-widget_type=\"text-editor.default\">\n\t\t\t\t<div class=\"elementor-widget-container\">\n\t\t\t\t\t\t\t\t\t<p><em>Das urspr\u00fcngliche Geschehen von Lourdes hatte zwei Kronzeugen, die ihm den Weg in die Welt ebneten: Die Grotte und Bernadette. Heute erschlie\u00dft sich uns dieser Ort als erstes, dank TV Lourdes, \u00fcber das Internet. Wenn Sie reisen, bestaunen Sie in aller Welt seine vielen Lourdesgrotten. In der Tat, spricht man von der Grotte, meint man Lourdes, spricht man von Lourdes, meint man Maria. Spricht man von Maria, meint man Jesus. Spricht man von Jesus, meint man Gott. Bernadette ist demzufolge der zweite Kronzeuge. Alles, was wir von Lourdes und in seiner Au\u00dfenwirkung in der Welt sehen, liegt im Herzen von Bernadette, wie im Keim begraben, wie in Reserve, als versteckte Quelle, vielleicht f\u00fcr andere Zeiten, f\u00fcr andere Menschen, f\u00fcr andere Orte. Wenn die Grotte und Bernadette die beiden Tore zur Realit\u00e4t von Lourdes sind, ist die Grotte zweifellos sichtbarer als Bernadette, die heute wie gestern im Verborgenen bleibt. Aber, ist das nicht stets so, mit dem Heiligen?<\/em>, bemerkt Pater R\u00e9gis-Marie de la Teyssonni\u00e8re. Im Verlauf seines Vortrags wird er zahlreiche, w\u00e4hrend seiner Reisen aufgenommenen, Fotografien vorf\u00fchren und erl\u00e4utern, die von der weltweiten Ausstrahlung der Botschaft Lourdes Zeugnis ablegen.<br \/><br \/><\/p>\t\t\t\t\t\t\t\t<\/div>\n\t\t\t\t<\/div>\n\t\t\t\t<div class=\"elementor-element elementor-element-2a0b705f elementor-widget elementor-widget-text-editor\" data-id=\"2a0b705f\" data-element_type=\"widget\" data-widget_type=\"text-editor.default\">\n\t\t\t\t<div class=\"elementor-widget-container\">\n\t\t\t\t\t\t\t\t\t<h2><strong>September, Vortrag \u00fcber <span style=\"color: #e8a702;\">die ersten Heilungen von Lourdes<\/span><\/strong><\/h2>\t\t\t\t\t\t\t\t<\/div>\n\t\t\t\t<\/div>\n\t\t\t\t<div class=\"elementor-element elementor-element-62b7cd9d elementor-widget elementor-widget-text-editor\" data-id=\"62b7cd9d\" data-element_type=\"widget\" data-widget_type=\"text-editor.default\">\n\t\t\t\t<div class=\"elementor-widget-container\">\n\t\t\t\t\t\t\t\t\t<p><strong>Donnerstag, 12. September um 18 Uhr<\/strong>,<em> im Kongresszentrum Lourdes<br \/><\/em><a href=\"https:\/\/www.lourdes.fr\/culture-sport-loisirs\/agenda-des-manifestations\/1085-les-1eres-guerisons-de-lourdes-et-la-creation-du-bureau-medical-cycle-lectures-conferences\">Die ersten Heilungen von Lourdes und die Einrichtung des Medizinischen B\u00fcros<\/a><\/p><p>Vortrag von Dr. Alessandro de Franciscis, Pr\u00e4sident des B\u00fcros f\u00fcr medizinische Befunde<\/p>\t\t\t\t\t\t\t\t<\/div>\n\t\t\t\t<\/div>\n\t\t\t\t<div class=\"elementor-element elementor-element-b419157 elementor-widget elementor-widget-image\" data-id=\"b419157\" data-element_type=\"widget\" data-widget_type=\"image.default\">\n\t\t\t\t<div class=\"elementor-widget-container\">\n\t\t\t\t\t\t\t\t\t\t\t\t\t\t\t<img fetchpriority=\"high\" decoding=\"async\" width=\"740\" height=\"241\" src=\"https:\/\/www.lourdes-france.org\/wp-content\/uploads\/2019\/06\/bandeau-web-cycle-lectures-conferences-2019.jpg\" class=\"attachment-large size-large wp-image-54497\" alt=\"\" srcset=\"https:\/\/www.lourdes-france.org\/wp-content\/uploads\/2019\/06\/bandeau-web-cycle-lectures-conferences-2019.jpg 740w, https:\/\/www.lourdes-france.org\/wp-content\/uploads\/2019\/06\/bandeau-web-cycle-lectures-conferences-2019-300x98.jpg 300w, https:\/\/www.lourdes-france.org\/wp-content\/uploads\/2019\/06\/bandeau-web-cycle-lectures-conferences-2019-380x124.jpg 380w\" sizes=\"(max-width: 740px) 100vw, 740px\" \/>\t\t\t\t\t\t\t\t\t\t\t\t\t\t\t<\/div>\n\t\t\t\t<\/div>\n\t\t\t\t<div class=\"elementor-element elementor-element-4a9ee463 elementor-widget elementor-widget-text-editor\" data-id=\"4a9ee463\" data-element_type=\"widget\" data-widget_type=\"text-editor.default\">\n\t\t\t\t<div class=\"elementor-widget-container\">\n\t\t\t\t\t\t\t\t\t<h2>Vortr\u00e4ge und Lesungen<\/h2><h2><\/h2>\t\t\t\t\t\t\t\t<\/div>\n\t\t\t\t<\/div>\n\t\t\t\t<div class=\"elementor-element elementor-element-1a1014d6 elementor-widget elementor-widget-text-editor\" data-id=\"1a1014d6\" data-element_type=\"widget\" data-widget_type=\"text-editor.default\">\n\t\t\t\t<div class=\"elementor-widget-container\">\n\t\t\t\t\t\t\t\t\t<p class=\"Standard\">\u00a0Zur Begleitung dieses Bernadette-Jahrs bietet die Stadt Lourdes, eine Reihe von Vortr\u00e4gen und Lesungen an. Entdecken Sie das Programm.<\/p><p class=\"Standard\"><strong>Donnerstag, 13. Juni, um 18 Uhr, in der Mediathek<\/strong><br \/><span style=\"color: #e8a702;\"><strong>Die Lourdesgrotten in aller Welt<\/strong><\/span><br \/><em>Vortrag von Pater R\u00e9gis-Marie de la Teyssonni\u00e8re, Wallfahrtsgeistlicher des Marienheiligtums von Lourdes.<\/em><\/p>\t\t\t\t\t\t\t\t<\/div>\n\t\t\t\t<\/div>\n\t\t\t\t\t<\/div>\n\t\t<\/div>\n\t\t\t\t\t<\/div>\n\t\t<\/section>\n\t\t\t\t<section class=\"elementor-section elementor-top-section elementor-element elementor-element-f6e3719 elementor-section-boxed elementor-section-height-default elementor-section-height-default\" data-id=\"f6e3719\" data-element_type=\"section\">\n\t\t\t\t\t\t<div class=\"elementor-container elementor-column-gap-no\">\n\t\t\t\t\t<div class=\"elementor-column elementor-col-100 elementor-top-column elementor-element elementor-element-d85b752\" data-id=\"d85b752\" data-element_type=\"column\">\n\t\t\t<div class=\"elementor-widget-wrap elementor-element-populated\">\n\t\t\t\t\t\t<div class=\"elementor-element elementor-element-9857d76 carrousel-post elementor-arrows-position-inside elementor-widget elementor-widget-image-carousel\" data-id=\"9857d76\" data-element_type=\"widget\" data-settings=\"{&quot;slides_to_show&quot;:&quot;1&quot;,&quot;navigation&quot;:&quot;arrows&quot;,&quot;autoplay_speed&quot;:2500,&quot;autoplay&quot;:&quot;yes&quot;,&quot;pause_on_hover&quot;:&quot;yes&quot;,&quot;pause_on_interaction&quot;:&quot;yes&quot;,&quot;infinite&quot;:&quot;yes&quot;,&quot;effect&quot;:&quot;slide&quot;,&quot;speed&quot;:500}\" data-widget_type=\"image-carousel.default\">\n\t\t\t\t<div class=\"elementor-widget-container\">\n\t\t\t\t\t\t\t<div class=\"elementor-image-carousel-wrapper swiper\" role=\"region\" aria-roledescription=\"carousel\" aria-label=\"Bild Karussell\" dir=\"ltr\">\n\t\t\t<div class=\"elementor-image-carousel swiper-wrapper\" aria-live=\"off\">\n\t\t\t\t\t\t\t\t<div class=\"swiper-slide\" role=\"group\" aria-roledescription=\"slide\" aria-label=\"1 von 4\"><a data-elementor-open-lightbox=\"yes\" data-elementor-lightbox-slideshow=\"9857d76\" data-elementor-lightbox-title=\"Sydney, Australie_1\" data-e-action-hash=\"#elementor-action%3Aaction%3Dlightbox%26settings%3DeyJpZCI6NTQ1MTEsInVybCI6Imh0dHBzOlwvXC93d3cubG91cmRlcy1mcmFuY2Uub3JnXC93cC1jb250ZW50XC91cGxvYWRzXC8yMDE5XC8wNlwvU3lkbmV5LUF1c3RyYWxpZV8xLmpwZyIsInNsaWRlc2hvdyI6Ijk4NTdkNzYifQ%3D%3D\" href=\"https:\/\/www.lourdes-france.org\/wp-content\/uploads\/2019\/06\/Sydney-Australie_1.jpg\"><figure class=\"swiper-slide-inner\"><img decoding=\"async\" class=\"swiper-slide-image\" src=\"https:\/\/www.lourdes-france.org\/wp-content\/uploads\/2019\/06\/Sydney-Australie_1-768x576.jpg\" alt=\"Sydney, Australie_1\" \/><figcaption class=\"elementor-image-carousel-caption\">Sydney, Australie_1<\/figcaption><\/figure><\/a><\/div><div class=\"swiper-slide\" role=\"group\" aria-roledescription=\"slide\" aria-label=\"2 von 4\"><a data-elementor-open-lightbox=\"yes\" data-elementor-lightbox-slideshow=\"9857d76\" data-elementor-lightbox-title=\"Pu-Dong, Chine_1\" data-e-action-hash=\"#elementor-action%3Aaction%3Dlightbox%26settings%3DeyJpZCI6NTQ1MjMsInVybCI6Imh0dHBzOlwvXC93d3cubG91cmRlcy1mcmFuY2Uub3JnXC93cC1jb250ZW50XC91cGxvYWRzXC8yMDE5XC8wNlwvUHUtRG9uZy1DaGluZV8xLmpwZyIsInNsaWRlc2hvdyI6Ijk4NTdkNzYifQ%3D%3D\" href=\"https:\/\/www.lourdes-france.org\/wp-content\/uploads\/2019\/06\/Pu-Dong-Chine_1.jpg\"><figure class=\"swiper-slide-inner\"><img decoding=\"async\" class=\"swiper-slide-image\" src=\"https:\/\/www.lourdes-france.org\/wp-content\/uploads\/2019\/06\/Pu-Dong-Chine_1-768x511.jpg\" alt=\"Pu-Dong, Chine_1\" \/><figcaption class=\"elementor-image-carousel-caption\">Pu-Dong, Chine_1<\/figcaption><\/figure><\/a><\/div><div class=\"swiper-slide\" role=\"group\" aria-roledescription=\"slide\" aria-label=\"3 von 4\"><a data-elementor-open-lightbox=\"yes\" data-elementor-lightbox-slideshow=\"9857d76\" data-elementor-lightbox-title=\"Hanceville, Alabama_1\" data-e-action-hash=\"#elementor-action%3Aaction%3Dlightbox%26settings%3DeyJpZCI6NTQ1MzUsInVybCI6Imh0dHBzOlwvXC93d3cubG91cmRlcy1mcmFuY2Uub3JnXC93cC1jb250ZW50XC91cGxvYWRzXC8yMDE5XC8wNlwvSGFuY2V2aWxsZS1BbGFiYW1hXzEuanBnIiwic2xpZGVzaG93IjoiOTg1N2Q3NiJ9\" href=\"https:\/\/www.lourdes-france.org\/wp-content\/uploads\/2019\/06\/Hanceville-Alabama_1.jpg\"><figure class=\"swiper-slide-inner\"><img decoding=\"async\" class=\"swiper-slide-image\" src=\"https:\/\/www.lourdes-france.org\/wp-content\/uploads\/2019\/06\/Hanceville-Alabama_1-768x576.jpg\" alt=\"Hanceville, Alabama_1\" \/><figcaption class=\"elementor-image-carousel-caption\">Hanceville, Alabama_1<\/figcaption><\/figure><\/a><\/div><div class=\"swiper-slide\" role=\"group\" aria-roledescription=\"slide\" aria-label=\"4 von 4\"><a data-elementor-open-lightbox=\"yes\" data-elementor-lightbox-slideshow=\"9857d76\" data-elementor-lightbox-title=\"Acra, Ghana_1\" data-e-action-hash=\"#elementor-action%3Aaction%3Dlightbox%26settings%3DeyJpZCI6NTQ1NDcsInVybCI6Imh0dHBzOlwvXC93d3cubG91cmRlcy1mcmFuY2Uub3JnXC93cC1jb250ZW50XC91cGxvYWRzXC8yMDE5XC8wNlwvQWNyYS1HaGFuYV8xLmpwZyIsInNsaWRlc2hvdyI6Ijk4NTdkNzYifQ%3D%3D\" href=\"https:\/\/www.lourdes-france.org\/wp-content\/uploads\/2019\/06\/Acra-Ghana_1.jpg\"><figure class=\"swiper-slide-inner\"><img decoding=\"async\" class=\"swiper-slide-image\" src=\"https:\/\/www.lourdes-france.org\/wp-content\/uploads\/2019\/06\/Acra-Ghana_1-768x511.jpg\" alt=\"Acra, Ghana_1\" \/><figcaption class=\"elementor-image-carousel-caption\">Acra, Ghana_1<\/figcaption><\/figure><\/a><\/div>\t\t\t<\/div>\n\t\t\t\t\t\t\t\t\t\t\t\t<div class=\"elementor-swiper-button elementor-swiper-button-prev\" role=\"button\" tabindex=\"0\">\n\t\t\t\t\t\t<i aria-hidden=\"true\" class=\"eicon-chevron-left\"><\/i>\t\t\t\t\t<\/div>\n\t\t\t\t\t<div class=\"elementor-swiper-button elementor-swiper-button-next\" role=\"button\" tabindex=\"0\">\n\t\t\t\t\t\t<i aria-hidden=\"true\" class=\"eicon-chevron-right\"><\/i>\t\t\t\t\t<\/div>\n\t\t\t\t\n\t\t\t\t\t\t\t\t\t<\/div>\n\t\t\t\t\t\t<\/div>\n\t\t\t\t<\/div>\n\t\t\t\t\t<\/div>\n\t\t<\/div>\n\t\t\t\t\t<\/div>\n\t\t<\/section>\n\t\t\t\t<section class=\"elementor-section elementor-top-section elementor-element elementor-element-25440812 elementor-section-boxed elementor-section-height-default elementor-section-height-default\" data-id=\"25440812\" data-element_type=\"section\">\n\t\t\t\t\t\t<div class=\"elementor-container elementor-column-gap-no\">\n\t\t\t\t\t<div class=\"elementor-column elementor-col-100 elementor-top-column elementor-element elementor-element-1a8aa922\" data-id=\"1a8aa922\" data-element_type=\"column\">\n\t\t\t<div class=\"elementor-widget-wrap elementor-element-populated\">\n\t\t\t\t\t\t<section class=\"elementor-section elementor-inner-section elementor-element elementor-element-86b2206 elementor-section-boxed elementor-section-height-default elementor-section-height-default\" data-id=\"86b2206\" data-element_type=\"section\">\n\t\t\t\t\t\t<div class=\"elementor-container elementor-column-gap-default\">\n\t\t\t\t\t<div class=\"elementor-column elementor-col-100 elementor-inner-column elementor-element elementor-element-70230b8\" data-id=\"70230b8\" data-element_type=\"column\">\n\t\t\t<div class=\"elementor-widget-wrap elementor-element-populated\">\n\t\t\t\t\t\t<div class=\"elementor-element elementor-element-bdc471b elementor-widget elementor-widget-text-editor\" data-id=\"bdc471b\" data-element_type=\"widget\" data-widget_type=\"text-editor.default\">\n\t\t\t\t<div class=\"elementor-widget-container\">\n\t\t\t\t\t\t\t\t\t<p><strong>Donnerstag, 18. Juli, um 18:00, in der Mediathek<\/strong><br \/><span style=\"color: #e8a702;\"><strong>75 fotografische Portr\u00e4ts von Bernadette<\/strong><\/span><br \/><em>Vortrag von Jean-Fran\u00e7ois Labourie, Archivar der Stadt Lourdes.<\/em><\/p><p><strong>Donnerstag, 29. August, um 18 Uhr, im Kongresszentrum<\/strong><br \/><span style=\"color: #e8a702;\"><strong>Lourdes Impressionen \u2026<\/strong><\/span><br \/><em>Lesung von Jeanne Montaigu in Begleitung von Zacchary Pourtzeladze auf der Violine.<\/em><\/p><p><strong>Donnerstag, 12. September, um 18 Uhr, im Kongresszentrum<\/strong><br \/><span style=\"color: #e8a702;\"><strong>Die ersten Heilungen von Lourdes und die Einrichtung des Medizinischen B\u00fcros<\/strong><\/span><br \/><em>Vortrag von Dr. Alessandro de Franciscis, Pr\u00e4sident des B\u00fcros f\u00fcr medizinische Befunde<\/em><\/p><p><strong>Donnerstag, 19. September, 18 Uhr, in der Burg<\/strong><br \/><span style=\"color: #e8a702;\"><strong>1934, das Denkmal der B\u00fcrger von Lourdes f\u00fcr Bernadette<\/strong><\/span><br \/><em>Vortrag von Jean-Fran\u00e7ois Labourie, Archivar der Stadt Lourdes.<\/em><\/p><p><strong>Donnerstag, 10. Oktober, um 18 Uhr, Palais des Congr\u00e8s<\/strong><br \/><span style=\"color: #e8a702;\"><strong>Allein Bernadette<\/strong> <\/span><br \/><em>Lesung von Jeanne Montaigu in Begleitung von Zacchary Pourtzeladze auf der Violine.<\/em><\/p><p><strong>Donnerstag, 21. November, um 18 Uhr, im Kongresszentrum<\/strong><br \/><span style=\"color: #e8a702;\"><strong>Lourdes und die Pyren\u00e4en im Spiegel der Musik<\/strong><\/span><br \/><em>Musikalischer Vortrag moderiert von Arnaud Penet.<\/em><\/p><p><strong>Sonntag, 1. Dezember, um 17:30 Uhr, im Kongresszentrum<\/strong><br \/><span style=\"color: #e8a702;\"><strong>Bernadette von Lourdes nach Nevers<\/strong><\/span><br \/><em>Lesung von Jeanne Montaigu in Begleitung von Zacchary Pourtzeladze auf der Violine.<\/em><\/p><p>Finden Sie dieses Programm auf: <a href=\"http:\/\/www.lourdes.fr\" target=\"_blank\" rel=\"noopener\">www.lourdes.fr<\/a><\/p>\t\t\t\t\t\t\t\t<\/div>\n\t\t\t\t<\/div>\n\t\t\t\t\t<\/div>\n\t\t<\/div>\n\t\t\t\t\t<\/div>\n\t\t<\/section>\n\t\t\t\t\t<\/div>\n\t\t<\/div>\n\t\t\t\t\t<\/div>\n\t\t<\/section>\n\t\t\t\t<\/div>\n\t\t","protected":false},"excerpt":{"rendered":"<p>Das urspr\u00fcngliche Geschehen von Lourdes hatte zwei Kronzeugen, die ihm den Weg in die Welt ebneten: Die Grotte und Bernadette. Heute erschlie\u00dft sich uns dieser Ort als erstes, dank TV Lourdes, \u00fcber das Internet. Wenn Sie reisen, bestaunen Sie in &hellip; <a href=\"https:\/\/www.lourdes-france.org\/de\/gespraechsreihe-wir-sprechen-ueber-lourdes\/\">Weiter<\/a><\/p>\n","protected":false},"author":21,"featured_media":54483,"comment_status":"closed","ping_status":"closed","sticky":false,"template":"","format":"standard","meta":{"_acf_changed":false,"footnotes":""},"categories":[153],"tags":[],"class_list":["post-55671","post","type-post","status-publish","format-standard","has-post-thumbnail","hentry","category-aktuelles-in-lourdes"],"acf":[],"yoast_head":"<!-- This site is optimized with the Yoast SEO plugin v24.7 - https:\/\/yoast.com\/wordpress\/plugins\/seo\/ -->\n<title>Gespr\u00e4chsreihe: Wir sprechen \u00fcber Lourdes<\/title>\n<meta name=\"robots\" content=\"index, follow, max-snippet:-1, max-image-preview:large, max-video-preview:-1\" \/>\n<link rel=\"canonical\" href=\"https:\/\/www.lourdes-france.org\/de\/gespraechsreihe-wir-sprechen-ueber-lourdes\/\" \/>\n<meta name=\"twitter:label1\" content=\"Verfasst von\" \/>\n\t<meta name=\"twitter:data1\" content=\"TV LOURDES\" \/>\n\t<meta name=\"twitter:label2\" content=\"Gesch\u00e4tzte Lesezeit\" \/>\n\t<meta name=\"twitter:data2\" content=\"2\u00a0Minuten\" \/>\n<script type=\"application\/ld+json\" class=\"yoast-schema-graph\">{\"@context\":\"https:\/\/schema.org\",\"@graph\":[{\"@type\":\"WebPage\",\"@id\":\"https:\/\/www.lourdes-france.org\/de\/gespraechsreihe-wir-sprechen-ueber-lourdes\/\",\"url\":\"https:\/\/www.lourdes-france.org\/de\/gespraechsreihe-wir-sprechen-ueber-lourdes\/\",\"name\":\"Gespr\u00e4chsreihe: Wir sprechen \u00fcber Lourdes\",\"isPartOf\":{\"@id\":\"https:\/\/preprod-lourdes.cawita.com\/#website\"},\"primaryImageOfPage\":{\"@id\":\"https:\/\/www.lourdes-france.org\/de\/gespraechsreihe-wir-sprechen-ueber-lourdes\/#primaryimage\"},\"image\":{\"@id\":\"https:\/\/www.lourdes-france.org\/de\/gespraechsreihe-wir-sprechen-ueber-lourdes\/#primaryimage\"},\"thumbnailUrl\":\"https:\/\/www.lourdes-france.org\/wp-content\/uploads\/2019\/06\/bloc-conferences.jpg\",\"datePublished\":\"2019-06-06T13:33:32+00:00\",\"dateModified\":\"2026-01-30T11:21:13+00:00\",\"author\":{\"@id\":\"https:\/\/preprod-lourdes.cawita.com\/#\/schema\/person\/00e15361338ccda7ff575e7807b7ff76\"},\"breadcrumb\":{\"@id\":\"https:\/\/www.lourdes-france.org\/de\/gespraechsreihe-wir-sprechen-ueber-lourdes\/#breadcrumb\"},\"inLanguage\":\"de\",\"potentialAction\":[{\"@type\":\"ReadAction\",\"target\":[\"https:\/\/www.lourdes-france.org\/de\/gespraechsreihe-wir-sprechen-ueber-lourdes\/\"]}]},{\"@type\":\"ImageObject\",\"inLanguage\":\"de\",\"@id\":\"https:\/\/www.lourdes-france.org\/de\/gespraechsreihe-wir-sprechen-ueber-lourdes\/#primaryimage\",\"url\":\"https:\/\/www.lourdes-france.org\/wp-content\/uploads\/2019\/06\/bloc-conferences.jpg\",\"contentUrl\":\"https:\/\/www.lourdes-france.org\/wp-content\/uploads\/2019\/06\/bloc-conferences.jpg\",\"width\":760,\"height\":560},{\"@type\":\"BreadcrumbList\",\"@id\":\"https:\/\/www.lourdes-france.org\/de\/gespraechsreihe-wir-sprechen-ueber-lourdes\/#breadcrumb\",\"itemListElement\":[{\"@type\":\"ListItem\",\"position\":1,\"name\":\"Accueil\",\"item\":\"https:\/\/www.lourdes-france.org\/\"},{\"@type\":\"ListItem\",\"position\":2,\"name\":\"Gespr\u00e4chsreihe: Wir sprechen \u00fcber Lourdes\"}]},{\"@type\":\"WebSite\",\"@id\":\"https:\/\/preprod-lourdes.cawita.com\/#website\",\"url\":\"https:\/\/preprod-lourdes.cawita.com\/\",\"name\":\"Soutenir le Sanctuaire Notre-Dame de Lourdes\",\"description\":\"\",\"potentialAction\":[{\"@type\":\"SearchAction\",\"target\":{\"@type\":\"EntryPoint\",\"urlTemplate\":\"https:\/\/preprod-lourdes.cawita.com\/?s={search_term_string}\"},\"query-input\":{\"@type\":\"PropertyValueSpecification\",\"valueRequired\":true,\"valueName\":\"search_term_string\"}}],\"inLanguage\":\"de\"},{\"@type\":\"Person\",\"@id\":\"https:\/\/preprod-lourdes.cawita.com\/#\/schema\/person\/00e15361338ccda7ff575e7807b7ff76\",\"name\":\"TV LOURDES\",\"image\":{\"@type\":\"ImageObject\",\"inLanguage\":\"de\",\"@id\":\"https:\/\/preprod-lourdes.cawita.com\/#\/schema\/person\/image\/\",\"url\":\"https:\/\/secure.gravatar.com\/avatar\/99ad963db01f0c73acfee4d5f94ac178?s=96&d=mm&r=g\",\"contentUrl\":\"https:\/\/secure.gravatar.com\/avatar\/99ad963db01f0c73acfee4d5f94ac178?s=96&d=mm&r=g\",\"caption\":\"TV LOURDES\"},\"url\":\"https:\/\/www.lourdes-france.org\/de\/author\/tv-lourdes\/\"}]}<\/script>\n<!-- \/ Yoast SEO plugin. -->","yoast_head_json":{"title":"Gespr\u00e4chsreihe: Wir sprechen \u00fcber Lourdes","robots":{"index":"index","follow":"follow","max-snippet":"max-snippet:-1","max-image-preview":"max-image-preview:large","max-video-preview":"max-video-preview:-1"},"canonical":"https:\/\/www.lourdes-france.org\/de\/gespraechsreihe-wir-sprechen-ueber-lourdes\/","twitter_misc":{"Verfasst von":"TV LOURDES","Gesch\u00e4tzte Lesezeit":"2\u00a0Minuten"},"schema":{"@context":"https:\/\/schema.org","@graph":[{"@type":"WebPage","@id":"https:\/\/www.lourdes-france.org\/de\/gespraechsreihe-wir-sprechen-ueber-lourdes\/","url":"https:\/\/www.lourdes-france.org\/de\/gespraechsreihe-wir-sprechen-ueber-lourdes\/","name":"Gespr\u00e4chsreihe: Wir sprechen \u00fcber Lourdes","isPartOf":{"@id":"https:\/\/preprod-lourdes.cawita.com\/#website"},"primaryImageOfPage":{"@id":"https:\/\/www.lourdes-france.org\/de\/gespraechsreihe-wir-sprechen-ueber-lourdes\/#primaryimage"},"image":{"@id":"https:\/\/www.lourdes-france.org\/de\/gespraechsreihe-wir-sprechen-ueber-lourdes\/#primaryimage"},"thumbnailUrl":"https:\/\/www.lourdes-france.org\/wp-content\/uploads\/2019\/06\/bloc-conferences.jpg","datePublished":"2019-06-06T13:33:32+00:00","dateModified":"2026-01-30T11:21:13+00:00","author":{"@id":"https:\/\/preprod-lourdes.cawita.com\/#\/schema\/person\/00e15361338ccda7ff575e7807b7ff76"},"breadcrumb":{"@id":"https:\/\/www.lourdes-france.org\/de\/gespraechsreihe-wir-sprechen-ueber-lourdes\/#breadcrumb"},"inLanguage":"de","potentialAction":[{"@type":"ReadAction","target":["https:\/\/www.lourdes-france.org\/de\/gespraechsreihe-wir-sprechen-ueber-lourdes\/"]}]},{"@type":"ImageObject","inLanguage":"de","@id":"https:\/\/www.lourdes-france.org\/de\/gespraechsreihe-wir-sprechen-ueber-lourdes\/#primaryimage","url":"https:\/\/www.lourdes-france.org\/wp-content\/uploads\/2019\/06\/bloc-conferences.jpg","contentUrl":"https:\/\/www.lourdes-france.org\/wp-content\/uploads\/2019\/06\/bloc-conferences.jpg","width":760,"height":560},{"@type":"BreadcrumbList","@id":"https:\/\/www.lourdes-france.org\/de\/gespraechsreihe-wir-sprechen-ueber-lourdes\/#breadcrumb","itemListElement":[{"@type":"ListItem","position":1,"name":"Accueil","item":"https:\/\/www.lourdes-france.org\/"},{"@type":"ListItem","position":2,"name":"Gespr\u00e4chsreihe: Wir sprechen \u00fcber Lourdes"}]},{"@type":"WebSite","@id":"https:\/\/preprod-lourdes.cawita.com\/#website","url":"https:\/\/preprod-lourdes.cawita.com\/","name":"Soutenir le Sanctuaire Notre-Dame de Lourdes","description":"","potentialAction":[{"@type":"SearchAction","target":{"@type":"EntryPoint","urlTemplate":"https:\/\/preprod-lourdes.cawita.com\/?s={search_term_string}"},"query-input":{"@type":"PropertyValueSpecification","valueRequired":true,"valueName":"search_term_string"}}],"inLanguage":"de"},{"@type":"Person","@id":"https:\/\/preprod-lourdes.cawita.com\/#\/schema\/person\/00e15361338ccda7ff575e7807b7ff76","name":"TV LOURDES","image":{"@type":"ImageObject","inLanguage":"de","@id":"https:\/\/preprod-lourdes.cawita.com\/#\/schema\/person\/image\/","url":"https:\/\/secure.gravatar.com\/avatar\/99ad963db01f0c73acfee4d5f94ac178?s=96&d=mm&r=g","contentUrl":"https:\/\/secure.gravatar.com\/avatar\/99ad963db01f0c73acfee4d5f94ac178?s=96&d=mm&r=g","caption":"TV LOURDES"},"url":"https:\/\/www.lourdes-france.org\/de\/author\/tv-lourdes\/"}]}},"_links":{"self":[{"href":"https:\/\/www.lourdes-france.org\/de\/wp-json\/wp\/v2\/posts\/55671","targetHints":{"allow":["GET"]}}],"collection":[{"href":"https:\/\/www.lourdes-france.org\/de\/wp-json\/wp\/v2\/posts"}],"about":[{"href":"https:\/\/www.lourdes-france.org\/de\/wp-json\/wp\/v2\/types\/post"}],"author":[{"embeddable":true,"href":"https:\/\/www.lourdes-france.org\/de\/wp-json\/wp\/v2\/users\/21"}],"replies":[{"embeddable":true,"href":"https:\/\/www.lourdes-france.org\/de\/wp-json\/wp\/v2\/comments?post=55671"}],"version-history":[{"count":4,"href":"https:\/\/www.lourdes-france.org\/de\/wp-json\/wp\/v2\/posts\/55671\/revisions"}],"predecessor-version":[{"id":56091,"href":"https:\/\/www.lourdes-france.org\/de\/wp-json\/wp\/v2\/posts\/55671\/revisions\/56091"}],"wp:featuredmedia":[{"embeddable":true,"href":"https:\/\/www.lourdes-france.org\/de\/wp-json\/wp\/v2\/media\/54483"}],"wp:attachment":[{"href":"https:\/\/www.lourdes-france.org\/de\/wp-json\/wp\/v2\/media?parent=55671"}],"wp:term":[{"taxonomy":"category","embeddable":true,"href":"https:\/\/www.lourdes-france.org\/de\/wp-json\/wp\/v2\/categories?post=55671"},{"taxonomy":"post_tag","embeddable":true,"href":"https:\/\/www.lourdes-france.org\/de\/wp-json\/wp\/v2\/tags?post=55671"}],"curies":[{"name":"wp","href":"https:\/\/api.w.org\/{rel}","templated":true}]}}