{"id":69273,"date":"2019-07-04T11:52:26","date_gmt":"2019-07-04T09:52:26","guid":{"rendered":"http:\/\/www.lourdes-france.org\/bernadette-de-lourdes-voyage-au-coeur-de-la-comedie-musicale-qui-enchante-la-france\/"},"modified":"2026-01-30T12:20:50","modified_gmt":"2026-01-30T11:20:50","slug":"bernadette-von-lourdes-reise-ins-herz-des-musicals-das-ganz-frankreich-begeistert","status":"publish","type":"post","link":"https:\/\/www.lourdes-france.org\/de\/bernadette-von-lourdes-reise-ins-herz-des-musicals-das-ganz-frankreich-begeistert\/","title":{"rendered":"Bernadette von Lourdes :<\/br>Reise ins Herz des Musicals, das ganz Frankreich begeistert"},"content":{"rendered":"\t\t<div data-elementor-type=\"wp-post\" data-elementor-id=\"69273\" class=\"elementor elementor-69273 elementor-65077\" data-elementor-post-type=\"post\">\n\t\t\t\t\t\t<section class=\"elementor-section elementor-top-section elementor-element elementor-element-d5994d9 elementor-section-boxed elementor-section-height-default elementor-section-height-default\" data-id=\"d5994d9\" data-element_type=\"section\">\n\t\t\t\t\t\t<div class=\"elementor-container elementor-column-gap-no\">\n\t\t\t\t\t<div class=\"elementor-column elementor-col-100 elementor-top-column elementor-element elementor-element-2d988a8\" data-id=\"2d988a8\" data-element_type=\"column\">\n\t\t\t<div class=\"elementor-widget-wrap elementor-element-populated\">\n\t\t\t\t\t\t<div class=\"elementor-element elementor-element-89e660e elementor-widget elementor-widget-video\" data-id=\"89e660e\" data-element_type=\"widget\" data-settings=\"{&quot;youtube_url&quot;:&quot;https:\\\/\\\/www.youtube.com\\\/watch?v=4qexjMQgtZk&quot;,&quot;video_type&quot;:&quot;youtube&quot;,&quot;controls&quot;:&quot;yes&quot;}\" data-widget_type=\"video.default\">\n\t\t\t\t<div class=\"elementor-widget-container\">\n\t\t\t\t\t\t\t<div class=\"elementor-wrapper elementor-open-inline\">\n\t\t\t<div class=\"elementor-video\"><\/div>\t\t<\/div>\n\t\t\t\t\t\t<\/div>\n\t\t\t\t<\/div>\n\t\t\t\t<div class=\"elementor-element elementor-element-1c45077 elementor-widget elementor-widget-text-editor\" data-id=\"1c45077\" data-element_type=\"widget\" data-widget_type=\"text-editor.default\">\n\t\t\t\t<div class=\"elementor-widget-container\">\n\t\t\t\t\t\t\t\t\t<p>Nach einem atemberaubenden Ausblick auf das Panorama des Pyren\u00e4envorgebirge vor dem der Marienwallfahrtsort liegt, taucht der Betrachter in ein spektakul\u00e4res Making-off, gepr\u00e4gt vom subtilen Zusammenspiel der Hauptdarsteller, Chors\u00e4nger, Regisseure, sowie der anderen Mitarbeiter hinter den Kulissen und der modernen Technik ein. Alles steht im Dienste der Geschichte der kleinen Bernadette Scoubidous (1844-1879) und der Botschaft, die sie 1858 vom Himmel empfing und die sie durch ihr klares Zeugnis, einem jedem von uns anvertraut. \u201e<em>All das in Lourdes erleben zu k\u00f6nnen, ist eine gro\u00dfe Chance, ein Geschenk,<\/em>\u201c bringt es Francisco, der als einer von 4 Choristen aus der Umgebung von Lourdes f\u00fcr das Musical ausgew\u00e4hlt wurde, im Namen der ganzen Gruppe auf den Punkt. Die beeindruckenden Worte des Regisseurs Serge Denoncourt, der extra daf\u00fcr aus Qu\u00e9bec angereist und Autor des \u201eSkriptes\u201c der Texte des schauspielerischen Teils ist, zeigen den vorgegebenen Rahmen der Auff\u00fchrung. So sagt er \u00fcber Bernadette: \u201e<em>Mich interessiert das junge M\u00e4dchen, die Jugendliche und nicht die Heilige. Ich bin \u00fcberzeugt, dass sie keine L\u00fcgnerin war. Was man von einem Musical mit nach Hause nimmt, ist weniger das szenische Bild auf der B\u00fchne, sondern die Emotionen, die man dabei empfunden hat. Dieses junge M\u00e4dchen soll die Menschen ber\u00fchren. Wenn uns das bei der Premiere gelingt, ist unsere Mission erf\u00fcllt<\/em>.&#8220;<\/p>\t\t\t\t\t\t\t\t<\/div>\n\t\t\t\t<\/div>\n\t\t\t\t<div class=\"elementor-element elementor-element-19e25b2 elementor-widget elementor-widget-text-editor\" data-id=\"19e25b2\" data-element_type=\"widget\" data-widget_type=\"text-editor.default\">\n\t\t\t\t<div class=\"elementor-widget-container\">\n\t\t\t\t\t\t\t\t\t<h2><span style=\"color: #e8a700;\">Emotionen<\/span><\/h2>\t\t\t\t\t\t\t\t<\/div>\n\t\t\t\t<\/div>\n\t\t\t\t<div class=\"elementor-element elementor-element-b2d3529 elementor-widget elementor-widget-text-editor\" data-id=\"b2d3529\" data-element_type=\"widget\" data-widget_type=\"text-editor.default\">\n\t\t\t\t<div class=\"elementor-widget-container\">\n\t\t\t\t\t\t\t\t\t<p>Emotionen, Emotionen ! So lautet das Schl\u00fcsselwort. \u201eManchmal sind einige von uns den Tr\u00e4nen nahe oder weinen\u201c, erkl\u00e4rt Francisco, \u201eAuf der B\u00fchne wird man von der Botschaft, der Musik, der Sch\u00f6nheit ber\u00fchrt.\u201c<br \/><em>Aquero, Pourquoi moi (Warum ich), Madame, Le d\u00e9tachement (das Losl\u00f6sen)<\/em>, N&#8217;\u00eatre qu&#8217;un homme (nur ein Mensch sein)&#8230; Diejenigen, die das Musical gesehen haben, k\u00f6nnen sich darauf freuen, die zauberhaften Melodien von Gr\u00e9goire hier und da wieder zu h\u00f6ren; sie gehen einem nicht mehr aus dem Kopf und ber\u00fchren die Herzen. Wie das belebende und reine Wasser des Pyren\u00e4enflusses, das nicht aufgehalten werden kann, erf\u00fcllen diese Ohrw\u00fcrmer das Herz. Ein \u00dcberquell der Liebe.<\/p>\t\t\t\t\t\t\t\t<\/div>\n\t\t\t\t<\/div>\n\t\t\t\t<div class=\"elementor-element elementor-element-0320a33 elementor-widget elementor-widget-text-editor\" data-id=\"0320a33\" data-element_type=\"widget\" data-widget_type=\"text-editor.default\">\n\t\t\t\t<div class=\"elementor-widget-container\">\n\t\t\t\t\t\t\t\t\t<h2><span style=\"color: #e8a700;\">Gro\u00dfartige Szenen<\/span><\/h2>\t\t\t\t\t\t\t\t<\/div>\n\t\t\t\t<\/div>\n\t\t\t\t<div class=\"elementor-element elementor-element-04d6d52 elementor-widget elementor-widget-text-editor\" data-id=\"04d6d52\" data-element_type=\"widget\" data-widget_type=\"text-editor.default\">\n\t\t\t\t<div class=\"elementor-widget-container\">\n\t\t\t\t\t\t\t\t\t<p lang=\"zxx\">Der Dokumentarfilm zeigt auch einige gro\u00dfartige Momente, wie das Fotoshooting in den zeitgen\u00f6ssischen Kost\u00fcmen unweit der Erscheinungsgrotte der Wallfahrtsst\u00e4tte Lourdes. Thomas positioniert die S\u00e4nger bevor er ans Werk geht. Die Fotos werden f\u00fcr die Zeitschrift Gala gemacht. 150 Jahre nach den Bernadette auferlegten aufwendigen Fotosessionen, die sie zur ersten fotografierten Heiligen machten, ist auch das L\u00e4cheln der sie darstellenden Eyma frei von jeder Koketterie.<\/p>\t\t\t\t\t\t\t\t<\/div>\n\t\t\t\t<\/div>\n\t\t\t\t<div class=\"elementor-element elementor-element-5e39f35 elementor-widget elementor-widget-text-editor\" data-id=\"5e39f35\" data-element_type=\"widget\" data-widget_type=\"text-editor.default\">\n\t\t\t\t<div class=\"elementor-widget-container\">\n\t\t\t\t\t\t\t\t\t<h2><span style=\"color: #e8a700;\">Zuinnerst ber\u00fchrt<\/span><\/h2>\t\t\t\t\t\t\t\t<\/div>\n\t\t\t\t<\/div>\n\t\t\t\t<div class=\"elementor-element elementor-element-0733567 elementor-widget elementor-widget-text-editor\" data-id=\"0733567\" data-element_type=\"widget\" data-widget_type=\"text-editor.default\">\n\t\t\t\t<div class=\"elementor-widget-container\">\n\t\t\t\t\t\t\t\t\t<p lang=\"zxx\">Der Dokumentartfilm zeigt sehr emotionale Momente. Francisco, als Kenner der Geschichte und Spiritualit\u00e4t von Lourdes, fungiert f\u00fcr einige aus dem Ensemble als Wegbegleiter, und l\u00e4sst sie die Orte entdecken, an denen Bernadette gelebt hat, dabei scheint die Zeit stillzustehen. Es gen\u00fcgt, sich den Moment im Cachot anzusehen, um davon einen Eindruck zu bekommen. \u201e<em>Heute ist jeder von uns Bernadette<\/em>\u201c, so Francisco mit gesenkter Stimme. Jeder hat in seinem Innern ein Gef\u00e4ngnis, einen Cachot, aus dem er gerne ausbrechen w\u00fcrde. Denken wir an all jene, die heute in Elendsvierteln leben, an all diese \u201eElenden\u201c.<\/p>\t\t\t\t\t\t\t\t<\/div>\n\t\t\t\t<\/div>\n\t\t\t\t<div class=\"elementor-element elementor-element-fbbdf6a elementor-widget elementor-widget-text-editor\" data-id=\"fbbdf6a\" data-element_type=\"widget\" data-widget_type=\"text-editor.default\">\n\t\t\t\t<div class=\"elementor-widget-container\">\n\t\t\t\t\t\t\t\t\t<h2><span style=\"color: #e8a700;\">Vaterrolle<\/span><\/h2>\t\t\t\t\t\t\t\t<\/div>\n\t\t\t\t<\/div>\n\t\t\t\t<div class=\"elementor-element elementor-element-ad96a74 elementor-widget elementor-widget-text-editor\" data-id=\"ad96a74\" data-element_type=\"widget\" data-widget_type=\"text-editor.default\">\n\t\t\t\t<div class=\"elementor-widget-container\">\n\t\t\t\t\t\t\t\t\t<p lang=\"zxx\">David B\u00e0n, der trefflich die Rolle von Fran\u00e7ois, dem Vater Bernadettes spielt, f\u00fchrt uns hinter die Kulissen des Musicals. Ein lustiger Kerl. Als er, von seiner Rolle ber\u00fchrt, \u00fcber den eigenen Vater spricht, kommen Emotionen in ihm hoch. \u201e<em>Ich sehe vor meinem inneren Auge dein Anblick und Liebe \u00fcberkommt mich<\/em>\u201c so hei\u00dft es in seinem Lied. Wenn man ihn seinen eigenen Sohn nach anderthalb Monaten Trennung fest in die Arme schlie\u00dfen sieht, dann ist das einfach ergreifend. Das gleiche gilt f\u00fcr Eyma, die ihrem Vater Eric um den Hals f\u00e4llt. \u00dcberw\u00e4ltigend.<\/p>\t\t\t\t\t\t\t\t<\/div>\n\t\t\t\t<\/div>\n\t\t\t\t<div class=\"elementor-element elementor-element-c3ec189 elementor-widget elementor-widget-text-editor\" data-id=\"c3ec189\" data-element_type=\"widget\" data-widget_type=\"text-editor.default\">\n\t\t\t\t<div class=\"elementor-widget-container\">\n\t\t\t\t\t\t\t\t\t<h2><span style=\"color: #e8a700;\">Schlichtheit<\/span><\/h2>\t\t\t\t\t\t\t\t<\/div>\n\t\t\t\t<\/div>\n\t\t\t\t<div class=\"elementor-element elementor-element-b8b9604 elementor-widget elementor-widget-text-editor\" data-id=\"b8b9604\" data-element_type=\"widget\" data-widget_type=\"text-editor.default\">\n\t\t\t\t<div class=\"elementor-widget-container\">\n\t\t\t\t\t\t\t\t\t<p lang=\"zxx\">Der Moment der abschlie\u00dfenden Segnung durch einen Priester der Wallfahrtsst\u00e4tte, P. R\u00e9gis-Marie de la Teyssonni\u00e8re, beeindruckt durch seine Schlichtheit. Gemeinsam mit allen, ob gl\u00e4ubig oder ungl\u00e4ubig, spricht er ein Dankgebet f\u00fcr die Unterst\u00fctzung und f\u00fcr die aufrichtige Absicht, die Geschichte der Bernadette von Lourdes zu erz\u00e4hlen.<\/p>\t\t\t\t\t\t\t\t<\/div>\n\t\t\t\t<\/div>\n\t\t\t\t<div class=\"elementor-element elementor-element-17a43db elementor-widget elementor-widget-text-editor\" data-id=\"17a43db\" data-element_type=\"widget\" data-widget_type=\"text-editor.default\">\n\t\t\t\t<div class=\"elementor-widget-container\">\n\t\t\t\t\t\t\t\t\t<h2><span style=\"color: #e8a700;\">Mission erf\u00fcllt<\/span><\/h2>\t\t\t\t\t\t\t\t<\/div>\n\t\t\t\t<\/div>\n\t\t\t\t<div class=\"elementor-element elementor-element-e9ad1a0 elementor-widget elementor-widget-text-editor\" data-id=\"e9ad1a0\" data-element_type=\"widget\" data-widget_type=\"text-editor.default\">\n\t\t\t\t<div class=\"elementor-widget-container\">\n\t\t\t\t\t\t\t\t\t<p lang=\"zxx\">1. Juli, der Tag der Premiere ist endlich gekommen. Der Saal platzt fast aus allen N\u00e4hten. Das Publikum ist auf seinem Platz. Hinter den Kulissen trifft das Ensemble die letzten Vorbereitungen. Sie w\u00fcnschen sich gegenseitig gutes Gelingen. Herzlich sprechen sie sich zu und nehmen sich in den Arm. Es wird geweint und vertraulich miteinander gesprochen: Eyma steckt Roberto, einem der Produzenten des Musicals, fast unbemerkt einen kleinen Zettel zu. Daniel fl\u00fcstert Francisco zu: \u201e<em>Ich sp\u00fcre, wie du dich f\u00fchlst<\/em>\u201c. Zwei Stunden sp\u00e4ter sind die S\u00e4nger wieder hinter der B\u00fchne. \u201e<em>F\u00fcr den Regisseur ist es der schwierigste Moment. Bei der ersten Auff\u00fchrung, geht es wie bei einer Geburt zu&#8230;Ich bin erleichtert, die ganze Spannung f\u00e4llt von mir ab, ich bin sehr gl\u00fccklich, die Leute haben das Musical angenommen,<\/em>\u201c entschl\u00fcpft es schlie\u00dflich Serge. Gemeinschaft, Austausch, Freude: Auch andere finden sch\u00f6ne Worte. Ganz zu schweigen vom \u201eMerci\u201c sagen.<\/p>\t\t\t\t\t\t\t\t<\/div>\n\t\t\t\t<\/div>\n\t\t\t\t<div class=\"elementor-element elementor-element-f43f269 elementor-widget elementor-widget-text-editor\" data-id=\"f43f269\" data-element_type=\"widget\" data-widget_type=\"text-editor.default\">\n\t\t\t\t<div class=\"elementor-widget-container\">\n\t\t\t\t\t\t\t\t\t<p lang=\"zxx\">Sich Bernadette von Lourdes anzuschauen, ist eine Erfahrung, die man gemacht haben sollte. Etwas, das man seinen Lieben und seinen Freunden schenken kann, um Beziehungen zu vertiefen und sich erneut \u201eIch mag dich\u201c zuzusprechen.<\/p><p><i>Laurent Jarneau<\/i><\/p>\t\t\t\t\t\t\t\t<\/div>\n\t\t\t\t<\/div>\n\t\t\t\t\t<\/div>\n\t\t<\/div>\n\t\t\t\t\t<\/div>\n\t\t<\/section>\n\t\t\t\t<\/div>\n\t\t","protected":false},"excerpt":{"rendered":"<p>https:\/\/www.youtube.com\/watch?v=4qexjMQgtZk Nach einem atemberaubenden Ausblick auf das Panorama des Pyren\u00e4envorgebirge vor dem der Marienwallfahrtsort liegt, taucht der Betrachter in ein spektakul\u00e4res Making-off, gepr\u00e4gt vom subtilen Zusammenspiel der Hauptdarsteller, Chors\u00e4nger, Regisseure, sowie der anderen Mitarbeiter hinter den Kulissen und der modernen &hellip; <a href=\"https:\/\/www.lourdes-france.org\/de\/bernadette-von-lourdes-reise-ins-herz-des-musicals-das-ganz-frankreich-begeistert\/\">Weiter<\/a><\/p>\n","protected":false},"author":21,"featured_media":67249,"comment_status":"closed","ping_status":"closed","sticky":false,"template":"","format":"standard","meta":{"_acf_changed":false,"footnotes":""},"categories":[153,111],"tags":[],"class_list":["post-69273","post","type-post","status-publish","format-standard","has-post-thumbnail","hentry","category-aktuelles-in-lourdes","category-berichte-aus-lourdes-de"],"acf":[],"yoast_head":"<!-- This site is optimized with the Yoast SEO plugin v24.7 - https:\/\/yoast.com\/wordpress\/plugins\/seo\/ -->\n<title>Bernadette von Lourdes :Reise ins Herz des Musicals, das ganz Frankreich begeistert<\/title>\n<meta name=\"robots\" content=\"index, follow, max-snippet:-1, max-image-preview:large, max-video-preview:-1\" \/>\n<link rel=\"canonical\" href=\"https:\/\/www.lourdes-france.org\/de\/bernadette-von-lourdes-reise-ins-herz-des-musicals-das-ganz-frankreich-begeistert\/\" \/>\n<meta name=\"twitter:label1\" content=\"Verfasst von\" \/>\n\t<meta name=\"twitter:data1\" content=\"TV LOURDES\" \/>\n\t<meta name=\"twitter:label2\" content=\"Gesch\u00e4tzte Lesezeit\" \/>\n\t<meta name=\"twitter:data2\" content=\"4\u00a0Minuten\" \/>\n<script type=\"application\/ld+json\" class=\"yoast-schema-graph\">{\"@context\":\"https:\/\/schema.org\",\"@graph\":[{\"@type\":\"WebPage\",\"@id\":\"https:\/\/www.lourdes-france.org\/de\/bernadette-von-lourdes-reise-ins-herz-des-musicals-das-ganz-frankreich-begeistert\/\",\"url\":\"https:\/\/www.lourdes-france.org\/de\/bernadette-von-lourdes-reise-ins-herz-des-musicals-das-ganz-frankreich-begeistert\/\",\"name\":\"Bernadette von Lourdes :Reise ins Herz des Musicals, das ganz Frankreich begeistert\",\"isPartOf\":{\"@id\":\"https:\/\/preprod-lourdes.cawita.com\/#website\"},\"primaryImageOfPage\":{\"@id\":\"https:\/\/www.lourdes-france.org\/de\/bernadette-von-lourdes-reise-ins-herz-des-musicals-das-ganz-frankreich-begeistert\/#primaryimage\"},\"image\":{\"@id\":\"https:\/\/www.lourdes-france.org\/de\/bernadette-von-lourdes-reise-ins-herz-des-musicals-das-ganz-frankreich-begeistert\/#primaryimage\"},\"thumbnailUrl\":\"https:\/\/www.lourdes-france.org\/wp-content\/uploads\/2019\/07\/bloc-CM.jpg\",\"datePublished\":\"2019-07-04T09:52:26+00:00\",\"dateModified\":\"2026-01-30T11:20:50+00:00\",\"author\":{\"@id\":\"https:\/\/preprod-lourdes.cawita.com\/#\/schema\/person\/00e15361338ccda7ff575e7807b7ff76\"},\"breadcrumb\":{\"@id\":\"https:\/\/www.lourdes-france.org\/de\/bernadette-von-lourdes-reise-ins-herz-des-musicals-das-ganz-frankreich-begeistert\/#breadcrumb\"},\"inLanguage\":\"de\",\"potentialAction\":[{\"@type\":\"ReadAction\",\"target\":[\"https:\/\/www.lourdes-france.org\/de\/bernadette-von-lourdes-reise-ins-herz-des-musicals-das-ganz-frankreich-begeistert\/\"]}]},{\"@type\":\"ImageObject\",\"inLanguage\":\"de\",\"@id\":\"https:\/\/www.lourdes-france.org\/de\/bernadette-von-lourdes-reise-ins-herz-des-musicals-das-ganz-frankreich-begeistert\/#primaryimage\",\"url\":\"https:\/\/www.lourdes-france.org\/wp-content\/uploads\/2019\/07\/bloc-CM.jpg\",\"contentUrl\":\"https:\/\/www.lourdes-france.org\/wp-content\/uploads\/2019\/07\/bloc-CM.jpg\",\"width\":760,\"height\":560},{\"@type\":\"BreadcrumbList\",\"@id\":\"https:\/\/www.lourdes-france.org\/de\/bernadette-von-lourdes-reise-ins-herz-des-musicals-das-ganz-frankreich-begeistert\/#breadcrumb\",\"itemListElement\":[{\"@type\":\"ListItem\",\"position\":1,\"name\":\"Accueil\",\"item\":\"https:\/\/www.lourdes-france.org\/\"},{\"@type\":\"ListItem\",\"position\":2,\"name\":\"Bernadette von Lourdes :Reise ins Herz des Musicals, das ganz Frankreich begeistert\"}]},{\"@type\":\"WebSite\",\"@id\":\"https:\/\/preprod-lourdes.cawita.com\/#website\",\"url\":\"https:\/\/preprod-lourdes.cawita.com\/\",\"name\":\"Soutenir le Sanctuaire Notre-Dame de Lourdes\",\"description\":\"\",\"potentialAction\":[{\"@type\":\"SearchAction\",\"target\":{\"@type\":\"EntryPoint\",\"urlTemplate\":\"https:\/\/preprod-lourdes.cawita.com\/?s={search_term_string}\"},\"query-input\":{\"@type\":\"PropertyValueSpecification\",\"valueRequired\":true,\"valueName\":\"search_term_string\"}}],\"inLanguage\":\"de\"},{\"@type\":\"Person\",\"@id\":\"https:\/\/preprod-lourdes.cawita.com\/#\/schema\/person\/00e15361338ccda7ff575e7807b7ff76\",\"name\":\"TV LOURDES\",\"image\":{\"@type\":\"ImageObject\",\"inLanguage\":\"de\",\"@id\":\"https:\/\/preprod-lourdes.cawita.com\/#\/schema\/person\/image\/\",\"url\":\"https:\/\/secure.gravatar.com\/avatar\/99ad963db01f0c73acfee4d5f94ac178?s=96&d=mm&r=g\",\"contentUrl\":\"https:\/\/secure.gravatar.com\/avatar\/99ad963db01f0c73acfee4d5f94ac178?s=96&d=mm&r=g\",\"caption\":\"TV LOURDES\"},\"url\":\"https:\/\/www.lourdes-france.org\/de\/author\/tv-lourdes\/\"}]}<\/script>\n<!-- \/ Yoast SEO plugin. -->","yoast_head_json":{"title":"Bernadette von Lourdes :Reise ins Herz des Musicals, das ganz Frankreich begeistert","robots":{"index":"index","follow":"follow","max-snippet":"max-snippet:-1","max-image-preview":"max-image-preview:large","max-video-preview":"max-video-preview:-1"},"canonical":"https:\/\/www.lourdes-france.org\/de\/bernadette-von-lourdes-reise-ins-herz-des-musicals-das-ganz-frankreich-begeistert\/","twitter_misc":{"Verfasst von":"TV LOURDES","Gesch\u00e4tzte Lesezeit":"4\u00a0Minuten"},"schema":{"@context":"https:\/\/schema.org","@graph":[{"@type":"WebPage","@id":"https:\/\/www.lourdes-france.org\/de\/bernadette-von-lourdes-reise-ins-herz-des-musicals-das-ganz-frankreich-begeistert\/","url":"https:\/\/www.lourdes-france.org\/de\/bernadette-von-lourdes-reise-ins-herz-des-musicals-das-ganz-frankreich-begeistert\/","name":"Bernadette von Lourdes :Reise ins Herz des Musicals, das ganz Frankreich begeistert","isPartOf":{"@id":"https:\/\/preprod-lourdes.cawita.com\/#website"},"primaryImageOfPage":{"@id":"https:\/\/www.lourdes-france.org\/de\/bernadette-von-lourdes-reise-ins-herz-des-musicals-das-ganz-frankreich-begeistert\/#primaryimage"},"image":{"@id":"https:\/\/www.lourdes-france.org\/de\/bernadette-von-lourdes-reise-ins-herz-des-musicals-das-ganz-frankreich-begeistert\/#primaryimage"},"thumbnailUrl":"https:\/\/www.lourdes-france.org\/wp-content\/uploads\/2019\/07\/bloc-CM.jpg","datePublished":"2019-07-04T09:52:26+00:00","dateModified":"2026-01-30T11:20:50+00:00","author":{"@id":"https:\/\/preprod-lourdes.cawita.com\/#\/schema\/person\/00e15361338ccda7ff575e7807b7ff76"},"breadcrumb":{"@id":"https:\/\/www.lourdes-france.org\/de\/bernadette-von-lourdes-reise-ins-herz-des-musicals-das-ganz-frankreich-begeistert\/#breadcrumb"},"inLanguage":"de","potentialAction":[{"@type":"ReadAction","target":["https:\/\/www.lourdes-france.org\/de\/bernadette-von-lourdes-reise-ins-herz-des-musicals-das-ganz-frankreich-begeistert\/"]}]},{"@type":"ImageObject","inLanguage":"de","@id":"https:\/\/www.lourdes-france.org\/de\/bernadette-von-lourdes-reise-ins-herz-des-musicals-das-ganz-frankreich-begeistert\/#primaryimage","url":"https:\/\/www.lourdes-france.org\/wp-content\/uploads\/2019\/07\/bloc-CM.jpg","contentUrl":"https:\/\/www.lourdes-france.org\/wp-content\/uploads\/2019\/07\/bloc-CM.jpg","width":760,"height":560},{"@type":"BreadcrumbList","@id":"https:\/\/www.lourdes-france.org\/de\/bernadette-von-lourdes-reise-ins-herz-des-musicals-das-ganz-frankreich-begeistert\/#breadcrumb","itemListElement":[{"@type":"ListItem","position":1,"name":"Accueil","item":"https:\/\/www.lourdes-france.org\/"},{"@type":"ListItem","position":2,"name":"Bernadette von Lourdes :Reise ins Herz des Musicals, das ganz Frankreich begeistert"}]},{"@type":"WebSite","@id":"https:\/\/preprod-lourdes.cawita.com\/#website","url":"https:\/\/preprod-lourdes.cawita.com\/","name":"Soutenir le Sanctuaire Notre-Dame de Lourdes","description":"","potentialAction":[{"@type":"SearchAction","target":{"@type":"EntryPoint","urlTemplate":"https:\/\/preprod-lourdes.cawita.com\/?s={search_term_string}"},"query-input":{"@type":"PropertyValueSpecification","valueRequired":true,"valueName":"search_term_string"}}],"inLanguage":"de"},{"@type":"Person","@id":"https:\/\/preprod-lourdes.cawita.com\/#\/schema\/person\/00e15361338ccda7ff575e7807b7ff76","name":"TV LOURDES","image":{"@type":"ImageObject","inLanguage":"de","@id":"https:\/\/preprod-lourdes.cawita.com\/#\/schema\/person\/image\/","url":"https:\/\/secure.gravatar.com\/avatar\/99ad963db01f0c73acfee4d5f94ac178?s=96&d=mm&r=g","contentUrl":"https:\/\/secure.gravatar.com\/avatar\/99ad963db01f0c73acfee4d5f94ac178?s=96&d=mm&r=g","caption":"TV LOURDES"},"url":"https:\/\/www.lourdes-france.org\/de\/author\/tv-lourdes\/"}]}},"_links":{"self":[{"href":"https:\/\/www.lourdes-france.org\/de\/wp-json\/wp\/v2\/posts\/69273","targetHints":{"allow":["GET"]}}],"collection":[{"href":"https:\/\/www.lourdes-france.org\/de\/wp-json\/wp\/v2\/posts"}],"about":[{"href":"https:\/\/www.lourdes-france.org\/de\/wp-json\/wp\/v2\/types\/post"}],"author":[{"embeddable":true,"href":"https:\/\/www.lourdes-france.org\/de\/wp-json\/wp\/v2\/users\/21"}],"replies":[{"embeddable":true,"href":"https:\/\/www.lourdes-france.org\/de\/wp-json\/wp\/v2\/comments?post=69273"}],"version-history":[{"count":2,"href":"https:\/\/www.lourdes-france.org\/de\/wp-json\/wp\/v2\/posts\/69273\/revisions"}],"predecessor-version":[{"id":69281,"href":"https:\/\/www.lourdes-france.org\/de\/wp-json\/wp\/v2\/posts\/69273\/revisions\/69281"}],"wp:featuredmedia":[{"embeddable":true,"href":"https:\/\/www.lourdes-france.org\/de\/wp-json\/wp\/v2\/media\/67249"}],"wp:attachment":[{"href":"https:\/\/www.lourdes-france.org\/de\/wp-json\/wp\/v2\/media?parent=69273"}],"wp:term":[{"taxonomy":"category","embeddable":true,"href":"https:\/\/www.lourdes-france.org\/de\/wp-json\/wp\/v2\/categories?post=69273"},{"taxonomy":"post_tag","embeddable":true,"href":"https:\/\/www.lourdes-france.org\/de\/wp-json\/wp\/v2\/tags?post=69273"}],"curies":[{"name":"wp","href":"https:\/\/api.w.org\/{rel}","templated":true}]}}