{"id":120759,"date":"2019-08-06T09:11:41","date_gmt":"2019-08-06T07:11:41","guid":{"rendered":"http:\/\/www.lourdes-france.org\/la-joie-interieure-des-jeunes-benevoles-de-lourdes\/"},"modified":"2026-01-30T09:33:00","modified_gmt":"2026-01-30T08:33:00","slug":"la-alegria-comunicativa-de-los-jovenes-voluntarios-de-lourdes","status":"publish","type":"post","link":"https:\/\/www.lourdes-france.org\/es\/la-alegria-comunicativa-de-los-jovenes-voluntarios-de-lourdes\/","title":{"rendered":"\u00a1La alegr\u00eda comunicativa de los j\u00f3venes voluntarios de Lourdes !"},"content":{"rendered":"\t\t<div data-elementor-type=\"wp-post\" data-elementor-id=\"120759\" class=\"elementor elementor-120759 elementor-101261\" data-elementor-post-type=\"post\">\n\t\t\t\t\t\t<section class=\"elementor-section elementor-top-section elementor-element elementor-element-177e5ba elementor-section-boxed elementor-section-height-default elementor-section-height-default\" data-id=\"177e5ba\" data-element_type=\"section\">\n\t\t\t\t\t\t<div class=\"elementor-container elementor-column-gap-no\">\n\t\t\t\t\t<div class=\"elementor-column elementor-col-100 elementor-top-column elementor-element elementor-element-4dc1c05\" data-id=\"4dc1c05\" data-element_type=\"column\">\n\t\t\t<div class=\"elementor-widget-wrap elementor-element-populated\">\n\t\t\t\t\t\t<div class=\"elementor-element elementor-element-6291d98 elementor-widget elementor-widget-video\" data-id=\"6291d98\" data-element_type=\"widget\" data-settings=\"{&quot;youtube_url&quot;:&quot;https:\\\/\\\/youtu.be\\\/0t-CnNrc1j4&quot;,&quot;video_type&quot;:&quot;youtube&quot;,&quot;controls&quot;:&quot;yes&quot;}\" data-widget_type=\"video.default\">\n\t\t\t\t<div class=\"elementor-widget-container\">\n\t\t\t\t\t\t\t<div class=\"elementor-wrapper elementor-open-inline\">\n\t\t\t<div class=\"elementor-video\"><\/div>\t\t<\/div>\n\t\t\t\t\t\t<\/div>\n\t\t\t\t<\/div>\n\t\t\t\t<div class=\"elementor-element elementor-element-5e7b07c elementor-widget elementor-widget-text-editor\" data-id=\"5e7b07c\" data-element_type=\"widget\" data-widget_type=\"text-editor.default\">\n\t\t\t\t<div class=\"elementor-widget-container\">\n\t\t\t\t\t\t\t\t\t<p>15 j\u00f3venes voluntarios cuentan su alegr\u00eda de entregarse en Lourdes al servicio de la acogida de los peregrinos. \u00bfPor qu\u00e9 se comprometen en esta v\u00eda, por un d\u00eda, una semana, un mes, incluso m\u00e1s? \u00bfPor qu\u00e9 eligen Lourdes? Laurent Jarneau, gran reportero del Santuario, ha ido al encuentro de estos j\u00f3venes para que cuenten su experiencia. Se llaman (por orden de aparici\u00f3n en la pantalla), Charlotte, Charl\u00e8ne, Augustin, Shona, Anthony, Flore, Florent, Michel, Juline, Emma, L\u00e9a, Fran\u00e7ois, Marie, Paul y Rapha\u00ebl. Su mensaje es un\u00e1nime: en Lourdes se sienten felices poni\u00e9ndose al servicio. Sobre todo descubren un verdadero tesoro: el del encuentro decisivo con otros que son diferentes de ellos. Sus corazones se sienten elevados. Es la experiencia de la alegr\u00eda interior.<\/p>\t\t\t\t\t\t\t\t<\/div>\n\t\t\t\t<\/div>\n\t\t\t\t<div class=\"elementor-element elementor-element-b7d20a9 elementor-widget elementor-widget-text-editor\" data-id=\"b7d20a9\" data-element_type=\"widget\" data-widget_type=\"text-editor.default\">\n\t\t\t\t<div class=\"elementor-widget-container\">\n\t\t\t\t\t\t\t\t\t<p>Ser voluntario al servicio de la acogida de los peregrinos en Lourdes: <br \/><a href=\"http:\/\/www.lourdes-france.org\" target=\"_blank\" rel=\"noopener\">www.lourdes-france.org<\/a><br \/><a href=\"http:\/\/www.hospitalite-nd-lourdes.com\" target=\"_blank\" rel=\"noopener\">www.hospitalite-nd-lourdes.com<\/a><br \/><a href=\"http:\/\/www.citesaintpierre.net\" target=\"_blank\" rel=\"noopener\">www.citesaintpierre.net<\/a><br \/><a href=\"http:\/\/www.och.fr\" target=\"_blank\" rel=\"noopener\">www.och.fr<\/a><\/p>\t\t\t\t\t\t\t\t<\/div>\n\t\t\t\t<\/div>\n\t\t\t\t\t<\/div>\n\t\t<\/div>\n\t\t\t\t\t<\/div>\n\t\t<\/section>\n\t\t\t\t<\/div>\n\t\t","protected":false},"excerpt":{"rendered":"<p>https:\/\/youtu.be\/0t-CnNrc1j4 15 j\u00f3venes voluntarios cuentan su alegr\u00eda de entregarse en Lourdes al servicio de la acogida de los peregrinos. \u00bfPor qu\u00e9 se comprometen en esta v\u00eda, por un d\u00eda, una semana, un mes, incluso m\u00e1s? \u00bfPor qu\u00e9 eligen Lourdes? Laurent &hellip; <a href=\"https:\/\/www.lourdes-france.org\/es\/la-alegria-comunicativa-de-los-jovenes-voluntarios-de-lourdes\/\">Continuar<\/a><\/p>\n","protected":false},"author":21,"featured_media":101287,"comment_status":"closed","ping_status":"closed","sticky":false,"template":"","format":"standard","meta":{"_acf_changed":false,"footnotes":""},"categories":[113],"tags":[],"class_list":["post-120759","post","type-post","status-publish","format-standard","has-post-thumbnail","hentry","category-los-reportajes-de-lourdes-es"],"acf":[],"yoast_head":"<!-- This site is optimized with the Yoast SEO plugin v24.7 - https:\/\/yoast.com\/wordpress\/plugins\/seo\/ -->\n<title>\u00a1La alegr\u00eda comunicativa de los j\u00f3venes voluntarios de Lourdes !<\/title>\n<meta name=\"robots\" content=\"index, follow, max-snippet:-1, max-image-preview:large, max-video-preview:-1\" \/>\n<link rel=\"canonical\" href=\"https:\/\/www.lourdes-france.org\/es\/la-alegria-comunicativa-de-los-jovenes-voluntarios-de-lourdes\/\" \/>\n<meta name=\"twitter:label1\" content=\"Escrito por\" \/>\n\t<meta name=\"twitter:data1\" content=\"TV LOURDES\" \/>\n\t<meta name=\"twitter:label2\" content=\"Tiempo de lectura\" \/>\n\t<meta name=\"twitter:data2\" content=\"1 minuto\" \/>\n<script type=\"application\/ld+json\" class=\"yoast-schema-graph\">{\"@context\":\"https:\/\/schema.org\",\"@graph\":[{\"@type\":\"WebPage\",\"@id\":\"https:\/\/www.lourdes-france.org\/es\/la-alegria-comunicativa-de-los-jovenes-voluntarios-de-lourdes\/\",\"url\":\"https:\/\/www.lourdes-france.org\/es\/la-alegria-comunicativa-de-los-jovenes-voluntarios-de-lourdes\/\",\"name\":\"\u00a1La alegr\u00eda comunicativa de los j\u00f3venes voluntarios de Lourdes !\",\"isPartOf\":{\"@id\":\"https:\/\/preprod-lourdes.cawita.com\/#website\"},\"primaryImageOfPage\":{\"@id\":\"https:\/\/www.lourdes-france.org\/es\/la-alegria-comunicativa-de-los-jovenes-voluntarios-de-lourdes\/#primaryimage\"},\"image\":{\"@id\":\"https:\/\/www.lourdes-france.org\/es\/la-alegria-comunicativa-de-los-jovenes-voluntarios-de-lourdes\/#primaryimage\"},\"thumbnailUrl\":\"https:\/\/www.lourdes-france.org\/wp-content\/uploads\/2019\/08\/light1-380.jpg\",\"datePublished\":\"2019-08-06T07:11:41+00:00\",\"dateModified\":\"2026-01-30T08:33:00+00:00\",\"author\":{\"@id\":\"https:\/\/preprod-lourdes.cawita.com\/#\/schema\/person\/00e15361338ccda7ff575e7807b7ff76\"},\"breadcrumb\":{\"@id\":\"https:\/\/www.lourdes-france.org\/es\/la-alegria-comunicativa-de-los-jovenes-voluntarios-de-lourdes\/#breadcrumb\"},\"inLanguage\":\"es\",\"potentialAction\":[{\"@type\":\"ReadAction\",\"target\":[\"https:\/\/www.lourdes-france.org\/es\/la-alegria-comunicativa-de-los-jovenes-voluntarios-de-lourdes\/\"]}]},{\"@type\":\"ImageObject\",\"inLanguage\":\"es\",\"@id\":\"https:\/\/www.lourdes-france.org\/es\/la-alegria-comunicativa-de-los-jovenes-voluntarios-de-lourdes\/#primaryimage\",\"url\":\"https:\/\/www.lourdes-france.org\/wp-content\/uploads\/2019\/08\/light1-380.jpg\",\"contentUrl\":\"https:\/\/www.lourdes-france.org\/wp-content\/uploads\/2019\/08\/light1-380.jpg\",\"width\":760,\"height\":560},{\"@type\":\"BreadcrumbList\",\"@id\":\"https:\/\/www.lourdes-france.org\/es\/la-alegria-comunicativa-de-los-jovenes-voluntarios-de-lourdes\/#breadcrumb\",\"itemListElement\":[{\"@type\":\"ListItem\",\"position\":1,\"name\":\"Accueil\",\"item\":\"https:\/\/www.lourdes-france.org\/\"},{\"@type\":\"ListItem\",\"position\":2,\"name\":\"\u00a1La alegr\u00eda comunicativa de los j\u00f3venes voluntarios de Lourdes !\"}]},{\"@type\":\"WebSite\",\"@id\":\"https:\/\/preprod-lourdes.cawita.com\/#website\",\"url\":\"https:\/\/preprod-lourdes.cawita.com\/\",\"name\":\"Soutenir le Sanctuaire Notre-Dame de Lourdes\",\"description\":\"\",\"potentialAction\":[{\"@type\":\"SearchAction\",\"target\":{\"@type\":\"EntryPoint\",\"urlTemplate\":\"https:\/\/preprod-lourdes.cawita.com\/?s={search_term_string}\"},\"query-input\":{\"@type\":\"PropertyValueSpecification\",\"valueRequired\":true,\"valueName\":\"search_term_string\"}}],\"inLanguage\":\"es\"},{\"@type\":\"Person\",\"@id\":\"https:\/\/preprod-lourdes.cawita.com\/#\/schema\/person\/00e15361338ccda7ff575e7807b7ff76\",\"name\":\"TV LOURDES\",\"image\":{\"@type\":\"ImageObject\",\"inLanguage\":\"es\",\"@id\":\"https:\/\/preprod-lourdes.cawita.com\/#\/schema\/person\/image\/\",\"url\":\"https:\/\/secure.gravatar.com\/avatar\/99ad963db01f0c73acfee4d5f94ac178?s=96&d=mm&r=g\",\"contentUrl\":\"https:\/\/secure.gravatar.com\/avatar\/99ad963db01f0c73acfee4d5f94ac178?s=96&d=mm&r=g\",\"caption\":\"TV LOURDES\"},\"url\":\"https:\/\/www.lourdes-france.org\/es\/author\/tv-lourdes\/\"}]}<\/script>\n<!-- \/ Yoast SEO plugin. -->","yoast_head_json":{"title":"\u00a1La alegr\u00eda comunicativa de los j\u00f3venes voluntarios de Lourdes !","robots":{"index":"index","follow":"follow","max-snippet":"max-snippet:-1","max-image-preview":"max-image-preview:large","max-video-preview":"max-video-preview:-1"},"canonical":"https:\/\/www.lourdes-france.org\/es\/la-alegria-comunicativa-de-los-jovenes-voluntarios-de-lourdes\/","twitter_misc":{"Escrito por":"TV LOURDES","Tiempo de lectura":"1 minuto"},"schema":{"@context":"https:\/\/schema.org","@graph":[{"@type":"WebPage","@id":"https:\/\/www.lourdes-france.org\/es\/la-alegria-comunicativa-de-los-jovenes-voluntarios-de-lourdes\/","url":"https:\/\/www.lourdes-france.org\/es\/la-alegria-comunicativa-de-los-jovenes-voluntarios-de-lourdes\/","name":"\u00a1La alegr\u00eda comunicativa de los j\u00f3venes voluntarios de Lourdes !","isPartOf":{"@id":"https:\/\/preprod-lourdes.cawita.com\/#website"},"primaryImageOfPage":{"@id":"https:\/\/www.lourdes-france.org\/es\/la-alegria-comunicativa-de-los-jovenes-voluntarios-de-lourdes\/#primaryimage"},"image":{"@id":"https:\/\/www.lourdes-france.org\/es\/la-alegria-comunicativa-de-los-jovenes-voluntarios-de-lourdes\/#primaryimage"},"thumbnailUrl":"https:\/\/www.lourdes-france.org\/wp-content\/uploads\/2019\/08\/light1-380.jpg","datePublished":"2019-08-06T07:11:41+00:00","dateModified":"2026-01-30T08:33:00+00:00","author":{"@id":"https:\/\/preprod-lourdes.cawita.com\/#\/schema\/person\/00e15361338ccda7ff575e7807b7ff76"},"breadcrumb":{"@id":"https:\/\/www.lourdes-france.org\/es\/la-alegria-comunicativa-de-los-jovenes-voluntarios-de-lourdes\/#breadcrumb"},"inLanguage":"es","potentialAction":[{"@type":"ReadAction","target":["https:\/\/www.lourdes-france.org\/es\/la-alegria-comunicativa-de-los-jovenes-voluntarios-de-lourdes\/"]}]},{"@type":"ImageObject","inLanguage":"es","@id":"https:\/\/www.lourdes-france.org\/es\/la-alegria-comunicativa-de-los-jovenes-voluntarios-de-lourdes\/#primaryimage","url":"https:\/\/www.lourdes-france.org\/wp-content\/uploads\/2019\/08\/light1-380.jpg","contentUrl":"https:\/\/www.lourdes-france.org\/wp-content\/uploads\/2019\/08\/light1-380.jpg","width":760,"height":560},{"@type":"BreadcrumbList","@id":"https:\/\/www.lourdes-france.org\/es\/la-alegria-comunicativa-de-los-jovenes-voluntarios-de-lourdes\/#breadcrumb","itemListElement":[{"@type":"ListItem","position":1,"name":"Accueil","item":"https:\/\/www.lourdes-france.org\/"},{"@type":"ListItem","position":2,"name":"\u00a1La alegr\u00eda comunicativa de los j\u00f3venes voluntarios de Lourdes !"}]},{"@type":"WebSite","@id":"https:\/\/preprod-lourdes.cawita.com\/#website","url":"https:\/\/preprod-lourdes.cawita.com\/","name":"Soutenir le Sanctuaire Notre-Dame de Lourdes","description":"","potentialAction":[{"@type":"SearchAction","target":{"@type":"EntryPoint","urlTemplate":"https:\/\/preprod-lourdes.cawita.com\/?s={search_term_string}"},"query-input":{"@type":"PropertyValueSpecification","valueRequired":true,"valueName":"search_term_string"}}],"inLanguage":"es"},{"@type":"Person","@id":"https:\/\/preprod-lourdes.cawita.com\/#\/schema\/person\/00e15361338ccda7ff575e7807b7ff76","name":"TV LOURDES","image":{"@type":"ImageObject","inLanguage":"es","@id":"https:\/\/preprod-lourdes.cawita.com\/#\/schema\/person\/image\/","url":"https:\/\/secure.gravatar.com\/avatar\/99ad963db01f0c73acfee4d5f94ac178?s=96&d=mm&r=g","contentUrl":"https:\/\/secure.gravatar.com\/avatar\/99ad963db01f0c73acfee4d5f94ac178?s=96&d=mm&r=g","caption":"TV LOURDES"},"url":"https:\/\/www.lourdes-france.org\/es\/author\/tv-lourdes\/"}]}},"_links":{"self":[{"href":"https:\/\/www.lourdes-france.org\/es\/wp-json\/wp\/v2\/posts\/120759","targetHints":{"allow":["GET"]}}],"collection":[{"href":"https:\/\/www.lourdes-france.org\/es\/wp-json\/wp\/v2\/posts"}],"about":[{"href":"https:\/\/www.lourdes-france.org\/es\/wp-json\/wp\/v2\/types\/post"}],"author":[{"embeddable":true,"href":"https:\/\/www.lourdes-france.org\/es\/wp-json\/wp\/v2\/users\/21"}],"replies":[{"embeddable":true,"href":"https:\/\/www.lourdes-france.org\/es\/wp-json\/wp\/v2\/comments?post=120759"}],"version-history":[{"count":2,"href":"https:\/\/www.lourdes-france.org\/es\/wp-json\/wp\/v2\/posts\/120759\/revisions"}],"predecessor-version":[{"id":120773,"href":"https:\/\/www.lourdes-france.org\/es\/wp-json\/wp\/v2\/posts\/120759\/revisions\/120773"}],"wp:featuredmedia":[{"embeddable":true,"href":"https:\/\/www.lourdes-france.org\/es\/wp-json\/wp\/v2\/media\/101287"}],"wp:attachment":[{"href":"https:\/\/www.lourdes-france.org\/es\/wp-json\/wp\/v2\/media?parent=120759"}],"wp:term":[{"taxonomy":"category","embeddable":true,"href":"https:\/\/www.lourdes-france.org\/es\/wp-json\/wp\/v2\/categories?post=120759"},{"taxonomy":"post_tag","embeddable":true,"href":"https:\/\/www.lourdes-france.org\/es\/wp-json\/wp\/v2\/tags?post=120759"}],"curies":[{"name":"wp","href":"https:\/\/api.w.org\/{rel}","templated":true}]}}