{"id":18357,"date":"2018-10-22T09:00:53","date_gmt":"2018-10-22T07:00:53","guid":{"rendered":"https:\/\/www.lourdes-france.org\/comment-je-suis-devenu-hospitalier-de-lourdes\/"},"modified":"2026-01-30T09:46:38","modified_gmt":"2026-01-30T08:46:38","slug":"como-me-hice-hospitalario-de-lourdes","status":"publish","type":"post","link":"https:\/\/www.lourdes-france.org\/es\/como-me-hice-hospitalario-de-lourdes\/","title":{"rendered":"C\u00f3mo me hice hospitalario de Lourdes"},"content":{"rendered":"\t\t<div data-elementor-type=\"wp-post\" data-elementor-id=\"18357\" class=\"elementor elementor-18357 elementor-18291 elementor-bc-flex-widget\" data-elementor-post-type=\"post\">\n\t\t\t\t\t\t<section class=\"elementor-section elementor-top-section elementor-element elementor-element-368b08a3 elementor-section-boxed elementor-section-height-default elementor-section-height-default\" data-id=\"368b08a3\" data-element_type=\"section\">\n\t\t\t\t\t\t<div class=\"elementor-container elementor-column-gap-no\">\n\t\t\t\t\t<div class=\"elementor-column elementor-col-100 elementor-top-column elementor-element elementor-element-2bcad9fa\" data-id=\"2bcad9fa\" data-element_type=\"column\">\n\t\t\t<div class=\"elementor-widget-wrap elementor-element-populated\">\n\t\t\t\t\t\t<div class=\"elementor-element elementor-element-23043fd6 elementor-widget elementor-widget-text-editor\" data-id=\"23043fd6\" data-element_type=\"widget\" data-widget_type=\"text-editor.default\">\n\t\t\t\t<div class=\"elementor-widget-container\">\n\t\t\t\t\t\t\t\t\t<p>A veces rezaba, pero nunca obten\u00eda lo que ped\u00eda. En mi mente de ni\u00f1o me dec\u00eda: Jes\u00fas, como todos los hombres, no es bueno. Entonces rec\u00e9 a Mar\u00eda, porque las madres aman a sus hijos.<\/p>\t\t\t\t\t\t\t\t<\/div>\n\t\t\t\t<\/div>\n\t\t\t\t<div class=\"elementor-element elementor-element-7aadc79 elementor-widget elementor-widget-text-editor\" data-id=\"7aadc79\" data-element_type=\"widget\" data-widget_type=\"text-editor.default\">\n\t\t\t\t<div class=\"elementor-widget-container\">\n\t\t\t\t\t\t\t\t\t<p>seguimos a los peregrinos bajo la roca. Mi hijo y mi mujer iban delante de m\u00ed. En medio de la Gruta ocurri\u00f3 algo muy fuerte y repentino. Una emoci\u00f3n inmensa invadi\u00f3 todo mi cuerpo, mi alma, y empezaron a brotar las l\u00e1grimas, sin poder detenerlas. No entend\u00eda por qu\u00e9. Nada m\u00e1s salir de la Gruta todo desapareci\u00f3 como hab\u00eda llegado. Yo fing\u00eda grabar algo para que no vieran mis ojos. Hoy a\u00fan no s\u00e9 lo que pas\u00f3. Incluso me pregunto si no estaba cansado o enfermo. Esa misma noche volv\u00edamos a casa.<\/p>\t\t\t\t\t\t\t\t<\/div>\n\t\t\t\t<\/div>\n\t\t\t\t<div class=\"elementor-element elementor-element-e4dc0ea elementor-widget elementor-widget-text-editor\" data-id=\"e4dc0ea\" data-element_type=\"widget\" data-widget_type=\"text-editor.default\">\n\t\t\t\t<div class=\"elementor-widget-container\">\n\t\t\t\t\t\t\t\t\t<p>Algo crec\u00eda en mi interior con el paso del tiempo: una fuerza que me empujaba a hacer algo, pero \u00bfqu\u00e9? Entonces busqu\u00e9: C\u00e1ritas, comidas solidarias, lucha contra la pobreza\u2026 Me daba cuenta de que no era nada de eso. Una tarde, pensando en Lourdes, busqu\u00e9 una p\u00e1gina web. Vi que se pod\u00eda servir en el santuario. Supe que hab\u00eda encontrado lo que buscaba. Me hice hospitalario. Hice mi Primera Comuni\u00f3n en la catedral de San Juan en Perpi\u00f1\u00e1n. Cuando descubren que mi hija de 7 a\u00f1os tiene leucemia, nuestra vida se tambalea en cuesti\u00f3n de segundos. Hab\u00eda pedido al Se\u00f1or que no probara mi fe, ya que no sab\u00eda c\u00f3mo reaccionar\u00eda. Impotentes, nuestra \u00fanica manera de luchar era rezar y seguir rezando. Una tarde, en la habitaci\u00f3n de mi hija, rec\u00e9 una oraci\u00f3n. En medio de la oraci\u00f3n hay que santiguarse. Mi ni\u00f1a estaba jugando sentada en la cama y no pod\u00eda verme. Mientras me santiguaba, mir\u00f3 al techo y dijo tres veces: \u00abJes\u00fas\u00bb. Enseguida se puso a jugar de nuevo, como si no hubiera pasado nada. Termin\u00e9 mi oraci\u00f3n y no me atrev\u00ed a preguntarle lo que hab\u00eda visto. Hoy est\u00e1 mucho mejor. Sigue con la quimio. No soy capaz de decir o entender lo que pas\u00f3, pero quiero pensar que el Alt\u00edsimo nos ha concedido una gracia particular. <br \/><strong>Pierre (Francia)<\/strong><\/p>\t\t\t\t\t\t\t\t<\/div>\n\t\t\t\t<\/div>\n\t\t\t\t<div class=\"elementor-element elementor-element-1a266dd elementor-widget elementor-widget-image\" data-id=\"1a266dd\" data-element_type=\"widget\" data-widget_type=\"image.default\">\n\t\t\t\t<div class=\"elementor-widget-container\">\n\t\t\t\t\t\t\t\t\t\t\t\t\t\t\t\t<a href=\"https:\/\/www.lourdes-france.org\/wp-content\/uploads\/2018\/10\/PierreRodriguez_JournalGraces_DR-1.jpg\" data-elementor-open-lightbox=\"yes\" data-elementor-lightbox-title=\"PierreRodriguez_JournalGraces_DR\" data-e-action-hash=\"#elementor-action%3Aaction%3Dlightbox%26settings%3DeyJpZCI6MTgzMzcsInVybCI6Imh0dHBzOlwvXC93d3cubG91cmRlcy1mcmFuY2Uub3JnXC93cC1jb250ZW50XC91cGxvYWRzXC8yMDE4XC8xMFwvUGllcnJlUm9kcmlndWV6X0pvdXJuYWxHcmFjZXNfRFItMS5qcGcifQ%3D%3D\">\n\t\t\t\t\t\t\t<img decoding=\"async\" src=\"https:\/\/www.lourdes-france.org\/wp-content\/uploads\/elementor\/thumbs\/PierreRodriguez_JournalGraces_DR-1-p61bvy1t1f8erp1zuoxm0tlrucec2j6qv9lv9m9enk.jpg\" title=\"PierreRodriguez_JournalGraces_DR\" alt=\"PierreRodriguez_JournalGraces_DR\" loading=\"lazy\" \/>\t\t\t\t\t\t\t\t<\/a>\n\t\t\t\t\t\t\t\t\t\t\t\t\t\t\t<\/div>\n\t\t\t\t<\/div>\n\t\t\t\t<div class=\"elementor-element elementor-element-7b7a1fb elementor-widget elementor-widget-text-editor\" data-id=\"7b7a1fb\" data-element_type=\"widget\" data-widget_type=\"text-editor.default\">\n\t\t\t\t<div class=\"elementor-widget-container\">\n\t\t\t\t\t\t\t\t\t<p>Pierrre Rodriguez en Lourdes<\/p>\t\t\t\t\t\t\t\t<\/div>\n\t\t\t\t<\/div>\n\t\t\t\t<div class=\"elementor-element elementor-element-73e247b elementor-widget elementor-widget-spacer\" data-id=\"73e247b\" data-element_type=\"widget\" data-widget_type=\"spacer.default\">\n\t\t\t\t<div class=\"elementor-widget-container\">\n\t\t\t\t\t\t\t<div class=\"elementor-spacer\">\n\t\t\t<div class=\"elementor-spacer-inner\"><\/div>\n\t\t<\/div>\n\t\t\t\t\t\t<\/div>\n\t\t\t\t<\/div>\n\t\t\t\t\t<\/div>\n\t\t<\/div>\n\t\t\t\t\t<\/div>\n\t\t<\/section>\n\t\t\t\t<\/div>\n\t\t","protected":false},"excerpt":{"rendered":"<p>A veces rezaba, pero nunca obten\u00eda lo que ped\u00eda. En mi mente de ni\u00f1o me dec\u00eda: Jes\u00fas, como todos los hombres, no es bueno. Entonces rec\u00e9 a Mar\u00eda, porque las madres aman a sus hijos. seguimos a los peregrinos bajo &hellip; <a href=\"https:\/\/www.lourdes-france.org\/es\/como-me-hice-hospitalario-de-lourdes\/\">Continuar<\/a><\/p>\n","protected":false},"author":21,"featured_media":18419,"comment_status":"closed","ping_status":"closed","sticky":false,"template":"","format":"standard","meta":{"_acf_changed":false,"footnotes":""},"categories":[133],"tags":[],"class_list":["post-18357","post","type-post","status-publish","format-standard","has-post-thumbnail","hentry","category-amazing-grace-es"],"acf":[],"yoast_head":"<!-- This site is optimized with the Yoast SEO plugin v24.7 - https:\/\/yoast.com\/wordpress\/plugins\/seo\/ -->\n<title>C\u00f3mo me hice hospitalario de Lourdes<\/title>\n<meta name=\"robots\" content=\"index, follow, max-snippet:-1, max-image-preview:large, max-video-preview:-1\" \/>\n<link rel=\"canonical\" href=\"https:\/\/www.lourdes-france.org\/es\/como-me-hice-hospitalario-de-lourdes\/\" \/>\n<meta name=\"twitter:label1\" content=\"Escrito por\" \/>\n\t<meta name=\"twitter:data1\" content=\"TV LOURDES\" \/>\n\t<meta name=\"twitter:label2\" content=\"Tiempo de lectura\" \/>\n\t<meta name=\"twitter:data2\" content=\"2 minutos\" \/>\n<script type=\"application\/ld+json\" class=\"yoast-schema-graph\">{\"@context\":\"https:\/\/schema.org\",\"@graph\":[{\"@type\":\"WebPage\",\"@id\":\"https:\/\/www.lourdes-france.org\/es\/como-me-hice-hospitalario-de-lourdes\/\",\"url\":\"https:\/\/www.lourdes-france.org\/es\/como-me-hice-hospitalario-de-lourdes\/\",\"name\":\"C\u00f3mo me hice hospitalario de Lourdes\",\"isPartOf\":{\"@id\":\"https:\/\/preprod-lourdes.cawita.com\/#website\"},\"primaryImageOfPage\":{\"@id\":\"https:\/\/www.lourdes-france.org\/es\/como-me-hice-hospitalario-de-lourdes\/#primaryimage\"},\"image\":{\"@id\":\"https:\/\/www.lourdes-france.org\/es\/como-me-hice-hospitalario-de-lourdes\/#primaryimage\"},\"thumbnailUrl\":\"https:\/\/www.lourdes-france.org\/wp-content\/uploads\/2018\/10\/FatimaetAparecida2017-380.jpg\",\"datePublished\":\"2018-10-22T07:00:53+00:00\",\"dateModified\":\"2026-01-30T08:46:38+00:00\",\"author\":{\"@id\":\"https:\/\/preprod-lourdes.cawita.com\/#\/schema\/person\/00e15361338ccda7ff575e7807b7ff76\"},\"breadcrumb\":{\"@id\":\"https:\/\/www.lourdes-france.org\/es\/como-me-hice-hospitalario-de-lourdes\/#breadcrumb\"},\"inLanguage\":\"es\",\"potentialAction\":[{\"@type\":\"ReadAction\",\"target\":[\"https:\/\/www.lourdes-france.org\/es\/como-me-hice-hospitalario-de-lourdes\/\"]}]},{\"@type\":\"ImageObject\",\"inLanguage\":\"es\",\"@id\":\"https:\/\/www.lourdes-france.org\/es\/como-me-hice-hospitalario-de-lourdes\/#primaryimage\",\"url\":\"https:\/\/www.lourdes-france.org\/wp-content\/uploads\/2018\/10\/FatimaetAparecida2017-380.jpg\",\"contentUrl\":\"https:\/\/www.lourdes-france.org\/wp-content\/uploads\/2018\/10\/FatimaetAparecida2017-380.jpg\",\"width\":380,\"height\":280},{\"@type\":\"BreadcrumbList\",\"@id\":\"https:\/\/www.lourdes-france.org\/es\/como-me-hice-hospitalario-de-lourdes\/#breadcrumb\",\"itemListElement\":[{\"@type\":\"ListItem\",\"position\":1,\"name\":\"Accueil\",\"item\":\"https:\/\/www.lourdes-france.org\/\"},{\"@type\":\"ListItem\",\"position\":2,\"name\":\"C\u00f3mo me hice hospitalario de Lourdes\"}]},{\"@type\":\"WebSite\",\"@id\":\"https:\/\/preprod-lourdes.cawita.com\/#website\",\"url\":\"https:\/\/preprod-lourdes.cawita.com\/\",\"name\":\"Soutenir le Sanctuaire Notre-Dame de Lourdes\",\"description\":\"\",\"potentialAction\":[{\"@type\":\"SearchAction\",\"target\":{\"@type\":\"EntryPoint\",\"urlTemplate\":\"https:\/\/preprod-lourdes.cawita.com\/?s={search_term_string}\"},\"query-input\":{\"@type\":\"PropertyValueSpecification\",\"valueRequired\":true,\"valueName\":\"search_term_string\"}}],\"inLanguage\":\"es\"},{\"@type\":\"Person\",\"@id\":\"https:\/\/preprod-lourdes.cawita.com\/#\/schema\/person\/00e15361338ccda7ff575e7807b7ff76\",\"name\":\"TV LOURDES\",\"image\":{\"@type\":\"ImageObject\",\"inLanguage\":\"es\",\"@id\":\"https:\/\/preprod-lourdes.cawita.com\/#\/schema\/person\/image\/\",\"url\":\"https:\/\/secure.gravatar.com\/avatar\/99ad963db01f0c73acfee4d5f94ac178?s=96&d=mm&r=g\",\"contentUrl\":\"https:\/\/secure.gravatar.com\/avatar\/99ad963db01f0c73acfee4d5f94ac178?s=96&d=mm&r=g\",\"caption\":\"TV LOURDES\"},\"url\":\"https:\/\/www.lourdes-france.org\/es\/author\/tv-lourdes\/\"}]}<\/script>\n<!-- \/ Yoast SEO plugin. -->","yoast_head_json":{"title":"C\u00f3mo me hice hospitalario de Lourdes","robots":{"index":"index","follow":"follow","max-snippet":"max-snippet:-1","max-image-preview":"max-image-preview:large","max-video-preview":"max-video-preview:-1"},"canonical":"https:\/\/www.lourdes-france.org\/es\/como-me-hice-hospitalario-de-lourdes\/","twitter_misc":{"Escrito por":"TV LOURDES","Tiempo de lectura":"2 minutos"},"schema":{"@context":"https:\/\/schema.org","@graph":[{"@type":"WebPage","@id":"https:\/\/www.lourdes-france.org\/es\/como-me-hice-hospitalario-de-lourdes\/","url":"https:\/\/www.lourdes-france.org\/es\/como-me-hice-hospitalario-de-lourdes\/","name":"C\u00f3mo me hice hospitalario de Lourdes","isPartOf":{"@id":"https:\/\/preprod-lourdes.cawita.com\/#website"},"primaryImageOfPage":{"@id":"https:\/\/www.lourdes-france.org\/es\/como-me-hice-hospitalario-de-lourdes\/#primaryimage"},"image":{"@id":"https:\/\/www.lourdes-france.org\/es\/como-me-hice-hospitalario-de-lourdes\/#primaryimage"},"thumbnailUrl":"https:\/\/www.lourdes-france.org\/wp-content\/uploads\/2018\/10\/FatimaetAparecida2017-380.jpg","datePublished":"2018-10-22T07:00:53+00:00","dateModified":"2026-01-30T08:46:38+00:00","author":{"@id":"https:\/\/preprod-lourdes.cawita.com\/#\/schema\/person\/00e15361338ccda7ff575e7807b7ff76"},"breadcrumb":{"@id":"https:\/\/www.lourdes-france.org\/es\/como-me-hice-hospitalario-de-lourdes\/#breadcrumb"},"inLanguage":"es","potentialAction":[{"@type":"ReadAction","target":["https:\/\/www.lourdes-france.org\/es\/como-me-hice-hospitalario-de-lourdes\/"]}]},{"@type":"ImageObject","inLanguage":"es","@id":"https:\/\/www.lourdes-france.org\/es\/como-me-hice-hospitalario-de-lourdes\/#primaryimage","url":"https:\/\/www.lourdes-france.org\/wp-content\/uploads\/2018\/10\/FatimaetAparecida2017-380.jpg","contentUrl":"https:\/\/www.lourdes-france.org\/wp-content\/uploads\/2018\/10\/FatimaetAparecida2017-380.jpg","width":380,"height":280},{"@type":"BreadcrumbList","@id":"https:\/\/www.lourdes-france.org\/es\/como-me-hice-hospitalario-de-lourdes\/#breadcrumb","itemListElement":[{"@type":"ListItem","position":1,"name":"Accueil","item":"https:\/\/www.lourdes-france.org\/"},{"@type":"ListItem","position":2,"name":"C\u00f3mo me hice hospitalario de Lourdes"}]},{"@type":"WebSite","@id":"https:\/\/preprod-lourdes.cawita.com\/#website","url":"https:\/\/preprod-lourdes.cawita.com\/","name":"Soutenir le Sanctuaire Notre-Dame de Lourdes","description":"","potentialAction":[{"@type":"SearchAction","target":{"@type":"EntryPoint","urlTemplate":"https:\/\/preprod-lourdes.cawita.com\/?s={search_term_string}"},"query-input":{"@type":"PropertyValueSpecification","valueRequired":true,"valueName":"search_term_string"}}],"inLanguage":"es"},{"@type":"Person","@id":"https:\/\/preprod-lourdes.cawita.com\/#\/schema\/person\/00e15361338ccda7ff575e7807b7ff76","name":"TV LOURDES","image":{"@type":"ImageObject","inLanguage":"es","@id":"https:\/\/preprod-lourdes.cawita.com\/#\/schema\/person\/image\/","url":"https:\/\/secure.gravatar.com\/avatar\/99ad963db01f0c73acfee4d5f94ac178?s=96&d=mm&r=g","contentUrl":"https:\/\/secure.gravatar.com\/avatar\/99ad963db01f0c73acfee4d5f94ac178?s=96&d=mm&r=g","caption":"TV LOURDES"},"url":"https:\/\/www.lourdes-france.org\/es\/author\/tv-lourdes\/"}]}},"_links":{"self":[{"href":"https:\/\/www.lourdes-france.org\/es\/wp-json\/wp\/v2\/posts\/18357","targetHints":{"allow":["GET"]}}],"collection":[{"href":"https:\/\/www.lourdes-france.org\/es\/wp-json\/wp\/v2\/posts"}],"about":[{"href":"https:\/\/www.lourdes-france.org\/es\/wp-json\/wp\/v2\/types\/post"}],"author":[{"embeddable":true,"href":"https:\/\/www.lourdes-france.org\/es\/wp-json\/wp\/v2\/users\/21"}],"replies":[{"embeddable":true,"href":"https:\/\/www.lourdes-france.org\/es\/wp-json\/wp\/v2\/comments?post=18357"}],"version-history":[{"count":6,"href":"https:\/\/www.lourdes-france.org\/es\/wp-json\/wp\/v2\/posts\/18357\/revisions"}],"predecessor-version":[{"id":20960,"href":"https:\/\/www.lourdes-france.org\/es\/wp-json\/wp\/v2\/posts\/18357\/revisions\/20960"}],"wp:featuredmedia":[{"embeddable":true,"href":"https:\/\/www.lourdes-france.org\/es\/wp-json\/wp\/v2\/media\/18419"}],"wp:attachment":[{"href":"https:\/\/www.lourdes-france.org\/es\/wp-json\/wp\/v2\/media?parent=18357"}],"wp:term":[{"taxonomy":"category","embeddable":true,"href":"https:\/\/www.lourdes-france.org\/es\/wp-json\/wp\/v2\/categories?post=18357"},{"taxonomy":"post_tag","embeddable":true,"href":"https:\/\/www.lourdes-france.org\/es\/wp-json\/wp\/v2\/tags?post=18357"}],"curies":[{"name":"wp","href":"https:\/\/api.w.org\/{rel}","templated":true}]}}