{"id":186313,"date":"2019-11-14T11:37:05","date_gmt":"2019-11-14T10:37:05","guid":{"rendered":"http:\/\/www.lourdes-france.org\/bernadette-poursuit-son-pelerinage-en-espagnedu-12-au-14-novembre-gerone-laccueille\/"},"modified":"2026-01-30T08:59:27","modified_gmt":"2026-01-30T07:59:27","slug":"bernardita-continua-su-peregrinacion-por-espanadel-12-al-14-de-noviembre-gerona-la-acoge","status":"publish","type":"post","link":"https:\/\/www.lourdes-france.org\/es\/bernardita-continua-su-peregrinacion-por-espanadel-12-al-14-de-noviembre-gerona-la-acoge\/","title":{"rendered":"Bernardita contin\u00faa su peregrinaci\u00f3n por Espa\u00f1a<\/br>Del 12 al 14 de noviembre Gerona la acoge"},"content":{"rendered":"\t\t<div data-elementor-type=\"wp-post\" data-elementor-id=\"186313\" class=\"elementor elementor-186313 elementor-185919\" data-elementor-post-type=\"post\">\n\t\t\t\t\t\t<section class=\"elementor-section elementor-top-section elementor-element elementor-element-ac41f7c elementor-section-boxed elementor-section-height-default elementor-section-height-default\" data-id=\"ac41f7c\" data-element_type=\"section\">\n\t\t\t\t\t\t<div class=\"elementor-container elementor-column-gap-no\">\n\t\t\t\t\t<div class=\"elementor-column elementor-col-100 elementor-top-column elementor-element elementor-element-a190339\" data-id=\"a190339\" data-element_type=\"column\">\n\t\t\t<div class=\"elementor-widget-wrap elementor-element-populated\">\n\t\t\t\t\t\t<div class=\"elementor-element elementor-element-5a5144e elementor-widget elementor-widget-text-editor\" data-id=\"5a5144e\" data-element_type=\"widget\" data-widget_type=\"text-editor.default\">\n\t\t\t\t<div class=\"elementor-widget-container\">\n\t\t\t\t\t\t\t\t\t<h2><span style=\"color: #e8a700;\">Un gran orgullo para Gerona<\/span><\/h2>\t\t\t\t\t\t\t\t<\/div>\n\t\t\t\t<\/div>\n\t\t\t\t<div class=\"elementor-element elementor-element-3f4b226 elementor-widget elementor-widget-text-editor\" data-id=\"3f4b226\" data-element_type=\"widget\" data-widget_type=\"text-editor.default\">\n\t\t\t\t<div class=\"elementor-widget-container\">\n\t\t\t\t\t\t\t\t\t<p>La peregrinaci\u00f3n de las reliquias de santa Bernardita permite a todas las personas que no pueden desplazarse a Lourdes que recen y celebren a la vidente. Para ilustrar el tema del Santuario \u00abBienaventurados vosotros los pobres\u00bb, tambi\u00e9n han podido depositar todas sus intenciones como si lo hubieran hecho en la Gruta de Massabielle.<\/p>\t\t\t\t\t\t\t\t<\/div>\n\t\t\t\t<\/div>\n\t\t\t\t<div class=\"elementor-element elementor-element-222e1d8c carrousel-post elementor-arrows-position-inside elementor-pagination-position-outside elementor-widget elementor-widget-image-carousel\" data-id=\"222e1d8c\" data-element_type=\"widget\" data-settings=\"{&quot;slides_to_show&quot;:&quot;1&quot;,&quot;navigation&quot;:&quot;both&quot;,&quot;autoplay&quot;:&quot;yes&quot;,&quot;pause_on_hover&quot;:&quot;yes&quot;,&quot;pause_on_interaction&quot;:&quot;yes&quot;,&quot;autoplay_speed&quot;:5000,&quot;infinite&quot;:&quot;yes&quot;,&quot;effect&quot;:&quot;slide&quot;,&quot;speed&quot;:500}\" data-widget_type=\"image-carousel.default\">\n\t\t\t\t<div class=\"elementor-widget-container\">\n\t\t\t\t\t\t\t<div class=\"elementor-image-carousel-wrapper swiper\" role=\"region\" aria-roledescription=\"carousel\" aria-label=\"Carrusel de im\u00e1genes\" dir=\"ltr\">\n\t\t\t<div class=\"elementor-image-carousel swiper-wrapper\" aria-live=\"off\">\n\t\t\t\t\t\t\t\t<div class=\"swiper-slide\" role=\"group\" aria-roledescription=\"slide\" aria-label=\"1 de 21\"><a data-elementor-open-lightbox=\"yes\" data-elementor-lightbox-slideshow=\"222e1d8c\" data-elementor-lightbox-title=\"reduit_CARROUSEL-PHOTO-1BIS-Arriv\u00e9e-Reliques_Statue-Vierge_0751\" data-e-action-hash=\"#elementor-action%3Aaction%3Dlightbox%26settings%3DeyJpZCI6MTg1OTY5LCJ1cmwiOiJodHRwczpcL1wvd3d3LmxvdXJkZXMtZnJhbmNlLm9yZ1wvd3AtY29udGVudFwvdXBsb2Fkc1wvMjAxOVwvMTFcL3JlZHVpdF9DQVJST1VTRUwtUEhPVE8tMUJJUy1BcnJpdlx1MDBlOWUtUmVsaXF1ZXNfU3RhdHVlLVZpZXJnZV8wNzUxLmpwZyIsInNsaWRlc2hvdyI6IjIyMmUxZDhjIn0%3D\" href=\"https:\/\/www.lourdes-france.org\/wp-content\/uploads\/2019\/11\/reduit_CARROUSEL-PHOTO-1BIS-Arriv\u00e9e-Reliques_Statue-Vierge_0751.jpg\"><figure class=\"swiper-slide-inner\"><img decoding=\"async\" class=\"swiper-slide-image\" src=\"https:\/\/www.lourdes-france.org\/wp-content\/uploads\/2019\/11\/reduit_CARROUSEL-PHOTO-1BIS-Arriv\u00e9e-Reliques_Statue-Vierge_0751-768x512.jpg\" alt=\"reduit_CARROUSEL-PHOTO-1BIS-Arriv\u00e9e-Reliques_Statue-Vierge_0751\" \/><\/figure><\/a><\/div><div class=\"swiper-slide\" role=\"group\" aria-roledescription=\"slide\" aria-label=\"2 de 21\"><a data-elementor-open-lightbox=\"yes\" data-elementor-lightbox-slideshow=\"222e1d8c\" data-elementor-lightbox-title=\"reduit_CARROUSEL-PHOTO-8-Arrivee-Reliques_0770\" data-e-action-hash=\"#elementor-action%3Aaction%3Dlightbox%26settings%3DeyJpZCI6MTg2MDE3LCJ1cmwiOiJodHRwczpcL1wvd3d3LmxvdXJkZXMtZnJhbmNlLm9yZ1wvd3AtY29udGVudFwvdXBsb2Fkc1wvMjAxOVwvMTFcL3JlZHVpdF9DQVJST1VTRUwtUEhPVE8tOC1BcnJpdmVlLVJlbGlxdWVzXzA3NzAuanBnIiwic2xpZGVzaG93IjoiMjIyZTFkOGMifQ%3D%3D\" href=\"https:\/\/www.lourdes-france.org\/wp-content\/uploads\/2019\/11\/reduit_CARROUSEL-PHOTO-8-Arrivee-Reliques_0770.jpg\"><figure class=\"swiper-slide-inner\"><img decoding=\"async\" class=\"swiper-slide-image\" src=\"https:\/\/www.lourdes-france.org\/wp-content\/uploads\/2019\/11\/reduit_CARROUSEL-PHOTO-8-Arrivee-Reliques_0770-768x1152.jpg\" alt=\"reduit_CARROUSEL-PHOTO-8-Arrivee-Reliques_0770\" \/><\/figure><\/a><\/div><div class=\"swiper-slide\" role=\"group\" aria-roledescription=\"slide\" aria-label=\"3 de 21\"><a data-elementor-open-lightbox=\"yes\" data-elementor-lightbox-slideshow=\"222e1d8c\" data-elementor-lightbox-title=\"reduit_CARROUSEL-PHOTO-2-Arrivee-Reliques_0754\" data-e-action-hash=\"#elementor-action%3Aaction%3Dlightbox%26settings%3DeyJpZCI6MTg1OTgxLCJ1cmwiOiJodHRwczpcL1wvd3d3LmxvdXJkZXMtZnJhbmNlLm9yZ1wvd3AtY29udGVudFwvdXBsb2Fkc1wvMjAxOVwvMTFcL3JlZHVpdF9DQVJST1VTRUwtUEhPVE8tMi1BcnJpdmVlLVJlbGlxdWVzXzA3NTQuanBnIiwic2xpZGVzaG93IjoiMjIyZTFkOGMifQ%3D%3D\" href=\"https:\/\/www.lourdes-france.org\/wp-content\/uploads\/2019\/11\/reduit_CARROUSEL-PHOTO-2-Arrivee-Reliques_0754.jpg\"><figure class=\"swiper-slide-inner\"><img decoding=\"async\" class=\"swiper-slide-image\" src=\"https:\/\/www.lourdes-france.org\/wp-content\/uploads\/2019\/11\/reduit_CARROUSEL-PHOTO-2-Arrivee-Reliques_0754-768x576.jpg\" alt=\"reduit_CARROUSEL-PHOTO-2-Arrivee-Reliques_0754\" \/><\/figure><\/a><\/div><div class=\"swiper-slide\" role=\"group\" aria-roledescription=\"slide\" aria-label=\"4 de 21\"><a data-elementor-open-lightbox=\"yes\" data-elementor-lightbox-slideshow=\"222e1d8c\" data-elementor-lightbox-title=\"reduit_CARROUSEL-PHOTO-3-Arrivee-Reliques_0756\" data-e-action-hash=\"#elementor-action%3Aaction%3Dlightbox%26settings%3DeyJpZCI6MTg1OTkzLCJ1cmwiOiJodHRwczpcL1wvd3d3LmxvdXJkZXMtZnJhbmNlLm9yZ1wvd3AtY29udGVudFwvdXBsb2Fkc1wvMjAxOVwvMTFcL3JlZHVpdF9DQVJST1VTRUwtUEhPVE8tMy1BcnJpdmVlLVJlbGlxdWVzXzA3NTYuanBnIiwic2xpZGVzaG93IjoiMjIyZTFkOGMifQ%3D%3D\" href=\"https:\/\/www.lourdes-france.org\/wp-content\/uploads\/2019\/11\/reduit_CARROUSEL-PHOTO-3-Arrivee-Reliques_0756.jpg\"><figure class=\"swiper-slide-inner\"><img decoding=\"async\" class=\"swiper-slide-image\" src=\"https:\/\/www.lourdes-france.org\/wp-content\/uploads\/2019\/11\/reduit_CARROUSEL-PHOTO-3-Arrivee-Reliques_0756-768x1152.jpg\" alt=\"reduit_CARROUSEL-PHOTO-3-Arrivee-Reliques_0756\" \/><\/figure><\/a><\/div><div class=\"swiper-slide\" role=\"group\" aria-roledescription=\"slide\" aria-label=\"5 de 21\"><a data-elementor-open-lightbox=\"yes\" data-elementor-lightbox-slideshow=\"222e1d8c\" data-elementor-lightbox-title=\"reduit_CARROUSEL-PHOTO-4-Arrivee-Reliques_0757\" data-e-action-hash=\"#elementor-action%3Aaction%3Dlightbox%26settings%3DeyJpZCI6MTg2MDA1LCJ1cmwiOiJodHRwczpcL1wvd3d3LmxvdXJkZXMtZnJhbmNlLm9yZ1wvd3AtY29udGVudFwvdXBsb2Fkc1wvMjAxOVwvMTFcL3JlZHVpdF9DQVJST1VTRUwtUEhPVE8tNC1BcnJpdmVlLVJlbGlxdWVzXzA3NTcuanBnIiwic2xpZGVzaG93IjoiMjIyZTFkOGMifQ%3D%3D\" href=\"https:\/\/www.lourdes-france.org\/wp-content\/uploads\/2019\/11\/reduit_CARROUSEL-PHOTO-4-Arrivee-Reliques_0757.jpg\"><figure class=\"swiper-slide-inner\"><img decoding=\"async\" class=\"swiper-slide-image\" src=\"https:\/\/www.lourdes-france.org\/wp-content\/uploads\/2019\/11\/reduit_CARROUSEL-PHOTO-4-Arrivee-Reliques_0757-768x512.jpg\" alt=\"reduit_CARROUSEL-PHOTO-4-Arrivee-Reliques_0757\" \/><\/figure><\/a><\/div><div class=\"swiper-slide\" role=\"group\" aria-roledescription=\"slide\" aria-label=\"6 de 21\"><a data-elementor-open-lightbox=\"yes\" data-elementor-lightbox-slideshow=\"222e1d8c\" data-elementor-lightbox-title=\"reduit_CARROUSEL-PHOTO-10-Arrivee-Reliques_0774\" data-e-action-hash=\"#elementor-action%3Aaction%3Dlightbox%26settings%3DeyJpZCI6MTg2MDI5LCJ1cmwiOiJodHRwczpcL1wvd3d3LmxvdXJkZXMtZnJhbmNlLm9yZ1wvd3AtY29udGVudFwvdXBsb2Fkc1wvMjAxOVwvMTFcL3JlZHVpdF9DQVJST1VTRUwtUEhPVE8tMTAtQXJyaXZlZS1SZWxpcXVlc18wNzc0LmpwZyIsInNsaWRlc2hvdyI6IjIyMmUxZDhjIn0%3D\" href=\"https:\/\/www.lourdes-france.org\/wp-content\/uploads\/2019\/11\/reduit_CARROUSEL-PHOTO-10-Arrivee-Reliques_0774.jpg\"><figure class=\"swiper-slide-inner\"><img decoding=\"async\" class=\"swiper-slide-image\" src=\"https:\/\/www.lourdes-france.org\/wp-content\/uploads\/2019\/11\/reduit_CARROUSEL-PHOTO-10-Arrivee-Reliques_0774-768x1152.jpg\" alt=\"reduit_CARROUSEL-PHOTO-10-Arrivee-Reliques_0774\" \/><\/figure><\/a><\/div><div class=\"swiper-slide\" role=\"group\" aria-roledescription=\"slide\" aria-label=\"7 de 21\"><a data-elementor-open-lightbox=\"yes\" data-elementor-lightbox-slideshow=\"222e1d8c\" data-elementor-lightbox-title=\"reduit_CARROUSEL-PHOTO-11-Benediction-Reliquaire_0763\" data-e-action-hash=\"#elementor-action%3Aaction%3Dlightbox%26settings%3DeyJpZCI6MTg2MDQxLCJ1cmwiOiJodHRwczpcL1wvd3d3LmxvdXJkZXMtZnJhbmNlLm9yZ1wvd3AtY29udGVudFwvdXBsb2Fkc1wvMjAxOVwvMTFcL3JlZHVpdF9DQVJST1VTRUwtUEhPVE8tMTEtQmVuZWRpY3Rpb24tUmVsaXF1YWlyZV8wNzYzLmpwZyIsInNsaWRlc2hvdyI6IjIyMmUxZDhjIn0%3D\" href=\"https:\/\/www.lourdes-france.org\/wp-content\/uploads\/2019\/11\/reduit_CARROUSEL-PHOTO-11-Benediction-Reliquaire_0763.jpg\"><figure class=\"swiper-slide-inner\"><img decoding=\"async\" class=\"swiper-slide-image\" src=\"https:\/\/www.lourdes-france.org\/wp-content\/uploads\/2019\/11\/reduit_CARROUSEL-PHOTO-11-Benediction-Reliquaire_0763-768x512.jpg\" alt=\"reduit_CARROUSEL-PHOTO-11-Benediction-Reliquaire_0763\" \/><\/figure><\/a><\/div><div class=\"swiper-slide\" role=\"group\" aria-roledescription=\"slide\" aria-label=\"8 de 21\"><a data-elementor-open-lightbox=\"yes\" data-elementor-lightbox-slideshow=\"222e1d8c\" data-elementor-lightbox-title=\"reduit_CARROUSEL-PHOTO-11BIS-Benediction-Reliquaire_0764\" data-e-action-hash=\"#elementor-action%3Aaction%3Dlightbox%26settings%3DeyJpZCI6MTg2MDUzLCJ1cmwiOiJodHRwczpcL1wvd3d3LmxvdXJkZXMtZnJhbmNlLm9yZ1wvd3AtY29udGVudFwvdXBsb2Fkc1wvMjAxOVwvMTFcL3JlZHVpdF9DQVJST1VTRUwtUEhPVE8tMTFCSVMtQmVuZWRpY3Rpb24tUmVsaXF1YWlyZV8wNzY0LmpwZyIsInNsaWRlc2hvdyI6IjIyMmUxZDhjIn0%3D\" href=\"https:\/\/www.lourdes-france.org\/wp-content\/uploads\/2019\/11\/reduit_CARROUSEL-PHOTO-11BIS-Benediction-Reliquaire_0764.jpg\"><figure class=\"swiper-slide-inner\"><img decoding=\"async\" class=\"swiper-slide-image\" src=\"https:\/\/www.lourdes-france.org\/wp-content\/uploads\/2019\/11\/reduit_CARROUSEL-PHOTO-11BIS-Benediction-Reliquaire_0764-768x1152.jpg\" alt=\"reduit_CARROUSEL-PHOTO-11BIS-Benediction-Reliquaire_0764\" \/><\/figure><\/a><\/div><div class=\"swiper-slide\" role=\"group\" aria-roledescription=\"slide\" aria-label=\"9 de 21\"><a data-elementor-open-lightbox=\"yes\" data-elementor-lightbox-slideshow=\"222e1d8c\" data-elementor-lightbox-title=\"reduit_CARROUSEL-PHOTO-11TER-Benediction-Reliquaire_0766\" data-e-action-hash=\"#elementor-action%3Aaction%3Dlightbox%26settings%3DeyJpZCI6MTg2MDY3LCJ1cmwiOiJodHRwczpcL1wvd3d3LmxvdXJkZXMtZnJhbmNlLm9yZ1wvd3AtY29udGVudFwvdXBsb2Fkc1wvMjAxOVwvMTFcL3JlZHVpdF9DQVJST1VTRUwtUEhPVE8tMTFURVItQmVuZWRpY3Rpb24tUmVsaXF1YWlyZV8wNzY2LmpwZyIsInNsaWRlc2hvdyI6IjIyMmUxZDhjIn0%3D\" href=\"https:\/\/www.lourdes-france.org\/wp-content\/uploads\/2019\/11\/reduit_CARROUSEL-PHOTO-11TER-Benediction-Reliquaire_0766.jpg\"><figure class=\"swiper-slide-inner\"><img decoding=\"async\" class=\"swiper-slide-image\" src=\"https:\/\/www.lourdes-france.org\/wp-content\/uploads\/2019\/11\/reduit_CARROUSEL-PHOTO-11TER-Benediction-Reliquaire_0766-768x512.jpg\" alt=\"reduit_CARROUSEL-PHOTO-11TER-Benediction-Reliquaire_0766\" \/><\/figure><\/a><\/div><div class=\"swiper-slide\" role=\"group\" aria-roledescription=\"slide\" aria-label=\"10 de 21\"><a data-elementor-open-lightbox=\"yes\" data-elementor-lightbox-slideshow=\"222e1d8c\" data-elementor-lightbox-title=\"reduit_CARROUSEL-PHOTO-12-Bernadette_0746\" data-e-action-hash=\"#elementor-action%3Aaction%3Dlightbox%26settings%3DeyJpZCI6MTg2MDc5LCJ1cmwiOiJodHRwczpcL1wvd3d3LmxvdXJkZXMtZnJhbmNlLm9yZ1wvd3AtY29udGVudFwvdXBsb2Fkc1wvMjAxOVwvMTFcL3JlZHVpdF9DQVJST1VTRUwtUEhPVE8tMTItQmVybmFkZXR0ZV8wNzQ2LmpwZyIsInNsaWRlc2hvdyI6IjIyMmUxZDhjIn0%3D\" href=\"https:\/\/www.lourdes-france.org\/wp-content\/uploads\/2019\/11\/reduit_CARROUSEL-PHOTO-12-Bernadette_0746.jpg\"><figure class=\"swiper-slide-inner\"><img decoding=\"async\" class=\"swiper-slide-image\" src=\"https:\/\/www.lourdes-france.org\/wp-content\/uploads\/2019\/11\/reduit_CARROUSEL-PHOTO-12-Bernadette_0746-768x512.jpg\" alt=\"reduit_CARROUSEL-PHOTO-12-Bernadette_0746\" \/><\/figure><\/a><\/div><div class=\"swiper-slide\" role=\"group\" aria-roledescription=\"slide\" aria-label=\"11 de 21\"><a data-elementor-open-lightbox=\"yes\" data-elementor-lightbox-slideshow=\"222e1d8c\" data-elementor-lightbox-title=\"reduit_CARROUSEL-PHOTO-13-Celebration-Assembl\u00e9e_0782\" data-e-action-hash=\"#elementor-action%3Aaction%3Dlightbox%26settings%3DeyJpZCI6MTg2MDkxLCJ1cmwiOiJodHRwczpcL1wvd3d3LmxvdXJkZXMtZnJhbmNlLm9yZ1wvd3AtY29udGVudFwvdXBsb2Fkc1wvMjAxOVwvMTFcL3JlZHVpdF9DQVJST1VTRUwtUEhPVE8tMTMtQ2VsZWJyYXRpb24tQXNzZW1ibFx1MDBlOWVfMDc4Mi5qcGciLCJzbGlkZXNob3ciOiIyMjJlMWQ4YyJ9\" href=\"https:\/\/www.lourdes-france.org\/wp-content\/uploads\/2019\/11\/reduit_CARROUSEL-PHOTO-13-Celebration-Assembl\u00e9e_0782.jpg\"><figure class=\"swiper-slide-inner\"><img decoding=\"async\" class=\"swiper-slide-image\" src=\"https:\/\/www.lourdes-france.org\/wp-content\/uploads\/2019\/11\/reduit_CARROUSEL-PHOTO-13-Celebration-Assembl\u00e9e_0782-768x512.jpg\" alt=\"reduit_CARROUSEL-PHOTO-13-Celebration-Assembl\u00e9e_0782\" \/><\/figure><\/a><\/div><div class=\"swiper-slide\" role=\"group\" aria-roledescription=\"slide\" aria-label=\"12 de 21\"><a data-elementor-open-lightbox=\"yes\" data-elementor-lightbox-slideshow=\"222e1d8c\" data-elementor-lightbox-title=\"reduit_CARROUSEL-PHOTO-14-Celebration-Hospitalit\u00e9_0786\" data-e-action-hash=\"#elementor-action%3Aaction%3Dlightbox%26settings%3DeyJpZCI6MTg2MTAzLCJ1cmwiOiJodHRwczpcL1wvd3d3LmxvdXJkZXMtZnJhbmNlLm9yZ1wvd3AtY29udGVudFwvdXBsb2Fkc1wvMjAxOVwvMTFcL3JlZHVpdF9DQVJST1VTRUwtUEhPVE8tMTQtQ2VsZWJyYXRpb24tSG9zcGl0YWxpdFx1MDBlOV8wNzg2LmpwZyIsInNsaWRlc2hvdyI6IjIyMmUxZDhjIn0%3D\" href=\"https:\/\/www.lourdes-france.org\/wp-content\/uploads\/2019\/11\/reduit_CARROUSEL-PHOTO-14-Celebration-Hospitalit\u00e9_0786.jpg\"><figure class=\"swiper-slide-inner\"><img decoding=\"async\" class=\"swiper-slide-image\" src=\"https:\/\/www.lourdes-france.org\/wp-content\/uploads\/2019\/11\/reduit_CARROUSEL-PHOTO-14-Celebration-Hospitalit\u00e9_0786-768x512.jpg\" alt=\"reduit_CARROUSEL-PHOTO-14-Celebration-Hospitalit\u00e9_0786\" \/><\/figure><\/a><\/div><div class=\"swiper-slide\" role=\"group\" aria-roledescription=\"slide\" aria-label=\"13 de 21\"><a data-elementor-open-lightbox=\"yes\" data-elementor-lightbox-slideshow=\"222e1d8c\" data-elementor-lightbox-title=\"reduit_CARROUSEL-PHOTO-15-Celebration-Reliques_0778\" data-e-action-hash=\"#elementor-action%3Aaction%3Dlightbox%26settings%3DeyJpZCI6MTg2MTE1LCJ1cmwiOiJodHRwczpcL1wvd3d3LmxvdXJkZXMtZnJhbmNlLm9yZ1wvd3AtY29udGVudFwvdXBsb2Fkc1wvMjAxOVwvMTFcL3JlZHVpdF9DQVJST1VTRUwtUEhPVE8tMTUtQ2VsZWJyYXRpb24tUmVsaXF1ZXNfMDc3OC5qcGciLCJzbGlkZXNob3ciOiIyMjJlMWQ4YyJ9\" href=\"https:\/\/www.lourdes-france.org\/wp-content\/uploads\/2019\/11\/reduit_CARROUSEL-PHOTO-15-Celebration-Reliques_0778.jpg\"><figure class=\"swiper-slide-inner\"><img decoding=\"async\" class=\"swiper-slide-image\" src=\"https:\/\/www.lourdes-france.org\/wp-content\/uploads\/2019\/11\/reduit_CARROUSEL-PHOTO-15-Celebration-Reliques_0778-768x1152.jpg\" alt=\"reduit_CARROUSEL-PHOTO-15-Celebration-Reliques_0778\" \/><\/figure><\/a><\/div><div class=\"swiper-slide\" role=\"group\" aria-roledescription=\"slide\" aria-label=\"14 de 21\"><a data-elementor-open-lightbox=\"yes\" data-elementor-lightbox-slideshow=\"222e1d8c\" data-elementor-lightbox-title=\"reduit_CARROUSEL-PHOTO-16-Celebration-Reliques_0780\" data-e-action-hash=\"#elementor-action%3Aaction%3Dlightbox%26settings%3DeyJpZCI6MTg2MTI3LCJ1cmwiOiJodHRwczpcL1wvd3d3LmxvdXJkZXMtZnJhbmNlLm9yZ1wvd3AtY29udGVudFwvdXBsb2Fkc1wvMjAxOVwvMTFcL3JlZHVpdF9DQVJST1VTRUwtUEhPVE8tMTYtQ2VsZWJyYXRpb24tUmVsaXF1ZXNfMDc4MC5qcGciLCJzbGlkZXNob3ciOiIyMjJlMWQ4YyJ9\" href=\"https:\/\/www.lourdes-france.org\/wp-content\/uploads\/2019\/11\/reduit_CARROUSEL-PHOTO-16-Celebration-Reliques_0780.jpg\"><figure class=\"swiper-slide-inner\"><img decoding=\"async\" class=\"swiper-slide-image\" src=\"https:\/\/www.lourdes-france.org\/wp-content\/uploads\/2019\/11\/reduit_CARROUSEL-PHOTO-16-Celebration-Reliques_0780-768x512.jpg\" alt=\"reduit_CARROUSEL-PHOTO-16-Celebration-Reliques_0780\" \/><\/figure><\/a><\/div><div class=\"swiper-slide\" role=\"group\" aria-roledescription=\"slide\" aria-label=\"15 de 21\"><a data-elementor-open-lightbox=\"yes\" data-elementor-lightbox-slideshow=\"222e1d8c\" data-elementor-lightbox-title=\"reduit_CARROUSEL-PHOTO-17-Celebration-Reliques_0785\" data-e-action-hash=\"#elementor-action%3Aaction%3Dlightbox%26settings%3DeyJpZCI6MTg2MTM5LCJ1cmwiOiJodHRwczpcL1wvd3d3LmxvdXJkZXMtZnJhbmNlLm9yZ1wvd3AtY29udGVudFwvdXBsb2Fkc1wvMjAxOVwvMTFcL3JlZHVpdF9DQVJST1VTRUwtUEhPVE8tMTctQ2VsZWJyYXRpb24tUmVsaXF1ZXNfMDc4NS5qcGciLCJzbGlkZXNob3ciOiIyMjJlMWQ4YyJ9\" href=\"https:\/\/www.lourdes-france.org\/wp-content\/uploads\/2019\/11\/reduit_CARROUSEL-PHOTO-17-Celebration-Reliques_0785.jpg\"><figure class=\"swiper-slide-inner\"><img decoding=\"async\" class=\"swiper-slide-image\" src=\"https:\/\/www.lourdes-france.org\/wp-content\/uploads\/2019\/11\/reduit_CARROUSEL-PHOTO-17-Celebration-Reliques_0785-768x512.jpg\" alt=\"reduit_CARROUSEL-PHOTO-17-Celebration-Reliques_0785\" \/><\/figure><\/a><\/div><div class=\"swiper-slide\" role=\"group\" aria-roledescription=\"slide\" aria-label=\"16 de 21\"><a data-elementor-open-lightbox=\"yes\" data-elementor-lightbox-slideshow=\"222e1d8c\" data-elementor-lightbox-title=\"reduit_CARROUSEL-PHOTO-18-Celebration_Croix_0771\" data-e-action-hash=\"#elementor-action%3Aaction%3Dlightbox%26settings%3DeyJpZCI6MTg2MTUxLCJ1cmwiOiJodHRwczpcL1wvd3d3LmxvdXJkZXMtZnJhbmNlLm9yZ1wvd3AtY29udGVudFwvdXBsb2Fkc1wvMjAxOVwvMTFcL3JlZHVpdF9DQVJST1VTRUwtUEhPVE8tMTgtQ2VsZWJyYXRpb25fQ3JvaXhfMDc3MS5qcGciLCJzbGlkZXNob3ciOiIyMjJlMWQ4YyJ9\" href=\"https:\/\/www.lourdes-france.org\/wp-content\/uploads\/2019\/11\/reduit_CARROUSEL-PHOTO-18-Celebration_Croix_0771.jpg\"><figure class=\"swiper-slide-inner\"><img decoding=\"async\" class=\"swiper-slide-image\" src=\"https:\/\/www.lourdes-france.org\/wp-content\/uploads\/2019\/11\/reduit_CARROUSEL-PHOTO-18-Celebration_Croix_0771-768x512.jpg\" alt=\"reduit_CARROUSEL-PHOTO-18-Celebration_Croix_0771\" \/><\/figure><\/a><\/div><div class=\"swiper-slide\" role=\"group\" aria-roledescription=\"slide\" aria-label=\"17 de 21\"><a data-elementor-open-lightbox=\"yes\" data-elementor-lightbox-slideshow=\"222e1d8c\" data-elementor-lightbox-title=\"reduit_BANDEAU-ET-CARROUSEL-PHOTO-19-chapelleReliquare_0781\" data-e-action-hash=\"#elementor-action%3Aaction%3Dlightbox%26settings%3DeyJpZCI6MTg1OTU3LCJ1cmwiOiJodHRwczpcL1wvd3d3LmxvdXJkZXMtZnJhbmNlLm9yZ1wvd3AtY29udGVudFwvdXBsb2Fkc1wvMjAxOVwvMTFcL3JlZHVpdF9CQU5ERUFVLUVULUNBUlJPVVNFTC1QSE9UTy0xOS1jaGFwZWxsZVJlbGlxdWFyZV8wNzgxLmpwZyIsInNsaWRlc2hvdyI6IjIyMmUxZDhjIn0%3D\" href=\"https:\/\/www.lourdes-france.org\/wp-content\/uploads\/2019\/11\/reduit_BANDEAU-ET-CARROUSEL-PHOTO-19-chapelleReliquare_0781.jpg\"><figure class=\"swiper-slide-inner\"><img decoding=\"async\" class=\"swiper-slide-image\" src=\"https:\/\/www.lourdes-france.org\/wp-content\/uploads\/2019\/11\/reduit_BANDEAU-ET-CARROUSEL-PHOTO-19-chapelleReliquare_0781-768x512.jpg\" alt=\"reduit_BANDEAU-ET-CARROUSEL-PHOTO-19-chapelleReliquare_0781\" \/><\/figure><\/a><\/div><div class=\"swiper-slide\" role=\"group\" aria-roledescription=\"slide\" aria-label=\"18 de 21\"><a data-elementor-open-lightbox=\"yes\" data-elementor-lightbox-slideshow=\"222e1d8c\" data-elementor-lightbox-title=\"reduit_CARROUSEL-PHOTO-Celebration_Hospitalit\u00e9_0777\" data-e-action-hash=\"#elementor-action%3Aaction%3Dlightbox%26settings%3DeyJpZCI6MTg2MTk5LCJ1cmwiOiJodHRwczpcL1wvd3d3LmxvdXJkZXMtZnJhbmNlLm9yZ1wvd3AtY29udGVudFwvdXBsb2Fkc1wvMjAxOVwvMTFcL3JlZHVpdF9DQVJST1VTRUwtUEhPVE8tQ2VsZWJyYXRpb25fSG9zcGl0YWxpdFx1MDBlOV8wNzc3LmpwZyIsInNsaWRlc2hvdyI6IjIyMmUxZDhjIn0%3D\" href=\"https:\/\/www.lourdes-france.org\/wp-content\/uploads\/2019\/11\/reduit_CARROUSEL-PHOTO-Celebration_Hospitalit\u00e9_0777.jpg\"><figure class=\"swiper-slide-inner\"><img decoding=\"async\" class=\"swiper-slide-image\" src=\"https:\/\/www.lourdes-france.org\/wp-content\/uploads\/2019\/11\/reduit_CARROUSEL-PHOTO-Celebration_Hospitalit\u00e9_0777-768x512.jpg\" alt=\"reduit_CARROUSEL-PHOTO-Celebration_Hospitalit\u00e9_0777\" \/><\/figure><\/a><\/div><div class=\"swiper-slide\" role=\"group\" aria-roledescription=\"slide\" aria-label=\"19 de 21\"><a data-elementor-open-lightbox=\"yes\" data-elementor-lightbox-slideshow=\"222e1d8c\" data-elementor-lightbox-title=\"reduit_CARROUSEL-PHOTO-20-Celebration_Reliques_0784\" data-e-action-hash=\"#elementor-action%3Aaction%3Dlightbox%26settings%3DeyJpZCI6MTg2MTYzLCJ1cmwiOiJodHRwczpcL1wvd3d3LmxvdXJkZXMtZnJhbmNlLm9yZ1wvd3AtY29udGVudFwvdXBsb2Fkc1wvMjAxOVwvMTFcL3JlZHVpdF9DQVJST1VTRUwtUEhPVE8tMjAtQ2VsZWJyYXRpb25fUmVsaXF1ZXNfMDc4NC5qcGciLCJzbGlkZXNob3ciOiIyMjJlMWQ4YyJ9\" href=\"https:\/\/www.lourdes-france.org\/wp-content\/uploads\/2019\/11\/reduit_CARROUSEL-PHOTO-20-Celebration_Reliques_0784.jpg\"><figure class=\"swiper-slide-inner\"><img decoding=\"async\" class=\"swiper-slide-image\" src=\"https:\/\/www.lourdes-france.org\/wp-content\/uploads\/2019\/11\/reduit_CARROUSEL-PHOTO-20-Celebration_Reliques_0784-768x512.jpg\" alt=\"reduit_CARROUSEL-PHOTO-20-Celebration_Reliques_0784\" \/><\/figure><\/a><\/div><div class=\"swiper-slide\" role=\"group\" aria-roledescription=\"slide\" aria-label=\"20 de 21\"><a data-elementor-open-lightbox=\"yes\" data-elementor-lightbox-slideshow=\"222e1d8c\" data-elementor-lightbox-title=\"reduit_CARROUSEL-PHOTO-21BIS-Grotte-Lourdes-Girone_0745\" data-e-action-hash=\"#elementor-action%3Aaction%3Dlightbox%26settings%3DeyJpZCI6MTg2MTc1LCJ1cmwiOiJodHRwczpcL1wvd3d3LmxvdXJkZXMtZnJhbmNlLm9yZ1wvd3AtY29udGVudFwvdXBsb2Fkc1wvMjAxOVwvMTFcL3JlZHVpdF9DQVJST1VTRUwtUEhPVE8tMjFCSVMtR3JvdHRlLUxvdXJkZXMtR2lyb25lXzA3NDUuanBnIiwic2xpZGVzaG93IjoiMjIyZTFkOGMifQ%3D%3D\" href=\"https:\/\/www.lourdes-france.org\/wp-content\/uploads\/2019\/11\/reduit_CARROUSEL-PHOTO-21BIS-Grotte-Lourdes-Girone_0745.jpg\"><figure class=\"swiper-slide-inner\"><img decoding=\"async\" class=\"swiper-slide-image\" src=\"https:\/\/www.lourdes-france.org\/wp-content\/uploads\/2019\/11\/reduit_CARROUSEL-PHOTO-21BIS-Grotte-Lourdes-Girone_0745-768x1024.jpg\" alt=\"reduit_CARROUSEL-PHOTO-21BIS-Grotte-Lourdes-Girone_0745\" \/><\/figure><\/a><\/div><div class=\"swiper-slide\" role=\"group\" aria-roledescription=\"slide\" aria-label=\"21 de 21\"><a data-elementor-open-lightbox=\"yes\" data-elementor-lightbox-slideshow=\"222e1d8c\" data-elementor-lightbox-title=\"reduit_CARROUSEL-PHOTO-21-Grotte-Lourdes-Girone_0744\" data-e-action-hash=\"#elementor-action%3Aaction%3Dlightbox%26settings%3DeyJpZCI6MTg2MTg3LCJ1cmwiOiJodHRwczpcL1wvd3d3LmxvdXJkZXMtZnJhbmNlLm9yZ1wvd3AtY29udGVudFwvdXBsb2Fkc1wvMjAxOVwvMTFcL3JlZHVpdF9DQVJST1VTRUwtUEhPVE8tMjEtR3JvdHRlLUxvdXJkZXMtR2lyb25lXzA3NDQuanBnIiwic2xpZGVzaG93IjoiMjIyZTFkOGMifQ%3D%3D\" href=\"https:\/\/www.lourdes-france.org\/wp-content\/uploads\/2019\/11\/reduit_CARROUSEL-PHOTO-21-Grotte-Lourdes-Girone_0744.jpg\"><figure class=\"swiper-slide-inner\"><img decoding=\"async\" class=\"swiper-slide-image\" src=\"https:\/\/www.lourdes-france.org\/wp-content\/uploads\/2019\/11\/reduit_CARROUSEL-PHOTO-21-Grotte-Lourdes-Girone_0744-768x512.jpg\" alt=\"reduit_CARROUSEL-PHOTO-21-Grotte-Lourdes-Girone_0744\" \/><\/figure><\/a><\/div>\t\t\t<\/div>\n\t\t\t\t\t\t\t\t\t\t\t\t<div class=\"elementor-swiper-button elementor-swiper-button-prev\" role=\"button\" tabindex=\"0\">\n\t\t\t\t\t\t<i aria-hidden=\"true\" class=\"eicon-chevron-left\"><\/i>\t\t\t\t\t<\/div>\n\t\t\t\t\t<div class=\"elementor-swiper-button elementor-swiper-button-next\" role=\"button\" tabindex=\"0\">\n\t\t\t\t\t\t<i aria-hidden=\"true\" class=\"eicon-chevron-right\"><\/i>\t\t\t\t\t<\/div>\n\t\t\t\t\n\t\t\t\t\t\t\t\t\t<div class=\"swiper-pagination\"><\/div>\n\t\t\t\t\t\t\t\t\t<\/div>\n\t\t\t\t\t\t<\/div>\n\t\t\t\t<\/div>\n\t\t\t\t<div class=\"elementor-element elementor-element-75a01316 elementor-widget elementor-widget-text-editor\" data-id=\"75a01316\" data-element_type=\"widget\" data-widget_type=\"text-editor.default\">\n\t\t\t\t<div class=\"elementor-widget-container\">\n\t\t\t\t\t\t\t\t\t<h2>Itinerario de las <span style=\"color: #e8a700;\">reliquias de santa Bernardita <\/span><\/h2>\t\t\t\t\t\t\t\t<\/div>\n\t\t\t\t<\/div>\n\t\t\t\t<div class=\"elementor-element elementor-element-ec96101 elementor-widget elementor-widget-text-editor\" data-id=\"ec96101\" data-element_type=\"widget\" data-widget_type=\"text-editor.default\">\n\t\t\t\t<div class=\"elementor-widget-container\">\n\t\t\t\t\t\t\t\t\t<p>El 14 de noviembre Bernardita abandona Gerona para ir a Vic donde recibir\u00e1 las intenciones y podr\u00e1 pedir a Nuestra Se\u00f1ora de Lourdes por toda una poblaci\u00f3n que le procura siempre una emotiva y ferviente acogida hasta el 16 de noviembre.<\/p>\t\t\t\t\t\t\t\t<\/div>\n\t\t\t\t<\/div>\n\t\t\t\t<div class=\"elementor-element elementor-element-7555184 elementor-widget elementor-widget-button\" data-id=\"7555184\" data-element_type=\"widget\" data-widget_type=\"button.default\">\n\t\t\t\t<div class=\"elementor-widget-container\">\n\t\t\t\t\t\t\t\t\t<div class=\"elementor-button-wrapper\">\n\t\t\t\t\t<a class=\"elementor-button elementor-button-link elementor-size-sm\" href=\"http:\/\/pastoralsalud.es\/reliquiasbernardita\/calendario\/\" target=\"_blank\">\n\t\t\t\t\t\t<span class=\"elementor-button-content-wrapper\">\n\t\t\t\t\t\t\t\t\t<span class=\"elementor-button-text\">Itinerario<\/span>\n\t\t\t\t\t<\/span>\n\t\t\t\t\t<\/a>\n\t\t\t\t<\/div>\n\t\t\t\t\t\t\t\t<\/div>\n\t\t\t\t<\/div>\n\t\t\t\t<div class=\"elementor-element elementor-element-1c41fc6 elementor-widget elementor-widget-text-editor\" data-id=\"1c41fc6\" data-element_type=\"widget\" data-widget_type=\"text-editor.default\">\n\t\t\t\t<div class=\"elementor-widget-container\">\n\t\t\t\t\t\t\t\t\t<h2><span style=\"color: #e8a700;\">\u00a1Env\u00eden fotos!<\/span><\/h2>\t\t\t\t\t\t\t\t<\/div>\n\t\t\t\t<\/div>\n\t\t\t\t<div class=\"elementor-element elementor-element-94d5fa9 elementor-widget elementor-widget-text-editor\" data-id=\"94d5fa9\" data-element_type=\"widget\" data-widget_type=\"text-editor.default\">\n\t\t\t\t<div class=\"elementor-widget-container\">\n\t\t\t\t\t\t\t\t\t<p>Si toman fotos o realizan v\u00eddeos de las celebraciones de su di\u00f3cesis, no duden en envi\u00e1rnoslas. Podremos publicarlas en nuestra p\u00e1gina web para completar la actualidad de la visita de santa Bernardita a Espa\u00f1a.<br \/><a href=\"mailto:reliques@lourdes-france.com\">reliques@lourdes-france.com<\/a><\/p>\t\t\t\t\t\t\t\t<\/div>\n\t\t\t\t<\/div>\n\t\t\t\t\t<\/div>\n\t\t<\/div>\n\t\t\t\t\t<\/div>\n\t\t<\/section>\n\t\t\t\t<\/div>\n\t\t","protected":false},"excerpt":{"rendered":"<p>Un gran orgullo para Gerona La peregrinaci\u00f3n de las reliquias de santa Bernardita permite a todas las personas que no pueden desplazarse a Lourdes que recen y celebren a la vidente. Para ilustrar el tema del Santuario \u00abBienaventurados vosotros los &hellip; <a href=\"https:\/\/www.lourdes-france.org\/es\/bernardita-continua-su-peregrinacion-por-espanadel-12-al-14-de-noviembre-gerona-la-acoge\/\">Continuar<\/a><\/p>\n","protected":false},"author":21,"featured_media":185943,"comment_status":"closed","ping_status":"closed","sticky":false,"template":"","format":"standard","meta":{"_acf_changed":false,"footnotes":""},"categories":[99],"tags":[],"class_list":["post-186313","post","type-post","status-publish","format-standard","has-post-thumbnail","hentry","category-en-ce-moment-es"],"acf":[],"yoast_head":"<!-- This site is optimized with the Yoast SEO plugin v24.7 - https:\/\/yoast.com\/wordpress\/plugins\/seo\/ -->\n<title>Bernardita contin\u00faa su peregrinaci\u00f3n por Espa\u00f1aDel 12 al 14 de noviembre Gerona la acoge<\/title>\n<meta name=\"robots\" content=\"index, follow, max-snippet:-1, max-image-preview:large, max-video-preview:-1\" \/>\n<link rel=\"canonical\" href=\"https:\/\/www.lourdes-france.org\/es\/bernardita-continua-su-peregrinacion-por-espanadel-12-al-14-de-noviembre-gerona-la-acoge\/\" \/>\n<meta name=\"twitter:label1\" content=\"Escrito por\" \/>\n\t<meta name=\"twitter:data1\" content=\"TV LOURDES\" \/>\n\t<meta name=\"twitter:label2\" content=\"Tiempo de lectura\" \/>\n\t<meta name=\"twitter:data2\" content=\"1 minuto\" \/>\n<script type=\"application\/ld+json\" class=\"yoast-schema-graph\">{\"@context\":\"https:\/\/schema.org\",\"@graph\":[{\"@type\":\"WebPage\",\"@id\":\"https:\/\/www.lourdes-france.org\/es\/bernardita-continua-su-peregrinacion-por-espanadel-12-al-14-de-noviembre-gerona-la-acoge\/\",\"url\":\"https:\/\/www.lourdes-france.org\/es\/bernardita-continua-su-peregrinacion-por-espanadel-12-al-14-de-noviembre-gerona-la-acoge\/\",\"name\":\"Bernardita contin\u00faa su peregrinaci\u00f3n por Espa\u00f1aDel 12 al 14 de noviembre Gerona la acoge\",\"isPartOf\":{\"@id\":\"https:\/\/preprod-lourdes.cawita.com\/#website\"},\"primaryImageOfPage\":{\"@id\":\"https:\/\/www.lourdes-france.org\/es\/bernardita-continua-su-peregrinacion-por-espanadel-12-al-14-de-noviembre-gerona-la-acoge\/#primaryimage\"},\"image\":{\"@id\":\"https:\/\/www.lourdes-france.org\/es\/bernardita-continua-su-peregrinacion-por-espanadel-12-al-14-de-noviembre-gerona-la-acoge\/#primaryimage\"},\"thumbnailUrl\":\"https:\/\/www.lourdes-france.org\/wp-content\/uploads\/2019\/11\/reduit_BANDEAU-ET-CARROUSEL-PHOTO-19-chapelleReliquare_0781-380.jpg\",\"datePublished\":\"2019-11-14T10:37:05+00:00\",\"dateModified\":\"2026-01-30T07:59:27+00:00\",\"author\":{\"@id\":\"https:\/\/preprod-lourdes.cawita.com\/#\/schema\/person\/00e15361338ccda7ff575e7807b7ff76\"},\"breadcrumb\":{\"@id\":\"https:\/\/www.lourdes-france.org\/es\/bernardita-continua-su-peregrinacion-por-espanadel-12-al-14-de-noviembre-gerona-la-acoge\/#breadcrumb\"},\"inLanguage\":\"es\",\"potentialAction\":[{\"@type\":\"ReadAction\",\"target\":[\"https:\/\/www.lourdes-france.org\/es\/bernardita-continua-su-peregrinacion-por-espanadel-12-al-14-de-noviembre-gerona-la-acoge\/\"]}]},{\"@type\":\"ImageObject\",\"inLanguage\":\"es\",\"@id\":\"https:\/\/www.lourdes-france.org\/es\/bernardita-continua-su-peregrinacion-por-espanadel-12-al-14-de-noviembre-gerona-la-acoge\/#primaryimage\",\"url\":\"https:\/\/www.lourdes-france.org\/wp-content\/uploads\/2019\/11\/reduit_BANDEAU-ET-CARROUSEL-PHOTO-19-chapelleReliquare_0781-380.jpg\",\"contentUrl\":\"https:\/\/www.lourdes-france.org\/wp-content\/uploads\/2019\/11\/reduit_BANDEAU-ET-CARROUSEL-PHOTO-19-chapelleReliquare_0781-380.jpg\",\"width\":760,\"height\":560},{\"@type\":\"BreadcrumbList\",\"@id\":\"https:\/\/www.lourdes-france.org\/es\/bernardita-continua-su-peregrinacion-por-espanadel-12-al-14-de-noviembre-gerona-la-acoge\/#breadcrumb\",\"itemListElement\":[{\"@type\":\"ListItem\",\"position\":1,\"name\":\"Accueil\",\"item\":\"https:\/\/www.lourdes-france.org\/\"},{\"@type\":\"ListItem\",\"position\":2,\"name\":\"Bernardita contin\u00faa su peregrinaci\u00f3n por Espa\u00f1aDel 12 al 14 de noviembre Gerona la acoge\"}]},{\"@type\":\"WebSite\",\"@id\":\"https:\/\/preprod-lourdes.cawita.com\/#website\",\"url\":\"https:\/\/preprod-lourdes.cawita.com\/\",\"name\":\"Soutenir le Sanctuaire Notre-Dame de Lourdes\",\"description\":\"\",\"potentialAction\":[{\"@type\":\"SearchAction\",\"target\":{\"@type\":\"EntryPoint\",\"urlTemplate\":\"https:\/\/preprod-lourdes.cawita.com\/?s={search_term_string}\"},\"query-input\":{\"@type\":\"PropertyValueSpecification\",\"valueRequired\":true,\"valueName\":\"search_term_string\"}}],\"inLanguage\":\"es\"},{\"@type\":\"Person\",\"@id\":\"https:\/\/preprod-lourdes.cawita.com\/#\/schema\/person\/00e15361338ccda7ff575e7807b7ff76\",\"name\":\"TV LOURDES\",\"image\":{\"@type\":\"ImageObject\",\"inLanguage\":\"es\",\"@id\":\"https:\/\/preprod-lourdes.cawita.com\/#\/schema\/person\/image\/\",\"url\":\"https:\/\/secure.gravatar.com\/avatar\/99ad963db01f0c73acfee4d5f94ac178?s=96&d=mm&r=g\",\"contentUrl\":\"https:\/\/secure.gravatar.com\/avatar\/99ad963db01f0c73acfee4d5f94ac178?s=96&d=mm&r=g\",\"caption\":\"TV LOURDES\"},\"url\":\"https:\/\/www.lourdes-france.org\/es\/author\/tv-lourdes\/\"}]}<\/script>\n<!-- \/ Yoast SEO plugin. -->","yoast_head_json":{"title":"Bernardita contin\u00faa su peregrinaci\u00f3n por Espa\u00f1aDel 12 al 14 de noviembre Gerona la acoge","robots":{"index":"index","follow":"follow","max-snippet":"max-snippet:-1","max-image-preview":"max-image-preview:large","max-video-preview":"max-video-preview:-1"},"canonical":"https:\/\/www.lourdes-france.org\/es\/bernardita-continua-su-peregrinacion-por-espanadel-12-al-14-de-noviembre-gerona-la-acoge\/","twitter_misc":{"Escrito por":"TV LOURDES","Tiempo de lectura":"1 minuto"},"schema":{"@context":"https:\/\/schema.org","@graph":[{"@type":"WebPage","@id":"https:\/\/www.lourdes-france.org\/es\/bernardita-continua-su-peregrinacion-por-espanadel-12-al-14-de-noviembre-gerona-la-acoge\/","url":"https:\/\/www.lourdes-france.org\/es\/bernardita-continua-su-peregrinacion-por-espanadel-12-al-14-de-noviembre-gerona-la-acoge\/","name":"Bernardita contin\u00faa su peregrinaci\u00f3n por Espa\u00f1aDel 12 al 14 de noviembre Gerona la acoge","isPartOf":{"@id":"https:\/\/preprod-lourdes.cawita.com\/#website"},"primaryImageOfPage":{"@id":"https:\/\/www.lourdes-france.org\/es\/bernardita-continua-su-peregrinacion-por-espanadel-12-al-14-de-noviembre-gerona-la-acoge\/#primaryimage"},"image":{"@id":"https:\/\/www.lourdes-france.org\/es\/bernardita-continua-su-peregrinacion-por-espanadel-12-al-14-de-noviembre-gerona-la-acoge\/#primaryimage"},"thumbnailUrl":"https:\/\/www.lourdes-france.org\/wp-content\/uploads\/2019\/11\/reduit_BANDEAU-ET-CARROUSEL-PHOTO-19-chapelleReliquare_0781-380.jpg","datePublished":"2019-11-14T10:37:05+00:00","dateModified":"2026-01-30T07:59:27+00:00","author":{"@id":"https:\/\/preprod-lourdes.cawita.com\/#\/schema\/person\/00e15361338ccda7ff575e7807b7ff76"},"breadcrumb":{"@id":"https:\/\/www.lourdes-france.org\/es\/bernardita-continua-su-peregrinacion-por-espanadel-12-al-14-de-noviembre-gerona-la-acoge\/#breadcrumb"},"inLanguage":"es","potentialAction":[{"@type":"ReadAction","target":["https:\/\/www.lourdes-france.org\/es\/bernardita-continua-su-peregrinacion-por-espanadel-12-al-14-de-noviembre-gerona-la-acoge\/"]}]},{"@type":"ImageObject","inLanguage":"es","@id":"https:\/\/www.lourdes-france.org\/es\/bernardita-continua-su-peregrinacion-por-espanadel-12-al-14-de-noviembre-gerona-la-acoge\/#primaryimage","url":"https:\/\/www.lourdes-france.org\/wp-content\/uploads\/2019\/11\/reduit_BANDEAU-ET-CARROUSEL-PHOTO-19-chapelleReliquare_0781-380.jpg","contentUrl":"https:\/\/www.lourdes-france.org\/wp-content\/uploads\/2019\/11\/reduit_BANDEAU-ET-CARROUSEL-PHOTO-19-chapelleReliquare_0781-380.jpg","width":760,"height":560},{"@type":"BreadcrumbList","@id":"https:\/\/www.lourdes-france.org\/es\/bernardita-continua-su-peregrinacion-por-espanadel-12-al-14-de-noviembre-gerona-la-acoge\/#breadcrumb","itemListElement":[{"@type":"ListItem","position":1,"name":"Accueil","item":"https:\/\/www.lourdes-france.org\/"},{"@type":"ListItem","position":2,"name":"Bernardita contin\u00faa su peregrinaci\u00f3n por Espa\u00f1aDel 12 al 14 de noviembre Gerona la acoge"}]},{"@type":"WebSite","@id":"https:\/\/preprod-lourdes.cawita.com\/#website","url":"https:\/\/preprod-lourdes.cawita.com\/","name":"Soutenir le Sanctuaire Notre-Dame de Lourdes","description":"","potentialAction":[{"@type":"SearchAction","target":{"@type":"EntryPoint","urlTemplate":"https:\/\/preprod-lourdes.cawita.com\/?s={search_term_string}"},"query-input":{"@type":"PropertyValueSpecification","valueRequired":true,"valueName":"search_term_string"}}],"inLanguage":"es"},{"@type":"Person","@id":"https:\/\/preprod-lourdes.cawita.com\/#\/schema\/person\/00e15361338ccda7ff575e7807b7ff76","name":"TV LOURDES","image":{"@type":"ImageObject","inLanguage":"es","@id":"https:\/\/preprod-lourdes.cawita.com\/#\/schema\/person\/image\/","url":"https:\/\/secure.gravatar.com\/avatar\/99ad963db01f0c73acfee4d5f94ac178?s=96&d=mm&r=g","contentUrl":"https:\/\/secure.gravatar.com\/avatar\/99ad963db01f0c73acfee4d5f94ac178?s=96&d=mm&r=g","caption":"TV LOURDES"},"url":"https:\/\/www.lourdes-france.org\/es\/author\/tv-lourdes\/"}]}},"_links":{"self":[{"href":"https:\/\/www.lourdes-france.org\/es\/wp-json\/wp\/v2\/posts\/186313","targetHints":{"allow":["GET"]}}],"collection":[{"href":"https:\/\/www.lourdes-france.org\/es\/wp-json\/wp\/v2\/posts"}],"about":[{"href":"https:\/\/www.lourdes-france.org\/es\/wp-json\/wp\/v2\/types\/post"}],"author":[{"embeddable":true,"href":"https:\/\/www.lourdes-france.org\/es\/wp-json\/wp\/v2\/users\/21"}],"replies":[{"embeddable":true,"href":"https:\/\/www.lourdes-france.org\/es\/wp-json\/wp\/v2\/comments?post=186313"}],"version-history":[{"count":2,"href":"https:\/\/www.lourdes-france.org\/es\/wp-json\/wp\/v2\/posts\/186313\/revisions"}],"predecessor-version":[{"id":186317,"href":"https:\/\/www.lourdes-france.org\/es\/wp-json\/wp\/v2\/posts\/186313\/revisions\/186317"}],"wp:featuredmedia":[{"embeddable":true,"href":"https:\/\/www.lourdes-france.org\/es\/wp-json\/wp\/v2\/media\/185943"}],"wp:attachment":[{"href":"https:\/\/www.lourdes-france.org\/es\/wp-json\/wp\/v2\/media?parent=186313"}],"wp:term":[{"taxonomy":"category","embeddable":true,"href":"https:\/\/www.lourdes-france.org\/es\/wp-json\/wp\/v2\/categories?post=186313"},{"taxonomy":"post_tag","embeddable":true,"href":"https:\/\/www.lourdes-france.org\/es\/wp-json\/wp\/v2\/tags?post=186313"}],"curies":[{"name":"wp","href":"https:\/\/api.w.org\/{rel}","templated":true}]}}