{"id":187889,"date":"2019-12-10T15:49:38","date_gmt":"2019-12-10T14:49:38","guid":{"rendered":"http:\/\/www.lourdes-france.org\/lourdes-celebre-notre-dame-de-guadalupe\/"},"modified":"2026-01-30T08:57:59","modified_gmt":"2026-01-30T07:57:59","slug":"lourdes-celebra-a-nuestra-senora-de-guadalupe","status":"publish","type":"post","link":"https:\/\/www.lourdes-france.org\/es\/lourdes-celebra-a-nuestra-senora-de-guadalupe\/","title":{"rendered":"Lourdes celebra a Nuestra Se\u00f1ora de Guadalupe"},"content":{"rendered":"\t\t<div data-elementor-type=\"wp-post\" data-elementor-id=\"187889\" class=\"elementor elementor-187889 elementor-187835\" data-elementor-post-type=\"post\">\n\t\t\t\t\t\t<section class=\"elementor-section elementor-top-section elementor-element elementor-element-186f2c07 elementor-section-boxed elementor-section-height-default elementor-section-height-default\" data-id=\"186f2c07\" data-element_type=\"section\">\n\t\t\t\t\t\t<div class=\"elementor-container elementor-column-gap-no\">\n\t\t\t\t\t<div class=\"elementor-column elementor-col-100 elementor-top-column elementor-element elementor-element-5d8efcb2\" data-id=\"5d8efcb2\" data-element_type=\"column\">\n\t\t\t<div class=\"elementor-widget-wrap elementor-element-populated\">\n\t\t\t\t\t\t<div class=\"elementor-element elementor-element-1405f32 elementor-widget elementor-widget-text-editor\" data-id=\"1405f32\" data-element_type=\"widget\" data-widget_type=\"text-editor.default\">\n\t\t\t\t<div class=\"elementor-widget-container\">\n\t\t\t\t\t\t\t\t\t<h2><span style=\"color: #e8a700;\">El amor no tiene fronteras<\/span><\/h2>\t\t\t\t\t\t\t\t<\/div>\n\t\t\t\t<\/div>\n\t\t\t\t<div class=\"elementor-element elementor-element-7ef80dda elementor-widget elementor-widget-text-editor\" data-id=\"7ef80dda\" data-element_type=\"widget\" data-widget_type=\"text-editor.default\">\n\t\t\t\t<div class=\"elementor-widget-container\">\n\t\t\t\t\t\t\t\t\t<p>No se entristezca tu coraz\u00f3n\u2026 \u00bfAcaso no estoy yo aqu\u00ed, que soy tu Madre?\u201d, le dijo la <a href=\"https:\/\/www.aciprensa.com\/recursos\/historia-de-la-virgen-de-guadalupe-1080\" target=\"_blank\" rel=\"noopener\">Virgen de Guadalupe<\/a> al afligido Juan Diego un 12 de diciembre de 1531. Ella, la Emperatriz de Am\u00e9rica y Patrona de M\u00e9xico, quiso dejar su imagen desde ese d\u00eda en una sencilla \u201ctilma\u201d como se\u00f1al del Amor de Dios para creyentes y no creyentes.\u00a0<\/p>\t\t\t\t\t\t\t\t<\/div>\n\t\t\t\t<\/div>\n\t\t\t\t<div class=\"elementor-element elementor-element-2081418 elementor-widget elementor-widget-text-editor\" data-id=\"2081418\" data-element_type=\"widget\" data-widget_type=\"text-editor.default\">\n\t\t\t\t<div class=\"elementor-widget-container\">\n\t\t\t\t\t\t\t\t\t<h2>Retrospectiva de <span style=\"color: #e8a700;\">la inauguraci\u00f3n de la capilla de Lourdes:<\/span><\/h2>\t\t\t\t\t\t\t\t<\/div>\n\t\t\t\t<\/div>\n\t\t\t\t<section class=\"elementor-section elementor-inner-section elementor-element elementor-element-86a630e elementor-section-boxed elementor-section-height-default elementor-section-height-default\" data-id=\"86a630e\" data-element_type=\"section\">\n\t\t\t\t\t\t<div class=\"elementor-container elementor-column-gap-no\">\n\t\t\t\t\t<div class=\"elementor-column elementor-col-50 elementor-inner-column elementor-element elementor-element-e806b52\" data-id=\"e806b52\" data-element_type=\"column\">\n\t\t\t<div class=\"elementor-widget-wrap elementor-element-populated\">\n\t\t\t\t\t\t<div class=\"elementor-element elementor-element-839a786 elementor-widget elementor-widget-text-editor\" data-id=\"839a786\" data-element_type=\"widget\" data-widget_type=\"text-editor.default\">\n\t\t\t\t<div class=\"elementor-widget-container\">\n\t\t\t\t\t\t\t\t\t<p>Esta capilla se encuentra situada en le brazo izquierdo de la Bas\u00edlica dedicada a nuestra se\u00f1ora del Rosario, anteriormente cedida a San Roque siendo objeto de una reparaci\u00f3n completa. La Virgen de Guadalupe Madre de los mexicanos hace su primera aparici\u00f3n en Lourdes el 12 de mayo de 1966 cuando la familia Mart\u00ednez de M\u00e9xico en colaboraci\u00f3n con la Bas\u00edlica de Guadalupe y el Santuario de Lourdes tras varios meses de trabajo para remodelar dicha capilla con mosaicos en piedra de Arudy. El escultor de la imagen fue Eduardo Tamariz, realizando dos im\u00e1genes una en bronce que se encuentra en dicha capilla y otra de m\u00e1rmol que se encuentra en la capilla de la reconciliaci\u00f3n.<\/p>\t\t\t\t\t\t\t\t<\/div>\n\t\t\t\t<\/div>\n\t\t\t\t\t<\/div>\n\t\t<\/div>\n\t\t\t\t<div class=\"elementor-column elementor-col-50 elementor-inner-column elementor-element elementor-element-ec04fb9\" data-id=\"ec04fb9\" data-element_type=\"column\">\n\t\t\t<div class=\"elementor-widget-wrap elementor-element-populated\">\n\t\t\t\t\t\t<div class=\"elementor-element elementor-element-0c73363 elementor-widget elementor-widget-image\" data-id=\"0c73363\" data-element_type=\"widget\" data-widget_type=\"image.default\">\n\t\t\t\t<div class=\"elementor-widget-container\">\n\t\t\t\t\t\t\t\t\t\t\t\t\t\t\t<img fetchpriority=\"high\" decoding=\"async\" width=\"1024\" height=\"683\" src=\"https:\/\/www.lourdes-france.org\/wp-content\/uploads\/2019\/11\/reduit_MosaiquedeGuadaluppe-1024x683.jpg\" class=\"attachment-large size-large wp-image-187875\" alt=\"\" srcset=\"https:\/\/www.lourdes-france.org\/wp-content\/uploads\/2019\/11\/reduit_MosaiquedeGuadaluppe-1024x683.jpg 1024w, https:\/\/www.lourdes-france.org\/wp-content\/uploads\/2019\/11\/reduit_MosaiquedeGuadaluppe-300x200.jpg 300w, https:\/\/www.lourdes-france.org\/wp-content\/uploads\/2019\/11\/reduit_MosaiquedeGuadaluppe-768x512.jpg 768w, https:\/\/www.lourdes-france.org\/wp-content\/uploads\/2019\/11\/reduit_MosaiquedeGuadaluppe-380x253.jpg 380w, https:\/\/www.lourdes-france.org\/wp-content\/uploads\/2019\/11\/reduit_MosaiquedeGuadaluppe.jpg 1200w\" sizes=\"(max-width: 1024px) 100vw, 1024px\" \/>\t\t\t\t\t\t\t\t\t\t\t\t\t\t\t<\/div>\n\t\t\t\t<\/div>\n\t\t\t\t\t<\/div>\n\t\t<\/div>\n\t\t\t\t\t<\/div>\n\t\t<\/section>\n\t\t\t\t<div class=\"elementor-element elementor-element-0c4639b elementor-widget elementor-widget-text-editor\" data-id=\"0c4639b\" data-element_type=\"widget\" data-widget_type=\"text-editor.default\">\n\t\t\t\t<div class=\"elementor-widget-container\">\n\t\t\t\t\t\t\t\t\t<p>El domingo, 18 de septiembre 2011, el cardenal Norberto Rivera Carrera (arzobispo de M\u00e9xico, por aquellas fechas), inaugur\u00f3 y bendijo la capilla dedicada a Nuestra Se\u00f1ora de Guadalupe, despu\u00e9s de los trabajos de embellecimiento y renovaci\u00f3n llevados a cabo gracias a un fil\u00e1ntropo mexicano. Esta restauraci\u00f3n pudo llevarse a cabo gracias al trabajo conjunto entre mexicanos, espa\u00f1oles, franceses e italianos. Esta segunda aparici\u00f3n de Nuestra Se\u00f1ora de Guadalupe ha dado vida a esta capilla que los peregrinos de Am\u00e9rica latina encontraban triste y gris.<\/p>\t\t\t\t\t\t\t\t<\/div>\n\t\t\t\t<\/div>\n\t\t\t\t<div class=\"elementor-element elementor-element-a953959 elementor-widget elementor-widget-video\" data-id=\"a953959\" data-element_type=\"widget\" data-settings=\"{&quot;youtube_url&quot;:&quot;https:\\\/\\\/www.youtube.com\\\/watch?v=FJctNPedJQM&quot;,&quot;video_type&quot;:&quot;youtube&quot;,&quot;controls&quot;:&quot;yes&quot;}\" data-widget_type=\"video.default\">\n\t\t\t\t<div class=\"elementor-widget-container\">\n\t\t\t\t\t\t\t<div class=\"elementor-wrapper elementor-open-inline\">\n\t\t\t<div class=\"elementor-video\"><\/div>\t\t<\/div>\n\t\t\t\t\t\t<\/div>\n\t\t\t\t<\/div>\n\t\t\t\t<div class=\"elementor-element elementor-element-5e062d1 elementor-widget elementor-widget-text-editor\" data-id=\"5e062d1\" data-element_type=\"widget\" data-widget_type=\"text-editor.default\">\n\t\t\t\t<div class=\"elementor-widget-container\">\n\t\t\t\t\t\t\t\t\t<h2><span style=\"color: #e8a700;\">El Papa y la Morenita<\/span><\/h2>\t\t\t\t\t\t\t\t<\/div>\n\t\t\t\t<\/div>\n\t\t\t\t<div class=\"elementor-element elementor-element-fc46956 elementor-widget elementor-widget-text-editor\" data-id=\"fc46956\" data-element_type=\"widget\" data-widget_type=\"text-editor.default\">\n\t\t\t\t<div class=\"elementor-widget-container\">\n\t\t\t\t\t\t\t\t\t<p lang=\"es-ES\"><span style=\"color: #000000;\"><span style=\"font-family: Open Sans, Verdana, Helvetica, sans-serif;\"><span style=\"font-size: medium;\">Como se est\u00e1 ya convirtiendo en feliz tradici\u00f3n en el Vaticano, tambi\u00e9n el pr\u00f3ximo 12 de Diciembre, Fiesta de Nuestra Se\u00f1ora de Guadalupe, el Santo Padre Francisco presidir\u00e1 la Celebraci\u00f3n Eucar\u00edstica en la Bas\u00edlica de San Pedro.<\/span><\/span><\/span><\/p>\t\t\t\t\t\t\t\t<\/div>\n\t\t\t\t<\/div>\n\t\t\t\t<div class=\"elementor-element elementor-element-4910242 elementor-widget elementor-widget-video\" data-id=\"4910242\" data-element_type=\"widget\" data-settings=\"{&quot;youtube_url&quot;:&quot;https:\\\/\\\/www.youtube.com\\\/watch?v=Hg2IXmi5MbE&quot;,&quot;video_type&quot;:&quot;youtube&quot;,&quot;controls&quot;:&quot;yes&quot;}\" data-widget_type=\"video.default\">\n\t\t\t\t<div class=\"elementor-widget-container\">\n\t\t\t\t\t\t\t<div class=\"elementor-wrapper elementor-open-inline\">\n\t\t\t<div class=\"elementor-video\"><\/div>\t\t<\/div>\n\t\t\t\t\t\t<\/div>\n\t\t\t\t<\/div>\n\t\t\t\t<div class=\"elementor-element elementor-element-bce28e8 elementor-widget elementor-widget-text-editor\" data-id=\"bce28e8\" data-element_type=\"widget\" data-widget_type=\"text-editor.default\">\n\t\t\t\t<div class=\"elementor-widget-container\">\n\t\t\t\t\t\t\t\t\t<p>El Papa Francisco tiene un gran afecto por la Virgen Mar\u00eda y en particular por Nuestra Se\u00f1ora de Guadalupe a la que llama \u00abLa Morenita\u00bb. El 12 de diciembre se ha convertido en una fiesta internacional, pues son muchos los pa\u00edses y ciudades que festejan a la \u00abMorenita\u00bb. <br \/>Desde el 12 de diciembre de 1531 en el que la Virgen pidi\u00f3 a San Juzan Diego que fuera a recoger rosas en la temporada seca, la imagen de la Virgen qued\u00f3 impresa en la Tilma de Juan Diego y que sigue hoy en d\u00eda intacta. Esta imagen sigue asombrando a cient\u00edficos y al mundo en general. <br \/>En su viaje apost\u00f3lico a M\u00e9xico dijo: \u201cAnte todo, la Virgen Morenita nos ense\u00f1a \u2013dec\u00eda en esa ocasi\u00f3n- que la \u00fanica fuerza capaz de conquistar el coraz\u00f3n de los hombres es la ternura de Dios\u201d. <\/p>\t\t\t\t\t\t\t\t<\/div>\n\t\t\t\t<\/div>\n\t\t\t\t<div class=\"elementor-element elementor-element-867d282 elementor-widget elementor-widget-text-editor\" data-id=\"867d282\" data-element_type=\"widget\" data-widget_type=\"text-editor.default\">\n\t\t\t\t<div class=\"elementor-widget-container\">\n\t\t\t\t\t\t\t\t\t<h2><span style=\"color: #e8a700;\">Para mayor informaci\u00f3n sobre Nuestra Se\u00f1ora de Guadalupe:<\/span><\/h2>\t\t\t\t\t\t\t\t<\/div>\n\t\t\t\t<\/div>\n\t\t\t\t<div class=\"elementor-element elementor-element-0773504 e-grid-align-left elementor-shape-rounded elementor-grid-0 elementor-widget elementor-widget-social-icons\" data-id=\"0773504\" data-element_type=\"widget\" data-widget_type=\"social-icons.default\">\n\t\t\t\t<div class=\"elementor-widget-container\">\n\t\t\t\t\t\t\t<div class=\"elementor-social-icons-wrapper elementor-grid\" role=\"list\">\n\t\t\t\t\t\t\t<span class=\"elementor-grid-item\" role=\"listitem\">\n\t\t\t\t\t<a class=\"elementor-icon elementor-social-icon elementor-social-icon-file elementor-repeater-item-d1689d9\" href=\"https:\/\/virgendeguadalupe.org.mx\/%20\" target=\"_blank\">\n\t\t\t\t\t\t<span class=\"elementor-screen-only\">File<\/span>\n\t\t\t\t\t\t<i aria-hidden=\"true\" class=\"far fa-file\"><\/i>\t\t\t\t\t<\/a>\n\t\t\t\t<\/span>\n\t\t\t\t\t\t\t<span class=\"elementor-grid-item\" role=\"listitem\">\n\t\t\t\t\t<a class=\"elementor-icon elementor-social-icon elementor-social-icon-facebook elementor-repeater-item-f470284\" href=\"https:\/\/www.facebook.com\/pg\/Virgen-de-Guadalupe-179981862096768\/videos\/?ref=page_internal\" target=\"_blank\">\n\t\t\t\t\t\t<span class=\"elementor-screen-only\">Facebook<\/span>\n\t\t\t\t\t\t<i aria-hidden=\"true\" class=\"fab fa-facebook\"><\/i>\t\t\t\t\t<\/a>\n\t\t\t\t<\/span>\n\t\t\t\t\t<\/div>\n\t\t\t\t\t\t<\/div>\n\t\t\t\t<\/div>\n\t\t\t\t\t<\/div>\n\t\t<\/div>\n\t\t\t\t\t<\/div>\n\t\t<\/section>\n\t\t\t\t<\/div>\n\t\t","protected":false},"excerpt":{"rendered":"<p>El amor no tiene fronteras No se entristezca tu coraz\u00f3n\u2026 \u00bfAcaso no estoy yo aqu\u00ed, que soy tu Madre?\u201d, le dijo la Virgen de Guadalupe al afligido Juan Diego un 12 de diciembre de 1531. Ella, la Emperatriz de Am\u00e9rica &hellip; <a href=\"https:\/\/www.lourdes-france.org\/es\/lourdes-celebra-a-nuestra-senora-de-guadalupe\/\">Continuar<\/a><\/p>\n","protected":false},"author":21,"featured_media":187859,"comment_status":"closed","ping_status":"closed","sticky":false,"template":"","format":"standard","meta":{"_acf_changed":false,"footnotes":""},"categories":[99],"tags":[],"class_list":["post-187889","post","type-post","status-publish","format-standard","has-post-thumbnail","hentry","category-en-ce-moment-es"],"acf":[],"yoast_head":"<!-- This site is optimized with the Yoast SEO plugin v24.7 - https:\/\/yoast.com\/wordpress\/plugins\/seo\/ -->\n<title>Lourdes celebra a Nuestra Se\u00f1ora de Guadalupe<\/title>\n<meta name=\"robots\" content=\"index, follow, max-snippet:-1, max-image-preview:large, max-video-preview:-1\" \/>\n<link rel=\"canonical\" href=\"https:\/\/www.lourdes-france.org\/es\/lourdes-celebra-a-nuestra-senora-de-guadalupe\/\" \/>\n<meta name=\"twitter:label1\" content=\"Escrito por\" \/>\n\t<meta name=\"twitter:data1\" content=\"TV LOURDES\" \/>\n\t<meta name=\"twitter:label2\" content=\"Tiempo de lectura\" \/>\n\t<meta name=\"twitter:data2\" content=\"3 minutos\" \/>\n<script type=\"application\/ld+json\" class=\"yoast-schema-graph\">{\"@context\":\"https:\/\/schema.org\",\"@graph\":[{\"@type\":\"WebPage\",\"@id\":\"https:\/\/www.lourdes-france.org\/es\/lourdes-celebra-a-nuestra-senora-de-guadalupe\/\",\"url\":\"https:\/\/www.lourdes-france.org\/es\/lourdes-celebra-a-nuestra-senora-de-guadalupe\/\",\"name\":\"Lourdes celebra a Nuestra Se\u00f1ora de Guadalupe\",\"isPartOf\":{\"@id\":\"https:\/\/preprod-lourdes.cawita.com\/#website\"},\"primaryImageOfPage\":{\"@id\":\"https:\/\/www.lourdes-france.org\/es\/lourdes-celebra-a-nuestra-senora-de-guadalupe\/#primaryimage\"},\"image\":{\"@id\":\"https:\/\/www.lourdes-france.org\/es\/lourdes-celebra-a-nuestra-senora-de-guadalupe\/#primaryimage\"},\"thumbnailUrl\":\"https:\/\/www.lourdes-france.org\/wp-content\/uploads\/2019\/11\/reduit_MosaiquedeGuadaluppe-380.jpg\",\"datePublished\":\"2019-12-10T14:49:38+00:00\",\"dateModified\":\"2026-01-30T07:57:59+00:00\",\"author\":{\"@id\":\"https:\/\/preprod-lourdes.cawita.com\/#\/schema\/person\/00e15361338ccda7ff575e7807b7ff76\"},\"breadcrumb\":{\"@id\":\"https:\/\/www.lourdes-france.org\/es\/lourdes-celebra-a-nuestra-senora-de-guadalupe\/#breadcrumb\"},\"inLanguage\":\"es\",\"potentialAction\":[{\"@type\":\"ReadAction\",\"target\":[\"https:\/\/www.lourdes-france.org\/es\/lourdes-celebra-a-nuestra-senora-de-guadalupe\/\"]}]},{\"@type\":\"ImageObject\",\"inLanguage\":\"es\",\"@id\":\"https:\/\/www.lourdes-france.org\/es\/lourdes-celebra-a-nuestra-senora-de-guadalupe\/#primaryimage\",\"url\":\"https:\/\/www.lourdes-france.org\/wp-content\/uploads\/2019\/11\/reduit_MosaiquedeGuadaluppe-380.jpg\",\"contentUrl\":\"https:\/\/www.lourdes-france.org\/wp-content\/uploads\/2019\/11\/reduit_MosaiquedeGuadaluppe-380.jpg\",\"width\":760,\"height\":560},{\"@type\":\"BreadcrumbList\",\"@id\":\"https:\/\/www.lourdes-france.org\/es\/lourdes-celebra-a-nuestra-senora-de-guadalupe\/#breadcrumb\",\"itemListElement\":[{\"@type\":\"ListItem\",\"position\":1,\"name\":\"Accueil\",\"item\":\"https:\/\/www.lourdes-france.org\/\"},{\"@type\":\"ListItem\",\"position\":2,\"name\":\"Lourdes celebra a Nuestra Se\u00f1ora de Guadalupe\"}]},{\"@type\":\"WebSite\",\"@id\":\"https:\/\/preprod-lourdes.cawita.com\/#website\",\"url\":\"https:\/\/preprod-lourdes.cawita.com\/\",\"name\":\"Soutenir le Sanctuaire Notre-Dame de Lourdes\",\"description\":\"\",\"potentialAction\":[{\"@type\":\"SearchAction\",\"target\":{\"@type\":\"EntryPoint\",\"urlTemplate\":\"https:\/\/preprod-lourdes.cawita.com\/?s={search_term_string}\"},\"query-input\":{\"@type\":\"PropertyValueSpecification\",\"valueRequired\":true,\"valueName\":\"search_term_string\"}}],\"inLanguage\":\"es\"},{\"@type\":\"Person\",\"@id\":\"https:\/\/preprod-lourdes.cawita.com\/#\/schema\/person\/00e15361338ccda7ff575e7807b7ff76\",\"name\":\"TV LOURDES\",\"image\":{\"@type\":\"ImageObject\",\"inLanguage\":\"es\",\"@id\":\"https:\/\/preprod-lourdes.cawita.com\/#\/schema\/person\/image\/\",\"url\":\"https:\/\/secure.gravatar.com\/avatar\/99ad963db01f0c73acfee4d5f94ac178?s=96&d=mm&r=g\",\"contentUrl\":\"https:\/\/secure.gravatar.com\/avatar\/99ad963db01f0c73acfee4d5f94ac178?s=96&d=mm&r=g\",\"caption\":\"TV LOURDES\"},\"url\":\"https:\/\/www.lourdes-france.org\/es\/author\/tv-lourdes\/\"}]}<\/script>\n<!-- \/ Yoast SEO plugin. -->","yoast_head_json":{"title":"Lourdes celebra a Nuestra Se\u00f1ora de Guadalupe","robots":{"index":"index","follow":"follow","max-snippet":"max-snippet:-1","max-image-preview":"max-image-preview:large","max-video-preview":"max-video-preview:-1"},"canonical":"https:\/\/www.lourdes-france.org\/es\/lourdes-celebra-a-nuestra-senora-de-guadalupe\/","twitter_misc":{"Escrito por":"TV LOURDES","Tiempo de lectura":"3 minutos"},"schema":{"@context":"https:\/\/schema.org","@graph":[{"@type":"WebPage","@id":"https:\/\/www.lourdes-france.org\/es\/lourdes-celebra-a-nuestra-senora-de-guadalupe\/","url":"https:\/\/www.lourdes-france.org\/es\/lourdes-celebra-a-nuestra-senora-de-guadalupe\/","name":"Lourdes celebra a Nuestra Se\u00f1ora de Guadalupe","isPartOf":{"@id":"https:\/\/preprod-lourdes.cawita.com\/#website"},"primaryImageOfPage":{"@id":"https:\/\/www.lourdes-france.org\/es\/lourdes-celebra-a-nuestra-senora-de-guadalupe\/#primaryimage"},"image":{"@id":"https:\/\/www.lourdes-france.org\/es\/lourdes-celebra-a-nuestra-senora-de-guadalupe\/#primaryimage"},"thumbnailUrl":"https:\/\/www.lourdes-france.org\/wp-content\/uploads\/2019\/11\/reduit_MosaiquedeGuadaluppe-380.jpg","datePublished":"2019-12-10T14:49:38+00:00","dateModified":"2026-01-30T07:57:59+00:00","author":{"@id":"https:\/\/preprod-lourdes.cawita.com\/#\/schema\/person\/00e15361338ccda7ff575e7807b7ff76"},"breadcrumb":{"@id":"https:\/\/www.lourdes-france.org\/es\/lourdes-celebra-a-nuestra-senora-de-guadalupe\/#breadcrumb"},"inLanguage":"es","potentialAction":[{"@type":"ReadAction","target":["https:\/\/www.lourdes-france.org\/es\/lourdes-celebra-a-nuestra-senora-de-guadalupe\/"]}]},{"@type":"ImageObject","inLanguage":"es","@id":"https:\/\/www.lourdes-france.org\/es\/lourdes-celebra-a-nuestra-senora-de-guadalupe\/#primaryimage","url":"https:\/\/www.lourdes-france.org\/wp-content\/uploads\/2019\/11\/reduit_MosaiquedeGuadaluppe-380.jpg","contentUrl":"https:\/\/www.lourdes-france.org\/wp-content\/uploads\/2019\/11\/reduit_MosaiquedeGuadaluppe-380.jpg","width":760,"height":560},{"@type":"BreadcrumbList","@id":"https:\/\/www.lourdes-france.org\/es\/lourdes-celebra-a-nuestra-senora-de-guadalupe\/#breadcrumb","itemListElement":[{"@type":"ListItem","position":1,"name":"Accueil","item":"https:\/\/www.lourdes-france.org\/"},{"@type":"ListItem","position":2,"name":"Lourdes celebra a Nuestra Se\u00f1ora de Guadalupe"}]},{"@type":"WebSite","@id":"https:\/\/preprod-lourdes.cawita.com\/#website","url":"https:\/\/preprod-lourdes.cawita.com\/","name":"Soutenir le Sanctuaire Notre-Dame de Lourdes","description":"","potentialAction":[{"@type":"SearchAction","target":{"@type":"EntryPoint","urlTemplate":"https:\/\/preprod-lourdes.cawita.com\/?s={search_term_string}"},"query-input":{"@type":"PropertyValueSpecification","valueRequired":true,"valueName":"search_term_string"}}],"inLanguage":"es"},{"@type":"Person","@id":"https:\/\/preprod-lourdes.cawita.com\/#\/schema\/person\/00e15361338ccda7ff575e7807b7ff76","name":"TV LOURDES","image":{"@type":"ImageObject","inLanguage":"es","@id":"https:\/\/preprod-lourdes.cawita.com\/#\/schema\/person\/image\/","url":"https:\/\/secure.gravatar.com\/avatar\/99ad963db01f0c73acfee4d5f94ac178?s=96&d=mm&r=g","contentUrl":"https:\/\/secure.gravatar.com\/avatar\/99ad963db01f0c73acfee4d5f94ac178?s=96&d=mm&r=g","caption":"TV LOURDES"},"url":"https:\/\/www.lourdes-france.org\/es\/author\/tv-lourdes\/"}]}},"_links":{"self":[{"href":"https:\/\/www.lourdes-france.org\/es\/wp-json\/wp\/v2\/posts\/187889","targetHints":{"allow":["GET"]}}],"collection":[{"href":"https:\/\/www.lourdes-france.org\/es\/wp-json\/wp\/v2\/posts"}],"about":[{"href":"https:\/\/www.lourdes-france.org\/es\/wp-json\/wp\/v2\/types\/post"}],"author":[{"embeddable":true,"href":"https:\/\/www.lourdes-france.org\/es\/wp-json\/wp\/v2\/users\/21"}],"replies":[{"embeddable":true,"href":"https:\/\/www.lourdes-france.org\/es\/wp-json\/wp\/v2\/comments?post=187889"}],"version-history":[{"count":6,"href":"https:\/\/www.lourdes-france.org\/es\/wp-json\/wp\/v2\/posts\/187889\/revisions"}],"predecessor-version":[{"id":515374,"href":"https:\/\/www.lourdes-france.org\/es\/wp-json\/wp\/v2\/posts\/187889\/revisions\/515374"}],"wp:featuredmedia":[{"embeddable":true,"href":"https:\/\/www.lourdes-france.org\/es\/wp-json\/wp\/v2\/media\/187859"}],"wp:attachment":[{"href":"https:\/\/www.lourdes-france.org\/es\/wp-json\/wp\/v2\/media?parent=187889"}],"wp:term":[{"taxonomy":"category","embeddable":true,"href":"https:\/\/www.lourdes-france.org\/es\/wp-json\/wp\/v2\/categories?post=187889"},{"taxonomy":"post_tag","embeddable":true,"href":"https:\/\/www.lourdes-france.org\/es\/wp-json\/wp\/v2\/tags?post=187889"}],"curies":[{"name":"wp","href":"https:\/\/api.w.org\/{rel}","templated":true}]}}