{"id":188407,"date":"2019-11-18T13:21:08","date_gmt":"2019-11-18T12:21:08","guid":{"rendered":"http:\/\/www.lourdes-france.org\/60-moments-de-grace\/"},"modified":"2026-01-30T08:59:08","modified_gmt":"2026-01-30T07:59:08","slug":"60-momentos-de-excepcion","status":"publish","type":"post","link":"https:\/\/www.lourdes-france.org\/es\/60-momentos-de-excepcion\/","title":{"rendered":"Fratello &#8211; 60 momentos de excepci\u00f3n"},"content":{"rendered":"\t\t<div data-elementor-type=\"wp-post\" data-elementor-id=\"188407\" class=\"elementor elementor-188407 elementor-187331\" data-elementor-post-type=\"post\">\n\t\t\t\t\t\t<section class=\"elementor-section elementor-top-section elementor-element elementor-element-790a7b2a elementor-section-boxed elementor-section-height-default elementor-section-height-default\" data-id=\"790a7b2a\" data-element_type=\"section\">\n\t\t\t\t\t\t<div class=\"elementor-container elementor-column-gap-no\">\n\t\t\t\t\t<div class=\"elementor-column elementor-col-100 elementor-top-column elementor-element elementor-element-1aec4f0e\" data-id=\"1aec4f0e\" data-element_type=\"column\">\n\t\t\t<div class=\"elementor-widget-wrap elementor-element-populated\">\n\t\t\t\t\t\t<div class=\"elementor-element elementor-element-5f1a236 elementor-widget elementor-widget-video\" data-id=\"5f1a236\" data-element_type=\"widget\" data-settings=\"{&quot;youtube_url&quot;:&quot;https:\\\/\\\/www.youtube.com\\\/watch?v=HmRSWa31OT0&quot;,&quot;video_type&quot;:&quot;youtube&quot;,&quot;controls&quot;:&quot;yes&quot;}\" data-widget_type=\"video.default\">\n\t\t\t\t<div class=\"elementor-widget-container\">\n\t\t\t\t\t\t\t<div class=\"elementor-wrapper elementor-open-inline\">\n\t\t\t<div class=\"elementor-video\"><\/div>\t\t<\/div>\n\t\t\t\t\t\t<\/div>\n\t\t\t\t<\/div>\n\t\t\t\t<div class=\"elementor-element elementor-element-4901c129 elementor-widget elementor-widget-text-editor\" data-id=\"4901c129\" data-element_type=\"widget\" data-widget_type=\"text-editor.default\">\n\t\t\t\t<div class=\"elementor-widget-container\">\n\t\t\t\t\t\t\t\t\t<h2><span style=\"color: #e8a700;\">\u00ab\u00a1Vosotros sois el tesoro de la Iglesia!\u00bb<\/span><\/h2>\t\t\t\t\t\t\t\t<\/div>\n\t\t\t\t<\/div>\n\t\t\t\t<div class=\"elementor-element elementor-element-ebae756 elementor-widget elementor-widget-text-editor\" data-id=\"ebae756\" data-element_type=\"widget\" data-widget_type=\"text-editor.default\">\n\t\t\t\t<div class=\"elementor-widget-container\">\n\t\t\t\t\t\t\t\t\t<p>Un v\u00eddeo permiti\u00f3 retransmitir el discurso del papa Francisco animando, unas semanas antes, a que los pobres del mundo entero vinieran a Lourdes. Se dirigi\u00f3 personalmente a ellos: \u00ab<em>Vosotros que sois peque\u00f1os, pobres, fr\u00e1giles: sois el tesoro de la Iglesia. Hermanos, os necesito a todos, a cada uno de vosotros. Vosotros que est\u00e1is al pie de la cruz<\/em>\u00bb.<\/p>\t\t\t\t\t\t\t\t<\/div>\n\t\t\t\t<\/div>\n\t\t\t\t<div class=\"elementor-element elementor-element-814e113 elementor-widget elementor-widget-text-editor\" data-id=\"814e113\" data-element_type=\"widget\" data-widget_type=\"text-editor.default\">\n\t\t\t\t<div class=\"elementor-widget-container\">\n\t\t\t\t\t\t\t\t\t<h2><span style=\"color: #e8a700;\">\u00abLa curaci\u00f3n espiritual es el mayor milagro\u00bb<\/span><\/h2>\t\t\t\t\t\t\t\t<\/div>\n\t\t\t\t<\/div>\n\t\t\t\t<div class=\"elementor-element elementor-element-3de944d elementor-widget elementor-widget-text-editor\" data-id=\"3de944d\" data-element_type=\"widget\" data-widget_type=\"text-editor.default\">\n\t\t\t\t<div class=\"elementor-widget-container\">\n\t\t\t\t\t\t\t\t\t<p>La religiosa franciscana Bernadette Moriau, 70\u00aa persona curada milagrosamente de Lourdes, tom\u00f3 la palabra: \u00ab<em>Dios se manifiesta en la fragilidad. Algunos se curan en sus cuerpos como yo, pero muchos lo son espiritualmente. Este es el milagro m\u00e1s grande. Doy gracias: el Se\u00f1or hizo en m\u00ed maravillas, santo es su nombre<\/em>\u00bb.<\/p>\t\t\t\t\t\t\t\t<\/div>\n\t\t\t\t<\/div>\n\t\t\t\t<div class=\"elementor-element elementor-element-55dbef4 elementor-widget elementor-widget-text-editor\" data-id=\"55dbef4\" data-element_type=\"widget\" data-widget_type=\"text-editor.default\">\n\t\t\t\t<div class=\"elementor-widget-container\">\n\t\t\t\t\t\t\t\t\t<h2><span style=\"color: #e8a700;\">\u00ab\u00a1Contemplaos unos a otros!\u00bb<\/span><\/h2>\t\t\t\t\t\t\t\t<\/div>\n\t\t\t\t<\/div>\n\t\t\t\t<div class=\"elementor-element elementor-element-f4c368f elementor-widget elementor-widget-text-editor\" data-id=\"f4c368f\" data-element_type=\"widget\" data-widget_type=\"text-editor.default\">\n\t\t\t\t<div class=\"elementor-widget-container\">\n\t\t\t\t\t\t\t\t\t<p>El rector del santuario, Mons. Oliver Ribadeau Dumas, record\u00f3 que Jes\u00fas se identific\u00f3 con los m\u00e1s peque\u00f1os, con los m\u00e1s pobres: \u00ab<em>Tened esa mirada contemplativa. Dejaos asombrar, sorprender. Porque al contemplaros unos a otros, descubrir\u00e9is algo de Dios<\/em>\u00bb.<\/p>\t\t\t\t\t\t\t\t<\/div>\n\t\t\t\t<\/div>\n\t\t\t\t<div class=\"elementor-element elementor-element-ff8bb40 elementor-widget elementor-widget-text-editor\" data-id=\"ff8bb40\" data-element_type=\"widget\" data-widget_type=\"text-editor.default\">\n\t\t\t\t<div class=\"elementor-widget-container\">\n\t\t\t\t\t\t\t\t\t<h2><span style=\"color: #e8a700;\">Tras las huellas de Bernardita<\/span><\/h2>\t\t\t\t\t\t\t\t<\/div>\n\t\t\t\t<\/div>\n\t\t\t\t<div class=\"elementor-element elementor-element-b47fa74 elementor-widget elementor-widget-text-editor\" data-id=\"b47fa74\" data-element_type=\"widget\" data-widget_type=\"text-editor.default\">\n\t\t\t\t<div class=\"elementor-widget-container\">\n\t\t\t\t\t\t\t\t\t<p>Para entender el mensaje de Lourdes hay que conocer a Bernardita Soubirous, la m\u00e1s pobre y privilegiada del Cielo. Por ello muchos peregrinos de <em>Fratello<\/em> fueron al Calabozo, la c\u00e1rcel abandonada e insalubre, donde la familia Soubirous viv\u00eda en el momento de las apariciones.<\/p>\t\t\t\t\t\t\t\t<\/div>\n\t\t\t\t<\/div>\n\t\t\t\t<div class=\"elementor-element elementor-element-4111dc1 elementor-widget elementor-widget-text-editor\" data-id=\"4111dc1\" data-element_type=\"widget\" data-widget_type=\"text-editor.default\">\n\t\t\t\t<div class=\"elementor-widget-container\">\n\t\t\t\t\t\t\t\t\t<h2><span style=\"color: #e8a700;\">\u00ab\u00a1Sed testigos de Dios!\u00bb<\/span><\/h2>\t\t\t\t\t\t\t\t<\/div>\n\t\t\t\t<\/div>\n\t\t\t\t<div class=\"elementor-element elementor-element-ed257ee elementor-widget elementor-widget-text-editor\" data-id=\"ed257ee\" data-element_type=\"widget\" data-widget_type=\"text-editor.default\">\n\t\t\t\t<div class=\"elementor-widget-container\">\n\t\t\t\t\t\t\t\t\t<p>El Santo Padre recuerda que Jes\u00fas fue ofendido, pisoteado, humillado, maltratado. Pero Jes\u00fas nos hizo el mejor regalo, su Madre. El Papa Francisco pide a cada uno que la rece, que \u00ab<em>se acurruque contra ella<\/em>\u00bb. En Lourdes, cada uno pudo confiarse ante la gruta de Massabielle y poner su carga a los pies de Mar\u00eda, que, recuerda el Papa, es \u00abla puerta de la Iglesia que est\u00e1 abierta de par en par\u00bb. Siguiendo las recomendaciones pontificias: \u00ab<em>Mar\u00eda nos da a Jes\u00fas y nos conduce hacia \u00e9l<\/em>\u00bb, muchos de ellos han recibido el sacramento de la reconciliaci\u00f3n, la eucarist\u00eda y la adoraci\u00f3n. As\u00ed, llenos de fuerzas nuevas, pudieron encender su coraz\u00f3n con las palabras del Papa: \u00ab<em>Cuando regres\u00e9is, no os march\u00e9is como hab\u00e9is venido. Sed testigos del amor de Dios. Contad al mundo cual es vuestro tesoro: Jes\u00fas<\/em>\u00bb.<\/p>\t\t\t\t\t\t\t\t<\/div>\n\t\t\t\t<\/div>\n\t\t\t\t<div class=\"elementor-element elementor-element-e17d670 elementor-widget elementor-widget-spacer\" data-id=\"e17d670\" data-element_type=\"widget\" data-widget_type=\"spacer.default\">\n\t\t\t\t<div class=\"elementor-widget-container\">\n\t\t\t\t\t\t\t<div class=\"elementor-spacer\">\n\t\t\t<div class=\"elementor-spacer-inner\"><\/div>\n\t\t<\/div>\n\t\t\t\t\t\t<\/div>\n\t\t\t\t<\/div>\n\t\t\t\t<div class=\"elementor-element elementor-element-673c2663 carrousel-post elementor-arrows-position-inside elementor-pagination-position-outside elementor-widget elementor-widget-image-carousel\" data-id=\"673c2663\" data-element_type=\"widget\" data-settings=\"{&quot;slides_to_show&quot;:&quot;1&quot;,&quot;navigation&quot;:&quot;both&quot;,&quot;autoplay&quot;:&quot;yes&quot;,&quot;pause_on_hover&quot;:&quot;yes&quot;,&quot;pause_on_interaction&quot;:&quot;yes&quot;,&quot;autoplay_speed&quot;:5000,&quot;infinite&quot;:&quot;yes&quot;,&quot;effect&quot;:&quot;slide&quot;,&quot;speed&quot;:500}\" data-widget_type=\"image-carousel.default\">\n\t\t\t\t<div class=\"elementor-widget-container\">\n\t\t\t\t\t\t\t<div class=\"elementor-image-carousel-wrapper swiper\" role=\"region\" aria-roledescription=\"carousel\" aria-label=\"Carrusel de im\u00e1genes\" dir=\"ltr\">\n\t\t\t<div class=\"elementor-image-carousel swiper-wrapper\" aria-live=\"off\">\n\t\t\t\t\t\t\t\t<div class=\"swiper-slide\" role=\"group\" aria-roledescription=\"slide\" aria-label=\"1 de 6\"><a data-elementor-open-lightbox=\"yes\" data-elementor-lightbox-slideshow=\"673c2663\" data-elementor-lightbox-title=\"reduit_FRATELLO-_EUCHARISTIE-96_o\" data-e-action-hash=\"#elementor-action%3Aaction%3Dlightbox%26settings%3DeyJpZCI6MTg3MzU5LCJ1cmwiOiJodHRwczpcL1wvd3d3LmxvdXJkZXMtZnJhbmNlLm9yZ1wvd3AtY29udGVudFwvdXBsb2Fkc1wvMjAxOVwvMTFcL3JlZHVpdF9GUkFURUxMTy1fRVVDSEFSSVNUSUUtOTZfby5qcGciLCJzbGlkZXNob3ciOiI2NzNjMjY2MyJ9\" href=\"https:\/\/www.lourdes-france.org\/wp-content\/uploads\/2019\/11\/reduit_FRATELLO-_EUCHARISTIE-96_o.jpg\"><figure class=\"swiper-slide-inner\"><img decoding=\"async\" class=\"swiper-slide-image\" src=\"https:\/\/www.lourdes-france.org\/wp-content\/uploads\/2019\/11\/reduit_FRATELLO-_EUCHARISTIE-96_o-768x512.jpg\" alt=\"reduit_FRATELLO-_EUCHARISTIE-96_o\" \/><\/figure><\/a><\/div><div class=\"swiper-slide\" role=\"group\" aria-roledescription=\"slide\" aria-label=\"2 de 6\"><a data-elementor-open-lightbox=\"yes\" data-elementor-lightbox-slideshow=\"673c2663\" data-elementor-lightbox-title=\"reduit_FRATELLO_-ORD_o\" data-e-action-hash=\"#elementor-action%3Aaction%3Dlightbox%26settings%3DeyJpZCI6MTg3MzcxLCJ1cmwiOiJodHRwczpcL1wvd3d3LmxvdXJkZXMtZnJhbmNlLm9yZ1wvd3AtY29udGVudFwvdXBsb2Fkc1wvMjAxOVwvMTFcL3JlZHVpdF9GUkFURUxMT18tT1JEX28uanBnIiwic2xpZGVzaG93IjoiNjczYzI2NjMifQ%3D%3D\" href=\"https:\/\/www.lourdes-france.org\/wp-content\/uploads\/2019\/11\/reduit_FRATELLO_-ORD_o.jpg\"><figure class=\"swiper-slide-inner\"><img decoding=\"async\" class=\"swiper-slide-image\" src=\"https:\/\/www.lourdes-france.org\/wp-content\/uploads\/2019\/11\/reduit_FRATELLO_-ORD_o-768x512.jpg\" alt=\"reduit_FRATELLO_-ORD_o\" \/><\/figure><\/a><\/div><div class=\"swiper-slide\" role=\"group\" aria-roledescription=\"slide\" aria-label=\"3 de 6\"><a data-elementor-open-lightbox=\"yes\" data-elementor-lightbox-slideshow=\"673c2663\" data-elementor-lightbox-title=\"reduit_FRATELLO-EUCHARISTIE-77_k\" data-e-action-hash=\"#elementor-action%3Aaction%3Dlightbox%26settings%3DeyJpZCI6MTg3MzgzLCJ1cmwiOiJodHRwczpcL1wvd3d3LmxvdXJkZXMtZnJhbmNlLm9yZ1wvd3AtY29udGVudFwvdXBsb2Fkc1wvMjAxOVwvMTFcL3JlZHVpdF9GUkFURUxMTy1FVUNIQVJJU1RJRS03N19rLmpwZyIsInNsaWRlc2hvdyI6IjY3M2MyNjYzIn0%3D\" href=\"https:\/\/www.lourdes-france.org\/wp-content\/uploads\/2019\/11\/reduit_FRATELLO-EUCHARISTIE-77_k.jpg\"><figure class=\"swiper-slide-inner\"><img decoding=\"async\" class=\"swiper-slide-image\" src=\"https:\/\/www.lourdes-france.org\/wp-content\/uploads\/2019\/11\/reduit_FRATELLO-EUCHARISTIE-77_k-768x512.jpg\" alt=\"reduit_FRATELLO-EUCHARISTIE-77_k\" \/><\/figure><\/a><\/div><div class=\"swiper-slide\" role=\"group\" aria-roledescription=\"slide\" aria-label=\"4 de 6\"><a data-elementor-open-lightbox=\"yes\" data-elementor-lightbox-slideshow=\"673c2663\" data-elementor-lightbox-title=\"reduit_FRATELLO-ONCTION-DES-MALADES-6aacf48832_o\" data-e-action-hash=\"#elementor-action%3Aaction%3Dlightbox%26settings%3DeyJpZCI6MTg3Mzk1LCJ1cmwiOiJodHRwczpcL1wvd3d3LmxvdXJkZXMtZnJhbmNlLm9yZ1wvd3AtY29udGVudFwvdXBsb2Fkc1wvMjAxOVwvMTFcL3JlZHVpdF9GUkFURUxMTy1PTkNUSU9OLURFUy1NQUxBREVTLTZhYWNmNDg4MzJfby5qcGciLCJzbGlkZXNob3ciOiI2NzNjMjY2MyJ9\" href=\"https:\/\/www.lourdes-france.org\/wp-content\/uploads\/2019\/11\/reduit_FRATELLO-ONCTION-DES-MALADES-6aacf48832_o.jpg\"><figure class=\"swiper-slide-inner\"><img decoding=\"async\" class=\"swiper-slide-image\" src=\"https:\/\/www.lourdes-france.org\/wp-content\/uploads\/2019\/11\/reduit_FRATELLO-ONCTION-DES-MALADES-6aacf48832_o-768x512.jpg\" alt=\"reduit_FRATELLO-ONCTION-DES-MALADES-6aacf48832_o\" \/><\/figure><\/a><\/div><div class=\"swiper-slide\" role=\"group\" aria-roledescription=\"slide\" aria-label=\"5 de 6\"><a data-elementor-open-lightbox=\"yes\" data-elementor-lightbox-slideshow=\"673c2663\" data-elementor-lightbox-title=\"reduit_FRATELLO-PRIERE_o\" data-e-action-hash=\"#elementor-action%3Aaction%3Dlightbox%26settings%3DeyJpZCI6MTg3NDA3LCJ1cmwiOiJodHRwczpcL1wvd3d3LmxvdXJkZXMtZnJhbmNlLm9yZ1wvd3AtY29udGVudFwvdXBsb2Fkc1wvMjAxOVwvMTFcL3JlZHVpdF9GUkFURUxMTy1QUklFUkVfby5qcGciLCJzbGlkZXNob3ciOiI2NzNjMjY2MyJ9\" href=\"https:\/\/www.lourdes-france.org\/wp-content\/uploads\/2019\/11\/reduit_FRATELLO-PRIERE_o.jpg\"><figure class=\"swiper-slide-inner\"><img decoding=\"async\" class=\"swiper-slide-image\" src=\"https:\/\/www.lourdes-france.org\/wp-content\/uploads\/2019\/11\/reduit_FRATELLO-PRIERE_o-768x512.jpg\" alt=\"reduit_FRATELLO-PRIERE_o\" \/><\/figure><\/a><\/div><div class=\"swiper-slide\" role=\"group\" aria-roledescription=\"slide\" aria-label=\"6 de 6\"><a data-elementor-open-lightbox=\"yes\" data-elementor-lightbox-slideshow=\"673c2663\" data-elementor-lightbox-title=\"reduit_FRATELLO-TRESOR-DE-LEGLISE_k\" data-e-action-hash=\"#elementor-action%3Aaction%3Dlightbox%26settings%3DeyJpZCI6MTg3NDE5LCJ1cmwiOiJodHRwczpcL1wvd3d3LmxvdXJkZXMtZnJhbmNlLm9yZ1wvd3AtY29udGVudFwvdXBsb2Fkc1wvMjAxOVwvMTFcL3JlZHVpdF9GUkFURUxMTy1UUkVTT1ItREUtTEVHTElTRV9rLmpwZyIsInNsaWRlc2hvdyI6IjY3M2MyNjYzIn0%3D\" href=\"https:\/\/www.lourdes-france.org\/wp-content\/uploads\/2019\/11\/reduit_FRATELLO-TRESOR-DE-LEGLISE_k.jpg\"><figure class=\"swiper-slide-inner\"><img decoding=\"async\" class=\"swiper-slide-image\" src=\"https:\/\/www.lourdes-france.org\/wp-content\/uploads\/2019\/11\/reduit_FRATELLO-TRESOR-DE-LEGLISE_k-768x432.jpg\" alt=\"reduit_FRATELLO-TRESOR-DE-LEGLISE_k\" \/><\/figure><\/a><\/div>\t\t\t<\/div>\n\t\t\t\t\t\t\t\t\t\t\t\t<div class=\"elementor-swiper-button elementor-swiper-button-prev\" role=\"button\" tabindex=\"0\">\n\t\t\t\t\t\t<i aria-hidden=\"true\" class=\"eicon-chevron-left\"><\/i>\t\t\t\t\t<\/div>\n\t\t\t\t\t<div class=\"elementor-swiper-button elementor-swiper-button-next\" role=\"button\" tabindex=\"0\">\n\t\t\t\t\t\t<i aria-hidden=\"true\" class=\"eicon-chevron-right\"><\/i>\t\t\t\t\t<\/div>\n\t\t\t\t\n\t\t\t\t\t\t\t\t\t<div class=\"swiper-pagination\"><\/div>\n\t\t\t\t\t\t\t\t\t<\/div>\n\t\t\t\t\t\t<\/div>\n\t\t\t\t<\/div>\n\t\t\t\t<div class=\"elementor-element elementor-element-68e14f4 elementor-align-center elementor-widget elementor-widget-button\" data-id=\"68e14f4\" data-element_type=\"widget\" data-widget_type=\"button.default\">\n\t\t\t\t<div class=\"elementor-widget-container\">\n\t\t\t\t\t\t\t\t\t<div class=\"elementor-button-wrapper\">\n\t\t\t\t\t<a class=\"elementor-button elementor-button-link elementor-size-sm\" href=\"https:\/\/www.lourdes-france.org\/es\/para-la-3a-jornada-mundial-de-los-pobres-todos-a-lourdes-con-fratello\/\">\n\t\t\t\t\t\t<span class=\"elementor-button-content-wrapper\">\n\t\t\t\t\t\t\t\t\t<span class=\"elementor-button-text\">Para saber algo m\u00e1s sobre Fratello Lourdes 2019<\/span>\n\t\t\t\t\t<\/span>\n\t\t\t\t\t<\/a>\n\t\t\t\t<\/div>\n\t\t\t\t\t\t\t\t<\/div>\n\t\t\t\t<\/div>\n\t\t\t\t\t<\/div>\n\t\t<\/div>\n\t\t\t\t\t<\/div>\n\t\t<\/section>\n\t\t\t\t<\/div>\n\t\t","protected":false},"excerpt":{"rendered":"<p>https:\/\/www.youtube.com\/watch?v=HmRSWa31OT0 \u00ab\u00a1Vosotros sois el tesoro de la Iglesia!\u00bb Un v\u00eddeo permiti\u00f3 retransmitir el discurso del papa Francisco animando, unas semanas antes, a que los pobres del mundo entero vinieran a Lourdes. Se dirigi\u00f3 personalmente a ellos: \u00abVosotros que sois peque\u00f1os, &hellip; <a href=\"https:\/\/www.lourdes-france.org\/es\/60-momentos-de-excepcion\/\">Continuar<\/a><\/p>\n","protected":false},"author":21,"featured_media":187343,"comment_status":"closed","ping_status":"closed","sticky":false,"template":"","format":"standard","meta":{"_acf_changed":false,"footnotes":""},"categories":[113],"tags":[],"class_list":["post-188407","post","type-post","status-publish","format-standard","has-post-thumbnail","hentry","category-los-reportajes-de-lourdes-es"],"acf":[],"yoast_head":"<!-- This site is optimized with the Yoast SEO plugin v24.7 - https:\/\/yoast.com\/wordpress\/plugins\/seo\/ -->\n<title>Fratello - 60 momentos de excepci\u00f3n<\/title>\n<meta name=\"robots\" content=\"index, follow, max-snippet:-1, max-image-preview:large, max-video-preview:-1\" \/>\n<link rel=\"canonical\" href=\"https:\/\/www.lourdes-france.org\/es\/60-momentos-de-excepcion\/\" \/>\n<meta name=\"twitter:label1\" content=\"Escrito por\" \/>\n\t<meta name=\"twitter:data1\" content=\"TV LOURDES\" \/>\n\t<meta name=\"twitter:label2\" content=\"Tiempo de lectura\" \/>\n\t<meta name=\"twitter:data2\" content=\"2 minutos\" \/>\n<script type=\"application\/ld+json\" class=\"yoast-schema-graph\">{\"@context\":\"https:\/\/schema.org\",\"@graph\":[{\"@type\":\"WebPage\",\"@id\":\"https:\/\/www.lourdes-france.org\/es\/60-momentos-de-excepcion\/\",\"url\":\"https:\/\/www.lourdes-france.org\/es\/60-momentos-de-excepcion\/\",\"name\":\"Fratello - 60 momentos de excepci\u00f3n\",\"isPartOf\":{\"@id\":\"https:\/\/preprod-lourdes.cawita.com\/#website\"},\"primaryImageOfPage\":{\"@id\":\"https:\/\/www.lourdes-france.org\/es\/60-momentos-de-excepcion\/#primaryimage\"},\"image\":{\"@id\":\"https:\/\/www.lourdes-france.org\/es\/60-momentos-de-excepcion\/#primaryimage\"},\"thumbnailUrl\":\"https:\/\/www.lourdes-france.org\/wp-content\/uploads\/2019\/11\/reduit_FRATELLO_-ORD_o-380.jpg\",\"datePublished\":\"2019-11-18T12:21:08+00:00\",\"dateModified\":\"2026-01-30T07:59:08+00:00\",\"author\":{\"@id\":\"https:\/\/preprod-lourdes.cawita.com\/#\/schema\/person\/00e15361338ccda7ff575e7807b7ff76\"},\"breadcrumb\":{\"@id\":\"https:\/\/www.lourdes-france.org\/es\/60-momentos-de-excepcion\/#breadcrumb\"},\"inLanguage\":\"es\",\"potentialAction\":[{\"@type\":\"ReadAction\",\"target\":[\"https:\/\/www.lourdes-france.org\/es\/60-momentos-de-excepcion\/\"]}]},{\"@type\":\"ImageObject\",\"inLanguage\":\"es\",\"@id\":\"https:\/\/www.lourdes-france.org\/es\/60-momentos-de-excepcion\/#primaryimage\",\"url\":\"https:\/\/www.lourdes-france.org\/wp-content\/uploads\/2019\/11\/reduit_FRATELLO_-ORD_o-380.jpg\",\"contentUrl\":\"https:\/\/www.lourdes-france.org\/wp-content\/uploads\/2019\/11\/reduit_FRATELLO_-ORD_o-380.jpg\",\"width\":760,\"height\":560},{\"@type\":\"BreadcrumbList\",\"@id\":\"https:\/\/www.lourdes-france.org\/es\/60-momentos-de-excepcion\/#breadcrumb\",\"itemListElement\":[{\"@type\":\"ListItem\",\"position\":1,\"name\":\"Accueil\",\"item\":\"https:\/\/www.lourdes-france.org\/\"},{\"@type\":\"ListItem\",\"position\":2,\"name\":\"Fratello &#8211; 60 momentos de excepci\u00f3n\"}]},{\"@type\":\"WebSite\",\"@id\":\"https:\/\/preprod-lourdes.cawita.com\/#website\",\"url\":\"https:\/\/preprod-lourdes.cawita.com\/\",\"name\":\"Soutenir le Sanctuaire Notre-Dame de Lourdes\",\"description\":\"\",\"potentialAction\":[{\"@type\":\"SearchAction\",\"target\":{\"@type\":\"EntryPoint\",\"urlTemplate\":\"https:\/\/preprod-lourdes.cawita.com\/?s={search_term_string}\"},\"query-input\":{\"@type\":\"PropertyValueSpecification\",\"valueRequired\":true,\"valueName\":\"search_term_string\"}}],\"inLanguage\":\"es\"},{\"@type\":\"Person\",\"@id\":\"https:\/\/preprod-lourdes.cawita.com\/#\/schema\/person\/00e15361338ccda7ff575e7807b7ff76\",\"name\":\"TV LOURDES\",\"image\":{\"@type\":\"ImageObject\",\"inLanguage\":\"es\",\"@id\":\"https:\/\/preprod-lourdes.cawita.com\/#\/schema\/person\/image\/\",\"url\":\"https:\/\/secure.gravatar.com\/avatar\/99ad963db01f0c73acfee4d5f94ac178?s=96&d=mm&r=g\",\"contentUrl\":\"https:\/\/secure.gravatar.com\/avatar\/99ad963db01f0c73acfee4d5f94ac178?s=96&d=mm&r=g\",\"caption\":\"TV LOURDES\"},\"url\":\"https:\/\/www.lourdes-france.org\/es\/author\/tv-lourdes\/\"}]}<\/script>\n<!-- \/ Yoast SEO plugin. -->","yoast_head_json":{"title":"Fratello - 60 momentos de excepci\u00f3n","robots":{"index":"index","follow":"follow","max-snippet":"max-snippet:-1","max-image-preview":"max-image-preview:large","max-video-preview":"max-video-preview:-1"},"canonical":"https:\/\/www.lourdes-france.org\/es\/60-momentos-de-excepcion\/","twitter_misc":{"Escrito por":"TV LOURDES","Tiempo de lectura":"2 minutos"},"schema":{"@context":"https:\/\/schema.org","@graph":[{"@type":"WebPage","@id":"https:\/\/www.lourdes-france.org\/es\/60-momentos-de-excepcion\/","url":"https:\/\/www.lourdes-france.org\/es\/60-momentos-de-excepcion\/","name":"Fratello - 60 momentos de excepci\u00f3n","isPartOf":{"@id":"https:\/\/preprod-lourdes.cawita.com\/#website"},"primaryImageOfPage":{"@id":"https:\/\/www.lourdes-france.org\/es\/60-momentos-de-excepcion\/#primaryimage"},"image":{"@id":"https:\/\/www.lourdes-france.org\/es\/60-momentos-de-excepcion\/#primaryimage"},"thumbnailUrl":"https:\/\/www.lourdes-france.org\/wp-content\/uploads\/2019\/11\/reduit_FRATELLO_-ORD_o-380.jpg","datePublished":"2019-11-18T12:21:08+00:00","dateModified":"2026-01-30T07:59:08+00:00","author":{"@id":"https:\/\/preprod-lourdes.cawita.com\/#\/schema\/person\/00e15361338ccda7ff575e7807b7ff76"},"breadcrumb":{"@id":"https:\/\/www.lourdes-france.org\/es\/60-momentos-de-excepcion\/#breadcrumb"},"inLanguage":"es","potentialAction":[{"@type":"ReadAction","target":["https:\/\/www.lourdes-france.org\/es\/60-momentos-de-excepcion\/"]}]},{"@type":"ImageObject","inLanguage":"es","@id":"https:\/\/www.lourdes-france.org\/es\/60-momentos-de-excepcion\/#primaryimage","url":"https:\/\/www.lourdes-france.org\/wp-content\/uploads\/2019\/11\/reduit_FRATELLO_-ORD_o-380.jpg","contentUrl":"https:\/\/www.lourdes-france.org\/wp-content\/uploads\/2019\/11\/reduit_FRATELLO_-ORD_o-380.jpg","width":760,"height":560},{"@type":"BreadcrumbList","@id":"https:\/\/www.lourdes-france.org\/es\/60-momentos-de-excepcion\/#breadcrumb","itemListElement":[{"@type":"ListItem","position":1,"name":"Accueil","item":"https:\/\/www.lourdes-france.org\/"},{"@type":"ListItem","position":2,"name":"Fratello &#8211; 60 momentos de excepci\u00f3n"}]},{"@type":"WebSite","@id":"https:\/\/preprod-lourdes.cawita.com\/#website","url":"https:\/\/preprod-lourdes.cawita.com\/","name":"Soutenir le Sanctuaire Notre-Dame de Lourdes","description":"","potentialAction":[{"@type":"SearchAction","target":{"@type":"EntryPoint","urlTemplate":"https:\/\/preprod-lourdes.cawita.com\/?s={search_term_string}"},"query-input":{"@type":"PropertyValueSpecification","valueRequired":true,"valueName":"search_term_string"}}],"inLanguage":"es"},{"@type":"Person","@id":"https:\/\/preprod-lourdes.cawita.com\/#\/schema\/person\/00e15361338ccda7ff575e7807b7ff76","name":"TV LOURDES","image":{"@type":"ImageObject","inLanguage":"es","@id":"https:\/\/preprod-lourdes.cawita.com\/#\/schema\/person\/image\/","url":"https:\/\/secure.gravatar.com\/avatar\/99ad963db01f0c73acfee4d5f94ac178?s=96&d=mm&r=g","contentUrl":"https:\/\/secure.gravatar.com\/avatar\/99ad963db01f0c73acfee4d5f94ac178?s=96&d=mm&r=g","caption":"TV LOURDES"},"url":"https:\/\/www.lourdes-france.org\/es\/author\/tv-lourdes\/"}]}},"_links":{"self":[{"href":"https:\/\/www.lourdes-france.org\/es\/wp-json\/wp\/v2\/posts\/188407","targetHints":{"allow":["GET"]}}],"collection":[{"href":"https:\/\/www.lourdes-france.org\/es\/wp-json\/wp\/v2\/posts"}],"about":[{"href":"https:\/\/www.lourdes-france.org\/es\/wp-json\/wp\/v2\/types\/post"}],"author":[{"embeddable":true,"href":"https:\/\/www.lourdes-france.org\/es\/wp-json\/wp\/v2\/users\/21"}],"replies":[{"embeddable":true,"href":"https:\/\/www.lourdes-france.org\/es\/wp-json\/wp\/v2\/comments?post=188407"}],"version-history":[{"count":3,"href":"https:\/\/www.lourdes-france.org\/es\/wp-json\/wp\/v2\/posts\/188407\/revisions"}],"predecessor-version":[{"id":189475,"href":"https:\/\/www.lourdes-france.org\/es\/wp-json\/wp\/v2\/posts\/188407\/revisions\/189475"}],"wp:featuredmedia":[{"embeddable":true,"href":"https:\/\/www.lourdes-france.org\/es\/wp-json\/wp\/v2\/media\/187343"}],"wp:attachment":[{"href":"https:\/\/www.lourdes-france.org\/es\/wp-json\/wp\/v2\/media?parent=188407"}],"wp:term":[{"taxonomy":"category","embeddable":true,"href":"https:\/\/www.lourdes-france.org\/es\/wp-json\/wp\/v2\/categories?post=188407"},{"taxonomy":"post_tag","embeddable":true,"href":"https:\/\/www.lourdes-france.org\/es\/wp-json\/wp\/v2\/tags?post=188407"}],"curies":[{"name":"wp","href":"https:\/\/api.w.org\/{rel}","templated":true}]}}