{"id":205221,"date":"2020-02-04T15:06:29","date_gmt":"2020-02-04T14:06:29","guid":{"rendered":"https:\/\/www.lourdes-france.org\/11-fevrier-premiere-apparition-de-marie-a-bernadette-soubirousfete-de-notre-dame-de-lourdes28e-journee-mondiale-du-malade\/"},"modified":"2026-01-29T15:24:35","modified_gmt":"2026-01-29T14:24:35","slug":"11-de-febrero-primera-aparicion-de-la-virgen-maria-a-bernardita-soubirousfiesta-de-nuestra-senora-de-lourdesxxviii-jornada-mundial-del-enfermo","status":"publish","type":"post","link":"https:\/\/www.lourdes-france.org\/es\/11-de-febrero-primera-aparicion-de-la-virgen-maria-a-bernardita-soubirousfiesta-de-nuestra-senora-de-lourdesxxviii-jornada-mundial-del-enfermo\/","title":{"rendered":"11 de febrero: Primera aparici\u00f3n de la Virgen Mar\u00eda a Bernardita Soubirous<\/br>Fiesta de Nuestra Se\u00f1ora de Lourdes<\/br>XXVIII Jornada Mundial del Enfermo"},"content":{"rendered":"\t\t<div data-elementor-type=\"wp-post\" data-elementor-id=\"205221\" class=\"elementor elementor-205221 elementor-205045\" data-elementor-post-type=\"post\">\n\t\t\t\t\t\t<section class=\"elementor-section elementor-top-section elementor-element elementor-element-572fd272 elementor-section-boxed elementor-section-height-default elementor-section-height-default\" data-id=\"572fd272\" data-element_type=\"section\">\n\t\t\t\t\t\t<div class=\"elementor-container elementor-column-gap-no\">\n\t\t\t\t\t<div class=\"elementor-column elementor-col-100 elementor-top-column elementor-element elementor-element-1a23cab5\" data-id=\"1a23cab5\" data-element_type=\"column\">\n\t\t\t<div class=\"elementor-widget-wrap elementor-element-populated\">\n\t\t\t\t\t\t<div class=\"elementor-element elementor-element-ff37d5d elementor-widget elementor-widget-video\" data-id=\"ff37d5d\" data-element_type=\"widget\" data-settings=\"{&quot;youtube_url&quot;:&quot;https:\\\/\\\/www.youtube.com\\\/watch?v=qzAIu0p2BJ8&quot;,&quot;video_type&quot;:&quot;youtube&quot;,&quot;controls&quot;:&quot;yes&quot;}\" data-widget_type=\"video.default\">\n\t\t\t\t<div class=\"elementor-widget-container\">\n\t\t\t\t\t\t\t<div class=\"elementor-wrapper elementor-open-inline\">\n\t\t\t<div class=\"elementor-video\"><\/div>\t\t<\/div>\n\t\t\t\t\t\t<\/div>\n\t\t\t\t<\/div>\n\t\t\t\t<div class=\"elementor-element elementor-element-42025b9 elementor-widget elementor-widget-video\" data-id=\"42025b9\" data-element_type=\"widget\" data-settings=\"{&quot;youtube_url&quot;:&quot;https:\\\/\\\/youtu.be\\\/vYj_s3tv1ls&quot;,&quot;video_type&quot;:&quot;youtube&quot;,&quot;controls&quot;:&quot;yes&quot;}\" data-widget_type=\"video.default\">\n\t\t\t\t<div class=\"elementor-widget-container\">\n\t\t\t\t\t\t\t<div class=\"elementor-wrapper elementor-open-inline\">\n\t\t\t<div class=\"elementor-video\"><\/div>\t\t<\/div>\n\t\t\t\t\t\t<\/div>\n\t\t\t\t<\/div>\n\t\t\t\t<div class=\"elementor-element elementor-element-6213a39a elementor-widget elementor-widget-text-editor\" data-id=\"6213a39a\" data-element_type=\"widget\" data-widget_type=\"text-editor.default\">\n\t\t\t\t<div class=\"elementor-widget-container\">\n\t\t\t\t\t\t\t\t\t<h2><span style=\"color: #e8a700;\">Novena a Nuestra Se\u00f1ora de Lourdes\u00a0<\/span>del 3 al 11 de febrero<\/h2>\t\t\t\t\t\t\t\t<\/div>\n\t\t\t\t<\/div>\n\t\t\t\t<section class=\"elementor-section elementor-inner-section elementor-element elementor-element-7cd4b53 elementor-section-boxed elementor-section-height-default elementor-section-height-default\" data-id=\"7cd4b53\" data-element_type=\"section\">\n\t\t\t\t\t\t<div class=\"elementor-container elementor-column-gap-no\">\n\t\t\t\t\t<div class=\"elementor-column elementor-col-50 elementor-inner-column elementor-element elementor-element-ce0cbe5\" data-id=\"ce0cbe5\" data-element_type=\"column\">\n\t\t\t<div class=\"elementor-widget-wrap elementor-element-populated\">\n\t\t\t\t\t\t<div class=\"elementor-element elementor-element-716909d9 elementor-widget elementor-widget-text-editor\" data-id=\"716909d9\" data-element_type=\"widget\" data-widget_type=\"text-editor.default\">\n\t\t\t\t<div class=\"elementor-widget-container\">\n\t\t\t\t\t\t\t\t\t<p>Decir la oraci\u00f3n de la novena. <br \/>Recitar un misterio del rosario.<br \/>Invocaciones:<em> \u00ab\u00a1Nuestra Se\u00f1ora de Lourdes, ruega por nosotros!\u00bb<\/em> <br \/><em>\u00ab\u00a1Santa Bernardita, ruega por nosotros!\u00bb<\/em><br \/><em>\u00ab\u00a1Oh Mar\u00eda, sin pecado concebida, rogad por nosotros que recurrimos a vos!\u00bb<\/em> <br \/>Misa y comuni\u00f3n el 11 de febrero. <br \/><br \/><strong>Se recomienda la confesi\u00f3n durante la octava.<\/strong><\/p>\t\t\t\t\t\t\t\t<\/div>\n\t\t\t\t<\/div>\n\t\t\t\t\t<\/div>\n\t\t<\/div>\n\t\t\t\t<div class=\"elementor-column elementor-col-50 elementor-inner-column elementor-element elementor-element-f6faccb\" data-id=\"f6faccb\" data-element_type=\"column\">\n\t\t\t<div class=\"elementor-widget-wrap elementor-element-populated\">\n\t\t\t\t\t\t<div class=\"elementor-element elementor-element-4352645 elementor-widget elementor-widget-image\" data-id=\"4352645\" data-element_type=\"widget\" data-widget_type=\"image.default\">\n\t\t\t\t<div class=\"elementor-widget-container\">\n\t\t\t\t\t\t\t\t\t\t\t\t\t\t\t<img fetchpriority=\"high\" decoding=\"async\" width=\"200\" height=\"300\" src=\"https:\/\/www.lourdes-france.org\/wp-content\/uploads\/2020\/01\/reduit_PHOTO-OK-POUR-IMAGE-NEUVAINE-11f\u00e9vrier2020_\u00a9VIRON_PerpignanMarseilleetFrancisc_1-200x300.jpg\" class=\"attachment-medium size-medium wp-image-205083\" alt=\"\" srcset=\"https:\/\/www.lourdes-france.org\/wp-content\/uploads\/2020\/01\/reduit_PHOTO-OK-POUR-IMAGE-NEUVAINE-11f\u00e9vrier2020_\u00a9VIRON_PerpignanMarseilleetFrancisc_1-200x300.jpg 200w, https:\/\/www.lourdes-france.org\/wp-content\/uploads\/2020\/01\/reduit_PHOTO-OK-POUR-IMAGE-NEUVAINE-11f\u00e9vrier2020_\u00a9VIRON_PerpignanMarseilleetFrancisc_1-681x1024.jpg 681w, https:\/\/www.lourdes-france.org\/wp-content\/uploads\/2020\/01\/reduit_PHOTO-OK-POUR-IMAGE-NEUVAINE-11f\u00e9vrier2020_\u00a9VIRON_PerpignanMarseilleetFrancisc_1-768x1155.jpg 768w, https:\/\/www.lourdes-france.org\/wp-content\/uploads\/2020\/01\/reduit_PHOTO-OK-POUR-IMAGE-NEUVAINE-11f\u00e9vrier2020_\u00a9VIRON_PerpignanMarseilleetFrancisc_1-186x280.jpg 186w, https:\/\/www.lourdes-france.org\/wp-content\/uploads\/2020\/01\/reduit_PHOTO-OK-POUR-IMAGE-NEUVAINE-11f\u00e9vrier2020_\u00a9VIRON_PerpignanMarseilleetFrancisc_1.jpg 798w\" sizes=\"(max-width: 200px) 100vw, 200px\" \/>\t\t\t\t\t\t\t\t\t\t\t\t\t\t\t<\/div>\n\t\t\t\t<\/div>\n\t\t\t\t\t<\/div>\n\t\t<\/div>\n\t\t\t\t\t<\/div>\n\t\t<\/section>\n\t\t\t\t<div class=\"elementor-element elementor-element-1dbf87f elementor-widget elementor-widget-text-editor\" data-id=\"1dbf87f\" data-element_type=\"widget\" data-widget_type=\"text-editor.default\">\n\t\t\t\t<div class=\"elementor-widget-container\">\n\t\t\t\t\t\t\t\t\t<p>Mar\u00eda, <br \/>Nuestra Se\u00f1ora de Lourdes, <br \/>T\u00fa que te apareciste a Bernardita, peque\u00f1a y sencilla pastora de Bigorra, <br \/>En el hueco de la roca de Massabielle,<br \/>Le trajiste la luz resplandeciente de tu sonrisa, <br \/>El dulce y radiante resplandor de tu presencia.<br \/>Creaste una relaci\u00f3n con ella a lo largo de los d\u00edas <br \/>En la que la mirabas como una persona habla con otra persona. <br \/>Estamos ante ti, pobres tambi\u00e9n nosotros, y te rezamos humildemente. <br \/>Haz que aquellos que dudan, descubran la alegr\u00eda de la confianza, <br \/>Haz que aquellos que desesperan, sientan tu discreta presencia.<br \/>Mar\u00eda, <br \/>Nuestra Se\u00f1ora de Lourdes,<br \/>T\u00fa que revelaste a Bernardita tu nombre <br \/>Diciendo simplemente \u00abYo soy la Inmaculada Concepci\u00f3n\u00bb. <br \/>Haznos descubrir la alegr\u00eda del perd\u00f3n que siempre se ofrece, <br \/>Pon en nosotros el deseo de la inocencia recuperada y la santidad gozosa. <br \/>Ayuda a los pecadores que no quieren ver.<br \/>Has dado a luz al Salvador del mundo, <br \/>Mira con ternura nuestro mundo espl\u00e9ndido y dram\u00e1tico. <br \/>Abre en nosotros los caminos de la esperanza, <br \/>Gu\u00edanos hacia Aquel que es la Fuente viva, <br \/>Jes\u00fas, tu Hijo, que nos ense\u00f1a a decir:<br \/>Padre Nuestro&#8230;Mar\u00eda, <br \/>Nuestra Se\u00f1ora de Lourdes, <br \/>T\u00fa que te apareciste a Bernardita, peque\u00f1a y sencilla pastora de Bigorra, <br \/>En el hueco de la roca de Massabielle,<br \/>Le trajiste la luz resplandeciente de tu sonrisa, <br \/>El dulce y radiante resplandor de tu presencia.<br \/>Creaste una relaci\u00f3n con ella a lo largo de los d\u00edas <br \/>En la que la mirabas como una persona habla con otra persona. <br \/>Estamos ante ti, pobres tambi\u00e9n nosotros, y te rezamos humildemente. <br \/>Haz que aquellos que dudan, descubran la alegr\u00eda de la confianza, <br \/>Haz que aquellos que desesperan, sientan tu discreta presencia.<br \/>Mar\u00eda, <br \/>Nuestra Se\u00f1ora de Lourdes,<br \/>T\u00fa que revelaste a Bernardita tu nombre <br \/>Diciendo simplemente \u00abYo soy la Inmaculada Concepci\u00f3n\u00bb. <br \/>Haznos descubrir la alegr\u00eda del perd\u00f3n que siempre se ofrece, <br \/>Pon en nosotros el deseo de la inocencia recuperada y la santidad gozosa. <br \/>Ayuda a los pecadores que no quieren ver.<br \/>Has dado a luz al Salvador del mundo, <br \/>Mira con ternura nuestro mundo espl\u00e9ndido y dram\u00e1tico. <br \/>Abre en nosotros los caminos de la esperanza, <br \/>Gu\u00edanos hacia Aquel que es la Fuente viva, <br \/>Jes\u00fas, tu Hijo, que nos ense\u00f1a a decir:<br \/>Padre Nuestro&#8230;<\/p>\t\t\t\t\t\t\t\t<\/div>\n\t\t\t\t<\/div>\n\t\t\t\t<div class=\"elementor-element elementor-element-a75da07 elementor-widget elementor-widget-text-editor\" data-id=\"a75da07\" data-element_type=\"widget\" data-widget_type=\"text-editor.default\">\n\t\t\t\t<div class=\"elementor-widget-container\">\n\t\t\t\t\t\t\t\t\t<h2><span style=\"color: #e8a700;\">11 de febrero de 2020\u00a0<\/span>Fiesta de Nuestra Se\u00f1ora de Lourdes<br \/>XXVIII Jornada Mundial del Enfermo<\/h2>\t\t\t\t\t\t\t\t<\/div>\n\t\t\t\t<\/div>\n\t\t\t\t<div class=\"elementor-element elementor-element-4d54190 elementor-widget elementor-widget-text-editor\" data-id=\"4d54190\" data-element_type=\"widget\" data-widget_type=\"text-editor.default\">\n\t\t\t\t<div class=\"elementor-widget-container\">\n\t\t\t\t\t\t\t\t\t<p><span style=\"color: #e8a702;\"><strong>Lunes 10 de febrero<\/strong><\/span><br \/><span style=\"color: #e8a702;\"><strong>21:00<\/strong><\/span> Procesi\u00f3n mariana de las antorchas<\/p><p><span style=\"color: #e8a702;\"><strong>Martes 11 de febrero<\/strong><\/span><br \/><span style=\"color: #e8a702;\"><strong>10:00<\/strong><\/span> Misa internacional en la bas\u00edlica de san P\u00edo X<br \/>presidida por Mons. Rino Fisichella<br \/>Retransmitida en directo por las televisiones cat\u00f3licas<\/p><p><span style=\"color: #e8a702;\"><strong>15:30<\/strong><\/span> Rosario meditado en la Gruta (franc\u00e9s)<br \/>por Mons. Olivier Ribadeau Dumas, rector del Santuario, en presencia de los capellanes<br \/>Retransmitido en directo<\/p><p><span style=\"color: #e8a702;\"><strong>16:30<\/strong><\/span> Adoraci\u00f3n y bendici\u00f3n de personas enfermas en la bas\u00edlica de san P\u00edo X<\/p><p><span style=\"color: #e8a702;\"><strong>18:00<\/strong><\/span> Rosario en italiano en la Gruta<br \/>Retransmitido en directo<\/p><p><span style=\"color: #e8a702;\"><strong>21:00<\/strong><\/span> Procesi\u00f3n mariana de las antorchas<\/p>\t\t\t\t\t\t\t\t<\/div>\n\t\t\t\t<\/div>\n\t\t\t\t<div class=\"elementor-element elementor-element-c743594 elementor-widget elementor-widget-text-editor\" data-id=\"c743594\" data-element_type=\"widget\" data-widget_type=\"text-editor.default\">\n\t\t\t\t<div class=\"elementor-widget-container\">\n\t\t\t\t\t\t\t\t\t<h2><span style=\"color: #e8a700;\">Mensaje del papa Francisco\u00a0<\/span>para la XXVIII Jornada Mundial del Enfermo<\/h2>\t\t\t\t\t\t\t\t<\/div>\n\t\t\t\t<\/div>\n\t\t\t\t<div class=\"elementor-element elementor-element-50b4e87 elementor-widget elementor-widget-button\" data-id=\"50b4e87\" data-element_type=\"widget\" data-widget_type=\"button.default\">\n\t\t\t\t<div class=\"elementor-widget-container\">\n\t\t\t\t\t\t\t\t\t<div class=\"elementor-button-wrapper\">\n\t\t\t\t\t<a class=\"elementor-button elementor-button-link elementor-size-sm\" href=\"https:\/\/www.lourdes-france.org\/es\/mensaje-del-santo-padre-francisco-para-la-xxviii-jornada-mundial-del-enfermo-11-de-febrero-de-2020\/\">\n\t\t\t\t\t\t<span class=\"elementor-button-content-wrapper\">\n\t\t\t\t\t\t\t\t\t<span class=\"elementor-button-text\">Ver el mensaje del Papa Francisco<\/span>\n\t\t\t\t\t<\/span>\n\t\t\t\t\t<\/a>\n\t\t\t\t<\/div>\n\t\t\t\t\t\t\t\t<\/div>\n\t\t\t\t<\/div>\n\t\t\t\t<div class=\"elementor-element elementor-element-3f749c6 elementor-widget elementor-widget-spacer\" data-id=\"3f749c6\" data-element_type=\"widget\" data-widget_type=\"spacer.default\">\n\t\t\t\t<div class=\"elementor-widget-container\">\n\t\t\t\t\t\t\t<div class=\"elementor-spacer\">\n\t\t\t<div class=\"elementor-spacer-inner\"><\/div>\n\t\t<\/div>\n\t\t\t\t\t\t<\/div>\n\t\t\t\t<\/div>\n\t\t\t\t<div class=\"elementor-element elementor-element-0a38252 elementor-widget elementor-widget-video\" data-id=\"0a38252\" data-element_type=\"widget\" data-settings=\"{&quot;youtube_url&quot;:&quot;https:\\\/\\\/youtu.be\\\/xmqLMRIzc6U&quot;,&quot;video_type&quot;:&quot;youtube&quot;,&quot;controls&quot;:&quot;yes&quot;}\" data-widget_type=\"video.default\">\n\t\t\t\t<div class=\"elementor-widget-container\">\n\t\t\t\t\t\t\t<div class=\"elementor-wrapper elementor-open-inline\">\n\t\t\t<div class=\"elementor-video\"><\/div>\t\t<\/div>\n\t\t\t\t\t\t<\/div>\n\t\t\t\t<\/div>\n\t\t\t\t<div class=\"elementor-element elementor-element-f34fc08 elementor-widget elementor-widget-text-editor\" data-id=\"f34fc08\" data-element_type=\"widget\" data-widget_type=\"text-editor.default\">\n\t\t\t\t<div class=\"elementor-widget-container\">\n\t\t\t\t\t\t\t\t\t<h2><span style=\"color: #e8a700;\">\u00abLos primeros evangelizadores del Santuario de Lourdes son los enfermos\u00bb\u00a0<\/span>Mons. Rino Fisichella, presidente del pontificio Consejo para la promoci\u00f3n de la Nueva Evangelizaci\u00f3n preside la misa internacional<\/h2>\t\t\t\t\t\t\t\t<\/div>\n\t\t\t\t<\/div>\n\t\t\t\t<div class=\"elementor-element elementor-element-614c5df elementor-widget elementor-widget-text-editor\" data-id=\"614c5df\" data-element_type=\"widget\" data-widget_type=\"text-editor.default\">\n\t\t\t\t<div class=\"elementor-widget-container\">\n\t\t\t\t\t\t\t\t\t<p>El martes 11 de febrero, en la solemnidad de Nuestra Se\u00f1ora de Lourdes, Mons. Rino Fisichella preside la misa internacional en la bas\u00edlica de san P\u00edo X a partir de las 10:00. <br \/>En un art\u00edculo publicado en el Bolet\u00edn n.\u00ba 343 de la AMIL (Asociaci\u00f3n M\u00e9dica Internacional del Santuario de Nuestra Se\u00f1ora de Lourdes), \u00f3rgano oficial de la Oficina de las Constataciones m\u00e9dicas de Lourdes, Mons. Rino Fisichella, presidente del pontificio Consejo para la promoci\u00f3n de la Nueva Evangelizaci\u00f3n, expuso a partir de la Carta apost\u00f3lica del papa Francisco <em>Sanctuarium in Ecclesia<\/em>, una reflexi\u00f3n sobre el rol del Santuario de Lourdes en la nueva evangelizaci\u00f3n, en particular el carisma de las personas enfermas. <em>\u00abSiguiendo las palabras del Se\u00f1or hemos privilegiado siempre todo lo que el mundo ha rechazado por in\u00fatil o poco eficaz. Los enfermos cr\u00f3nicos, moribundos, marginados, personas discapacitadas y todo lo que representa frente al mundo la falta de futuro y esperanza, encuentran el compromiso de los cristianos. Tenemos ejemplos que nos encaminan con fuerza a la santidad de los hombres y mujeres que han hecho de este programa el anuncio concreto del Evangelio de Jesucristo y el inicio de una verdadera revoluci\u00f3n cultural. Frente a esta santidad desaparecen todas las excusas posibles. La utop\u00eda cede el paso a la credibilidad, la pasi\u00f3n por la verdad y la libertad son sintetizadas en el amor entregado sin pedir nada a cambio. En este marco, la valiosa asistencia ofrecida por numerosos m\u00e9dicos y enfermeros en el Santuario de Lourdes retoma todo su sentido como una verdadera proclamaci\u00f3n cristiana, tomando seriamente en consideraci\u00f3n la dignidad de cada persona. \u00a1Qu\u00e9 importante es esta presencia en la vida del Santuario! No solamente para aquellos que trabajan en \u00e9l todos los d\u00edas, que son signos tangibles de esta cercan\u00eda y asistencia, sino tambi\u00e9n para todas las realidades asociativas que llegan al Santuario como peregrinos. En una \u00e9poca en la que todo parece ser posible porque todo se puede comprar, hay que multiplicar los signos que muestran que el amor y la solidaridad no tienen m\u00e1s precio que el compromiso y sacrificio personales. Ese testimonio atestigua que la vida personal no puede realizarse plenamente si no se posa en el marco de la gratuidad\u00bb. <\/em><br \/><em>Tambi\u00e9n afirma: \u00ab(\u2026) Los primeros evangelizadores del Santuario de Lourdes son verdaderamente ellos: los enfermos. Est\u00e1n llamados a asumir la conciencia y responsabilidad de llevar la buena noticia del Evangelio que salva a partir de su propia condici\u00f3n. Esto no carece de sentido tambi\u00e9n para aquellos que los acompa\u00f1an y asisten, ya que nos obliga a mirar con mayor intensidad y compromiso la formaci\u00f3n que no podemos dejar de lado, para poder vivir la belleza de la fe con una conciencia creciente. No podemos hacernos evangelizadores de repente, ni dar un sentido al sufrimiento de la noche a la ma\u00f1ana. Todo eso necesita una preparaci\u00f3n que crece y madura con la fe en el misterio de la participaci\u00f3n activa y real del misterio de Cristo y la vida de comuni\u00f3n con \u00e9l que nos ofrece el bautismo. Esta perspectiva nos permite mirar cada enfermo que se convierte en peregrino a trav\u00e9s de la fe, para comprender la presencia de Cristo que pide ayuda y ofrece a cambio su amor salvador\u00bb.<\/em><\/p>\t\t\t\t\t\t\t\t<\/div>\n\t\t\t\t<\/div>\n\t\t\t\t\t<\/div>\n\t\t<\/div>\n\t\t\t\t\t<\/div>\n\t\t<\/section>\n\t\t\t\t<\/div>\n\t\t","protected":false},"excerpt":{"rendered":"<p>https:\/\/www.youtube.com\/watch?v=qzAIu0p2BJ8https:\/\/youtu.be\/vYj_s3tv1ls Novena a Nuestra Se\u00f1ora de Lourdes\u00a0del 3 al 11 de febrero Decir la oraci\u00f3n de la novena. Recitar un misterio del rosario. Invocaciones: \u00ab\u00a1Nuestra Se\u00f1ora de Lourdes, ruega por nosotros!\u00bb \u00ab\u00a1Santa Bernardita, ruega por nosotros!\u00bb \u00ab\u00a1Oh Mar\u00eda, sin pecado &hellip; <a href=\"https:\/\/www.lourdes-france.org\/es\/11-de-febrero-primera-aparicion-de-la-virgen-maria-a-bernardita-soubirousfiesta-de-nuestra-senora-de-lourdesxxviii-jornada-mundial-del-enfermo\/\">Continuar<\/a><\/p>\n","protected":false},"author":21,"featured_media":205069,"comment_status":"closed","ping_status":"closed","sticky":false,"template":"","format":"standard","meta":{"_acf_changed":false,"footnotes":""},"categories":[99,27],"tags":[],"class_list":["post-205221","post","type-post","status-publish","format-standard","has-post-thumbnail","hentry","category-en-ce-moment-es","category-sin-categorizar"],"acf":[],"yoast_head":"<!-- This site is optimized with the Yoast SEO plugin v24.7 - https:\/\/yoast.com\/wordpress\/plugins\/seo\/ -->\n<title>11 de febrero: Primera aparici\u00f3n de la Virgen Mar\u00eda a Bernardita SoubirousFiesta de Nuestra Se\u00f1ora de LourdesXXVIII Jornada Mundial del Enfermo<\/title>\n<meta name=\"robots\" content=\"index, follow, max-snippet:-1, max-image-preview:large, max-video-preview:-1\" \/>\n<link rel=\"canonical\" href=\"https:\/\/www.lourdes-france.org\/es\/11-de-febrero-primera-aparicion-de-la-virgen-maria-a-bernardita-soubirousfiesta-de-nuestra-senora-de-lourdesxxviii-jornada-mundial-del-enfermo\/\" \/>\n<meta name=\"twitter:label1\" content=\"Escrito por\" \/>\n\t<meta name=\"twitter:data1\" content=\"TV LOURDES\" \/>\n\t<meta name=\"twitter:label2\" content=\"Tiempo de lectura\" \/>\n\t<meta name=\"twitter:data2\" content=\"6 minutos\" \/>\n<script type=\"application\/ld+json\" class=\"yoast-schema-graph\">{\"@context\":\"https:\/\/schema.org\",\"@graph\":[{\"@type\":\"WebPage\",\"@id\":\"https:\/\/www.lourdes-france.org\/es\/11-de-febrero-primera-aparicion-de-la-virgen-maria-a-bernardita-soubirousfiesta-de-nuestra-senora-de-lourdesxxviii-jornada-mundial-del-enfermo\/\",\"url\":\"https:\/\/www.lourdes-france.org\/es\/11-de-febrero-primera-aparicion-de-la-virgen-maria-a-bernardita-soubirousfiesta-de-nuestra-senora-de-lourdesxxviii-jornada-mundial-del-enfermo\/\",\"name\":\"11 de febrero: Primera aparici\u00f3n de la Virgen Mar\u00eda a Bernardita SoubirousFiesta de Nuestra Se\u00f1ora de LourdesXXVIII Jornada Mundial del Enfermo\",\"isPartOf\":{\"@id\":\"https:\/\/preprod-lourdes.cawita.com\/#website\"},\"primaryImageOfPage\":{\"@id\":\"https:\/\/www.lourdes-france.org\/es\/11-de-febrero-primera-aparicion-de-la-virgen-maria-a-bernardita-soubirousfiesta-de-nuestra-senora-de-lourdesxxviii-jornada-mundial-del-enfermo\/#primaryimage\"},\"image\":{\"@id\":\"https:\/\/www.lourdes-france.org\/es\/11-de-febrero-primera-aparicion-de-la-virgen-maria-a-bernardita-soubirousfiesta-de-nuestra-senora-de-lourdesxxviii-jornada-mundial-del-enfermo\/#primaryimage\"},\"thumbnailUrl\":\"https:\/\/www.lourdes-france.org\/wp-content\/uploads\/2020\/01\/11FEVRIER_grotte-380.jpg\",\"datePublished\":\"2020-02-04T14:06:29+00:00\",\"dateModified\":\"2026-01-29T14:24:35+00:00\",\"author\":{\"@id\":\"https:\/\/preprod-lourdes.cawita.com\/#\/schema\/person\/00e15361338ccda7ff575e7807b7ff76\"},\"breadcrumb\":{\"@id\":\"https:\/\/www.lourdes-france.org\/es\/11-de-febrero-primera-aparicion-de-la-virgen-maria-a-bernardita-soubirousfiesta-de-nuestra-senora-de-lourdesxxviii-jornada-mundial-del-enfermo\/#breadcrumb\"},\"inLanguage\":\"es\",\"potentialAction\":[{\"@type\":\"ReadAction\",\"target\":[\"https:\/\/www.lourdes-france.org\/es\/11-de-febrero-primera-aparicion-de-la-virgen-maria-a-bernardita-soubirousfiesta-de-nuestra-senora-de-lourdesxxviii-jornada-mundial-del-enfermo\/\"]}]},{\"@type\":\"ImageObject\",\"inLanguage\":\"es\",\"@id\":\"https:\/\/www.lourdes-france.org\/es\/11-de-febrero-primera-aparicion-de-la-virgen-maria-a-bernardita-soubirousfiesta-de-nuestra-senora-de-lourdesxxviii-jornada-mundial-del-enfermo\/#primaryimage\",\"url\":\"https:\/\/www.lourdes-france.org\/wp-content\/uploads\/2020\/01\/11FEVRIER_grotte-380.jpg\",\"contentUrl\":\"https:\/\/www.lourdes-france.org\/wp-content\/uploads\/2020\/01\/11FEVRIER_grotte-380.jpg\",\"width\":760,\"height\":560},{\"@type\":\"BreadcrumbList\",\"@id\":\"https:\/\/www.lourdes-france.org\/es\/11-de-febrero-primera-aparicion-de-la-virgen-maria-a-bernardita-soubirousfiesta-de-nuestra-senora-de-lourdesxxviii-jornada-mundial-del-enfermo\/#breadcrumb\",\"itemListElement\":[{\"@type\":\"ListItem\",\"position\":1,\"name\":\"Accueil\",\"item\":\"https:\/\/www.lourdes-france.org\/\"},{\"@type\":\"ListItem\",\"position\":2,\"name\":\"11 de febrero: Primera aparici\u00f3n de la Virgen Mar\u00eda a Bernardita SoubirousFiesta de Nuestra Se\u00f1ora de LourdesXXVIII Jornada Mundial del Enfermo\"}]},{\"@type\":\"WebSite\",\"@id\":\"https:\/\/preprod-lourdes.cawita.com\/#website\",\"url\":\"https:\/\/preprod-lourdes.cawita.com\/\",\"name\":\"Soutenir le Sanctuaire Notre-Dame de Lourdes\",\"description\":\"\",\"potentialAction\":[{\"@type\":\"SearchAction\",\"target\":{\"@type\":\"EntryPoint\",\"urlTemplate\":\"https:\/\/preprod-lourdes.cawita.com\/?s={search_term_string}\"},\"query-input\":{\"@type\":\"PropertyValueSpecification\",\"valueRequired\":true,\"valueName\":\"search_term_string\"}}],\"inLanguage\":\"es\"},{\"@type\":\"Person\",\"@id\":\"https:\/\/preprod-lourdes.cawita.com\/#\/schema\/person\/00e15361338ccda7ff575e7807b7ff76\",\"name\":\"TV LOURDES\",\"image\":{\"@type\":\"ImageObject\",\"inLanguage\":\"es\",\"@id\":\"https:\/\/preprod-lourdes.cawita.com\/#\/schema\/person\/image\/\",\"url\":\"https:\/\/secure.gravatar.com\/avatar\/99ad963db01f0c73acfee4d5f94ac178?s=96&d=mm&r=g\",\"contentUrl\":\"https:\/\/secure.gravatar.com\/avatar\/99ad963db01f0c73acfee4d5f94ac178?s=96&d=mm&r=g\",\"caption\":\"TV LOURDES\"},\"url\":\"https:\/\/www.lourdes-france.org\/es\/author\/tv-lourdes\/\"}]}<\/script>\n<!-- \/ Yoast SEO plugin. -->","yoast_head_json":{"title":"11 de febrero: Primera aparici\u00f3n de la Virgen Mar\u00eda a Bernardita SoubirousFiesta de Nuestra Se\u00f1ora de LourdesXXVIII Jornada Mundial del Enfermo","robots":{"index":"index","follow":"follow","max-snippet":"max-snippet:-1","max-image-preview":"max-image-preview:large","max-video-preview":"max-video-preview:-1"},"canonical":"https:\/\/www.lourdes-france.org\/es\/11-de-febrero-primera-aparicion-de-la-virgen-maria-a-bernardita-soubirousfiesta-de-nuestra-senora-de-lourdesxxviii-jornada-mundial-del-enfermo\/","twitter_misc":{"Escrito por":"TV LOURDES","Tiempo de lectura":"6 minutos"},"schema":{"@context":"https:\/\/schema.org","@graph":[{"@type":"WebPage","@id":"https:\/\/www.lourdes-france.org\/es\/11-de-febrero-primera-aparicion-de-la-virgen-maria-a-bernardita-soubirousfiesta-de-nuestra-senora-de-lourdesxxviii-jornada-mundial-del-enfermo\/","url":"https:\/\/www.lourdes-france.org\/es\/11-de-febrero-primera-aparicion-de-la-virgen-maria-a-bernardita-soubirousfiesta-de-nuestra-senora-de-lourdesxxviii-jornada-mundial-del-enfermo\/","name":"11 de febrero: Primera aparici\u00f3n de la Virgen Mar\u00eda a Bernardita SoubirousFiesta de Nuestra Se\u00f1ora de LourdesXXVIII Jornada Mundial del Enfermo","isPartOf":{"@id":"https:\/\/preprod-lourdes.cawita.com\/#website"},"primaryImageOfPage":{"@id":"https:\/\/www.lourdes-france.org\/es\/11-de-febrero-primera-aparicion-de-la-virgen-maria-a-bernardita-soubirousfiesta-de-nuestra-senora-de-lourdesxxviii-jornada-mundial-del-enfermo\/#primaryimage"},"image":{"@id":"https:\/\/www.lourdes-france.org\/es\/11-de-febrero-primera-aparicion-de-la-virgen-maria-a-bernardita-soubirousfiesta-de-nuestra-senora-de-lourdesxxviii-jornada-mundial-del-enfermo\/#primaryimage"},"thumbnailUrl":"https:\/\/www.lourdes-france.org\/wp-content\/uploads\/2020\/01\/11FEVRIER_grotte-380.jpg","datePublished":"2020-02-04T14:06:29+00:00","dateModified":"2026-01-29T14:24:35+00:00","author":{"@id":"https:\/\/preprod-lourdes.cawita.com\/#\/schema\/person\/00e15361338ccda7ff575e7807b7ff76"},"breadcrumb":{"@id":"https:\/\/www.lourdes-france.org\/es\/11-de-febrero-primera-aparicion-de-la-virgen-maria-a-bernardita-soubirousfiesta-de-nuestra-senora-de-lourdesxxviii-jornada-mundial-del-enfermo\/#breadcrumb"},"inLanguage":"es","potentialAction":[{"@type":"ReadAction","target":["https:\/\/www.lourdes-france.org\/es\/11-de-febrero-primera-aparicion-de-la-virgen-maria-a-bernardita-soubirousfiesta-de-nuestra-senora-de-lourdesxxviii-jornada-mundial-del-enfermo\/"]}]},{"@type":"ImageObject","inLanguage":"es","@id":"https:\/\/www.lourdes-france.org\/es\/11-de-febrero-primera-aparicion-de-la-virgen-maria-a-bernardita-soubirousfiesta-de-nuestra-senora-de-lourdesxxviii-jornada-mundial-del-enfermo\/#primaryimage","url":"https:\/\/www.lourdes-france.org\/wp-content\/uploads\/2020\/01\/11FEVRIER_grotte-380.jpg","contentUrl":"https:\/\/www.lourdes-france.org\/wp-content\/uploads\/2020\/01\/11FEVRIER_grotte-380.jpg","width":760,"height":560},{"@type":"BreadcrumbList","@id":"https:\/\/www.lourdes-france.org\/es\/11-de-febrero-primera-aparicion-de-la-virgen-maria-a-bernardita-soubirousfiesta-de-nuestra-senora-de-lourdesxxviii-jornada-mundial-del-enfermo\/#breadcrumb","itemListElement":[{"@type":"ListItem","position":1,"name":"Accueil","item":"https:\/\/www.lourdes-france.org\/"},{"@type":"ListItem","position":2,"name":"11 de febrero: Primera aparici\u00f3n de la Virgen Mar\u00eda a Bernardita SoubirousFiesta de Nuestra Se\u00f1ora de LourdesXXVIII Jornada Mundial del Enfermo"}]},{"@type":"WebSite","@id":"https:\/\/preprod-lourdes.cawita.com\/#website","url":"https:\/\/preprod-lourdes.cawita.com\/","name":"Soutenir le Sanctuaire Notre-Dame de Lourdes","description":"","potentialAction":[{"@type":"SearchAction","target":{"@type":"EntryPoint","urlTemplate":"https:\/\/preprod-lourdes.cawita.com\/?s={search_term_string}"},"query-input":{"@type":"PropertyValueSpecification","valueRequired":true,"valueName":"search_term_string"}}],"inLanguage":"es"},{"@type":"Person","@id":"https:\/\/preprod-lourdes.cawita.com\/#\/schema\/person\/00e15361338ccda7ff575e7807b7ff76","name":"TV LOURDES","image":{"@type":"ImageObject","inLanguage":"es","@id":"https:\/\/preprod-lourdes.cawita.com\/#\/schema\/person\/image\/","url":"https:\/\/secure.gravatar.com\/avatar\/99ad963db01f0c73acfee4d5f94ac178?s=96&d=mm&r=g","contentUrl":"https:\/\/secure.gravatar.com\/avatar\/99ad963db01f0c73acfee4d5f94ac178?s=96&d=mm&r=g","caption":"TV LOURDES"},"url":"https:\/\/www.lourdes-france.org\/es\/author\/tv-lourdes\/"}]}},"_links":{"self":[{"href":"https:\/\/www.lourdes-france.org\/es\/wp-json\/wp\/v2\/posts\/205221","targetHints":{"allow":["GET"]}}],"collection":[{"href":"https:\/\/www.lourdes-france.org\/es\/wp-json\/wp\/v2\/posts"}],"about":[{"href":"https:\/\/www.lourdes-france.org\/es\/wp-json\/wp\/v2\/types\/post"}],"author":[{"embeddable":true,"href":"https:\/\/www.lourdes-france.org\/es\/wp-json\/wp\/v2\/users\/21"}],"replies":[{"embeddable":true,"href":"https:\/\/www.lourdes-france.org\/es\/wp-json\/wp\/v2\/comments?post=205221"}],"version-history":[{"count":7,"href":"https:\/\/www.lourdes-france.org\/es\/wp-json\/wp\/v2\/posts\/205221\/revisions"}],"predecessor-version":[{"id":221395,"href":"https:\/\/www.lourdes-france.org\/es\/wp-json\/wp\/v2\/posts\/205221\/revisions\/221395"}],"wp:featuredmedia":[{"embeddable":true,"href":"https:\/\/www.lourdes-france.org\/es\/wp-json\/wp\/v2\/media\/205069"}],"wp:attachment":[{"href":"https:\/\/www.lourdes-france.org\/es\/wp-json\/wp\/v2\/media?parent=205221"}],"wp:term":[{"taxonomy":"category","embeddable":true,"href":"https:\/\/www.lourdes-france.org\/es\/wp-json\/wp\/v2\/categories?post=205221"},{"taxonomy":"post_tag","embeddable":true,"href":"https:\/\/www.lourdes-france.org\/es\/wp-json\/wp\/v2\/tags?post=205221"}],"curies":[{"name":"wp","href":"https:\/\/api.w.org\/{rel}","templated":true}]}}