{"id":231107,"date":"2020-03-09T15:44:17","date_gmt":"2020-03-09T14:44:17","guid":{"rendered":"https:\/\/www.lourdes-france.org\/notre-dame-de-lourdes-priez-pour-nous-grande-neuvaine-a-limmaculee\/"},"modified":"2026-01-29T15:23:50","modified_gmt":"2026-01-29T14:23:50","slug":"nuestra-senora-de-lourdes-ruega-por-nosotrosgran-novena-a-la-inmaculada","status":"publish","type":"post","link":"https:\/\/www.lourdes-france.org\/es\/nuestra-senora-de-lourdes-ruega-por-nosotrosgran-novena-a-la-inmaculada\/","title":{"rendered":"\u00a1Nuestra Se\u00f1ora de Lourdes ruega por nosotros!<\/br>Gran novena a la Inmaculada"},"content":{"rendered":"\t\t<div data-elementor-type=\"wp-post\" data-elementor-id=\"231107\" class=\"elementor elementor-231107 elementor-228299\" data-elementor-post-type=\"post\">\n\t\t\t\t\t\t<section class=\"elementor-section elementor-top-section elementor-element elementor-element-46ab57c3 elementor-section-boxed elementor-section-height-default elementor-section-height-default\" data-id=\"46ab57c3\" data-element_type=\"section\">\n\t\t\t\t\t\t<div class=\"elementor-container elementor-column-gap-no\">\n\t\t\t\t\t<div class=\"elementor-column elementor-col-100 elementor-top-column elementor-element elementor-element-3976b66e\" data-id=\"3976b66e\" data-element_type=\"column\">\n\t\t\t<div class=\"elementor-widget-wrap elementor-element-populated\">\n\t\t\t\t\t\t<div class=\"elementor-element elementor-element-87b05e8 elementor-widget elementor-widget-video\" data-id=\"87b05e8\" data-element_type=\"widget\" data-settings=\"{&quot;youtube_url&quot;:&quot;https:\\\/\\\/www.youtube.com\\\/watch?v=T_yL2cR1zXs&quot;,&quot;video_type&quot;:&quot;youtube&quot;,&quot;controls&quot;:&quot;yes&quot;}\" data-widget_type=\"video.default\">\n\t\t\t\t<div class=\"elementor-widget-container\">\n\t\t\t\t\t\t\t<div class=\"elementor-wrapper elementor-open-inline\">\n\t\t\t<div class=\"elementor-video\"><\/div>\t\t<\/div>\n\t\t\t\t\t\t<\/div>\n\t\t\t\t<\/div>\n\t\t\t\t<div class=\"elementor-element elementor-element-e5bc053 elementor-widget elementor-widget-text-editor\" data-id=\"e5bc053\" data-element_type=\"widget\" data-widget_type=\"text-editor.default\">\n\t\t\t\t<div class=\"elementor-widget-container\">\n\t\t\t\t\t\t\t\t\t<h2><span style=\"color: #e8a700;\">Novena \u00abNuestra Se\u00f1ora de Lourdes, ruega por nosotros\u00bb<br \/><\/span>Modo de empleo<\/h2>\t\t\t\t\t\t\t\t<\/div>\n\t\t\t\t<\/div>\n\t\t\t\t<div class=\"elementor-element elementor-element-7795d6f elementor-widget elementor-widget-text-editor\" data-id=\"7795d6f\" data-element_type=\"widget\" data-widget_type=\"text-editor.default\">\n\t\t\t\t<div class=\"elementor-widget-container\">\n\t\t\t\t\t\t\t\t\t<ol>\n<li>Para participar en esta cadena de oraci\u00f3n por el mundo, que toma su origen en la Gruta de Lourdes, basta con asociarse a la oraci\u00f3n que se propone en la Gruta durante 9 d\u00edas a las 14:30 (hora del rosario en franc\u00e9s) del 17 al 25 de marzo de 2020.<\/li>\n<li>Dando su correo electr\u00f3nico en el cuestionario de nuestra p\u00e1gina internet, recibir\u00e1n cada d\u00eda un mensaje que les permitir\u00e1 asociarse a la oraci\u00f3n del d\u00eda, ya sea en directo desde la Gruta de Lourdes, o en otro momento que mejor les convenga gracias a los v\u00eddeos en replay.<br>Tambi\u00e9n es posible dejar cada d\u00eda una intenci\u00f3n de oraci\u00f3n en la Gruta y encender una vela.<\/li>\n<li>Esta oraci\u00f3n de 9 d\u00edas es una \u00abnovena\u00bb que termina el 25 de marzo, fiesta de la Anunciaci\u00f3n y d\u00eda de la 16a aparici\u00f3n de la Virgen Mar\u00eda en la Gruta. Ese d\u00eda declar\u00f3 a Bernardita \u00abYo soy la Inmaculada Concepci\u00f3n\u00bb. Invocar a la Inmaculada Concepci\u00f3n es pedir la protecci\u00f3n de Mar\u00eda: \u00abNuestra Se\u00f1ora de Lourdes, ruega por nosotros\u00bb.<\/li>\n<\/ol>\t\t\t\t\t\t\t\t<\/div>\n\t\t\t\t<\/div>\n\t\t\t\t<div class=\"elementor-element elementor-element-c456e50 elementor-align-center elementor-widget elementor-widget-button\" data-id=\"c456e50\" data-element_type=\"widget\" data-widget_type=\"button.default\">\n\t\t\t\t<div class=\"elementor-widget-container\">\n\t\t\t\t\t\t\t\t\t<div class=\"elementor-button-wrapper\">\n\t\t\t\t\t<a class=\"elementor-button elementor-button-link elementor-size-sm\" href=\"https:\/\/www.lourdes-france.org\/es\/inscription-newsletter\/\">\n\t\t\t\t\t\t<span class=\"elementor-button-content-wrapper\">\n\t\t\t\t\t\t\t\t\t<span class=\"elementor-button-text\">Me inscribo a la novena<\/span>\n\t\t\t\t\t<\/span>\n\t\t\t\t\t<\/a>\n\t\t\t\t<\/div>\n\t\t\t\t\t\t\t\t<\/div>\n\t\t\t\t<\/div>\n\t\t\t\t<div class=\"elementor-element elementor-element-1967b03 elementor-widget elementor-widget-text-editor\" data-id=\"1967b03\" data-element_type=\"widget\" data-widget_type=\"text-editor.default\">\n\t\t\t\t<div class=\"elementor-widget-container\">\n\t\t\t\t\t\t\t\t\t<p><strong>\u00abPidamos a Mar\u00eda que supere nuestro miedo. Nuestra Se\u00f1ora de Lourdes, ruega por nosotros\u00bb<\/strong>. Santuario de Lourdes y Coronavirus &#8211; Mensaje del Rector, Monse\u00f1or Olivier Ribadeau Dumas.<\/p><p>\u00abA medida que la epidemia del Coronavirus se extiende por el mundo, rezo por aquellos que dudan, que tienen problemas. Ayer, como todos ustedes, escuch\u00e9 la declaraci\u00f3n del Ministro de Solidaridad y Salud pidiendo que no m\u00e1s de 1.000 personas se re\u00fanan en nuestro pa\u00eds (Francia). Estamos en contacto diario con la Prefectura de Tarbes para ver c\u00f3mo se aplicar\u00e1 esta medida al Santuario de Lourdes. No tomemos decisiones precipitadas. Todos somos responsables. Como Rector, act\u00fao de manera responsable para asegurar que los peregrinos sean recibidos en nuestro Santuario con total seguridad y serenidad\u00bb.<\/p><p style=\"text-align: right;\"><strong>Mons. Olivier Ribadeau Dumas, rector del Santuario de Nuestra Se\u00f1ora de Lourdes, a 8 de marzo de 2020.<\/strong><\/p>\t\t\t\t\t\t\t\t<\/div>\n\t\t\t\t<\/div>\n\t\t\t\t<div class=\"elementor-element elementor-element-3e2a7030 elementor-widget elementor-widget-text-editor\" data-id=\"3e2a7030\" data-element_type=\"widget\" data-widget_type=\"text-editor.default\">\n\t\t\t\t<div class=\"elementor-widget-container\">\n\t\t\t\t\t\t\t\t\t<h2><span style=\"color: #e8a700;\">Mons. Antoine H\u00e9rouard, Delegado apost\u00f3lico para el Santuario de Lourdes, <\/span>se dirige a los obispos que van a venir a Lourdes:<\/h2>\t\t\t\t\t\t\t\t<\/div>\n\t\t\t\t<\/div>\n\t\t\t\t<div class=\"elementor-element elementor-element-fe3f015 elementor-widget elementor-widget-text-editor\" data-id=\"fe3f015\" data-element_type=\"widget\" data-widget_type=\"text-editor.default\">\n\t\t\t\t<div class=\"elementor-widget-container\">\n\t\t\t\t\t\t\t\t\t<p><em>Excelencia, estimado hermano:<br \/>La epidemia del coronavirus se est\u00e1 extendiendo r\u00e1pidamente por todo el mundo, primero en Asia y luego en Europa, antes de ir probablemente a otras regiones del mundo. Est\u00e1 causando muertes, pero tambi\u00e9n ansiedad y angustia. El Santuario de Nuestra Se\u00f1ora de Lourdes es un lugar privilegiado de oraci\u00f3n por los enfermos y con ellos. Es con este esp\u00edritu y tambi\u00e9n para que podamos vivir este evento con la mayor serenidad posible y en la esperanza de Cristo vencedor de la muerte, que proponemos una novena de oraci\u00f3n en el Santuario de Nuestra Se\u00f1ora de Lourdes del 17 al 25 de marzo de 2020. Rezaremos diariamente el rosario en 4 idiomas (franc\u00e9s, ingl\u00e9s, italiano y espa\u00f1ol) y se meditar\u00e1 a partir del texto adjunto. Le invitamos, si lo desea y puede, a unirse a las retransmisiones de esta oraci\u00f3n desde Lourdes o a proponerla usted mismo en su di\u00f3cesis, especialmente en las diferentes parroquias, iglesias o capillas dedicadas a Nuestra Se\u00f1ora de Lourdes. Le aseguro, Excelencia, querido hermano, mi fraternal amistad en Cristo.<\/em><\/p>\t\t\t\t\t\t\t\t<\/div>\n\t\t\t\t<\/div>\n\t\t\t\t<div class=\"elementor-element elementor-element-f20eb3f elementor-widget elementor-widget-text-editor\" data-id=\"f20eb3f\" data-element_type=\"widget\" data-widget_type=\"text-editor.default\">\n\t\t\t\t<div class=\"elementor-widget-container\">\n\t\t\t\t\t\t\t\t\t<h2><span style=\"color: #e8a700;\">\u00a1Meditemos el rosario!<\/span><\/h2>\t\t\t\t\t\t\t\t<\/div>\n\t\t\t\t<\/div>\n\t\t\t\t<div class=\"elementor-element elementor-element-2440cc2 elementor-widget elementor-widget-text-editor\" data-id=\"2440cc2\" data-element_type=\"widget\" data-widget_type=\"text-editor.default\">\n\t\t\t\t<div class=\"elementor-widget-container\">\n\t\t\t\t\t\t\t\t\t<p>Decir el Credo<br \/>El Padrenuestro<br \/>3 Avemar\u00edas<br \/>el Gloria<br \/><br \/><span style=\"color: #e8a702;\"><strong>Primer misterio<\/strong><\/span> (seg\u00fan el d\u00eda)<br \/>Dios Padre Nuestro, entre todas las criaturas diste vida a Mar\u00eda, la criatura perfecta, \u00abla Inmaculada Concepci\u00f3n\u00bb. Aqu\u00ed en Lourdes pronunci\u00f3 ese nombre y Bernardita le repiti\u00f3.<br \/>La Inmaculada Concepci\u00f3n es un grito de esperanza: el mal, el pecado y la muerte ya no son los vencedores. \u00a1Mar\u00eda, signo precursor, aurora de la salvaci\u00f3n!<br \/><em>Nuestra Se\u00f1ora de Lourdes, nuestro refugio, te rogamos.<br \/><br \/><\/em>Padrenuestro. 10 Avemar\u00edas. Gloria <br \/><em>\u00a1Oh Mar\u00eda sin pecado concebida, rogad por nosotros que recurrimos a vos!<br \/><br \/><\/em><span style=\"color: #e8a702;\"><strong>Segundo misterio<\/strong><\/span> (seg\u00fan el d\u00eda)<br \/>Se\u00f1or Jes\u00fas, t\u00fa nos has dado a Mar\u00eda como Madre. Ella comparti\u00f3 tu Pasi\u00f3n y tu Resurrecci\u00f3n. Aqu\u00ed en Lourdes se mostr\u00f3 a Bernardita, entristecida por nuestros pecados, pero radiante de tu luz. Te confiamos por su intercesi\u00f3n nuestras alegr\u00edas, penas, esperanzas, las de los enfermos, de las personas sanitarias y los investigadores, las de todos los seres humanos. <br \/><em>Nuestra Se\u00f1ora de Lourdes, nuestra hermana y nuestra madre, confidente y apoyo en las pruebas, te rogamos.<br \/><br \/><\/em>Padrenuestro. 10 Avemar\u00edas. Gloria <br \/><em>\u00a1Oh Mar\u00eda sin pecado concebida, rogad por nosotros que recurrimos a vos!<br \/><br \/><\/em><span style=\"color: #e8a702;\"><strong>Tercer misterio<\/strong><\/span> (seg\u00fan el d\u00eda)<br \/>Esp\u00edritu Santo, t\u00fa eres Esp\u00edritu de amor y de unidad. Aqu\u00ed en Lourdes, por Bernardita, Mar\u00eda pidi\u00f3 que se construyera una capilla y que se viniera en procesi\u00f3n. Inspira a la Iglesia que Cristo construy\u00f3 sobre la fe de Pedro, unificala en la unidad y da a todos sus miembros alimentados por el pan de vida que sepan afrontar llenos de fe esta situaci\u00f3n de emergencia sanitaria internacional. <br \/><em>Nuestra Se\u00f1ora de Lourdes, t\u00fa que est\u00e1s colmada del Esp\u00edritu Santo, modelo de los cristianos y rostro materno de la Iglesia, te rogamos.<br \/><br \/><\/em>Padrenuestro. 10 Avemar\u00edas. Gloria <br \/><em>\u00a1Oh Mar\u00eda sin pecado concebida, rogad por nosotros que recurrimos a vos!<br \/><br \/><\/em><span style=\"color: #e8a702;\"><strong>Cuarto misterio<\/strong><\/span> (seg\u00fan el d\u00eda)<br \/>Por tantas gracias recibidas, por todas las conversiones, todos los perdones, las curaciones, por las vocaciones y promesas que has confirmado o que has hecho nacer aqu\u00ed, por la alegr\u00eda del servicio que nos permites realizar y por la fuerza y la esperanza que pones en nuestros corazones en estos momentos de incertidumbre. <br \/><em>Nuestra Se\u00f1ora de Lourdes, socorro de los cristianos, te damos gracias.<br \/><br \/><\/em>Padrenuestro. 10 Avemar\u00edas. Gloria <br \/><em>\u00a1Oh Mar\u00eda sin pecado concebida, rogad por nosotros que recurrimos a vos!<br \/><br \/><\/em><span style=\"color: #e8a702;\"><strong>Quinto misterio<\/strong><\/span> (seg\u00fan el d\u00eda)<br \/>Con todos nuestros hermanos y hermanas en humanidad, con los pueblos con falta de paz y justicia, con los j\u00f3venes que buscan el camino, t\u00fa que te mostraste como una joven a la joven Bernardita; con las v\u00edctimas de enfermedades, con discapacidad, con fracasos, con aquellos que tendr\u00edan motivos para desesperar y aquellos que lloran por un ser querido. Y por aquellos que han muerto por esta enfermedad. <br \/><em>\u00a1Nuestra Se\u00f1ora de Lourdes, te rogamos!<br \/><br \/><\/em>Padrenuestro. 10 Avemar\u00edas. Gloria <br \/><em>\u00a1Oh Mar\u00eda sin pecado concebida, rogad por nosotros que recurrimos a vos!<br \/><br \/><\/em><strong>CONCLUSI\u00d3N<\/strong><br \/><span style=\"color: #e8a702;\"><strong>La \u00abOraci\u00f3n de una pobre mendiga a Jes\u00fas\u00bb de santa Bernardita Soubirous<\/strong><\/span><br \/><em>\u00abOh Jes\u00fas, dame, te lo suplico, el pan de la humildad. El pan de obediencia. El pan de caridad. El pan de fuerza para romper mi voluntad y fundirla con la tuya. El pan de mortificaci\u00f3n interior. El pan de desprendimiento de las cosas creadas. El pan de paciencia para soportar las penas que mi coraz\u00f3n sufre. <\/em><br \/><em>Oh Jes\u00fas, me quieres crucificada. H\u00e1gase. El pan de fuerza para bien sufrir. El pan de ver s\u00f3lo a ti en todo y siempre. Jes\u00fas, Mar\u00eda, la Cruz; no quiero otros amigos que \u00e9stos\u00bb. Am\u00e9n.<\/em><\/p>\t\t\t\t\t\t\t\t<\/div>\n\t\t\t\t<\/div>\n\t\t\t\t<div class=\"elementor-element elementor-element-10230ee elementor-widget elementor-widget-text-editor\" data-id=\"10230ee\" data-element_type=\"widget\" data-widget_type=\"text-editor.default\">\n\t\t\t\t<div class=\"elementor-widget-container\">\n\t\t\t\t\t\t\t\t\t<h2><span style=\"color: #e8a700;\">O tambi\u00e9n<\/span><\/h2>\t\t\t\t\t\t\t\t<\/div>\n\t\t\t\t<\/div>\n\t\t\t\t<div class=\"elementor-element elementor-element-a3cb599 elementor-widget elementor-widget-text-editor\" data-id=\"a3cb599\" data-element_type=\"widget\" data-widget_type=\"text-editor.default\">\n\t\t\t\t<div class=\"elementor-widget-container\">\n\t\t\t\t\t\t\t\t\t<p><span style=\"color: #e8a702;\"><strong>Oraci\u00f3n de san Bernardo: \u00abMira la estrella, invoca a Mar\u00eda\u00bb.<\/strong> <\/span><br \/><em>\u00ab\u00a1Oh t\u00fa que te sientes lejos de la tierra firme, arrastrado por las olas de este mundo, en medio de las borrascas y de las tempestades, si no quieres zozobrar, no quites los ojos de la luz de esta Estrella, invoca a Mar\u00eda!.<\/em><br \/><em>&#171;Si se levantan los vientos de las tentaciones, si tropiezas en los escollos de las tribulaciones, mira a la Estrella, llama a Mar\u00eda.<\/em><br \/><em>&#171;Si eres agitado por las ondas de la soberbia, si de la detracci\u00f3n, si de la ambici\u00f3n, si de la emulaci\u00f3n, mira a la Estrella, llama a Mar\u00eda.<\/em><br \/><em>&#171;Si la ira, o la avaricia, o la impureza impelen violentamente la navecilla de tu alma, mira a Mar\u00eda.<\/em><br \/><em>&#171;Si, turbado a la memoria de la enormidad de tus cr\u00edmenes, confuso a la vista de la fealdad de tu conciencia, aterrado a la idea del horror del juicio, comienzas a ser sumido en la sima del suelo de la tristeza, en los abismos de la desesperaci\u00f3n, piensa en Mar\u00eda.<\/em><br \/><em>&#171;En los peligros, en las angustias, en las dudas, piensa en Mar\u00eda, invoca a Mar\u00eda. No se aparte Mar\u00eda de tu boca, no se aparte de tu coraz\u00f3n; y para conseguir los sufragios de su intercesi\u00f3n, no te desv\u00edes de los ejemplos de su virtud.<\/em><br \/><em>&#171;No te extraviar\u00e1s si la sigues, no desesperar\u00e1s si la ruegas, no te perder\u00e1s si en Ella piensas. Si Ella te tiende su mano, no caer\u00e1s; si te protege, nada tendr\u00e1s que temer; no te fatigar\u00e1s, si es tu gu\u00eda; llegar\u00e1s felizmente al puerto, si Ella te ampara\u00bb.<\/em><br \/><br \/><em>\u00a1Nuestra Se\u00f1ora de Lourdes, vela por nosotros!<\/em><br \/><em>\u00a1Nuestra Se\u00f1ora de Lourdes, protegenos!<\/em><br \/><em>Nuestra Se\u00f1ora de Lourdes, ruega por nosotros!<\/em><br \/><em>\u00a1Santa Bernardita, ruega por nosotros!<\/em><\/p>\t\t\t\t\t\t\t\t<\/div>\n\t\t\t\t<\/div>\n\t\t\t\t\t<\/div>\n\t\t<\/div>\n\t\t\t\t\t<\/div>\n\t\t<\/section>\n\t\t\t\t<\/div>\n\t\t","protected":false},"excerpt":{"rendered":"<p>https:\/\/www.youtube.com\/watch?v=T_yL2cR1zXs Novena \u00abNuestra Se\u00f1ora de Lourdes, ruega por nosotros\u00bbModo de empleo Para participar en esta cadena de oraci\u00f3n por el mundo, que toma su origen en la Gruta de Lourdes, basta con asociarse a la oraci\u00f3n que se propone en &hellip; <a href=\"https:\/\/www.lourdes-france.org\/es\/nuestra-senora-de-lourdes-ruega-por-nosotrosgran-novena-a-la-inmaculada\/\">Continuar<\/a><\/p>\n","protected":false},"author":21,"featured_media":235469,"comment_status":"closed","ping_status":"closed","sticky":false,"template":"","format":"standard","meta":{"_acf_changed":false,"footnotes":""},"categories":[99],"tags":[],"class_list":["post-231107","post","type-post","status-publish","format-standard","has-post-thumbnail","hentry","category-en-ce-moment-es"],"acf":[],"yoast_head":"<!-- This site is optimized with the Yoast SEO plugin v24.7 - https:\/\/yoast.com\/wordpress\/plugins\/seo\/ -->\n<title>\u00a1Nuestra Se\u00f1ora de Lourdes ruega por nosotros!Gran novena a la Inmaculada<\/title>\n<meta name=\"robots\" content=\"index, follow, max-snippet:-1, max-image-preview:large, max-video-preview:-1\" \/>\n<link rel=\"canonical\" href=\"https:\/\/www.lourdes-france.org\/es\/nuestra-senora-de-lourdes-ruega-por-nosotrosgran-novena-a-la-inmaculada\/\" \/>\n<meta name=\"twitter:label1\" content=\"Escrito por\" \/>\n\t<meta name=\"twitter:data1\" content=\"TV LOURDES\" \/>\n\t<meta name=\"twitter:label2\" content=\"Tiempo de lectura\" \/>\n\t<meta name=\"twitter:data2\" content=\"8 minutos\" \/>\n<script type=\"application\/ld+json\" class=\"yoast-schema-graph\">{\"@context\":\"https:\/\/schema.org\",\"@graph\":[{\"@type\":\"WebPage\",\"@id\":\"https:\/\/www.lourdes-france.org\/es\/nuestra-senora-de-lourdes-ruega-por-nosotrosgran-novena-a-la-inmaculada\/\",\"url\":\"https:\/\/www.lourdes-france.org\/es\/nuestra-senora-de-lourdes-ruega-por-nosotrosgran-novena-a-la-inmaculada\/\",\"name\":\"\u00a1Nuestra Se\u00f1ora de Lourdes ruega por nosotros!Gran novena a la Inmaculada\",\"isPartOf\":{\"@id\":\"https:\/\/preprod-lourdes.cawita.com\/#website\"},\"primaryImageOfPage\":{\"@id\":\"https:\/\/www.lourdes-france.org\/es\/nuestra-senora-de-lourdes-ruega-por-nosotrosgran-novena-a-la-inmaculada\/#primaryimage\"},\"image\":{\"@id\":\"https:\/\/www.lourdes-france.org\/es\/nuestra-senora-de-lourdes-ruega-por-nosotrosgran-novena-a-la-inmaculada\/#primaryimage\"},\"thumbnailUrl\":\"https:\/\/www.lourdes-france.org\/wp-content\/uploads\/2020\/03\/bloc-neuvaine-ES.jpg\",\"datePublished\":\"2020-03-09T14:44:17+00:00\",\"dateModified\":\"2026-01-29T14:23:50+00:00\",\"author\":{\"@id\":\"https:\/\/preprod-lourdes.cawita.com\/#\/schema\/person\/00e15361338ccda7ff575e7807b7ff76\"},\"breadcrumb\":{\"@id\":\"https:\/\/www.lourdes-france.org\/es\/nuestra-senora-de-lourdes-ruega-por-nosotrosgran-novena-a-la-inmaculada\/#breadcrumb\"},\"inLanguage\":\"es\",\"potentialAction\":[{\"@type\":\"ReadAction\",\"target\":[\"https:\/\/www.lourdes-france.org\/es\/nuestra-senora-de-lourdes-ruega-por-nosotrosgran-novena-a-la-inmaculada\/\"]}]},{\"@type\":\"ImageObject\",\"inLanguage\":\"es\",\"@id\":\"https:\/\/www.lourdes-france.org\/es\/nuestra-senora-de-lourdes-ruega-por-nosotrosgran-novena-a-la-inmaculada\/#primaryimage\",\"url\":\"https:\/\/www.lourdes-france.org\/wp-content\/uploads\/2020\/03\/bloc-neuvaine-ES.jpg\",\"contentUrl\":\"https:\/\/www.lourdes-france.org\/wp-content\/uploads\/2020\/03\/bloc-neuvaine-ES.jpg\",\"width\":355,\"height\":280},{\"@type\":\"BreadcrumbList\",\"@id\":\"https:\/\/www.lourdes-france.org\/es\/nuestra-senora-de-lourdes-ruega-por-nosotrosgran-novena-a-la-inmaculada\/#breadcrumb\",\"itemListElement\":[{\"@type\":\"ListItem\",\"position\":1,\"name\":\"Accueil\",\"item\":\"https:\/\/www.lourdes-france.org\/\"},{\"@type\":\"ListItem\",\"position\":2,\"name\":\"\u00a1Nuestra Se\u00f1ora de Lourdes ruega por nosotros!Gran novena a la Inmaculada\"}]},{\"@type\":\"WebSite\",\"@id\":\"https:\/\/preprod-lourdes.cawita.com\/#website\",\"url\":\"https:\/\/preprod-lourdes.cawita.com\/\",\"name\":\"Soutenir le Sanctuaire Notre-Dame de Lourdes\",\"description\":\"\",\"potentialAction\":[{\"@type\":\"SearchAction\",\"target\":{\"@type\":\"EntryPoint\",\"urlTemplate\":\"https:\/\/preprod-lourdes.cawita.com\/?s={search_term_string}\"},\"query-input\":{\"@type\":\"PropertyValueSpecification\",\"valueRequired\":true,\"valueName\":\"search_term_string\"}}],\"inLanguage\":\"es\"},{\"@type\":\"Person\",\"@id\":\"https:\/\/preprod-lourdes.cawita.com\/#\/schema\/person\/00e15361338ccda7ff575e7807b7ff76\",\"name\":\"TV LOURDES\",\"image\":{\"@type\":\"ImageObject\",\"inLanguage\":\"es\",\"@id\":\"https:\/\/preprod-lourdes.cawita.com\/#\/schema\/person\/image\/\",\"url\":\"https:\/\/secure.gravatar.com\/avatar\/99ad963db01f0c73acfee4d5f94ac178?s=96&d=mm&r=g\",\"contentUrl\":\"https:\/\/secure.gravatar.com\/avatar\/99ad963db01f0c73acfee4d5f94ac178?s=96&d=mm&r=g\",\"caption\":\"TV LOURDES\"},\"url\":\"https:\/\/www.lourdes-france.org\/es\/author\/tv-lourdes\/\"}]}<\/script>\n<!-- \/ Yoast SEO plugin. -->","yoast_head_json":{"title":"\u00a1Nuestra Se\u00f1ora de Lourdes ruega por nosotros!Gran novena a la Inmaculada","robots":{"index":"index","follow":"follow","max-snippet":"max-snippet:-1","max-image-preview":"max-image-preview:large","max-video-preview":"max-video-preview:-1"},"canonical":"https:\/\/www.lourdes-france.org\/es\/nuestra-senora-de-lourdes-ruega-por-nosotrosgran-novena-a-la-inmaculada\/","twitter_misc":{"Escrito por":"TV LOURDES","Tiempo de lectura":"8 minutos"},"schema":{"@context":"https:\/\/schema.org","@graph":[{"@type":"WebPage","@id":"https:\/\/www.lourdes-france.org\/es\/nuestra-senora-de-lourdes-ruega-por-nosotrosgran-novena-a-la-inmaculada\/","url":"https:\/\/www.lourdes-france.org\/es\/nuestra-senora-de-lourdes-ruega-por-nosotrosgran-novena-a-la-inmaculada\/","name":"\u00a1Nuestra Se\u00f1ora de Lourdes ruega por nosotros!Gran novena a la Inmaculada","isPartOf":{"@id":"https:\/\/preprod-lourdes.cawita.com\/#website"},"primaryImageOfPage":{"@id":"https:\/\/www.lourdes-france.org\/es\/nuestra-senora-de-lourdes-ruega-por-nosotrosgran-novena-a-la-inmaculada\/#primaryimage"},"image":{"@id":"https:\/\/www.lourdes-france.org\/es\/nuestra-senora-de-lourdes-ruega-por-nosotrosgran-novena-a-la-inmaculada\/#primaryimage"},"thumbnailUrl":"https:\/\/www.lourdes-france.org\/wp-content\/uploads\/2020\/03\/bloc-neuvaine-ES.jpg","datePublished":"2020-03-09T14:44:17+00:00","dateModified":"2026-01-29T14:23:50+00:00","author":{"@id":"https:\/\/preprod-lourdes.cawita.com\/#\/schema\/person\/00e15361338ccda7ff575e7807b7ff76"},"breadcrumb":{"@id":"https:\/\/www.lourdes-france.org\/es\/nuestra-senora-de-lourdes-ruega-por-nosotrosgran-novena-a-la-inmaculada\/#breadcrumb"},"inLanguage":"es","potentialAction":[{"@type":"ReadAction","target":["https:\/\/www.lourdes-france.org\/es\/nuestra-senora-de-lourdes-ruega-por-nosotrosgran-novena-a-la-inmaculada\/"]}]},{"@type":"ImageObject","inLanguage":"es","@id":"https:\/\/www.lourdes-france.org\/es\/nuestra-senora-de-lourdes-ruega-por-nosotrosgran-novena-a-la-inmaculada\/#primaryimage","url":"https:\/\/www.lourdes-france.org\/wp-content\/uploads\/2020\/03\/bloc-neuvaine-ES.jpg","contentUrl":"https:\/\/www.lourdes-france.org\/wp-content\/uploads\/2020\/03\/bloc-neuvaine-ES.jpg","width":355,"height":280},{"@type":"BreadcrumbList","@id":"https:\/\/www.lourdes-france.org\/es\/nuestra-senora-de-lourdes-ruega-por-nosotrosgran-novena-a-la-inmaculada\/#breadcrumb","itemListElement":[{"@type":"ListItem","position":1,"name":"Accueil","item":"https:\/\/www.lourdes-france.org\/"},{"@type":"ListItem","position":2,"name":"\u00a1Nuestra Se\u00f1ora de Lourdes ruega por nosotros!Gran novena a la Inmaculada"}]},{"@type":"WebSite","@id":"https:\/\/preprod-lourdes.cawita.com\/#website","url":"https:\/\/preprod-lourdes.cawita.com\/","name":"Soutenir le Sanctuaire Notre-Dame de Lourdes","description":"","potentialAction":[{"@type":"SearchAction","target":{"@type":"EntryPoint","urlTemplate":"https:\/\/preprod-lourdes.cawita.com\/?s={search_term_string}"},"query-input":{"@type":"PropertyValueSpecification","valueRequired":true,"valueName":"search_term_string"}}],"inLanguage":"es"},{"@type":"Person","@id":"https:\/\/preprod-lourdes.cawita.com\/#\/schema\/person\/00e15361338ccda7ff575e7807b7ff76","name":"TV LOURDES","image":{"@type":"ImageObject","inLanguage":"es","@id":"https:\/\/preprod-lourdes.cawita.com\/#\/schema\/person\/image\/","url":"https:\/\/secure.gravatar.com\/avatar\/99ad963db01f0c73acfee4d5f94ac178?s=96&d=mm&r=g","contentUrl":"https:\/\/secure.gravatar.com\/avatar\/99ad963db01f0c73acfee4d5f94ac178?s=96&d=mm&r=g","caption":"TV LOURDES"},"url":"https:\/\/www.lourdes-france.org\/es\/author\/tv-lourdes\/"}]}},"_links":{"self":[{"href":"https:\/\/www.lourdes-france.org\/es\/wp-json\/wp\/v2\/posts\/231107","targetHints":{"allow":["GET"]}}],"collection":[{"href":"https:\/\/www.lourdes-france.org\/es\/wp-json\/wp\/v2\/posts"}],"about":[{"href":"https:\/\/www.lourdes-france.org\/es\/wp-json\/wp\/v2\/types\/post"}],"author":[{"embeddable":true,"href":"https:\/\/www.lourdes-france.org\/es\/wp-json\/wp\/v2\/users\/21"}],"replies":[{"embeddable":true,"href":"https:\/\/www.lourdes-france.org\/es\/wp-json\/wp\/v2\/comments?post=231107"}],"version-history":[{"count":8,"href":"https:\/\/www.lourdes-france.org\/es\/wp-json\/wp\/v2\/posts\/231107\/revisions"}],"predecessor-version":[{"id":236371,"href":"https:\/\/www.lourdes-france.org\/es\/wp-json\/wp\/v2\/posts\/231107\/revisions\/236371"}],"wp:featuredmedia":[{"embeddable":true,"href":"https:\/\/www.lourdes-france.org\/es\/wp-json\/wp\/v2\/media\/235469"}],"wp:attachment":[{"href":"https:\/\/www.lourdes-france.org\/es\/wp-json\/wp\/v2\/media?parent=231107"}],"wp:term":[{"taxonomy":"category","embeddable":true,"href":"https:\/\/www.lourdes-france.org\/es\/wp-json\/wp\/v2\/categories?post=231107"},{"taxonomy":"post_tag","embeddable":true,"href":"https:\/\/www.lourdes-france.org\/es\/wp-json\/wp\/v2\/tags?post=231107"}],"curies":[{"name":"wp","href":"https:\/\/api.w.org\/{rel}","templated":true}]}}