{"id":23611,"date":"2018-12-20T11:51:08","date_gmt":"2018-12-20T10:51:08","guid":{"rendered":"https:\/\/www.lourdes-france.org\/journees-de-lourdes-2019-heureux-vous-les-pauvres\/"},"modified":"2026-01-30T09:40:04","modified_gmt":"2026-01-30T08:40:04","slug":"jornadas-de-lourdes-2019-dichosos-vosotros-los-pobres","status":"publish","type":"post","link":"https:\/\/www.lourdes-france.org\/es\/jornadas-de-lourdes-2019-dichosos-vosotros-los-pobres\/","title":{"rendered":"Jornadas de Lourdes 2019 : \u00abBienaventurados vosotros los pobres\u00bb"},"content":{"rendered":"\t\t<div data-elementor-type=\"wp-post\" data-elementor-id=\"23611\" class=\"elementor elementor-23611 elementor-23293 elementor-bc-flex-widget\" data-elementor-post-type=\"post\">\n\t\t\t\t\t\t<section class=\"elementor-section elementor-top-section elementor-element elementor-element-287aedfb elementor-section-boxed elementor-section-height-default elementor-section-height-default\" data-id=\"287aedfb\" data-element_type=\"section\">\n\t\t\t\t\t\t<div class=\"elementor-container elementor-column-gap-no\">\n\t\t\t\t\t<div class=\"elementor-column elementor-col-100 elementor-top-column elementor-element elementor-element-f2ce8c8\" data-id=\"f2ce8c8\" data-element_type=\"column\">\n\t\t\t<div class=\"elementor-widget-wrap elementor-element-populated\">\n\t\t\t\t\t\t<section class=\"elementor-section elementor-inner-section elementor-element elementor-element-50fcf561 elementor-section-boxed elementor-section-height-default elementor-section-height-default\" data-id=\"50fcf561\" data-element_type=\"section\">\n\t\t\t\t\t\t<div class=\"elementor-container elementor-column-gap-default\">\n\t\t\t\t\t<div class=\"elementor-column elementor-col-50 elementor-inner-column elementor-element elementor-element-17618161\" data-id=\"17618161\" data-element_type=\"column\">\n\t\t\t<div class=\"elementor-widget-wrap elementor-element-populated\">\n\t\t\t\t\t\t<div class=\"elementor-element elementor-element-246a4ade elementor-widget elementor-widget-text-editor\" data-id=\"246a4ade\" data-element_type=\"widget\" data-widget_type=\"text-editor.default\">\n\t\t\t\t<div class=\"elementor-widget-container\">\n\t\t\t\t\t\t\t\t\t<p><strong>La pobreza material pone en movimiento hoy a pueblos enteros.<\/strong><br \/>La pobreza espiritual consigue incluso llevar a los j\u00f3venes a la muerte. La miseria sufrida es humillante y nos deshumaniza. Pero la riqueza que rechaza el reparto nos degrada y corrompe. El Evangelio no promueve la revoluci\u00f3n social, pero viene y revoluciona los corazones. El maestro se hace esclavo y lava los pies de los m\u00e1s pobres. No es un simple cambio de la situaci\u00f3n, los dos se ven hermanos, amados por un mismo Padre, dirigidos por un mismo coraz\u00f3n.<br \/><br \/>P. Andr\u00e9 Cabes, rector<\/p>\t\t\t\t\t\t\t\t<\/div>\n\t\t\t\t<\/div>\n\t\t\t\t<div class=\"elementor-element elementor-element-cf24e64 elementor-widget elementor-widget-heading\" data-id=\"cf24e64\" data-element_type=\"widget\" data-widget_type=\"heading.default\">\n\t\t\t\t<div class=\"elementor-widget-container\">\n\t\t\t\t\t<h2 class=\"elementor-heading-title elementor-size-default\">Preestreno de la pel\u00edcula \u00abLourdes\u00bb<\/h2>\t\t\t\t<\/div>\n\t\t\t\t<\/div>\n\t\t\t\t<div class=\"elementor-element elementor-element-1577d038 elementor-widget elementor-widget-text-editor\" data-id=\"1577d038\" data-element_type=\"widget\" data-widget_type=\"text-editor.default\">\n\t\t\t\t<div class=\"elementor-widget-container\">\n\t\t\t\t\t\t\t\t\t<p>Durante las jornadas de Lourdes, los directores Thierry Demaizi\u00e8re y Alban Teurlai proyectar\u00e1n su pel\u00edcula titulada \u00abLourdes\u00bb, en pantalla el 8 de mayo de 2019. <\/p>\t\t\t\t\t\t\t\t<\/div>\n\t\t\t\t<\/div>\n\t\t\t\t\t<\/div>\n\t\t<\/div>\n\t\t\t\t<div class=\"elementor-column elementor-col-50 elementor-inner-column elementor-element elementor-element-620083aa\" data-id=\"620083aa\" data-element_type=\"column\">\n\t\t\t<div class=\"elementor-widget-wrap elementor-element-populated\">\n\t\t\t\t\t\t<div class=\"elementor-element elementor-element-51f411c1 elementor-widget elementor-widget-image\" data-id=\"51f411c1\" data-element_type=\"widget\" data-widget_type=\"image.default\">\n\t\t\t\t<div class=\"elementor-widget-container\">\n\t\t\t\t\t\t\t\t\t\t\t\t\t\t\t<img fetchpriority=\"high\" decoding=\"async\" width=\"600\" height=\"851\" src=\"https:\/\/www.lourdes-france.org\/wp-content\/uploads\/2018\/12\/Programme-journee_de_Lourdes_2019-ES-1.jpg\" class=\"attachment-large size-large wp-image-23925\" alt=\"\" srcset=\"https:\/\/www.lourdes-france.org\/wp-content\/uploads\/2018\/12\/Programme-journee_de_Lourdes_2019-ES-1.jpg 600w, https:\/\/www.lourdes-france.org\/wp-content\/uploads\/2018\/12\/Programme-journee_de_Lourdes_2019-ES-1-212x300.jpg 212w, https:\/\/www.lourdes-france.org\/wp-content\/uploads\/2018\/12\/Programme-journee_de_Lourdes_2019-ES-1-197x280.jpg 197w\" sizes=\"(max-width: 600px) 100vw, 600px\" \/>\t\t\t\t\t\t\t\t\t\t\t\t\t\t\t<\/div>\n\t\t\t\t<\/div>\n\t\t\t\t\t<\/div>\n\t\t<\/div>\n\t\t\t\t\t<\/div>\n\t\t<\/section>\n\t\t\t\t\t<\/div>\n\t\t<\/div>\n\t\t\t\t\t<\/div>\n\t\t<\/section>\n\t\t\t\t<section class=\"elementor-section elementor-top-section elementor-element elementor-element-f1d84d4 elementor-section-boxed elementor-section-height-default elementor-section-height-default\" data-id=\"f1d84d4\" data-element_type=\"section\">\n\t\t\t\t\t\t<div class=\"elementor-container elementor-column-gap-default\">\n\t\t\t\t\t<div class=\"elementor-column elementor-col-100 elementor-top-column elementor-element elementor-element-0b6b3d5\" data-id=\"0b6b3d5\" data-element_type=\"column\">\n\t\t\t<div class=\"elementor-widget-wrap elementor-element-populated\">\n\t\t\t\t\t\t<div class=\"elementor-element elementor-element-219fd02 elementor-widget elementor-widget-heading\" data-id=\"219fd02\" data-element_type=\"widget\" data-widget_type=\"heading.default\">\n\t\t\t\t<div class=\"elementor-widget-container\">\n\t\t\t\t\t<h2 class=\"elementor-heading-title elementor-size-default\">Santa Bernardita celebrada durante todo el a\u00f1o.<\/h2>\t\t\t\t<\/div>\n\t\t\t\t<\/div>\n\t\t\t\t<div class=\"elementor-element elementor-element-dff70ee elementor-widget elementor-widget-text-editor\" data-id=\"dff70ee\" data-element_type=\"widget\" data-widget_type=\"text-editor.default\">\n\t\t\t\t<div class=\"elementor-widget-container\">\n\t\t\t\t\t\t\t\t\t<p class=\"p1\"><b>Las reliquias de santa Bernardita <\/b>van a ser puestas en evidencia. Se propondr\u00e1 dos veces a la semana un tiempo de veneraci\u00f3n despu\u00e9s de la misa internacional, los mi\u00e9rcoles y domingos. Adem\u00e1s su relicario va a seguir su peregrinar por Europa con nuevas etapas en Francia, Italia y Espa\u00f1a.<\/p>\t\t\t\t\t\t\t\t<\/div>\n\t\t\t\t<\/div>\n\t\t\t\t<div class=\"elementor-element elementor-element-b161bf2 elementor-widget elementor-widget-text-editor\" data-id=\"b161bf2\" data-element_type=\"widget\" data-widget_type=\"text-editor.default\">\n\t\t\t\t<div class=\"elementor-widget-container\">\n\t\t\t\t\t\t\t\t\t<p class=\"p1\"><b>El camino de Bernardita <\/b>que lleva hasta el pueblo vecino de Bartr\u00e9s (pueblo donde vivi\u00f3 antes de las Apariciones y donde cuid\u00f3 ovejas) ser\u00e1 m\u00e1s accesible.<\/p>\t\t\t\t\t\t\t\t<\/div>\n\t\t\t\t<\/div>\n\t\t\t\t<div class=\"elementor-element elementor-element-fcd9dcb elementor-widget elementor-widget-text-editor\" data-id=\"fcd9dcb\" data-element_type=\"widget\" data-widget_type=\"text-editor.default\">\n\t\t\t\t<div class=\"elementor-widget-container\">\n\t\t\t\t\t\t\t\t\t<p class=\"p1\"><b> La iglesia de Santa Bernardita, <\/b>inaugurada en 1988, tiene que ser renovada por completo: las obras consisten ante todo en hacerla m\u00e1s modulable. Si antes pod\u00eda ser dividida en dos espacios, los nuevos equipos permitir\u00e1n realizar varias dimensiones de acogida: para algunos centenares o para millares de personas.<\/p>\t\t\t\t\t\t\t\t<\/div>\n\t\t\t\t<\/div>\n\t\t\t\t<div class=\"elementor-element elementor-element-43e9c94 elementor-widget elementor-widget-text-editor\" data-id=\"43e9c94\" data-element_type=\"widget\" data-widget_type=\"text-editor.default\">\n\t\t\t\t<div class=\"elementor-widget-container\">\n\t\t\t\t\t\t\t\t\t<p class=\"p1\"><b> Un calendario anual <\/b>\u00a0pone al honor las grandes fechas de la vida de Bernardita, permitiendo a los peregrinos poder obtener la indulgencia plenaria acordada especialmente este a\u00f1o.<\/p>\t\t\t\t\t\t\t\t<\/div>\n\t\t\t\t<\/div>\n\t\t\t\t<div class=\"elementor-element elementor-element-4db3072 elementor-widget elementor-widget-text-editor\" data-id=\"4db3072\" data-element_type=\"widget\" data-widget_type=\"text-editor.default\">\n\t\t\t\t<div class=\"elementor-widget-container\">\n\t\t\t\t\t\t\t\t\t<p class=\"p1\"><b> Nueva liturgia, <\/b><i>\u00abDel barro brota la fuente\u00bb, <\/i>evocando el descubrimiento de la fuente por Bernardita y que simboliza tambi\u00e9n su itinerario, desde la miseria del calabozo a los favores maternos de la Virgen Mar\u00eda.<\/p>\t\t\t\t\t\t\t\t<\/div>\n\t\t\t\t<\/div>\n\t\t\t\t<div class=\"elementor-element elementor-element-46751df elementor-widget elementor-widget-text-editor\" data-id=\"46751df\" data-element_type=\"widget\" data-widget_type=\"text-editor.default\">\n\t\t\t\t<div class=\"elementor-widget-container\">\n\t\t\t\t\t\t\t\t\t<p class=\"p1\"><b>Propuesta de una peregrinaci\u00f3n<\/b> de dos d\u00edas para entender mejor la vida y espiritualidad de Bernardita (visitas acompa\u00f1adas, conferencias, sacramentos, procesiones\u2026).<\/p>\t\t\t\t\t\t\t\t<\/div>\n\t\t\t\t<\/div>\n\t\t\t\t<div class=\"elementor-element elementor-element-d56532f elementor-widget elementor-widget-text-editor\" data-id=\"d56532f\" data-element_type=\"widget\" data-widget_type=\"text-editor.default\">\n\t\t\t\t<div class=\"elementor-widget-container\">\n\t\t\t\t\t\t\t\t\t<p class=\"p1\">Adem\u00e1s, el Santuario de Lourdes se asocia a dos hermosos proyectos culturales que sacan a la luz la vida y el mensaje de la Peque\u00f1a de Lourdes que se hizo santa:<br \/><br \/><b>El espect\u00e1culo musical \u00abBernadette de Lourdes\u00bb, <\/b>permanente en Lourdes durante varios meses. Una hermosa presentaci\u00f3n que une el talento de sus creadores (m\u00fasica de Gr\u00e9goire, puesta en escena de Serge Denoncourt, palabras de Lionel Florence y Patrice Guirao) a una gran precisi\u00f3n hist\u00f3rica para ofrecer un descubrimiento in\u00e9dito del mensaje de Lourdes.\u00a0<\/p>\t\t\t\t\t\t\t\t<\/div>\n\t\t\t\t<\/div>\n\t\t\t\t<div class=\"elementor-element elementor-element-256ef1b elementor-widget elementor-widget-text-editor\" data-id=\"256ef1b\" data-element_type=\"widget\" data-widget_type=\"text-editor.default\">\n\t\t\t\t<div class=\"elementor-widget-container\">\n\t\t\t\t\t\t\t\t\t<p class=\"p1\"><b>En mayo, estreno nacional en cines de la pel\u00edcula \u00abLourdes\u00bb,<\/b> realizada por Thierry Demaizi\u00e8re y Alban Teurlai. Este documental da el protagonismo a los peregrinos enfermos o d\u00e9biles, para intentar entender por qu\u00e9, como a Bernardita, \u00ables atrae la Gruta\u00bb.<\/p>\t\t\t\t\t\t\t\t<\/div>\n\t\t\t\t<\/div>\n\t\t\t\t\t<\/div>\n\t\t<\/div>\n\t\t\t\t\t<\/div>\n\t\t<\/section>\n\t\t\t\t<section class=\"elementor-section elementor-top-section elementor-element elementor-element-1e22167 elementor-section-boxed elementor-section-height-default elementor-section-height-default\" data-id=\"1e22167\" data-element_type=\"section\">\n\t\t\t\t\t\t<div class=\"elementor-container elementor-column-gap-default\">\n\t\t\t\t\t<div class=\"elementor-column elementor-col-100 elementor-top-column elementor-element elementor-element-df3eacf\" data-id=\"df3eacf\" data-element_type=\"column\">\n\t\t\t<div class=\"elementor-widget-wrap elementor-element-populated\">\n\t\t\t\t\t\t<div class=\"elementor-element elementor-element-bde08fd elementor-widget elementor-widget-text-editor\" data-id=\"bde08fd\" data-element_type=\"widget\" data-widget_type=\"text-editor.default\">\n\t\t\t\t<div class=\"elementor-widget-container\">\n\t\t\t\t\t\t\t\t\t<h2 class=\"p1\" style=\"text-align: center;\">Le iscrizioni via internet alle Giornate di Lourdes sono chiuse.<\/h2>\t\t\t\t\t\t\t\t<\/div>\n\t\t\t\t<\/div>\n\t\t\t\t<div class=\"elementor-element elementor-element-748cdff5 elementor-widget elementor-widget-text-editor\" data-id=\"748cdff5\" data-element_type=\"widget\" data-widget_type=\"text-editor.default\">\n\t\t\t\t<div class=\"elementor-widget-container\">\n\t\t\t\t\t\t\t\t\t<p class=\"chapo\">Tuttavia \u00e8 ancora possibile parteciparvi. Se siete interessati potete scrivere <a href=\"mailto:jdf@lourdes-france.com\"><span class=\"s1\">jdf@lourdes-france.com<\/span><\/a><br \/>50 \u20ac -Los costes de participaci\u00f3n permiten al Santuario cubrir los gastos de organizaci\u00f3n: instalaci\u00f3n log\u00edstica, alquiler de material, traducci\u00f3n simult\u00e1nea, desplazamiento de los conferenciantes, la impresi\u00f3n de los documentos, etc.<\/p>\t\t\t\t\t\t\t\t<\/div>\n\t\t\t\t<\/div>\n\t\t\t\t\t<\/div>\n\t\t<\/div>\n\t\t\t\t\t<\/div>\n\t\t<\/section>\n\t\t\t\t<\/div>\n\t\t","protected":false},"excerpt":{"rendered":"<p>La pobreza material pone en movimiento hoy a pueblos enteros.La pobreza espiritual consigue incluso llevar a los j\u00f3venes a la muerte. La miseria sufrida es humillante y nos deshumaniza. Pero la riqueza que rechaza el reparto nos degrada y corrompe. &hellip; <a href=\"https:\/\/www.lourdes-france.org\/es\/jornadas-de-lourdes-2019-dichosos-vosotros-los-pobres\/\">Continuar<\/a><\/p>\n","protected":false},"author":21,"featured_media":26853,"comment_status":"closed","ping_status":"closed","sticky":false,"template":"","format":"standard","meta":{"_acf_changed":false,"footnotes":""},"categories":[152],"tags":[],"class_list":["post-23611","post","type-post","status-publish","format-standard","has-post-thumbnail","hentry","category-prochainement-es"],"acf":[],"yoast_head":"<!-- This site is optimized with the Yoast SEO plugin v24.7 - https:\/\/yoast.com\/wordpress\/plugins\/seo\/ -->\n<title>Jornadas de Lourdes 2019 : \u00abBienaventurados vosotros los pobres\u00bb<\/title>\n<meta name=\"robots\" content=\"index, follow, max-snippet:-1, max-image-preview:large, max-video-preview:-1\" \/>\n<link rel=\"canonical\" href=\"https:\/\/www.lourdes-france.org\/es\/jornadas-de-lourdes-2019-dichosos-vosotros-los-pobres\/\" \/>\n<meta name=\"twitter:label1\" content=\"Escrito por\" \/>\n\t<meta name=\"twitter:data1\" content=\"TV LOURDES\" \/>\n\t<meta name=\"twitter:label2\" content=\"Tiempo de lectura\" \/>\n\t<meta name=\"twitter:data2\" content=\"3 minutos\" \/>\n<script type=\"application\/ld+json\" class=\"yoast-schema-graph\">{\"@context\":\"https:\/\/schema.org\",\"@graph\":[{\"@type\":\"WebPage\",\"@id\":\"https:\/\/www.lourdes-france.org\/es\/jornadas-de-lourdes-2019-dichosos-vosotros-los-pobres\/\",\"url\":\"https:\/\/www.lourdes-france.org\/es\/jornadas-de-lourdes-2019-dichosos-vosotros-los-pobres\/\",\"name\":\"Jornadas de Lourdes 2019 : \u00abBienaventurados vosotros los pobres\u00bb\",\"isPartOf\":{\"@id\":\"https:\/\/preprod-lourdes.cawita.com\/#website\"},\"primaryImageOfPage\":{\"@id\":\"https:\/\/www.lourdes-france.org\/es\/jornadas-de-lourdes-2019-dichosos-vosotros-los-pobres\/#primaryimage\"},\"image\":{\"@id\":\"https:\/\/www.lourdes-france.org\/es\/jornadas-de-lourdes-2019-dichosos-vosotros-los-pobres\/#primaryimage\"},\"thumbnailUrl\":\"https:\/\/www.lourdes-france.org\/wp-content\/uploads\/2018\/12\/Journee_de_Lourdes_2019_ES-2.jpg\",\"datePublished\":\"2018-12-20T10:51:08+00:00\",\"dateModified\":\"2026-01-30T08:40:04+00:00\",\"author\":{\"@id\":\"https:\/\/preprod-lourdes.cawita.com\/#\/schema\/person\/00e15361338ccda7ff575e7807b7ff76\"},\"breadcrumb\":{\"@id\":\"https:\/\/www.lourdes-france.org\/es\/jornadas-de-lourdes-2019-dichosos-vosotros-los-pobres\/#breadcrumb\"},\"inLanguage\":\"es\",\"potentialAction\":[{\"@type\":\"ReadAction\",\"target\":[\"https:\/\/www.lourdes-france.org\/es\/jornadas-de-lourdes-2019-dichosos-vosotros-los-pobres\/\"]}]},{\"@type\":\"ImageObject\",\"inLanguage\":\"es\",\"@id\":\"https:\/\/www.lourdes-france.org\/es\/jornadas-de-lourdes-2019-dichosos-vosotros-los-pobres\/#primaryimage\",\"url\":\"https:\/\/www.lourdes-france.org\/wp-content\/uploads\/2018\/12\/Journee_de_Lourdes_2019_ES-2.jpg\",\"contentUrl\":\"https:\/\/www.lourdes-france.org\/wp-content\/uploads\/2018\/12\/Journee_de_Lourdes_2019_ES-2.jpg\",\"width\":380,\"height\":280},{\"@type\":\"BreadcrumbList\",\"@id\":\"https:\/\/www.lourdes-france.org\/es\/jornadas-de-lourdes-2019-dichosos-vosotros-los-pobres\/#breadcrumb\",\"itemListElement\":[{\"@type\":\"ListItem\",\"position\":1,\"name\":\"Accueil\",\"item\":\"https:\/\/www.lourdes-france.org\/\"},{\"@type\":\"ListItem\",\"position\":2,\"name\":\"Jornadas de Lourdes 2019 : \u00abBienaventurados vosotros los pobres\u00bb\"}]},{\"@type\":\"WebSite\",\"@id\":\"https:\/\/preprod-lourdes.cawita.com\/#website\",\"url\":\"https:\/\/preprod-lourdes.cawita.com\/\",\"name\":\"Soutenir le Sanctuaire Notre-Dame de Lourdes\",\"description\":\"\",\"potentialAction\":[{\"@type\":\"SearchAction\",\"target\":{\"@type\":\"EntryPoint\",\"urlTemplate\":\"https:\/\/preprod-lourdes.cawita.com\/?s={search_term_string}\"},\"query-input\":{\"@type\":\"PropertyValueSpecification\",\"valueRequired\":true,\"valueName\":\"search_term_string\"}}],\"inLanguage\":\"es\"},{\"@type\":\"Person\",\"@id\":\"https:\/\/preprod-lourdes.cawita.com\/#\/schema\/person\/00e15361338ccda7ff575e7807b7ff76\",\"name\":\"TV LOURDES\",\"image\":{\"@type\":\"ImageObject\",\"inLanguage\":\"es\",\"@id\":\"https:\/\/preprod-lourdes.cawita.com\/#\/schema\/person\/image\/\",\"url\":\"https:\/\/secure.gravatar.com\/avatar\/99ad963db01f0c73acfee4d5f94ac178?s=96&d=mm&r=g\",\"contentUrl\":\"https:\/\/secure.gravatar.com\/avatar\/99ad963db01f0c73acfee4d5f94ac178?s=96&d=mm&r=g\",\"caption\":\"TV LOURDES\"},\"url\":\"https:\/\/www.lourdes-france.org\/es\/author\/tv-lourdes\/\"}]}<\/script>\n<!-- \/ Yoast SEO plugin. -->","yoast_head_json":{"title":"Jornadas de Lourdes 2019 : \u00abBienaventurados vosotros los pobres\u00bb","robots":{"index":"index","follow":"follow","max-snippet":"max-snippet:-1","max-image-preview":"max-image-preview:large","max-video-preview":"max-video-preview:-1"},"canonical":"https:\/\/www.lourdes-france.org\/es\/jornadas-de-lourdes-2019-dichosos-vosotros-los-pobres\/","twitter_misc":{"Escrito por":"TV LOURDES","Tiempo de lectura":"3 minutos"},"schema":{"@context":"https:\/\/schema.org","@graph":[{"@type":"WebPage","@id":"https:\/\/www.lourdes-france.org\/es\/jornadas-de-lourdes-2019-dichosos-vosotros-los-pobres\/","url":"https:\/\/www.lourdes-france.org\/es\/jornadas-de-lourdes-2019-dichosos-vosotros-los-pobres\/","name":"Jornadas de Lourdes 2019 : \u00abBienaventurados vosotros los pobres\u00bb","isPartOf":{"@id":"https:\/\/preprod-lourdes.cawita.com\/#website"},"primaryImageOfPage":{"@id":"https:\/\/www.lourdes-france.org\/es\/jornadas-de-lourdes-2019-dichosos-vosotros-los-pobres\/#primaryimage"},"image":{"@id":"https:\/\/www.lourdes-france.org\/es\/jornadas-de-lourdes-2019-dichosos-vosotros-los-pobres\/#primaryimage"},"thumbnailUrl":"https:\/\/www.lourdes-france.org\/wp-content\/uploads\/2018\/12\/Journee_de_Lourdes_2019_ES-2.jpg","datePublished":"2018-12-20T10:51:08+00:00","dateModified":"2026-01-30T08:40:04+00:00","author":{"@id":"https:\/\/preprod-lourdes.cawita.com\/#\/schema\/person\/00e15361338ccda7ff575e7807b7ff76"},"breadcrumb":{"@id":"https:\/\/www.lourdes-france.org\/es\/jornadas-de-lourdes-2019-dichosos-vosotros-los-pobres\/#breadcrumb"},"inLanguage":"es","potentialAction":[{"@type":"ReadAction","target":["https:\/\/www.lourdes-france.org\/es\/jornadas-de-lourdes-2019-dichosos-vosotros-los-pobres\/"]}]},{"@type":"ImageObject","inLanguage":"es","@id":"https:\/\/www.lourdes-france.org\/es\/jornadas-de-lourdes-2019-dichosos-vosotros-los-pobres\/#primaryimage","url":"https:\/\/www.lourdes-france.org\/wp-content\/uploads\/2018\/12\/Journee_de_Lourdes_2019_ES-2.jpg","contentUrl":"https:\/\/www.lourdes-france.org\/wp-content\/uploads\/2018\/12\/Journee_de_Lourdes_2019_ES-2.jpg","width":380,"height":280},{"@type":"BreadcrumbList","@id":"https:\/\/www.lourdes-france.org\/es\/jornadas-de-lourdes-2019-dichosos-vosotros-los-pobres\/#breadcrumb","itemListElement":[{"@type":"ListItem","position":1,"name":"Accueil","item":"https:\/\/www.lourdes-france.org\/"},{"@type":"ListItem","position":2,"name":"Jornadas de Lourdes 2019 : \u00abBienaventurados vosotros los pobres\u00bb"}]},{"@type":"WebSite","@id":"https:\/\/preprod-lourdes.cawita.com\/#website","url":"https:\/\/preprod-lourdes.cawita.com\/","name":"Soutenir le Sanctuaire Notre-Dame de Lourdes","description":"","potentialAction":[{"@type":"SearchAction","target":{"@type":"EntryPoint","urlTemplate":"https:\/\/preprod-lourdes.cawita.com\/?s={search_term_string}"},"query-input":{"@type":"PropertyValueSpecification","valueRequired":true,"valueName":"search_term_string"}}],"inLanguage":"es"},{"@type":"Person","@id":"https:\/\/preprod-lourdes.cawita.com\/#\/schema\/person\/00e15361338ccda7ff575e7807b7ff76","name":"TV LOURDES","image":{"@type":"ImageObject","inLanguage":"es","@id":"https:\/\/preprod-lourdes.cawita.com\/#\/schema\/person\/image\/","url":"https:\/\/secure.gravatar.com\/avatar\/99ad963db01f0c73acfee4d5f94ac178?s=96&d=mm&r=g","contentUrl":"https:\/\/secure.gravatar.com\/avatar\/99ad963db01f0c73acfee4d5f94ac178?s=96&d=mm&r=g","caption":"TV LOURDES"},"url":"https:\/\/www.lourdes-france.org\/es\/author\/tv-lourdes\/"}]}},"_links":{"self":[{"href":"https:\/\/www.lourdes-france.org\/es\/wp-json\/wp\/v2\/posts\/23611","targetHints":{"allow":["GET"]}}],"collection":[{"href":"https:\/\/www.lourdes-france.org\/es\/wp-json\/wp\/v2\/posts"}],"about":[{"href":"https:\/\/www.lourdes-france.org\/es\/wp-json\/wp\/v2\/types\/post"}],"author":[{"embeddable":true,"href":"https:\/\/www.lourdes-france.org\/es\/wp-json\/wp\/v2\/users\/21"}],"replies":[{"embeddable":true,"href":"https:\/\/www.lourdes-france.org\/es\/wp-json\/wp\/v2\/comments?post=23611"}],"version-history":[{"count":11,"href":"https:\/\/www.lourdes-france.org\/es\/wp-json\/wp\/v2\/posts\/23611\/revisions"}],"predecessor-version":[{"id":27285,"href":"https:\/\/www.lourdes-france.org\/es\/wp-json\/wp\/v2\/posts\/23611\/revisions\/27285"}],"wp:featuredmedia":[{"embeddable":true,"href":"https:\/\/www.lourdes-france.org\/es\/wp-json\/wp\/v2\/media\/26853"}],"wp:attachment":[{"href":"https:\/\/www.lourdes-france.org\/es\/wp-json\/wp\/v2\/media?parent=23611"}],"wp:term":[{"taxonomy":"category","embeddable":true,"href":"https:\/\/www.lourdes-france.org\/es\/wp-json\/wp\/v2\/categories?post=23611"},{"taxonomy":"post_tag","embeddable":true,"href":"https:\/\/www.lourdes-france.org\/es\/wp-json\/wp\/v2\/tags?post=23611"}],"curies":[{"name":"wp","href":"https:\/\/api.w.org\/{rel}","templated":true}]}}