{"id":25859,"date":"2019-01-17T09:21:10","date_gmt":"2019-01-17T08:21:10","guid":{"rendered":"https:\/\/www.lourdes-france.org\/lannee-bernadette-est-ouverte\/"},"modified":"2026-01-30T09:39:33","modified_gmt":"2026-01-30T08:39:33","slug":"se-ha-abierto-el-ano-bernardita","status":"publish","type":"post","link":"https:\/\/www.lourdes-france.org\/es\/se-ha-abierto-el-ano-bernardita\/","title":{"rendered":"Se ha abierto el A\u00f1o Bernardita"},"content":{"rendered":"\t\t<div data-elementor-type=\"wp-post\" data-elementor-id=\"25859\" class=\"elementor elementor-25859 elementor-25777 elementor-bc-flex-widget\" data-elementor-post-type=\"post\">\n\t\t\t\t\t\t<section class=\"elementor-section elementor-top-section elementor-element elementor-element-17a4b724 elementor-section-boxed elementor-section-height-default elementor-section-height-default\" data-id=\"17a4b724\" data-element_type=\"section\">\n\t\t\t\t\t\t<div class=\"elementor-container elementor-column-gap-no\">\n\t\t\t\t\t<div class=\"elementor-column elementor-col-100 elementor-top-column elementor-element elementor-element-e547279\" data-id=\"e547279\" data-element_type=\"column\">\n\t\t\t<div class=\"elementor-widget-wrap elementor-element-populated\">\n\t\t\t\t\t\t<section class=\"elementor-section elementor-inner-section elementor-element elementor-element-5be5292 elementor-section-boxed elementor-section-height-default elementor-section-height-default\" data-id=\"5be5292\" data-element_type=\"section\">\n\t\t\t\t\t\t<div class=\"elementor-container elementor-column-gap-no\">\n\t\t\t\t\t<div class=\"elementor-column elementor-col-50 elementor-inner-column elementor-element elementor-element-34b7182\" data-id=\"34b7182\" data-element_type=\"column\">\n\t\t\t<div class=\"elementor-widget-wrap elementor-element-populated\">\n\t\t\t\t\t\t<div class=\"elementor-element elementor-element-a923e47 elementor-widget elementor-widget-text-editor\" data-id=\"a923e47\" data-element_type=\"widget\" data-widget_type=\"text-editor.default\">\n\t\t\t\t<div class=\"elementor-widget-container\">\n\t\t\t\t\t\t\t\t\t<p class=\"chapo\">La peque\u00f1a Bernardita, que recibi\u00f3 las confidencias de la Virgen Mar\u00eda 18 veces durante las Apariciones de Lourdes en 1858, se ha convertido en santa, no por haber tenido las visitas de Mar\u00eda, sino por su manera de vivir de ellas. Nos invita a seguirla por este camino\u2026<\/p>\t\t\t\t\t\t\t\t<\/div>\n\t\t\t\t<\/div>\n\t\t\t\t\t<\/div>\n\t\t<\/div>\n\t\t\t\t<div class=\"elementor-column elementor-col-50 elementor-inner-column elementor-element elementor-element-6385cf1\" data-id=\"6385cf1\" data-element_type=\"column\">\n\t\t\t<div class=\"elementor-widget-wrap elementor-element-populated\">\n\t\t\t\t\t\t<div class=\"elementor-element elementor-element-5871aca elementor-widget elementor-widget-image\" data-id=\"5871aca\" data-element_type=\"widget\" data-widget_type=\"image.default\">\n\t\t\t\t<div class=\"elementor-widget-container\">\n\t\t\t\t\t\t\t\t\t\t\t\t\t\t\t<img decoding=\"async\" width=\"150\" height=\"150\" src=\"https:\/\/www.lourdes-france.org\/wp-content\/uploads\/2019\/01\/medaillon_ES-150x150.jpg\" class=\"attachment-thumbnail size-thumbnail wp-image-25937\" alt=\"\" \/>\t\t\t\t\t\t\t\t\t\t\t\t\t\t\t<\/div>\n\t\t\t\t<\/div>\n\t\t\t\t\t<\/div>\n\t\t<\/div>\n\t\t\t\t\t<\/div>\n\t\t<\/section>\n\t\t\t\t\t<\/div>\n\t\t<\/div>\n\t\t\t\t\t<\/div>\n\t\t<\/section>\n\t\t\t\t<section class=\"elementor-section elementor-top-section elementor-element elementor-element-3e356f5a elementor-section-boxed elementor-section-height-default elementor-section-height-default\" data-id=\"3e356f5a\" data-element_type=\"section\">\n\t\t\t\t\t\t<div class=\"elementor-container elementor-column-gap-no\">\n\t\t\t\t\t<div class=\"elementor-column elementor-col-100 elementor-top-column elementor-element elementor-element-4a0462a7\" data-id=\"4a0462a7\" data-element_type=\"column\">\n\t\t\t<div class=\"elementor-widget-wrap elementor-element-populated\">\n\t\t\t\t\t\t<div class=\"elementor-element elementor-element-624c89e elementor-widget elementor-widget-text-editor\" data-id=\"624c89e\" data-element_type=\"widget\" data-widget_type=\"text-editor.default\">\n\t\t\t\t<div class=\"elementor-widget-container\">\n\t\t\t\t\t\t\t\t\t<h2><span style=\"color: #e8a700;\">Santa Bernardita\u00a0<\/span>celebrada durante todo el a\u00f1o.<\/h2>\t\t\t\t\t\t\t\t<\/div>\n\t\t\t\t<\/div>\n\t\t\t\t<div class=\"elementor-element elementor-element-6ee72a52 elementor-widget elementor-widget-text-editor\" data-id=\"6ee72a52\" data-element_type=\"widget\" data-widget_type=\"text-editor.default\">\n\t\t\t\t<div class=\"elementor-widget-container\">\n\t\t\t\t\t\t\t\t\t<p><strong>Las reliquias de santa Bernardita<\/strong> van a ser puestas en evidencia. Se propondr\u00e1 dos veces a la semana un tiempo de veneraci\u00f3n despu\u00e9s de la misa internacional, los mi\u00e9rcoles y domingos. Adem\u00e1s su relicario va a seguir su peregrinar por Europa con nuevas etapas en Francia, Italia y Espa\u00f1a. <\/p>\t\t\t\t\t\t\t\t<\/div>\n\t\t\t\t<\/div>\n\t\t\t\t<div class=\"elementor-element elementor-element-6f3fc6d elementor-widget elementor-widget-text-editor\" data-id=\"6f3fc6d\" data-element_type=\"widget\" data-widget_type=\"text-editor.default\">\n\t\t\t\t<div class=\"elementor-widget-container\">\n\t\t\t\t\t\t\t\t\t<p><strong>El camino de Bernardita<\/strong> que lleva hasta el pueblo vecino de Bartr\u00e9s (pueblo donde vivi\u00f3 antes de las Apariciones y donde cuid\u00f3 ovejas) ser\u00e1 m\u00e1s accesible. <\/p>\t\t\t\t\t\t\t\t<\/div>\n\t\t\t\t<\/div>\n\t\t\t\t<div class=\"elementor-element elementor-element-0d59b13 elementor-widget elementor-widget-text-editor\" data-id=\"0d59b13\" data-element_type=\"widget\" data-widget_type=\"text-editor.default\">\n\t\t\t\t<div class=\"elementor-widget-container\">\n\t\t\t\t\t\t\t\t\t<p><strong>La iglesia de Santa Bernardita<\/strong>, inaugurada en 1988, tiene que ser renovada por completo: las obras consisten ante todo en hacerla m\u00e1s modulable. Si antes pod\u00eda ser dividida en dos espacios, los nuevos equipos permitir\u00e1n realizar varias dimensiones de acogida: para algunos centenares o para millares de personas.<\/p>\t\t\t\t\t\t\t\t<\/div>\n\t\t\t\t<\/div>\n\t\t\t\t<div class=\"elementor-element elementor-element-efc9a6d elementor-widget elementor-widget-text-editor\" data-id=\"efc9a6d\" data-element_type=\"widget\" data-widget_type=\"text-editor.default\">\n\t\t\t\t<div class=\"elementor-widget-container\">\n\t\t\t\t\t\t\t\t\t<p><strong>Un calendario anual<\/strong> (cf. m\u00e1s abajo) pone al honor las grandes fechas de la vida de Bernardita, permitiendo a los peregrinos poder obtener la indulgencia plenaria acordada especialmente este a\u00f1o.<\/p>\t\t\t\t\t\t\t\t<\/div>\n\t\t\t\t<\/div>\n\t\t\t\t<div class=\"elementor-element elementor-element-76def12 elementor-widget elementor-widget-text-editor\" data-id=\"76def12\" data-element_type=\"widget\" data-widget_type=\"text-editor.default\">\n\t\t\t\t<div class=\"elementor-widget-container\">\n\t\t\t\t\t\t\t\t\t<p><strong>Nueva liturgia<\/strong>, \u00abDel barro brota la fuente\u00bb, evocando el descubrimiento de la fuente por Bernardita y que simboliza tambi\u00e9n su itinerario, desde la miseria del calabozo a los favores maternos de la Virgen Mar\u00eda.<\/p>\t\t\t\t\t\t\t\t<\/div>\n\t\t\t\t<\/div>\n\t\t\t\t<div class=\"elementor-element elementor-element-f5e3f49 elementor-widget elementor-widget-text-editor\" data-id=\"f5e3f49\" data-element_type=\"widget\" data-widget_type=\"text-editor.default\">\n\t\t\t\t<div class=\"elementor-widget-container\">\n\t\t\t\t\t\t\t\t\t<p><strong>Propuesta de una peregrinaci\u00f3n<\/strong> de dos d\u00edas para entender mejor la vida y espiritualidad de Bernardita (visitas acompa\u00f1adas, conferencias, sacramentos, procesiones\u2026). <\/p>\t\t\t\t\t\t\t\t<\/div>\n\t\t\t\t<\/div>\n\t\t\t\t<div class=\"elementor-element elementor-element-79ecfec elementor-widget elementor-widget-text-editor\" data-id=\"79ecfec\" data-element_type=\"widget\" data-widget_type=\"text-editor.default\">\n\t\t\t\t<div class=\"elementor-widget-container\">\n\t\t\t\t\t\t\t\t\t<p>Adem\u00e1s, el Santuario de Lourdes se asocia a dos hermosos proyectos culturales que sacan a la luz la vida y el mensaje de la Peque\u00f1a de Lourdes que se hizo santa:<\/p>\t\t\t\t\t\t\t\t<\/div>\n\t\t\t\t<\/div>\n\t\t\t\t<div class=\"elementor-element elementor-element-8ef3cec elementor-widget elementor-widget-text-editor\" data-id=\"8ef3cec\" data-element_type=\"widget\" data-widget_type=\"text-editor.default\">\n\t\t\t\t<div class=\"elementor-widget-container\">\n\t\t\t\t\t\t\t\t\t<p><strong>El espect\u00e1culo musical \u00abBernadette de Lourdes\u00bb<\/strong>, permanente en Lourdes durante varios meses. Una hermosa presentaci\u00f3n que une el talento de sus creadores (m\u00fasica de Gr\u00e9goire, puesta en escena de Serge Denoncourt, palabras de Lionel Florence y Patrice Guirao) a una gran precisi\u00f3n hist\u00f3rica para ofrecer un descubrimiento in\u00e9dito del mensaje de Lourdes. <\/p>\t\t\t\t\t\t\t\t<\/div>\n\t\t\t\t<\/div>\n\t\t\t\t<div class=\"elementor-element elementor-element-899637a elementor-widget elementor-widget-text-editor\" data-id=\"899637a\" data-element_type=\"widget\" data-widget_type=\"text-editor.default\">\n\t\t\t\t<div class=\"elementor-widget-container\">\n\t\t\t\t\t\t\t\t\t<p><strong>En mayo, estreno nacional en cines de la pel\u00edcula \u00abLourdes\u00bb, realizada por Thierry Demaizi\u00e8re y Alban Teurlai. Este documental da el protagonismo a los peregrinos enfermos o d\u00e9biles, para intentar entender por qu\u00e9, como a Bernardita, \u00ables atrae la Gruta\u00bb. <\/strong><\/p>\t\t\t\t\t\t\t\t<\/div>\n\t\t\t\t<\/div>\n\t\t\t\t<div class=\"elementor-element elementor-element-6ed1a71 elementor-widget elementor-widget-text-editor\" data-id=\"6ed1a71\" data-element_type=\"widget\" data-widget_type=\"text-editor.default\">\n\t\t\t\t<div class=\"elementor-widget-container\">\n\t\t\t\t\t\t\t\t\t<h2><span style=\"color: #e8a700;\">Pidan encender <\/span>una vela<\/h2>\t\t\t\t\t\t\t\t<\/div>\n\t\t\t\t<\/div>\n\t\t\t\t<div class=\"elementor-element elementor-element-af651aa elementor-widget elementor-widget-text-editor\" data-id=\"af651aa\" data-element_type=\"widget\" data-widget_type=\"text-editor.default\">\n\t\t\t\t<div class=\"elementor-widget-container\">\n\t\t\t\t\t\t\t\t\t<p>Durante este a\u00f1o dedicado a Bernardita, conf\u00eden sus intenciones y pidan que enciendan una vela durante las fechas de las 18 apariciones: <a href=\"https:\/\/www.lourdes-france.org\/es\/annee-bernadette-18apparitions-18cierges\/\">www.lourdes-france.org<\/a><\/p>\t\t\t\t\t\t\t\t<\/div>\n\t\t\t\t<\/div>\n\t\t\t\t<div class=\"elementor-element elementor-element-1e8841f elementor-widget elementor-widget-text-editor\" data-id=\"1e8841f\" data-element_type=\"widget\" data-widget_type=\"text-editor.default\">\n\t\t\t\t<div class=\"elementor-widget-container\">\n\t\t\t\t\t\t\t\t\t<h2>El calendario de las <span style=\"color: #e8a700;\">18 apariciones de Lourdes (1858)<\/span><\/h2>\t\t\t\t\t\t\t\t<\/div>\n\t\t\t\t<\/div>\n\t\t\t\t<div class=\"elementor-element elementor-element-20fda4a elementor-widget elementor-widget-text-editor\" data-id=\"20fda4a\" data-element_type=\"widget\" data-widget_type=\"text-editor.default\">\n\t\t\t\t<div class=\"elementor-widget-container\">\n\t\t\t\t\t\t\t\t\t<h3>Dos apariciones silenciosas,<\/h3><p>1- 11 de febrero de 1858: \u00abUn ruido como una r\u00e1faga de viento&#8230;\u00bb Hacia mediod\u00eda se aparece a Bernardita en la gruta de Massabielle una se\u00f1ora vestida de blanco, con un rosario.<br \/><br \/>2- 14 de febrero: Bernardita vuelve a la gruta, antes de las v\u00edsperas de ese domingo. La Se\u00f1ora sonr\u00ede cuando le echa agua bendita.<\/p>\t\t\t\t\t\t\t\t<\/div>\n\t\t\t\t<\/div>\n\t\t\t\t<div class=\"elementor-element elementor-element-fae8ed7 elementor-widget elementor-widget-text-editor\" data-id=\"fae8ed7\" data-element_type=\"widget\" data-widget_type=\"text-editor.default\">\n\t\t\t\t<div class=\"elementor-widget-container\">\n\t\t\t\t\t\t\t\t\t<h3>La quincena de las apariciones<\/h3><p>3- 18 de febrero a las 6 de la ma\u00f1ana: Bernardita lleva una especie de escritorio peque\u00f1o. La Se\u00f1ora habla. <br \/>\u00abLo que tengo que decirle no es necesario ponerlo por escrito, pero, \u00bfquiere hacerme el favor de venir aqu\u00ed durante quince d\u00edas?\u00bb<br \/>La Se\u00f1ora a\u00f1ade estas palabras para Bernardita: \u00abNo le prometo la felicidad en este mundo, sino en el otro\u00bb.<br \/><br \/>4 y 6- Del 19 al 22 de febrero. Bernardita va todas las ma\u00f1anas a la gruta y reza el rosario. Ve todos los d\u00edas a la Se\u00f1ora, salvo el lunes 22 de febrero.<br \/><br \/>7- 23 de febrero: Parece ser que esa ma\u00f1ana la Se\u00f1ora ense\u00f1a a Bernardita una oraci\u00f3n secreta que rezar\u00eda a partir de entonces todos los d\u00edas.<br \/><br \/>8- 24 de febrero: La Se\u00f1ora conf\u00eda a Bernardita su mensaje de penitencia y de oraci\u00f3n:<br \/>\u00ab\u00a1Penitencia! \u00a1Penitencia! \u00a1Penitencia!\u00bb<br \/>\u00ab\u00a1Rece a Dios por los pecadores!\u00bb<br \/>\u00ab\u00a1Bese la tierra en penitencia por los pecadores!\u00bb<br \/><br \/>9- 25 de febrero: Por indicaci\u00f3n de la Se\u00f1ora, Bernardita saca a la luz un manantial: <br \/>\u00abComa de esa hierba de all\u00ed\u2026 Vaya a beber y a lavarse en la fuente\u00bb.<br \/><br \/>10 y 11- 27, 28 de febrero: Las mismas palabras y gestos que el 24 de febrero. El viernes 26 de febrero no hubo aparici\u00f3n.<br \/><br \/>12- 1 de marzo: Antes de terminar la quincena, la Se\u00f1ora conf\u00eda a Bernardita tres secretos, con la recomendaci\u00f3n expresa: \u00abLe proh\u00edbo dec\u00edrselo a nadie\u00bb.<br \/><br \/>13- 2 de marzo: La Se\u00f1ora conf\u00eda una misi\u00f3n importante a Bernardita: \u00abVaya a decir a los sacerdotes que se venga aqu\u00ed en procesi\u00f3n y que se construya una capilla\u00bb.<br \/><br \/>14- 3 de marzo: La Se\u00f1ora, ausente a la cita diaria, se aparece a Bernardita al final de la ma\u00f1ana. Reitera su petici\u00f3n sobre la capilla.<br \/><br \/>15- 4 de marzo: Aparici\u00f3n silenciosa. Hay 8.000 personas delante de la gruta.<\/p>\t\t\t\t\t\t\t\t<\/div>\n\t\t\t\t<\/div>\n\t\t\t\t<div class=\"elementor-element elementor-element-97c3ad1 elementor-widget elementor-widget-text-editor\" data-id=\"97c3ad1\" data-element_type=\"widget\" data-widget_type=\"text-editor.default\">\n\t\t\t\t<div class=\"elementor-widget-container\">\n\t\t\t\t\t\t\t\t\t<h3>Las tres \u00faltimas apariciones<\/h3><p>16- 25 de marzo, fiesta de la Anunciaci\u00f3n: La Se\u00f1ora revela su nombre a Bernardita:<br \/>\u00abYo soy la Inmaculada Concepci\u00f3n\u00bb<br \/><br \/>17- 7 de abril: aparici\u00f3n silenciosa, marcada para Bernardita por el milagro del cirio.<br \/><br \/>18- 16 de julio, al caer la noche: m\u00e1s all\u00e1 de las barreras de la Gruta y del Gave, la Virgen Mar\u00eda, \u00abm\u00e1s bella que nunca\u00bb.<\/p>\t\t\t\t\t\t\t\t<\/div>\n\t\t\t\t<\/div>\n\t\t\t\t<div class=\"elementor-element elementor-element-dec7d41 elementor-widget elementor-widget-text-editor\" data-id=\"dec7d41\" data-element_type=\"widget\" data-widget_type=\"text-editor.default\">\n\t\t\t\t<div class=\"elementor-widget-container\">\n\t\t\t\t\t\t\t\t\t<h2><span style=\"color: #e8a700;\">4 catequesis<br \/><\/span><\/h2>\t\t\t\t\t\t\t\t<\/div>\n\t\t\t\t<\/div>\n\t\t\t\t<div class=\"elementor-element elementor-element-5c2e815 elementor-widget elementor-widget-text-editor\" data-id=\"5c2e815\" data-element_type=\"widget\" data-widget_type=\"text-editor.default\">\n\t\t\t\t<div class=\"elementor-widget-container\">\n\t\t\t\t\t\t\t\t\t<p><strong>La colecci\u00f3n de catequesis realizadas por el rector Andr\u00e9 Cabes en 2017, se enriquece este a\u00f1o con 4 nuevas, para ayudarnos a vivir el mensaje de Lourdes en 2019, <em>A\u00f1o Bernardita<\/em>. <\/strong><\/p>\t\t\t\t\t\t\t\t<\/div>\n\t\t\t\t<\/div>\n\t\t\t\t<div class=\"elementor-element elementor-element-766be40 elementor-widget elementor-widget-text-editor\" data-id=\"766be40\" data-element_type=\"widget\" data-widget_type=\"text-editor.default\">\n\t\t\t\t<div class=\"elementor-widget-container\">\n\t\t\t\t\t\t\t\t\t<p>El santuario de Lourdes propone a los peregrinos del a\u00f1o 2019 seguir los pasos de Bernardita. Comenzamos, en efecto, un a\u00f1o jubilar. Bernardita naci\u00f3 el 7 de enero de 1844 y fue bautizada el 9, hace 175 a\u00f1os. Y vivi\u00f3 su Pascua hacia la luz del Cielo el 16 de abril de 1879, hace exactamente 140 a\u00f1os.<\/p>\t\t\t\t\t\t\t\t<\/div>\n\t\t\t\t<\/div>\n\t\t\t\t<div class=\"elementor-element elementor-element-784db36 elementor-widget elementor-widget-text-editor\" data-id=\"784db36\" data-element_type=\"widget\" data-widget_type=\"text-editor.default\">\n\t\t\t\t<div class=\"elementor-widget-container\">\n\t\t\t\t\t\t\t\t\t<p>El encuentro de Bernardita con la Se\u00f1ora empez\u00f3 con el aprendizaje de la se\u00f1al de la Cruz y nos ense\u00f1ar\u00e1 el secreto de la alegr\u00eda de creer. As\u00ed experimentaremos la vida en Iglesia. Bernardita tuvo que pedir a los sacerdotes que se construyera una capilla, poner en marcha las procesiones. Una humanidad nueva, un pueblo de peque\u00f1os y pobres, se dirige hacia la casa de familia que es el Santuario de Lourdes. S\u00ed, dichosos vosotros, los pobres, est\u00e1is alegres de la felicidad de Jes\u00fas, \u00a1viv\u00eds de la satisfacci\u00f3n de Dios!<\/p>\t\t\t\t\t\t\t\t<\/div>\n\t\t\t\t<\/div>\n\t\t\t\t<div class=\"elementor-element elementor-element-5f09ceb elementor-widget elementor-widget-text-editor\" data-id=\"5f09ceb\" data-element_type=\"widget\" data-widget_type=\"text-editor.default\">\n\t\t\t\t<div class=\"elementor-widget-container\">\n\t\t\t\t\t\t\t\t\t<p>Este es el camino que proponemos en estas catequesis, camino con Bernardita, camino del Evangelio y la verdadera vida.<\/p>\t\t\t\t\t\t\t\t<\/div>\n\t\t\t\t<\/div>\n\t\t\t\t<div class=\"elementor-element elementor-element-71da1f6 elementor-widget elementor-widget-text-editor\" data-id=\"71da1f6\" data-element_type=\"widget\" data-widget_type=\"text-editor.default\">\n\t\t\t\t<div class=\"elementor-widget-container\">\n\t\t\t\t\t\t\t\t\t<h2><span style=\"color: #e8a700;\">Eventos <\/span>y <span style=\"color: #e8a700;\">novedades 2019<\/span><\/h2>\t\t\t\t\t\t\t\t<\/div>\n\t\t\t\t<\/div>\n\t\t\t\t<div class=\"elementor-element elementor-element-019877e elementor-widget elementor-widget-text-editor\" data-id=\"019877e\" data-element_type=\"widget\" data-widget_type=\"text-editor.default\">\n\t\t\t\t<div class=\"elementor-widget-container\">\n\t\t\t\t\t\t\t\t\t<ul><li>8\/11 de febrero: Las \u00abJornadas de Lourdes\u00bb: coloquio y fiesta de Nuestra Se\u00f1ora de Lourdes.<br \/><br \/><\/li><li>15\/17 de febrero: Peregrinaci\u00f3n de las parejas por san Valent\u00edn.<br \/><br \/><\/li><li>18\/22 de febrero: Conferencias sobre santa Bernardita. <br \/><br \/><\/li><li>30 de mayo: Peregrinaci\u00f3n para los bautizados divorciados. <br \/><br \/><\/li><li>28\/30 de junio: Peregrinaci\u00f3n para los padres de familia.<br \/><br \/><\/li><li>7\/9 de agosto: Encuentro mariano \u00abOpen Source\u00bb para los j\u00f3venes adultos.<br \/><br \/><\/li><li>22 de agosto: Fiesta de la Familia de Nuestra Se\u00f1ora de Lourdes.<br \/><br \/><\/li><li>12\/13 de octubre: Peregrinaci\u00f3n para las madres de familia y 1a edici\u00f3n de la peregrinaci\u00f3n para cocineros.<\/li><\/ul>\t\t\t\t\t\t\t\t<\/div>\n\t\t\t\t<\/div>\n\t\t\t\t\t<\/div>\n\t\t<\/div>\n\t\t\t\t\t<\/div>\n\t\t<\/section>\n\t\t\t\t<\/div>\n\t\t","protected":false},"excerpt":{"rendered":"<p>La peque\u00f1a Bernardita, que recibi\u00f3 las confidencias de la Virgen Mar\u00eda 18 veces durante las Apariciones de Lourdes en 1858, se ha convertido en santa, no por haber tenido las visitas de Mar\u00eda, sino por su manera de vivir de &hellip; <a href=\"https:\/\/www.lourdes-france.org\/es\/se-ha-abierto-el-ano-bernardita\/\">Continuar<\/a><\/p>\n","protected":false},"author":21,"featured_media":25825,"comment_status":"closed","ping_status":"closed","sticky":false,"template":"","format":"standard","meta":{"_acf_changed":false,"footnotes":""},"categories":[99],"tags":[],"class_list":["post-25859","post","type-post","status-publish","format-standard","has-post-thumbnail","hentry","category-en-ce-moment-es"],"acf":[],"yoast_head":"<!-- This site is optimized with the Yoast SEO plugin v24.7 - https:\/\/yoast.com\/wordpress\/plugins\/seo\/ -->\n<title>Se ha abierto el A\u00f1o Bernardita<\/title>\n<meta name=\"robots\" content=\"index, follow, max-snippet:-1, max-image-preview:large, max-video-preview:-1\" \/>\n<link rel=\"canonical\" href=\"https:\/\/www.lourdes-france.org\/es\/se-ha-abierto-el-ano-bernardita\/\" \/>\n<meta name=\"twitter:label1\" content=\"Escrito por\" \/>\n\t<meta name=\"twitter:data1\" content=\"TV LOURDES\" \/>\n\t<meta name=\"twitter:label2\" content=\"Tiempo de lectura\" \/>\n\t<meta name=\"twitter:data2\" content=\"6 minutos\" \/>\n<script type=\"application\/ld+json\" class=\"yoast-schema-graph\">{\"@context\":\"https:\/\/schema.org\",\"@graph\":[{\"@type\":\"WebPage\",\"@id\":\"https:\/\/www.lourdes-france.org\/es\/se-ha-abierto-el-ano-bernardita\/\",\"url\":\"https:\/\/www.lourdes-france.org\/es\/se-ha-abierto-el-ano-bernardita\/\",\"name\":\"Se ha abierto el A\u00f1o Bernardita\",\"isPartOf\":{\"@id\":\"https:\/\/preprod-lourdes.cawita.com\/#website\"},\"primaryImageOfPage\":{\"@id\":\"https:\/\/www.lourdes-france.org\/es\/se-ha-abierto-el-ano-bernardita\/#primaryimage\"},\"image\":{\"@id\":\"https:\/\/www.lourdes-france.org\/es\/se-ha-abierto-el-ano-bernardita\/#primaryimage\"},\"thumbnailUrl\":\"https:\/\/www.lourdes-france.org\/wp-content\/uploads\/2019\/01\/Bernadette_moutons6-Automne2016_VINCENT-min-380.jpg\",\"datePublished\":\"2019-01-17T08:21:10+00:00\",\"dateModified\":\"2026-01-30T08:39:33+00:00\",\"author\":{\"@id\":\"https:\/\/preprod-lourdes.cawita.com\/#\/schema\/person\/00e15361338ccda7ff575e7807b7ff76\"},\"breadcrumb\":{\"@id\":\"https:\/\/www.lourdes-france.org\/es\/se-ha-abierto-el-ano-bernardita\/#breadcrumb\"},\"inLanguage\":\"es\",\"potentialAction\":[{\"@type\":\"ReadAction\",\"target\":[\"https:\/\/www.lourdes-france.org\/es\/se-ha-abierto-el-ano-bernardita\/\"]}]},{\"@type\":\"ImageObject\",\"inLanguage\":\"es\",\"@id\":\"https:\/\/www.lourdes-france.org\/es\/se-ha-abierto-el-ano-bernardita\/#primaryimage\",\"url\":\"https:\/\/www.lourdes-france.org\/wp-content\/uploads\/2019\/01\/Bernadette_moutons6-Automne2016_VINCENT-min-380.jpg\",\"contentUrl\":\"https:\/\/www.lourdes-france.org\/wp-content\/uploads\/2019\/01\/Bernadette_moutons6-Automne2016_VINCENT-min-380.jpg\",\"width\":380,\"height\":280},{\"@type\":\"BreadcrumbList\",\"@id\":\"https:\/\/www.lourdes-france.org\/es\/se-ha-abierto-el-ano-bernardita\/#breadcrumb\",\"itemListElement\":[{\"@type\":\"ListItem\",\"position\":1,\"name\":\"Accueil\",\"item\":\"https:\/\/www.lourdes-france.org\/\"},{\"@type\":\"ListItem\",\"position\":2,\"name\":\"Se ha abierto el A\u00f1o Bernardita\"}]},{\"@type\":\"WebSite\",\"@id\":\"https:\/\/preprod-lourdes.cawita.com\/#website\",\"url\":\"https:\/\/preprod-lourdes.cawita.com\/\",\"name\":\"Soutenir le Sanctuaire Notre-Dame de Lourdes\",\"description\":\"\",\"potentialAction\":[{\"@type\":\"SearchAction\",\"target\":{\"@type\":\"EntryPoint\",\"urlTemplate\":\"https:\/\/preprod-lourdes.cawita.com\/?s={search_term_string}\"},\"query-input\":{\"@type\":\"PropertyValueSpecification\",\"valueRequired\":true,\"valueName\":\"search_term_string\"}}],\"inLanguage\":\"es\"},{\"@type\":\"Person\",\"@id\":\"https:\/\/preprod-lourdes.cawita.com\/#\/schema\/person\/00e15361338ccda7ff575e7807b7ff76\",\"name\":\"TV LOURDES\",\"image\":{\"@type\":\"ImageObject\",\"inLanguage\":\"es\",\"@id\":\"https:\/\/preprod-lourdes.cawita.com\/#\/schema\/person\/image\/\",\"url\":\"https:\/\/secure.gravatar.com\/avatar\/99ad963db01f0c73acfee4d5f94ac178?s=96&d=mm&r=g\",\"contentUrl\":\"https:\/\/secure.gravatar.com\/avatar\/99ad963db01f0c73acfee4d5f94ac178?s=96&d=mm&r=g\",\"caption\":\"TV LOURDES\"},\"url\":\"https:\/\/www.lourdes-france.org\/es\/author\/tv-lourdes\/\"}]}<\/script>\n<!-- \/ Yoast SEO plugin. -->","yoast_head_json":{"title":"Se ha abierto el A\u00f1o Bernardita","robots":{"index":"index","follow":"follow","max-snippet":"max-snippet:-1","max-image-preview":"max-image-preview:large","max-video-preview":"max-video-preview:-1"},"canonical":"https:\/\/www.lourdes-france.org\/es\/se-ha-abierto-el-ano-bernardita\/","twitter_misc":{"Escrito por":"TV LOURDES","Tiempo de lectura":"6 minutos"},"schema":{"@context":"https:\/\/schema.org","@graph":[{"@type":"WebPage","@id":"https:\/\/www.lourdes-france.org\/es\/se-ha-abierto-el-ano-bernardita\/","url":"https:\/\/www.lourdes-france.org\/es\/se-ha-abierto-el-ano-bernardita\/","name":"Se ha abierto el A\u00f1o Bernardita","isPartOf":{"@id":"https:\/\/preprod-lourdes.cawita.com\/#website"},"primaryImageOfPage":{"@id":"https:\/\/www.lourdes-france.org\/es\/se-ha-abierto-el-ano-bernardita\/#primaryimage"},"image":{"@id":"https:\/\/www.lourdes-france.org\/es\/se-ha-abierto-el-ano-bernardita\/#primaryimage"},"thumbnailUrl":"https:\/\/www.lourdes-france.org\/wp-content\/uploads\/2019\/01\/Bernadette_moutons6-Automne2016_VINCENT-min-380.jpg","datePublished":"2019-01-17T08:21:10+00:00","dateModified":"2026-01-30T08:39:33+00:00","author":{"@id":"https:\/\/preprod-lourdes.cawita.com\/#\/schema\/person\/00e15361338ccda7ff575e7807b7ff76"},"breadcrumb":{"@id":"https:\/\/www.lourdes-france.org\/es\/se-ha-abierto-el-ano-bernardita\/#breadcrumb"},"inLanguage":"es","potentialAction":[{"@type":"ReadAction","target":["https:\/\/www.lourdes-france.org\/es\/se-ha-abierto-el-ano-bernardita\/"]}]},{"@type":"ImageObject","inLanguage":"es","@id":"https:\/\/www.lourdes-france.org\/es\/se-ha-abierto-el-ano-bernardita\/#primaryimage","url":"https:\/\/www.lourdes-france.org\/wp-content\/uploads\/2019\/01\/Bernadette_moutons6-Automne2016_VINCENT-min-380.jpg","contentUrl":"https:\/\/www.lourdes-france.org\/wp-content\/uploads\/2019\/01\/Bernadette_moutons6-Automne2016_VINCENT-min-380.jpg","width":380,"height":280},{"@type":"BreadcrumbList","@id":"https:\/\/www.lourdes-france.org\/es\/se-ha-abierto-el-ano-bernardita\/#breadcrumb","itemListElement":[{"@type":"ListItem","position":1,"name":"Accueil","item":"https:\/\/www.lourdes-france.org\/"},{"@type":"ListItem","position":2,"name":"Se ha abierto el A\u00f1o Bernardita"}]},{"@type":"WebSite","@id":"https:\/\/preprod-lourdes.cawita.com\/#website","url":"https:\/\/preprod-lourdes.cawita.com\/","name":"Soutenir le Sanctuaire Notre-Dame de Lourdes","description":"","potentialAction":[{"@type":"SearchAction","target":{"@type":"EntryPoint","urlTemplate":"https:\/\/preprod-lourdes.cawita.com\/?s={search_term_string}"},"query-input":{"@type":"PropertyValueSpecification","valueRequired":true,"valueName":"search_term_string"}}],"inLanguage":"es"},{"@type":"Person","@id":"https:\/\/preprod-lourdes.cawita.com\/#\/schema\/person\/00e15361338ccda7ff575e7807b7ff76","name":"TV LOURDES","image":{"@type":"ImageObject","inLanguage":"es","@id":"https:\/\/preprod-lourdes.cawita.com\/#\/schema\/person\/image\/","url":"https:\/\/secure.gravatar.com\/avatar\/99ad963db01f0c73acfee4d5f94ac178?s=96&d=mm&r=g","contentUrl":"https:\/\/secure.gravatar.com\/avatar\/99ad963db01f0c73acfee4d5f94ac178?s=96&d=mm&r=g","caption":"TV LOURDES"},"url":"https:\/\/www.lourdes-france.org\/es\/author\/tv-lourdes\/"}]}},"_links":{"self":[{"href":"https:\/\/www.lourdes-france.org\/es\/wp-json\/wp\/v2\/posts\/25859","targetHints":{"allow":["GET"]}}],"collection":[{"href":"https:\/\/www.lourdes-france.org\/es\/wp-json\/wp\/v2\/posts"}],"about":[{"href":"https:\/\/www.lourdes-france.org\/es\/wp-json\/wp\/v2\/types\/post"}],"author":[{"embeddable":true,"href":"https:\/\/www.lourdes-france.org\/es\/wp-json\/wp\/v2\/users\/21"}],"replies":[{"embeddable":true,"href":"https:\/\/www.lourdes-france.org\/es\/wp-json\/wp\/v2\/comments?post=25859"}],"version-history":[{"count":5,"href":"https:\/\/www.lourdes-france.org\/es\/wp-json\/wp\/v2\/posts\/25859\/revisions"}],"predecessor-version":[{"id":25949,"href":"https:\/\/www.lourdes-france.org\/es\/wp-json\/wp\/v2\/posts\/25859\/revisions\/25949"}],"wp:featuredmedia":[{"embeddable":true,"href":"https:\/\/www.lourdes-france.org\/es\/wp-json\/wp\/v2\/media\/25825"}],"wp:attachment":[{"href":"https:\/\/www.lourdes-france.org\/es\/wp-json\/wp\/v2\/media?parent=25859"}],"wp:term":[{"taxonomy":"category","embeddable":true,"href":"https:\/\/www.lourdes-france.org\/es\/wp-json\/wp\/v2\/categories?post=25859"},{"taxonomy":"post_tag","embeddable":true,"href":"https:\/\/www.lourdes-france.org\/es\/wp-json\/wp\/v2\/tags?post=25859"}],"curies":[{"name":"wp","href":"https:\/\/api.w.org\/{rel}","templated":true}]}}