{"id":29239,"date":"2019-02-12T09:32:49","date_gmt":"2019-02-12T08:32:49","guid":{"rendered":"https:\/\/www.lourdes-france.org\/18-fevrier-fete-de-sainte-bernadette-presidee-par-le-cardinal-robert-sarah\/"},"modified":"2026-01-30T09:38:50","modified_gmt":"2026-01-30T08:38:50","slug":"18-de-febrero-fiesta-de-santa-bernardita-en-francia-presidida-por-el-cardenal-robert-sarah","status":"publish","type":"post","link":"https:\/\/www.lourdes-france.org\/es\/18-de-febrero-fiesta-de-santa-bernardita-en-francia-presidida-por-el-cardenal-robert-sarah\/","title":{"rendered":"18 de febrero, fiesta de Santa Bernardita en Francia Presidida por el cardenal Robert Sarah"},"content":{"rendered":"\t\t<div data-elementor-type=\"wp-post\" data-elementor-id=\"29239\" class=\"elementor elementor-29239 elementor-29183\" data-elementor-post-type=\"post\">\n\t\t\t\t\t\t<section class=\"elementor-section elementor-top-section elementor-element elementor-element-5164597c elementor-section-boxed elementor-section-height-default elementor-section-height-default\" data-id=\"5164597c\" data-element_type=\"section\">\n\t\t\t\t\t\t<div class=\"elementor-container elementor-column-gap-no\">\n\t\t\t\t\t<div class=\"elementor-column elementor-col-100 elementor-top-column elementor-element elementor-element-5985690e\" data-id=\"5985690e\" data-element_type=\"column\">\n\t\t\t<div class=\"elementor-widget-wrap elementor-element-populated\">\n\t\t\t\t\t\t<div class=\"elementor-element elementor-element-38afca2e elementor-widget elementor-widget-text-editor\" data-id=\"38afca2e\" data-element_type=\"widget\" data-widget_type=\"text-editor.default\">\n\t\t\t\t<div class=\"elementor-widget-container\">\n\t\t\t\t\t\t\t\t\t<h2>Domingo <span style=\"color: #e8a700;\">17 de febrero<\/span><\/h2>\t\t\t\t\t\t\t\t<\/div>\n\t\t\t\t<\/div>\n\t\t\t\t<div class=\"elementor-element elementor-element-180a8fde elementor-widget elementor-widget-text-editor\" data-id=\"180a8fde\" data-element_type=\"widget\" data-widget_type=\"text-editor.default\">\n\t\t\t\t<div class=\"elementor-widget-container\">\n\t\t\t\t\t\t\t\t\t<p><span style=\"color: #e8a702;\"><strong>17:30 Palacio de Congresos<\/strong><\/span><br \/><strong>El cardenal Robert Sarah, prefecto de la Congregaci\u00f3n para el culto divino y la disciplina de los sacramentos desde 2014, dar\u00e1 una conferencia en el Palacio de Congresos de Lourdes el 17 de febrero, a partir de las 17:30, con el tema: \u00ab\u00bfDemasiado ruido? La urgencia del silencio para nuestra era\u00bb. Ha publicado en las ediciones Fayard \u00abLa fuerza del silencio contra la dictadura del ruido\u00bb<\/strong>, un libro de entrevista con Nicol\u00e1s D\u00eda, en el que quiere dar al silencio nuevamente sus cartas de nobleza. Para el cardenal Robert Sarah, a fuerza de rechazar lo divino, el hombre moderno se encuentra inmerso en un gran silencio, una prueba angustiosa y opresora. El cardenal quiere recordar que la vida es una relaci\u00f3n silenciosa entre lo m\u00e1s \u00edntimo del hombre y Dios. El silencio es indispensable para escuchar la m\u00fasica de Dios: la oraci\u00f3n nace del silencio y vuelve sin cesar m\u00e1s profundamente a all\u00ed. El cardenal se pregunta: \u00bfLos hombres que no conocen el silencio podr\u00e1n alcanzar la verdad, la belleza y el amor? <br \/>Participaci\u00f3n libre para sufragar los gastos. <strong>Dedicatoria de los libros.<\/strong><\/p>\t\t\t\t\t\t\t\t<\/div>\n\t\t\t\t<\/div>\n\t\t\t\t<div class=\"elementor-element elementor-element-787061f elementor-widget elementor-widget-text-editor\" data-id=\"787061f\" data-element_type=\"widget\" data-widget_type=\"text-editor.default\">\n\t\t\t\t<div class=\"elementor-widget-container\">\n\t\t\t\t\t\t\t\t\t<p><strong><span style=\"color: #e8a702;\">20:30 Iglesia parroquial<\/span><br \/>Procesi\u00f3n mariana de las antorchas con las reliquias de santa Bernardita hasta la Gruta. <br \/><\/strong><\/p>\t\t\t\t\t\t\t\t<\/div>\n\t\t\t\t<\/div>\n\t\t\t\t<div class=\"elementor-element elementor-element-b1242f9 elementor-widget elementor-widget-text-editor\" data-id=\"b1242f9\" data-element_type=\"widget\" data-widget_type=\"text-editor.default\">\n\t\t\t\t<div class=\"elementor-widget-container\">\n\t\t\t\t\t\t\t\t\t<h2>Lunes <span style=\"color: #e8a700;\">18 de febrero Santa Bernardita<br \/><\/span><\/h2>\t\t\t\t\t\t\t\t<\/div>\n\t\t\t\t<\/div>\n\t\t\t\t<section class=\"elementor-section elementor-inner-section elementor-element elementor-element-0d740a6 elementor-section-boxed elementor-section-height-default elementor-section-height-default\" data-id=\"0d740a6\" data-element_type=\"section\">\n\t\t\t\t\t\t<div class=\"elementor-container elementor-column-gap-no\">\n\t\t\t\t\t<div class=\"elementor-column elementor-col-50 elementor-inner-column elementor-element elementor-element-ad75525\" data-id=\"ad75525\" data-element_type=\"column\">\n\t\t\t<div class=\"elementor-widget-wrap elementor-element-populated\">\n\t\t\t\t\t\t<div class=\"elementor-element elementor-element-e7bcceb elementor-widget elementor-widget-text-editor\" data-id=\"e7bcceb\" data-element_type=\"widget\" data-widget_type=\"text-editor.default\">\n\t\t\t\t<div class=\"elementor-widget-container\">\n\t\t\t\t\t\t\t\t\t<p><strong><span style=\"color: #e8a702;\">10:30 Bas\u00edlica de Nuestra Se\u00f1ora del Rosario<\/span><br \/>Misa solemne (franc\u00e9s), seguida del \u00c1ngelus en la Gruta.<br \/><\/strong><\/p>\t\t\t\t\t\t\t\t<\/div>\n\t\t\t\t<\/div>\n\t\t\t\t<div class=\"elementor-element elementor-element-4ec462c elementor-widget elementor-widget-text-editor\" data-id=\"4ec462c\" data-element_type=\"widget\" data-widget_type=\"text-editor.default\">\n\t\t\t\t<div class=\"elementor-widget-container\">\n\t\t\t\t\t\t\t\t\t<p><strong><span style=\"color: #e8a702;\">11:15 Misa en espa\u00f1ol en la Cripta.<\/span><br \/><\/strong><\/p>\t\t\t\t\t\t\t\t<\/div>\n\t\t\t\t<\/div>\n\t\t\t\t<div class=\"elementor-element elementor-element-02d910e elementor-widget elementor-widget-text-editor\" data-id=\"02d910e\" data-element_type=\"widget\" data-widget_type=\"text-editor.default\">\n\t\t\t\t<div class=\"elementor-widget-container\">\n\t\t\t\t\t\t\t\t\t<p><strong><span style=\"color: #e8a702;\">15:30 Rosario en la Gruta<\/span><br \/><\/strong><\/p>\t\t\t\t\t\t\t\t<\/div>\n\t\t\t\t<\/div>\n\t\t\t\t<div class=\"elementor-element elementor-element-b9ed3b1 elementor-widget elementor-widget-text-editor\" data-id=\"b9ed3b1\" data-element_type=\"widget\" data-widget_type=\"text-editor.default\">\n\t\t\t\t<div class=\"elementor-widget-container\">\n\t\t\t\t\t\t\t\t\t<p class=\"western\" lang=\"es-ES\"><span style=\"color: #e8a702;\"><b>16:15 V\u00edsperas solemnes en la bas\u00edlica de Nuestra Se\u00f1ora del Rosario.<\/b><\/span><\/p>\t\t\t\t\t\t\t\t<\/div>\n\t\t\t\t<\/div>\n\t\t\t\t\t<\/div>\n\t\t<\/div>\n\t\t\t\t<div class=\"elementor-column elementor-col-50 elementor-inner-column elementor-element elementor-element-d378bc8\" data-id=\"d378bc8\" data-element_type=\"column\">\n\t\t\t<div class=\"elementor-widget-wrap elementor-element-populated\">\n\t\t\t\t\t\t<div class=\"elementor-element elementor-element-a816cc1 elementor-widget elementor-widget-image\" data-id=\"a816cc1\" data-element_type=\"widget\" data-widget_type=\"image.default\">\n\t\t\t\t<div class=\"elementor-widget-container\">\n\t\t\t\t\t\t\t\t\t\t\t\t\t\t\t<img fetchpriority=\"high\" decoding=\"async\" width=\"208\" height=\"300\" src=\"https:\/\/www.lourdes-france.org\/wp-content\/uploads\/2018\/10\/BERNADETTE_Archives-et-Patrimoine_Lacaze-208x300.jpg\" class=\"attachment-medium size-medium wp-image-19159\" alt=\"\" srcset=\"https:\/\/www.lourdes-france.org\/wp-content\/uploads\/2018\/10\/BERNADETTE_Archives-et-Patrimoine_Lacaze-208x300.jpg 208w, https:\/\/www.lourdes-france.org\/wp-content\/uploads\/2018\/10\/BERNADETTE_Archives-et-Patrimoine_Lacaze-768x1108.jpg 768w, https:\/\/www.lourdes-france.org\/wp-content\/uploads\/2018\/10\/BERNADETTE_Archives-et-Patrimoine_Lacaze-710x1024.jpg 710w, https:\/\/www.lourdes-france.org\/wp-content\/uploads\/2018\/10\/BERNADETTE_Archives-et-Patrimoine_Lacaze-194x280.jpg 194w, https:\/\/www.lourdes-france.org\/wp-content\/uploads\/2018\/10\/BERNADETTE_Archives-et-Patrimoine_Lacaze.jpg 1814w\" sizes=\"(max-width: 208px) 100vw, 208px\" \/>\t\t\t\t\t\t\t\t\t\t\t\t\t\t\t<\/div>\n\t\t\t\t<\/div>\n\t\t\t\t\t<\/div>\n\t\t<\/div>\n\t\t\t\t\t<\/div>\n\t\t<\/section>\n\t\t\t\t<div class=\"elementor-element elementor-element-171e46f elementor-widget elementor-widget-text-editor\" data-id=\"171e46f\" data-element_type=\"widget\" data-widget_type=\"text-editor.default\">\n\t\t\t\t<div class=\"elementor-widget-container\">\n\t\t\t\t\t\t\t\t\t<p><strong><span style=\"color: #e8a702;\">Procesi\u00f3n mariana de las antorchas del 17 de febrero de 2018: <\/span><br \/><\/strong><\/p>\t\t\t\t\t\t\t\t<\/div>\n\t\t\t\t<\/div>\n\t\t\t\t<div class=\"elementor-element elementor-element-b3e5c2f elementor-widget elementor-widget-video\" data-id=\"b3e5c2f\" data-element_type=\"widget\" data-settings=\"{&quot;youtube_url&quot;:&quot;https:\\\/\\\/www.youtube.com\\\/watch?v=aQ1w4iuA2_Q&quot;,&quot;video_type&quot;:&quot;youtube&quot;,&quot;controls&quot;:&quot;yes&quot;}\" data-widget_type=\"video.default\">\n\t\t\t\t<div class=\"elementor-widget-container\">\n\t\t\t\t\t\t\t<div class=\"elementor-wrapper elementor-open-inline\">\n\t\t\t<div class=\"elementor-video\"><\/div>\t\t<\/div>\n\t\t\t\t\t\t<\/div>\n\t\t\t\t<\/div>\n\t\t\t\t<div class=\"elementor-element elementor-element-387d378 elementor-widget elementor-widget-text-editor\" data-id=\"387d378\" data-element_type=\"widget\" data-widget_type=\"text-editor.default\">\n\t\t\t\t<div class=\"elementor-widget-container\">\n\t\t\t\t\t\t\t\t\t<p><strong><span style=\"color: #e8a702;\">NOTA<\/span>: La procesi\u00f3n mariana de las antorchas con las reliquias de santa Bernardita, el domingo 17 de febrero a las 20:30, sale de la iglesia parroquial de Lourdes.<br \/><\/strong><\/p>\t\t\t\t\t\t\t\t<\/div>\n\t\t\t\t<\/div>\n\t\t\t\t\t<\/div>\n\t\t<\/div>\n\t\t\t\t\t<\/div>\n\t\t<\/section>\n\t\t\t\t<\/div>\n\t\t","protected":false},"excerpt":{"rendered":"<p>Domingo 17 de febrero 17:30 Palacio de Congresos El cardenal Robert Sarah, prefecto de la Congregaci\u00f3n para el culto divino y la disciplina de los sacramentos desde 2014, dar\u00e1 una conferencia en el Palacio de Congresos de Lourdes el 17 &hellip; <a href=\"https:\/\/www.lourdes-france.org\/es\/18-de-febrero-fiesta-de-santa-bernardita-en-francia-presidida-por-el-cardenal-robert-sarah\/\">Continuar<\/a><\/p>\n","protected":false},"author":21,"featured_media":694820,"comment_status":"closed","ping_status":"closed","sticky":false,"template":"","format":"standard","meta":{"_acf_changed":false,"footnotes":""},"categories":[99],"tags":[],"class_list":["post-29239","post","type-post","status-publish","format-standard","has-post-thumbnail","hentry","category-en-ce-moment-es"],"acf":[],"yoast_head":"<!-- This site is optimized with the Yoast SEO plugin v24.7 - https:\/\/yoast.com\/wordpress\/plugins\/seo\/ -->\n<title>18 de febrero, fiesta de Santa Bernardita en Francia Presidida por el cardenal Robert Sarah<\/title>\n<meta name=\"robots\" content=\"index, follow, max-snippet:-1, max-image-preview:large, max-video-preview:-1\" \/>\n<link rel=\"canonical\" href=\"https:\/\/www.lourdes-france.org\/es\/18-de-febrero-fiesta-de-santa-bernardita-en-francia-presidida-por-el-cardenal-robert-sarah\/\" \/>\n<meta name=\"twitter:label1\" content=\"Escrito por\" \/>\n\t<meta name=\"twitter:data1\" content=\"TV LOURDES\" \/>\n\t<meta name=\"twitter:label2\" content=\"Tiempo de lectura\" \/>\n\t<meta name=\"twitter:data2\" content=\"2 minutos\" \/>\n<script type=\"application\/ld+json\" class=\"yoast-schema-graph\">{\"@context\":\"https:\/\/schema.org\",\"@graph\":[{\"@type\":\"WebPage\",\"@id\":\"https:\/\/www.lourdes-france.org\/es\/18-de-febrero-fiesta-de-santa-bernardita-en-francia-presidida-por-el-cardenal-robert-sarah\/\",\"url\":\"https:\/\/www.lourdes-france.org\/es\/18-de-febrero-fiesta-de-santa-bernardita-en-francia-presidida-por-el-cardenal-robert-sarah\/\",\"name\":\"18 de febrero, fiesta de Santa Bernardita en Francia Presidida por el cardenal Robert Sarah\",\"isPartOf\":{\"@id\":\"https:\/\/preprod-lourdes.cawita.com\/#website\"},\"primaryImageOfPage\":{\"@id\":\"https:\/\/www.lourdes-france.org\/es\/18-de-febrero-fiesta-de-santa-bernardita-en-francia-presidida-por-el-cardenal-robert-sarah\/#primaryimage\"},\"image\":{\"@id\":\"https:\/\/www.lourdes-france.org\/es\/18-de-febrero-fiesta-de-santa-bernardita-en-francia-presidida-por-el-cardenal-robert-sarah\/#primaryimage\"},\"thumbnailUrl\":\"https:\/\/www.lourdes-france.org\/wp-content\/uploads\/2021\/06\/Bernadette-portrait_mise-en-avant-scaled.jpg\",\"datePublished\":\"2019-02-12T08:32:49+00:00\",\"dateModified\":\"2026-01-30T08:38:50+00:00\",\"author\":{\"@id\":\"https:\/\/preprod-lourdes.cawita.com\/#\/schema\/person\/00e15361338ccda7ff575e7807b7ff76\"},\"breadcrumb\":{\"@id\":\"https:\/\/www.lourdes-france.org\/es\/18-de-febrero-fiesta-de-santa-bernardita-en-francia-presidida-por-el-cardenal-robert-sarah\/#breadcrumb\"},\"inLanguage\":\"es\",\"potentialAction\":[{\"@type\":\"ReadAction\",\"target\":[\"https:\/\/www.lourdes-france.org\/es\/18-de-febrero-fiesta-de-santa-bernardita-en-francia-presidida-por-el-cardenal-robert-sarah\/\"]}]},{\"@type\":\"ImageObject\",\"inLanguage\":\"es\",\"@id\":\"https:\/\/www.lourdes-france.org\/es\/18-de-febrero-fiesta-de-santa-bernardita-en-francia-presidida-por-el-cardenal-robert-sarah\/#primaryimage\",\"url\":\"https:\/\/www.lourdes-france.org\/wp-content\/uploads\/2021\/06\/Bernadette-portrait_mise-en-avant-scaled.jpg\",\"contentUrl\":\"https:\/\/www.lourdes-france.org\/wp-content\/uploads\/2021\/06\/Bernadette-portrait_mise-en-avant-scaled.jpg\",\"width\":2560,\"height\":1886},{\"@type\":\"BreadcrumbList\",\"@id\":\"https:\/\/www.lourdes-france.org\/es\/18-de-febrero-fiesta-de-santa-bernardita-en-francia-presidida-por-el-cardenal-robert-sarah\/#breadcrumb\",\"itemListElement\":[{\"@type\":\"ListItem\",\"position\":1,\"name\":\"Accueil\",\"item\":\"https:\/\/www.lourdes-france.org\/\"},{\"@type\":\"ListItem\",\"position\":2,\"name\":\"18 de febrero, fiesta de Santa Bernardita en Francia Presidida por el cardenal Robert Sarah\"}]},{\"@type\":\"WebSite\",\"@id\":\"https:\/\/preprod-lourdes.cawita.com\/#website\",\"url\":\"https:\/\/preprod-lourdes.cawita.com\/\",\"name\":\"Soutenir le Sanctuaire Notre-Dame de Lourdes\",\"description\":\"\",\"potentialAction\":[{\"@type\":\"SearchAction\",\"target\":{\"@type\":\"EntryPoint\",\"urlTemplate\":\"https:\/\/preprod-lourdes.cawita.com\/?s={search_term_string}\"},\"query-input\":{\"@type\":\"PropertyValueSpecification\",\"valueRequired\":true,\"valueName\":\"search_term_string\"}}],\"inLanguage\":\"es\"},{\"@type\":\"Person\",\"@id\":\"https:\/\/preprod-lourdes.cawita.com\/#\/schema\/person\/00e15361338ccda7ff575e7807b7ff76\",\"name\":\"TV LOURDES\",\"image\":{\"@type\":\"ImageObject\",\"inLanguage\":\"es\",\"@id\":\"https:\/\/preprod-lourdes.cawita.com\/#\/schema\/person\/image\/\",\"url\":\"https:\/\/secure.gravatar.com\/avatar\/99ad963db01f0c73acfee4d5f94ac178?s=96&d=mm&r=g\",\"contentUrl\":\"https:\/\/secure.gravatar.com\/avatar\/99ad963db01f0c73acfee4d5f94ac178?s=96&d=mm&r=g\",\"caption\":\"TV LOURDES\"},\"url\":\"https:\/\/www.lourdes-france.org\/es\/author\/tv-lourdes\/\"}]}<\/script>\n<!-- \/ Yoast SEO plugin. -->","yoast_head_json":{"title":"18 de febrero, fiesta de Santa Bernardita en Francia Presidida por el cardenal Robert Sarah","robots":{"index":"index","follow":"follow","max-snippet":"max-snippet:-1","max-image-preview":"max-image-preview:large","max-video-preview":"max-video-preview:-1"},"canonical":"https:\/\/www.lourdes-france.org\/es\/18-de-febrero-fiesta-de-santa-bernardita-en-francia-presidida-por-el-cardenal-robert-sarah\/","twitter_misc":{"Escrito por":"TV LOURDES","Tiempo de lectura":"2 minutos"},"schema":{"@context":"https:\/\/schema.org","@graph":[{"@type":"WebPage","@id":"https:\/\/www.lourdes-france.org\/es\/18-de-febrero-fiesta-de-santa-bernardita-en-francia-presidida-por-el-cardenal-robert-sarah\/","url":"https:\/\/www.lourdes-france.org\/es\/18-de-febrero-fiesta-de-santa-bernardita-en-francia-presidida-por-el-cardenal-robert-sarah\/","name":"18 de febrero, fiesta de Santa Bernardita en Francia Presidida por el cardenal Robert Sarah","isPartOf":{"@id":"https:\/\/preprod-lourdes.cawita.com\/#website"},"primaryImageOfPage":{"@id":"https:\/\/www.lourdes-france.org\/es\/18-de-febrero-fiesta-de-santa-bernardita-en-francia-presidida-por-el-cardenal-robert-sarah\/#primaryimage"},"image":{"@id":"https:\/\/www.lourdes-france.org\/es\/18-de-febrero-fiesta-de-santa-bernardita-en-francia-presidida-por-el-cardenal-robert-sarah\/#primaryimage"},"thumbnailUrl":"https:\/\/www.lourdes-france.org\/wp-content\/uploads\/2021\/06\/Bernadette-portrait_mise-en-avant-scaled.jpg","datePublished":"2019-02-12T08:32:49+00:00","dateModified":"2026-01-30T08:38:50+00:00","author":{"@id":"https:\/\/preprod-lourdes.cawita.com\/#\/schema\/person\/00e15361338ccda7ff575e7807b7ff76"},"breadcrumb":{"@id":"https:\/\/www.lourdes-france.org\/es\/18-de-febrero-fiesta-de-santa-bernardita-en-francia-presidida-por-el-cardenal-robert-sarah\/#breadcrumb"},"inLanguage":"es","potentialAction":[{"@type":"ReadAction","target":["https:\/\/www.lourdes-france.org\/es\/18-de-febrero-fiesta-de-santa-bernardita-en-francia-presidida-por-el-cardenal-robert-sarah\/"]}]},{"@type":"ImageObject","inLanguage":"es","@id":"https:\/\/www.lourdes-france.org\/es\/18-de-febrero-fiesta-de-santa-bernardita-en-francia-presidida-por-el-cardenal-robert-sarah\/#primaryimage","url":"https:\/\/www.lourdes-france.org\/wp-content\/uploads\/2021\/06\/Bernadette-portrait_mise-en-avant-scaled.jpg","contentUrl":"https:\/\/www.lourdes-france.org\/wp-content\/uploads\/2021\/06\/Bernadette-portrait_mise-en-avant-scaled.jpg","width":2560,"height":1886},{"@type":"BreadcrumbList","@id":"https:\/\/www.lourdes-france.org\/es\/18-de-febrero-fiesta-de-santa-bernardita-en-francia-presidida-por-el-cardenal-robert-sarah\/#breadcrumb","itemListElement":[{"@type":"ListItem","position":1,"name":"Accueil","item":"https:\/\/www.lourdes-france.org\/"},{"@type":"ListItem","position":2,"name":"18 de febrero, fiesta de Santa Bernardita en Francia Presidida por el cardenal Robert Sarah"}]},{"@type":"WebSite","@id":"https:\/\/preprod-lourdes.cawita.com\/#website","url":"https:\/\/preprod-lourdes.cawita.com\/","name":"Soutenir le Sanctuaire Notre-Dame de Lourdes","description":"","potentialAction":[{"@type":"SearchAction","target":{"@type":"EntryPoint","urlTemplate":"https:\/\/preprod-lourdes.cawita.com\/?s={search_term_string}"},"query-input":{"@type":"PropertyValueSpecification","valueRequired":true,"valueName":"search_term_string"}}],"inLanguage":"es"},{"@type":"Person","@id":"https:\/\/preprod-lourdes.cawita.com\/#\/schema\/person\/00e15361338ccda7ff575e7807b7ff76","name":"TV LOURDES","image":{"@type":"ImageObject","inLanguage":"es","@id":"https:\/\/preprod-lourdes.cawita.com\/#\/schema\/person\/image\/","url":"https:\/\/secure.gravatar.com\/avatar\/99ad963db01f0c73acfee4d5f94ac178?s=96&d=mm&r=g","contentUrl":"https:\/\/secure.gravatar.com\/avatar\/99ad963db01f0c73acfee4d5f94ac178?s=96&d=mm&r=g","caption":"TV LOURDES"},"url":"https:\/\/www.lourdes-france.org\/es\/author\/tv-lourdes\/"}]}},"_links":{"self":[{"href":"https:\/\/www.lourdes-france.org\/es\/wp-json\/wp\/v2\/posts\/29239","targetHints":{"allow":["GET"]}}],"collection":[{"href":"https:\/\/www.lourdes-france.org\/es\/wp-json\/wp\/v2\/posts"}],"about":[{"href":"https:\/\/www.lourdes-france.org\/es\/wp-json\/wp\/v2\/types\/post"}],"author":[{"embeddable":true,"href":"https:\/\/www.lourdes-france.org\/es\/wp-json\/wp\/v2\/users\/21"}],"replies":[{"embeddable":true,"href":"https:\/\/www.lourdes-france.org\/es\/wp-json\/wp\/v2\/comments?post=29239"}],"version-history":[{"count":3,"href":"https:\/\/www.lourdes-france.org\/es\/wp-json\/wp\/v2\/posts\/29239\/revisions"}],"predecessor-version":[{"id":1096640,"href":"https:\/\/www.lourdes-france.org\/es\/wp-json\/wp\/v2\/posts\/29239\/revisions\/1096640"}],"wp:featuredmedia":[{"embeddable":true,"href":"https:\/\/www.lourdes-france.org\/es\/wp-json\/wp\/v2\/media\/694820"}],"wp:attachment":[{"href":"https:\/\/www.lourdes-france.org\/es\/wp-json\/wp\/v2\/media?parent=29239"}],"wp:term":[{"taxonomy":"category","embeddable":true,"href":"https:\/\/www.lourdes-france.org\/es\/wp-json\/wp\/v2\/categories?post=29239"},{"taxonomy":"post_tag","embeddable":true,"href":"https:\/\/www.lourdes-france.org\/es\/wp-json\/wp\/v2\/tags?post=29239"}],"curies":[{"name":"wp","href":"https:\/\/api.w.org\/{rel}","templated":true}]}}