{"id":319468,"date":"2020-08-06T18:04:22","date_gmt":"2020-08-06T16:04:22","guid":{"rendered":"https:\/\/www.lourdes-france.org\/?p=319468"},"modified":"2026-01-29T15:22:56","modified_gmt":"2026-01-29T14:22:56","slug":"informe-lourdes-united-todos-unidos-para-hacer-revivir-lourdes","status":"publish","type":"post","link":"https:\/\/www.lourdes-france.org\/es\/informe-lourdes-united-todos-unidos-para-hacer-revivir-lourdes\/","title":{"rendered":"Informe &#8211; \u00a1Lourdes United: todos unidos para hacer revivir Lourdes!"},"content":{"rendered":"\t\t<div data-elementor-type=\"wp-post\" data-elementor-id=\"319468\" class=\"elementor elementor-319468 elementor-313770\" data-elementor-post-type=\"post\">\n\t\t\t\t\t\t<section class=\"elementor-section elementor-top-section elementor-element elementor-element-5e5273de elementor-section-boxed elementor-section-height-default elementor-section-height-default\" data-id=\"5e5273de\" data-element_type=\"section\">\n\t\t\t\t\t\t<div class=\"elementor-container elementor-column-gap-default\">\n\t\t\t\t\t<div class=\"elementor-column elementor-col-100 elementor-top-column elementor-element elementor-element-73692637\" data-id=\"73692637\" data-element_type=\"column\">\n\t\t\t<div class=\"elementor-widget-wrap elementor-element-populated\">\n\t\t\t\t\t\t<div class=\"elementor-element elementor-element-c3169d8 elementor-widget elementor-widget-video\" data-id=\"c3169d8\" data-element_type=\"widget\" data-settings=\"{&quot;youtube_url&quot;:&quot;https:\\\/\\\/www.youtube.com\\\/watch?v=_HEs4T9rwbw&quot;,&quot;autoplay&quot;:&quot;yes&quot;,&quot;video_type&quot;:&quot;youtube&quot;,&quot;controls&quot;:&quot;yes&quot;}\" data-widget_type=\"video.default\">\n\t\t\t\t<div class=\"elementor-widget-container\">\n\t\t\t\t\t\t\t<div class=\"elementor-wrapper elementor-open-inline\">\n\t\t\t<div class=\"elementor-video\"><\/div>\t\t<\/div>\n\t\t\t\t\t\t<\/div>\n\t\t\t\t<\/div>\n\t\t\t\t<div class=\"elementor-element elementor-element-184e086c elementor-widget elementor-widget-text-editor\" data-id=\"184e086c\" data-element_type=\"widget\" data-widget_type=\"text-editor.default\">\n\t\t\t\t<div class=\"elementor-widget-container\">\n\t\t\t\t\t\t\t\t\t<p>El evento Lourdes United, la primera peregrinaci\u00f3n virtual mundial organizada por el Santuario de Lourdes el 16 de julio de 2020, ha recordado la importancia espiritual y humana de Lourdes en todos los continentes. El mundo entero necesita a Lourdes, ha sido as\u00ed desde el principio. Pero hoy, como ocurri\u00f3 tras las inundaciones de 2012 y 2013, Lourdes necesita una vez m\u00e1s que el mundo entero haga frente a una situaci\u00f3n econ\u00f3mica dif\u00edcil, consecuencia de la pandemia de COVID-19 que ha causado la anulaci\u00f3n de casi todas las peregrinaciones. El Santuario y todos los que participan en la acogida de los visitantes de la ciudad mariana reiteraron el 16 de julio al mundo entero c\u00f3mo hab\u00edan decidido redoblar sus esfuerzos para permitir que el mayor n\u00famero posible de personas viniera y regresara a Lourdes. Este informe de Laurent Jarneau, rodado el 16 de julio, se centra en el evento de Lourdes United inscribi\u00e9ndose en la din\u00e1mica de un nuevo comienzo para Lourdes. El mensaje de Lourdes sigue siendo de actualidad incluso en tiempos de crisis sanitaria. Es la invitaci\u00f3n de la Virgen Mar\u00eda a Bernardita Soubirous: \u00abQue se venga aqu\u00ed&#8230;\u00bb.<\/p>\t\t\t\t\t\t\t\t<\/div>\n\t\t\t\t<\/div>\n\t\t\t\t\t<\/div>\n\t\t<\/div>\n\t\t\t\t\t<\/div>\n\t\t<\/section>\n\t\t\t\t<\/div>\n\t\t","protected":false},"excerpt":{"rendered":"<p>El evento Lourdes United, la primera peregrinaci\u00f3n virtual mundial organizada por el Santuario de Lourdes el 16 de julio de 2020, ha recordado la importancia espiritual y humana de Lourdes en todos los continentes. El mundo entero necesita a Lourdes, &hellip; <a href=\"https:\/\/www.lourdes-france.org\/es\/informe-lourdes-united-todos-unidos-para-hacer-revivir-lourdes\/\">Continuar<\/a><\/p>\n","protected":false},"author":21,"featured_media":313848,"comment_status":"closed","ping_status":"closed","sticky":false,"template":"","format":"standard","meta":{"_acf_changed":false,"footnotes":""},"categories":[113],"tags":[],"class_list":["post-319468","post","type-post","status-publish","format-standard","has-post-thumbnail","hentry","category-los-reportajes-de-lourdes-es"],"acf":[],"yoast_head":"<!-- This site is optimized with the Yoast SEO plugin v24.7 - https:\/\/yoast.com\/wordpress\/plugins\/seo\/ -->\n<title>Informe - \u00a1Lourdes United: todos unidos para hacer revivir Lourdes!<\/title>\n<meta name=\"description\" content=\"Este informe rodado el 16 de julio, se centra en el evento de Lourdes United inscribi\u00e9ndose en la din\u00e1mica de un nuevo comienzo para Lourdes.\" \/>\n<meta name=\"robots\" content=\"index, follow, max-snippet:-1, max-image-preview:large, max-video-preview:-1\" \/>\n<link rel=\"canonical\" href=\"https:\/\/www.lourdes-france.org\/es\/informe-lourdes-united-todos-unidos-para-hacer-revivir-lourdes\/\" \/>\n<meta name=\"twitter:label1\" content=\"Escrito por\" \/>\n\t<meta name=\"twitter:data1\" content=\"TV LOURDES\" \/>\n\t<meta name=\"twitter:label2\" content=\"Tiempo de lectura\" \/>\n\t<meta name=\"twitter:data2\" content=\"1 minuto\" \/>\n<script type=\"application\/ld+json\" class=\"yoast-schema-graph\">{\"@context\":\"https:\/\/schema.org\",\"@graph\":[{\"@type\":\"WebPage\",\"@id\":\"https:\/\/www.lourdes-france.org\/es\/informe-lourdes-united-todos-unidos-para-hacer-revivir-lourdes\/\",\"url\":\"https:\/\/www.lourdes-france.org\/es\/informe-lourdes-united-todos-unidos-para-hacer-revivir-lourdes\/\",\"name\":\"Informe - \u00a1Lourdes United: todos unidos para hacer revivir Lourdes!\",\"isPartOf\":{\"@id\":\"https:\/\/preprod-lourdes.cawita.com\/#website\"},\"primaryImageOfPage\":{\"@id\":\"https:\/\/www.lourdes-france.org\/es\/informe-lourdes-united-todos-unidos-para-hacer-revivir-lourdes\/#primaryimage\"},\"image\":{\"@id\":\"https:\/\/www.lourdes-france.org\/es\/informe-lourdes-united-todos-unidos-para-hacer-revivir-lourdes\/#primaryimage\"},\"thumbnailUrl\":\"https:\/\/www.lourdes-france.org\/wp-content\/uploads\/2020\/07\/une.jpg\",\"datePublished\":\"2020-08-06T16:04:22+00:00\",\"dateModified\":\"2026-01-29T14:22:56+00:00\",\"author\":{\"@id\":\"https:\/\/preprod-lourdes.cawita.com\/#\/schema\/person\/00e15361338ccda7ff575e7807b7ff76\"},\"description\":\"Este informe rodado el 16 de julio, se centra en el evento de Lourdes United inscribi\u00e9ndose en la din\u00e1mica de un nuevo comienzo para Lourdes.\",\"breadcrumb\":{\"@id\":\"https:\/\/www.lourdes-france.org\/es\/informe-lourdes-united-todos-unidos-para-hacer-revivir-lourdes\/#breadcrumb\"},\"inLanguage\":\"es\",\"potentialAction\":[{\"@type\":\"ReadAction\",\"target\":[\"https:\/\/www.lourdes-france.org\/es\/informe-lourdes-united-todos-unidos-para-hacer-revivir-lourdes\/\"]}]},{\"@type\":\"ImageObject\",\"inLanguage\":\"es\",\"@id\":\"https:\/\/www.lourdes-france.org\/es\/informe-lourdes-united-todos-unidos-para-hacer-revivir-lourdes\/#primaryimage\",\"url\":\"https:\/\/www.lourdes-france.org\/wp-content\/uploads\/2020\/07\/une.jpg\",\"contentUrl\":\"https:\/\/www.lourdes-france.org\/wp-content\/uploads\/2020\/07\/une.jpg\",\"width\":760,\"height\":560},{\"@type\":\"BreadcrumbList\",\"@id\":\"https:\/\/www.lourdes-france.org\/es\/informe-lourdes-united-todos-unidos-para-hacer-revivir-lourdes\/#breadcrumb\",\"itemListElement\":[{\"@type\":\"ListItem\",\"position\":1,\"name\":\"Accueil\",\"item\":\"https:\/\/www.lourdes-france.org\/\"},{\"@type\":\"ListItem\",\"position\":2,\"name\":\"Informe &#8211; \u00a1Lourdes United: todos unidos para hacer revivir Lourdes!\"}]},{\"@type\":\"WebSite\",\"@id\":\"https:\/\/preprod-lourdes.cawita.com\/#website\",\"url\":\"https:\/\/preprod-lourdes.cawita.com\/\",\"name\":\"Soutenir le Sanctuaire Notre-Dame de Lourdes\",\"description\":\"\",\"potentialAction\":[{\"@type\":\"SearchAction\",\"target\":{\"@type\":\"EntryPoint\",\"urlTemplate\":\"https:\/\/preprod-lourdes.cawita.com\/?s={search_term_string}\"},\"query-input\":{\"@type\":\"PropertyValueSpecification\",\"valueRequired\":true,\"valueName\":\"search_term_string\"}}],\"inLanguage\":\"es\"},{\"@type\":\"Person\",\"@id\":\"https:\/\/preprod-lourdes.cawita.com\/#\/schema\/person\/00e15361338ccda7ff575e7807b7ff76\",\"name\":\"TV LOURDES\",\"image\":{\"@type\":\"ImageObject\",\"inLanguage\":\"es\",\"@id\":\"https:\/\/preprod-lourdes.cawita.com\/#\/schema\/person\/image\/\",\"url\":\"https:\/\/secure.gravatar.com\/avatar\/99ad963db01f0c73acfee4d5f94ac178?s=96&d=mm&r=g\",\"contentUrl\":\"https:\/\/secure.gravatar.com\/avatar\/99ad963db01f0c73acfee4d5f94ac178?s=96&d=mm&r=g\",\"caption\":\"TV LOURDES\"},\"url\":\"https:\/\/www.lourdes-france.org\/es\/author\/tv-lourdes\/\"}]}<\/script>\n<!-- \/ Yoast SEO plugin. -->","yoast_head_json":{"title":"Informe - \u00a1Lourdes United: todos unidos para hacer revivir Lourdes!","description":"Este informe rodado el 16 de julio, se centra en el evento de Lourdes United inscribi\u00e9ndose en la din\u00e1mica de un nuevo comienzo para Lourdes.","robots":{"index":"index","follow":"follow","max-snippet":"max-snippet:-1","max-image-preview":"max-image-preview:large","max-video-preview":"max-video-preview:-1"},"canonical":"https:\/\/www.lourdes-france.org\/es\/informe-lourdes-united-todos-unidos-para-hacer-revivir-lourdes\/","twitter_misc":{"Escrito por":"TV LOURDES","Tiempo de lectura":"1 minuto"},"schema":{"@context":"https:\/\/schema.org","@graph":[{"@type":"WebPage","@id":"https:\/\/www.lourdes-france.org\/es\/informe-lourdes-united-todos-unidos-para-hacer-revivir-lourdes\/","url":"https:\/\/www.lourdes-france.org\/es\/informe-lourdes-united-todos-unidos-para-hacer-revivir-lourdes\/","name":"Informe - \u00a1Lourdes United: todos unidos para hacer revivir Lourdes!","isPartOf":{"@id":"https:\/\/preprod-lourdes.cawita.com\/#website"},"primaryImageOfPage":{"@id":"https:\/\/www.lourdes-france.org\/es\/informe-lourdes-united-todos-unidos-para-hacer-revivir-lourdes\/#primaryimage"},"image":{"@id":"https:\/\/www.lourdes-france.org\/es\/informe-lourdes-united-todos-unidos-para-hacer-revivir-lourdes\/#primaryimage"},"thumbnailUrl":"https:\/\/www.lourdes-france.org\/wp-content\/uploads\/2020\/07\/une.jpg","datePublished":"2020-08-06T16:04:22+00:00","dateModified":"2026-01-29T14:22:56+00:00","author":{"@id":"https:\/\/preprod-lourdes.cawita.com\/#\/schema\/person\/00e15361338ccda7ff575e7807b7ff76"},"description":"Este informe rodado el 16 de julio, se centra en el evento de Lourdes United inscribi\u00e9ndose en la din\u00e1mica de un nuevo comienzo para Lourdes.","breadcrumb":{"@id":"https:\/\/www.lourdes-france.org\/es\/informe-lourdes-united-todos-unidos-para-hacer-revivir-lourdes\/#breadcrumb"},"inLanguage":"es","potentialAction":[{"@type":"ReadAction","target":["https:\/\/www.lourdes-france.org\/es\/informe-lourdes-united-todos-unidos-para-hacer-revivir-lourdes\/"]}]},{"@type":"ImageObject","inLanguage":"es","@id":"https:\/\/www.lourdes-france.org\/es\/informe-lourdes-united-todos-unidos-para-hacer-revivir-lourdes\/#primaryimage","url":"https:\/\/www.lourdes-france.org\/wp-content\/uploads\/2020\/07\/une.jpg","contentUrl":"https:\/\/www.lourdes-france.org\/wp-content\/uploads\/2020\/07\/une.jpg","width":760,"height":560},{"@type":"BreadcrumbList","@id":"https:\/\/www.lourdes-france.org\/es\/informe-lourdes-united-todos-unidos-para-hacer-revivir-lourdes\/#breadcrumb","itemListElement":[{"@type":"ListItem","position":1,"name":"Accueil","item":"https:\/\/www.lourdes-france.org\/"},{"@type":"ListItem","position":2,"name":"Informe &#8211; \u00a1Lourdes United: todos unidos para hacer revivir Lourdes!"}]},{"@type":"WebSite","@id":"https:\/\/preprod-lourdes.cawita.com\/#website","url":"https:\/\/preprod-lourdes.cawita.com\/","name":"Soutenir le Sanctuaire Notre-Dame de Lourdes","description":"","potentialAction":[{"@type":"SearchAction","target":{"@type":"EntryPoint","urlTemplate":"https:\/\/preprod-lourdes.cawita.com\/?s={search_term_string}"},"query-input":{"@type":"PropertyValueSpecification","valueRequired":true,"valueName":"search_term_string"}}],"inLanguage":"es"},{"@type":"Person","@id":"https:\/\/preprod-lourdes.cawita.com\/#\/schema\/person\/00e15361338ccda7ff575e7807b7ff76","name":"TV LOURDES","image":{"@type":"ImageObject","inLanguage":"es","@id":"https:\/\/preprod-lourdes.cawita.com\/#\/schema\/person\/image\/","url":"https:\/\/secure.gravatar.com\/avatar\/99ad963db01f0c73acfee4d5f94ac178?s=96&d=mm&r=g","contentUrl":"https:\/\/secure.gravatar.com\/avatar\/99ad963db01f0c73acfee4d5f94ac178?s=96&d=mm&r=g","caption":"TV LOURDES"},"url":"https:\/\/www.lourdes-france.org\/es\/author\/tv-lourdes\/"}]}},"_links":{"self":[{"href":"https:\/\/www.lourdes-france.org\/es\/wp-json\/wp\/v2\/posts\/319468","targetHints":{"allow":["GET"]}}],"collection":[{"href":"https:\/\/www.lourdes-france.org\/es\/wp-json\/wp\/v2\/posts"}],"about":[{"href":"https:\/\/www.lourdes-france.org\/es\/wp-json\/wp\/v2\/types\/post"}],"author":[{"embeddable":true,"href":"https:\/\/www.lourdes-france.org\/es\/wp-json\/wp\/v2\/users\/21"}],"replies":[{"embeddable":true,"href":"https:\/\/www.lourdes-france.org\/es\/wp-json\/wp\/v2\/comments?post=319468"}],"version-history":[{"count":3,"href":"https:\/\/www.lourdes-france.org\/es\/wp-json\/wp\/v2\/posts\/319468\/revisions"}],"predecessor-version":[{"id":319474,"href":"https:\/\/www.lourdes-france.org\/es\/wp-json\/wp\/v2\/posts\/319468\/revisions\/319474"}],"wp:featuredmedia":[{"embeddable":true,"href":"https:\/\/www.lourdes-france.org\/es\/wp-json\/wp\/v2\/media\/313848"}],"wp:attachment":[{"href":"https:\/\/www.lourdes-france.org\/es\/wp-json\/wp\/v2\/media?parent=319468"}],"wp:term":[{"taxonomy":"category","embeddable":true,"href":"https:\/\/www.lourdes-france.org\/es\/wp-json\/wp\/v2\/categories?post=319468"},{"taxonomy":"post_tag","embeddable":true,"href":"https:\/\/www.lourdes-france.org\/es\/wp-json\/wp\/v2\/tags?post=319468"}],"curies":[{"name":"wp","href":"https:\/\/api.w.org\/{rel}","templated":true}]}}