{"id":35361,"date":"2019-04-06T11:38:38","date_gmt":"2019-04-06T09:38:38","guid":{"rendered":"https:\/\/www.lourdes-france.org\/?p=35361"},"modified":"2026-01-30T09:37:41","modified_gmt":"2026-01-30T08:37:41","slug":"horarios-del-santuario-del-7-de-abri-hasta-l-30-de-octubre-de-2019","status":"publish","type":"post","link":"https:\/\/www.lourdes-france.org\/es\/horarios-del-santuario-del-7-de-abri-hasta-l-30-de-octubre-de-2019\/","title":{"rendered":"Horarios del santuario (Del 7 de abri hasta l 30 de octubre de  2019"},"content":{"rendered":"\t\t<div data-elementor-type=\"wp-post\" data-elementor-id=\"35361\" class=\"elementor elementor-35361 elementor-35337 elementor-bc-flex-widget\" data-elementor-post-type=\"post\">\n\t\t\t\t\t\t<section class=\"elementor-section elementor-top-section elementor-element elementor-element-469bebb elementor-section-boxed elementor-section-height-default elementor-section-height-default\" data-id=\"469bebb\" data-element_type=\"section\">\n\t\t\t\t\t\t<div class=\"elementor-container elementor-column-gap-no\">\n\t\t\t\t\t<div class=\"elementor-column elementor-col-100 elementor-top-column elementor-element elementor-element-97e7690\" data-id=\"97e7690\" data-element_type=\"column\">\n\t\t\t<div class=\"elementor-widget-wrap elementor-element-populated\">\n\t\t\t\t\t\t<div class=\"elementor-element elementor-element-5d2b571 elementor-widget elementor-widget-text-editor\" data-id=\"5d2b571\" data-element_type=\"widget\" data-widget_type=\"text-editor.default\">\n\t\t\t\t<div class=\"elementor-widget-container\">\n\t\t\t\t\t\t\t\t\t<h2>Misas Diarias<\/h2>\t\t\t\t\t\t\t\t<\/div>\n\t\t\t\t<\/div>\n\t\t\t\t<div class=\"elementor-element elementor-element-f1df347 elementor-widget elementor-widget-text-editor\" data-id=\"f1df347\" data-element_type=\"widget\" data-widget_type=\"text-editor.default\">\n\t\t\t\t<div class=\"elementor-widget-container\">\n\t\t\t\t\t\t\t\t\t\n \t<li><strong><span style=\"color: #e8a702;\">11.15<\/span><\/strong> diaria en la capilla San Jos\u00e9<\/li>\n \t<li><span style=\"color: #e8a702;\">18.15<\/span>: s\u00e1bados, domingos y fiestas en la Bas\u00edlica des la Inmaculada Concepci\u00f3n<\/li>\n<\/ul>\n&nbsp;\t\t\t\t\t\t\t\t<\/div>\n\t\t\t\t<\/div>\n\t\t\t\t<div class=\"elementor-element elementor-element-72750bb elementor-widget elementor-widget-text-editor\" data-id=\"72750bb\" data-element_type=\"widget\" data-widget_type=\"text-editor.default\">\n\t\t\t\t<div class=\"elementor-widget-container\">\n\t\t\t\t\t\t\t\t\t<h2>Rosario<\/h2>\t\t\t\t\t\t\t\t<\/div>\n\t\t\t\t<\/div>\n\t\t\t\t<div class=\"elementor-element elementor-element-aee94e5 elementor-widget elementor-widget-text-editor\" data-id=\"aee94e5\" data-element_type=\"widget\" data-widget_type=\"text-editor.default\">\n\t\t\t\t<div class=\"elementor-widget-container\">\n\t\t\t\t\t\t\t\t\t<span class=\"parcours-listparcours\">\n<ul>\n \t<li><strong><span style=\"color: #e8a702;\">14.30<\/span><\/strong> en la Gruta\n<em>los jueves <\/em><\/li>\n<\/ul><\/span>\t\t\t\t\t\t\t\t<\/div>\n\t\t\t\t<\/div>\n\t\t\t\t<div class=\"elementor-element elementor-element-0856101 elementor-widget elementor-widget-text-editor\" data-id=\"0856101\" data-element_type=\"widget\" data-widget_type=\"text-editor.default\">\n\t\t\t\t<div class=\"elementor-widget-container\">\n\t\t\t\t\t\t\t\t\t<h2><span style=\"color: #e8a700;\">Adoraci\u00f3n\u00a0<\/span>del\u00a0<span style=\"color: #e8a700;\">Sant\u00edsimo<\/span><\/h2>\t\t\t\t\t\t\t\t<\/div>\n\t\t\t\t<\/div>\n\t\t\t\t<div class=\"elementor-element elementor-element-4a7f453 elementor-widget elementor-widget-text-editor\" data-id=\"4a7f453\" data-element_type=\"widget\" data-widget_type=\"text-editor.default\">\n\t\t\t\t<div class=\"elementor-widget-container\">\n\t\t\t\t\t\t\t\t\t<span class=\"parcours-listparcours\">\n<ul>\n \t<li><strong><span style=\"color: #e8a702;\">12.00 &#8211; 16.00<\/span><\/strong> en la cripta<\/li>\n<\/ul><\/span>\t\t\t\t\t\t\t\t<\/div>\n\t\t\t\t<\/div>\n\t\t\t\t<div class=\"elementor-element elementor-element-cdd0951 elementor-widget elementor-widget-text-editor\" data-id=\"cdd0951\" data-element_type=\"widget\" data-widget_type=\"text-editor.default\">\n\t\t\t\t<div class=\"elementor-widget-container\">\n\t\t\t\t\t\t\t\t\t<h2><span style=\"color: #e8a700;\">Confesiones<\/span><\/h2>\t\t\t\t\t\t\t\t<\/div>\n\t\t\t\t<\/div>\n\t\t\t\t<div class=\"elementor-element elementor-element-6764ddc elementor-widget elementor-widget-text-editor\" data-id=\"6764ddc\" data-element_type=\"widget\" data-widget_type=\"text-editor.default\">\n\t\t\t\t<div class=\"elementor-widget-container\">\n\t\t\t\t\t\t\t\t\t\n \t<li><strong><span style=\"color: #e8a702;\">9.00 &#8211; 11.00 y 15.00 &#8211; 18.00<\/span><\/strong> capilla de la Reconciliaci\u00f3n<\/li>\n<\/ul>\t\t\t\t\t\t\t\t<\/div>\n\t\t\t\t<\/div>\n\t\t\t\t<div class=\"elementor-element elementor-element-93d10e7 elementor-widget elementor-widget-text-editor\" data-id=\"93d10e7\" data-element_type=\"widget\" data-widget_type=\"text-editor.default\">\n\t\t\t\t<div class=\"elementor-widget-container\">\n\t\t\t\t\t\t\t\t\t<h2><span style=\"color: #e8a700;\">Piscinas<\/span><\/h2>\t\t\t\t\t\t\t\t<\/div>\n\t\t\t\t<\/div>\n\t\t\t\t<div class=\"elementor-element elementor-element-adde26b elementor-widget elementor-widget-text-editor\" data-id=\"adde26b\" data-element_type=\"widget\" data-widget_type=\"text-editor.default\">\n\t\t\t\t<div class=\"elementor-widget-container\">\n\t\t\t\t\t\t\t\t\t<ul><li>Todos los d\u00edas a partir <span style=\"color: #e8a702;\">9.00am y a partir de 14.00<\/span><\/li><\/ul>\t\t\t\t\t\t\t\t<\/div>\n\t\t\t\t<\/div>\n\t\t\t\t\t<\/div>\n\t\t<\/div>\n\t\t\t\t\t<\/div>\n\t\t<\/section>\n\t\t\t\t<\/div>\n\t\t","protected":false},"excerpt":{"rendered":"<p>Misas Diarias 11.15 diaria en la capilla San Jos\u00e9 18.15: s\u00e1bados, domingos y fiestas en la Bas\u00edlica des la Inmaculada Concepci\u00f3n &nbsp; Rosario 14.30 en la Gruta los jueves Adoraci\u00f3n\u00a0del\u00a0Sant\u00edsimo 12.00 &#8211; 16.00 en la cripta Confesiones 9.00 &#8211; 11.00 &hellip; <a href=\"https:\/\/www.lourdes-france.org\/es\/horarios-del-santuario-del-7-de-abri-hasta-l-30-de-octubre-de-2019\/\">Continuar<\/a><\/p>\n","protected":false},"author":21,"featured_media":25825,"comment_status":"closed","ping_status":"closed","sticky":false,"template":"","format":"standard","meta":{"_acf_changed":false,"footnotes":""},"categories":[99],"tags":[],"class_list":["post-35361","post","type-post","status-publish","format-standard","has-post-thumbnail","hentry","category-en-ce-moment-es"],"acf":[],"yoast_head":"<!-- This site is optimized with the Yoast SEO plugin v24.7 - https:\/\/yoast.com\/wordpress\/plugins\/seo\/ -->\n<title>Horarios del santuario (Del 7 de abri hasta l 30 de octubre de 2019<\/title>\n<meta name=\"robots\" content=\"index, follow, max-snippet:-1, max-image-preview:large, max-video-preview:-1\" \/>\n<link rel=\"canonical\" href=\"https:\/\/www.lourdes-france.org\/es\/horarios-del-santuario-del-7-de-abri-hasta-l-30-de-octubre-de-2019\/\" \/>\n<meta name=\"twitter:label1\" content=\"Escrito por\" \/>\n\t<meta name=\"twitter:data1\" content=\"TV LOURDES\" \/>\n<script type=\"application\/ld+json\" class=\"yoast-schema-graph\">{\"@context\":\"https:\/\/schema.org\",\"@graph\":[{\"@type\":\"WebPage\",\"@id\":\"https:\/\/www.lourdes-france.org\/es\/horarios-del-santuario-del-7-de-abri-hasta-l-30-de-octubre-de-2019\/\",\"url\":\"https:\/\/www.lourdes-france.org\/es\/horarios-del-santuario-del-7-de-abri-hasta-l-30-de-octubre-de-2019\/\",\"name\":\"Horarios del santuario (Del 7 de abri hasta l 30 de octubre de 2019\",\"isPartOf\":{\"@id\":\"https:\/\/preprod-lourdes.cawita.com\/#website\"},\"primaryImageOfPage\":{\"@id\":\"https:\/\/www.lourdes-france.org\/es\/horarios-del-santuario-del-7-de-abri-hasta-l-30-de-octubre-de-2019\/#primaryimage\"},\"image\":{\"@id\":\"https:\/\/www.lourdes-france.org\/es\/horarios-del-santuario-del-7-de-abri-hasta-l-30-de-octubre-de-2019\/#primaryimage\"},\"thumbnailUrl\":\"https:\/\/www.lourdes-france.org\/wp-content\/uploads\/2019\/01\/Bernadette_moutons6-Automne2016_VINCENT-min-380.jpg\",\"datePublished\":\"2019-04-06T09:38:38+00:00\",\"dateModified\":\"2026-01-30T08:37:41+00:00\",\"author\":{\"@id\":\"https:\/\/preprod-lourdes.cawita.com\/#\/schema\/person\/00e15361338ccda7ff575e7807b7ff76\"},\"breadcrumb\":{\"@id\":\"https:\/\/www.lourdes-france.org\/es\/horarios-del-santuario-del-7-de-abri-hasta-l-30-de-octubre-de-2019\/#breadcrumb\"},\"inLanguage\":\"es\",\"potentialAction\":[{\"@type\":\"ReadAction\",\"target\":[\"https:\/\/www.lourdes-france.org\/es\/horarios-del-santuario-del-7-de-abri-hasta-l-30-de-octubre-de-2019\/\"]}]},{\"@type\":\"ImageObject\",\"inLanguage\":\"es\",\"@id\":\"https:\/\/www.lourdes-france.org\/es\/horarios-del-santuario-del-7-de-abri-hasta-l-30-de-octubre-de-2019\/#primaryimage\",\"url\":\"https:\/\/www.lourdes-france.org\/wp-content\/uploads\/2019\/01\/Bernadette_moutons6-Automne2016_VINCENT-min-380.jpg\",\"contentUrl\":\"https:\/\/www.lourdes-france.org\/wp-content\/uploads\/2019\/01\/Bernadette_moutons6-Automne2016_VINCENT-min-380.jpg\",\"width\":380,\"height\":280},{\"@type\":\"BreadcrumbList\",\"@id\":\"https:\/\/www.lourdes-france.org\/es\/horarios-del-santuario-del-7-de-abri-hasta-l-30-de-octubre-de-2019\/#breadcrumb\",\"itemListElement\":[{\"@type\":\"ListItem\",\"position\":1,\"name\":\"Accueil\",\"item\":\"https:\/\/www.lourdes-france.org\/\"},{\"@type\":\"ListItem\",\"position\":2,\"name\":\"Horarios del santuario (Del 7 de abri hasta l 30 de octubre de 2019\"}]},{\"@type\":\"WebSite\",\"@id\":\"https:\/\/preprod-lourdes.cawita.com\/#website\",\"url\":\"https:\/\/preprod-lourdes.cawita.com\/\",\"name\":\"Soutenir le Sanctuaire Notre-Dame de Lourdes\",\"description\":\"\",\"potentialAction\":[{\"@type\":\"SearchAction\",\"target\":{\"@type\":\"EntryPoint\",\"urlTemplate\":\"https:\/\/preprod-lourdes.cawita.com\/?s={search_term_string}\"},\"query-input\":{\"@type\":\"PropertyValueSpecification\",\"valueRequired\":true,\"valueName\":\"search_term_string\"}}],\"inLanguage\":\"es\"},{\"@type\":\"Person\",\"@id\":\"https:\/\/preprod-lourdes.cawita.com\/#\/schema\/person\/00e15361338ccda7ff575e7807b7ff76\",\"name\":\"TV LOURDES\",\"image\":{\"@type\":\"ImageObject\",\"inLanguage\":\"es\",\"@id\":\"https:\/\/preprod-lourdes.cawita.com\/#\/schema\/person\/image\/\",\"url\":\"https:\/\/secure.gravatar.com\/avatar\/99ad963db01f0c73acfee4d5f94ac178?s=96&d=mm&r=g\",\"contentUrl\":\"https:\/\/secure.gravatar.com\/avatar\/99ad963db01f0c73acfee4d5f94ac178?s=96&d=mm&r=g\",\"caption\":\"TV LOURDES\"},\"url\":\"https:\/\/www.lourdes-france.org\/es\/author\/tv-lourdes\/\"}]}<\/script>\n<!-- \/ Yoast SEO plugin. -->","yoast_head_json":{"title":"Horarios del santuario (Del 7 de abri hasta l 30 de octubre de 2019","robots":{"index":"index","follow":"follow","max-snippet":"max-snippet:-1","max-image-preview":"max-image-preview:large","max-video-preview":"max-video-preview:-1"},"canonical":"https:\/\/www.lourdes-france.org\/es\/horarios-del-santuario-del-7-de-abri-hasta-l-30-de-octubre-de-2019\/","twitter_misc":{"Escrito por":"TV LOURDES"},"schema":{"@context":"https:\/\/schema.org","@graph":[{"@type":"WebPage","@id":"https:\/\/www.lourdes-france.org\/es\/horarios-del-santuario-del-7-de-abri-hasta-l-30-de-octubre-de-2019\/","url":"https:\/\/www.lourdes-france.org\/es\/horarios-del-santuario-del-7-de-abri-hasta-l-30-de-octubre-de-2019\/","name":"Horarios del santuario (Del 7 de abri hasta l 30 de octubre de 2019","isPartOf":{"@id":"https:\/\/preprod-lourdes.cawita.com\/#website"},"primaryImageOfPage":{"@id":"https:\/\/www.lourdes-france.org\/es\/horarios-del-santuario-del-7-de-abri-hasta-l-30-de-octubre-de-2019\/#primaryimage"},"image":{"@id":"https:\/\/www.lourdes-france.org\/es\/horarios-del-santuario-del-7-de-abri-hasta-l-30-de-octubre-de-2019\/#primaryimage"},"thumbnailUrl":"https:\/\/www.lourdes-france.org\/wp-content\/uploads\/2019\/01\/Bernadette_moutons6-Automne2016_VINCENT-min-380.jpg","datePublished":"2019-04-06T09:38:38+00:00","dateModified":"2026-01-30T08:37:41+00:00","author":{"@id":"https:\/\/preprod-lourdes.cawita.com\/#\/schema\/person\/00e15361338ccda7ff575e7807b7ff76"},"breadcrumb":{"@id":"https:\/\/www.lourdes-france.org\/es\/horarios-del-santuario-del-7-de-abri-hasta-l-30-de-octubre-de-2019\/#breadcrumb"},"inLanguage":"es","potentialAction":[{"@type":"ReadAction","target":["https:\/\/www.lourdes-france.org\/es\/horarios-del-santuario-del-7-de-abri-hasta-l-30-de-octubre-de-2019\/"]}]},{"@type":"ImageObject","inLanguage":"es","@id":"https:\/\/www.lourdes-france.org\/es\/horarios-del-santuario-del-7-de-abri-hasta-l-30-de-octubre-de-2019\/#primaryimage","url":"https:\/\/www.lourdes-france.org\/wp-content\/uploads\/2019\/01\/Bernadette_moutons6-Automne2016_VINCENT-min-380.jpg","contentUrl":"https:\/\/www.lourdes-france.org\/wp-content\/uploads\/2019\/01\/Bernadette_moutons6-Automne2016_VINCENT-min-380.jpg","width":380,"height":280},{"@type":"BreadcrumbList","@id":"https:\/\/www.lourdes-france.org\/es\/horarios-del-santuario-del-7-de-abri-hasta-l-30-de-octubre-de-2019\/#breadcrumb","itemListElement":[{"@type":"ListItem","position":1,"name":"Accueil","item":"https:\/\/www.lourdes-france.org\/"},{"@type":"ListItem","position":2,"name":"Horarios del santuario (Del 7 de abri hasta l 30 de octubre de 2019"}]},{"@type":"WebSite","@id":"https:\/\/preprod-lourdes.cawita.com\/#website","url":"https:\/\/preprod-lourdes.cawita.com\/","name":"Soutenir le Sanctuaire Notre-Dame de Lourdes","description":"","potentialAction":[{"@type":"SearchAction","target":{"@type":"EntryPoint","urlTemplate":"https:\/\/preprod-lourdes.cawita.com\/?s={search_term_string}"},"query-input":{"@type":"PropertyValueSpecification","valueRequired":true,"valueName":"search_term_string"}}],"inLanguage":"es"},{"@type":"Person","@id":"https:\/\/preprod-lourdes.cawita.com\/#\/schema\/person\/00e15361338ccda7ff575e7807b7ff76","name":"TV LOURDES","image":{"@type":"ImageObject","inLanguage":"es","@id":"https:\/\/preprod-lourdes.cawita.com\/#\/schema\/person\/image\/","url":"https:\/\/secure.gravatar.com\/avatar\/99ad963db01f0c73acfee4d5f94ac178?s=96&d=mm&r=g","contentUrl":"https:\/\/secure.gravatar.com\/avatar\/99ad963db01f0c73acfee4d5f94ac178?s=96&d=mm&r=g","caption":"TV LOURDES"},"url":"https:\/\/www.lourdes-france.org\/es\/author\/tv-lourdes\/"}]}},"_links":{"self":[{"href":"https:\/\/www.lourdes-france.org\/es\/wp-json\/wp\/v2\/posts\/35361","targetHints":{"allow":["GET"]}}],"collection":[{"href":"https:\/\/www.lourdes-france.org\/es\/wp-json\/wp\/v2\/posts"}],"about":[{"href":"https:\/\/www.lourdes-france.org\/es\/wp-json\/wp\/v2\/types\/post"}],"author":[{"embeddable":true,"href":"https:\/\/www.lourdes-france.org\/es\/wp-json\/wp\/v2\/users\/21"}],"replies":[{"embeddable":true,"href":"https:\/\/www.lourdes-france.org\/es\/wp-json\/wp\/v2\/comments?post=35361"}],"version-history":[{"count":3,"href":"https:\/\/www.lourdes-france.org\/es\/wp-json\/wp\/v2\/posts\/35361\/revisions"}],"predecessor-version":[{"id":37439,"href":"https:\/\/www.lourdes-france.org\/es\/wp-json\/wp\/v2\/posts\/35361\/revisions\/37439"}],"wp:featuredmedia":[{"embeddable":true,"href":"https:\/\/www.lourdes-france.org\/es\/wp-json\/wp\/v2\/media\/25825"}],"wp:attachment":[{"href":"https:\/\/www.lourdes-france.org\/es\/wp-json\/wp\/v2\/media?parent=35361"}],"wp:term":[{"taxonomy":"category","embeddable":true,"href":"https:\/\/www.lourdes-france.org\/es\/wp-json\/wp\/v2\/categories?post=35361"},{"taxonomy":"post_tag","embeddable":true,"href":"https:\/\/www.lourdes-france.org\/es\/wp-json\/wp\/v2\/tags?post=35361"}],"curies":[{"name":"wp","href":"https:\/\/api.w.org\/{rel}","templated":true}]}}