{"id":47497,"date":"2019-05-15T10:41:19","date_gmt":"2019-05-15T08:41:19","guid":{"rendered":"https:\/\/www.lourdes-france.org\/dal-17-al-19-maggio-61-pellegrinaggio-militare-internazionale\/"},"modified":"2026-01-30T09:34:29","modified_gmt":"2026-01-30T08:34:29","slug":"del-17-al-19-de-mayo-61a-peregrinacion-militar-internacional","status":"publish","type":"post","link":"https:\/\/www.lourdes-france.org\/es\/del-17-al-19-de-mayo-61a-peregrinacion-militar-internacional\/","title":{"rendered":"Del 17 al 19 de mayo, 61a Peregrinaci\u00f3n Militar Internacional"},"content":{"rendered":"\t\t<div data-elementor-type=\"wp-post\" data-elementor-id=\"47497\" class=\"elementor elementor-47497 elementor-47473 elementor-bc-flex-widget\" data-elementor-post-type=\"post\">\n\t\t\t\t\t\t<section class=\"elementor-section elementor-top-section elementor-element elementor-element-12e5c7e9 elementor-section-boxed elementor-section-height-default elementor-section-height-default\" data-id=\"12e5c7e9\" data-element_type=\"section\">\n\t\t\t\t\t\t<div class=\"elementor-container elementor-column-gap-no\">\n\t\t\t\t\t<div class=\"elementor-column elementor-col-100 elementor-top-column elementor-element elementor-element-28bf0fb2\" data-id=\"28bf0fb2\" data-element_type=\"column\">\n\t\t\t<div class=\"elementor-widget-wrap elementor-element-populated\">\n\t\t\t\t\t\t<div class=\"elementor-element elementor-element-791ca4f7 elementor-widget elementor-widget-text-editor\" data-id=\"791ca4f7\" data-element_type=\"widget\" data-widget_type=\"text-editor.default\">\n\t\t\t\t<div class=\"elementor-widget-container\">\n\t\t\t\t\t\t\t\t\t<h2><span style=\"color: #666666;\">&#171;Busca la paz y corre tras ella&#187; <span style=\"color: #e8a702;\">Sal 34, 15<\/span><\/span><\/h2>\t\t\t\t\t\t\t\t<\/div>\n\t\t\t\t<\/div>\n\t\t\t\t<div class=\"elementor-element elementor-element-7a31c395 elementor-widget elementor-widget-text-editor\" data-id=\"7a31c395\" data-element_type=\"widget\" data-widget_type=\"text-editor.default\">\n\t\t\t\t<div class=\"elementor-widget-container\">\n\t\t\t\t\t\t\t\t\t<p>El papa Francisco nos lo recuerda en su mensaje para la celebraci\u00f3n de la 25a jornada mundial de la paz: &#171;Dar la paz est\u00e1 en el centro de la misi\u00f3n de los disc\u00edpulos de Cristo&#187;. Este tema ilustra una vez m\u00e1s el tr\u00edptico: fraternidad, paz, esperanza. <\/p>\t\t\t\t\t\t\t\t<\/div>\n\t\t\t\t<\/div>\n\t\t\t\t<div class=\"elementor-element elementor-element-4155b572 elementor-widget elementor-widget-text-editor\" data-id=\"4155b572\" data-element_type=\"widget\" data-widget_type=\"text-editor.default\">\n\t\t\t\t<div class=\"elementor-widget-container\">\n\t\t\t\t\t\t\t\t\t<h2><span style=\"color: #666666;\">La paz, un <span style=\"color: #e8a720;\">don de Diosa\u00a0<\/span><\/span><\/h2>\t\t\t\t\t\t\t\t<\/div>\n\t\t\t\t<\/div>\n\t\t\t\t<div class=\"elementor-element elementor-element-27fd00d6 elementor-widget elementor-widget-text-editor\" data-id=\"27fd00d6\" data-element_type=\"widget\" data-widget_type=\"text-editor.default\">\n\t\t\t\t<div class=\"elementor-widget-container\">\n\t\t\t\t\t\t\t\t\t<p>En las Escrituras, la paz es el don de Dios para los hombres. Hoy tambi\u00e9n, ese regalo magn\u00edfico est\u00e1 en nuestras manos. No hay paz perfecta, pero todos tenemos la libertad de hacerla progresar<\/p>\t\t\t\t\t\t\t\t<\/div>\n\t\t\t\t<\/div>\n\t\t\t\t<div class=\"elementor-element elementor-element-bc0fdb7 elementor-widget elementor-widget-image\" data-id=\"bc0fdb7\" data-element_type=\"widget\" data-widget_type=\"image.default\">\n\t\t\t\t<div class=\"elementor-widget-container\">\n\t\t\t\t\t\t\t\t\t\t\t\t\t\t\t<img fetchpriority=\"high\" decoding=\"async\" width=\"768\" height=\"512\" src=\"https:\/\/www.lourdes-france.org\/wp-content\/uploads\/2019\/05\/PMI2019Grotte@Durand-768x512.jpg\" class=\"attachment-medium_large size-medium_large wp-image-47535\" alt=\"\" srcset=\"https:\/\/www.lourdes-france.org\/wp-content\/uploads\/2019\/05\/PMI2019Grotte@Durand-768x512.jpg 768w, https:\/\/www.lourdes-france.org\/wp-content\/uploads\/2019\/05\/PMI2019Grotte@Durand-300x200.jpg 300w, https:\/\/www.lourdes-france.org\/wp-content\/uploads\/2019\/05\/PMI2019Grotte@Durand-1024x683.jpg 1024w, https:\/\/www.lourdes-france.org\/wp-content\/uploads\/2019\/05\/PMI2019Grotte@Durand-380x253.jpg 380w\" sizes=\"(max-width: 768px) 100vw, 768px\" \/>\t\t\t\t\t\t\t\t\t\t\t\t\t\t\t<\/div>\n\t\t\t\t<\/div>\n\t\t\t\t<div class=\"elementor-element elementor-element-766f517b elementor-widget elementor-widget-text-editor\" data-id=\"766f517b\" data-element_type=\"widget\" data-widget_type=\"text-editor.default\">\n\t\t\t\t<div class=\"elementor-widget-container\">\n\t\t\t\t\t\t\t\t\t<h2><span style=\"color: #e8a700;\"><span style=\"color: #666666;\">La paz<\/span><\/span><span style=\"color: #e8a700;\">\u00a0interior<\/span><\/h2>\t\t\t\t\t\t\t\t<\/div>\n\t\t\t\t<\/div>\n\t\t\t\t<div class=\"elementor-element elementor-element-6e99cf2a elementor-widget elementor-widget-text-editor\" data-id=\"6e99cf2a\" data-element_type=\"widget\" data-widget_type=\"text-editor.default\">\n\t\t\t\t<div class=\"elementor-widget-container\">\n\t\t\t\t\t\t\t\t\t<p>La cuesti\u00f3n del perd\u00f3n solicitado, implorado, recibido de los dem\u00e1s y de Dios es central dentro del sacramento de la reconciliaci\u00f3n. La paz ideal ser\u00eda el fruto de la justicia y la caridad.<\/p>\t\t\t\t\t\t\t\t<\/div>\n\t\t\t\t<\/div>\n\t\t\t\t<div class=\"elementor-element elementor-element-12e57d8 elementor-widget elementor-widget-text-editor\" data-id=\"12e57d8\" data-element_type=\"widget\" data-widget_type=\"text-editor.default\">\n\t\t\t\t<div class=\"elementor-widget-container\">\n\t\t\t\t\t\t\t\t\t<h2><span style=\"color: #666666;\">La paz para el <span style=\"color: #e8a702;\">pr\u00f3jimo y con la creaci\u00f3n\u00a0<\/span><\/span><\/h2>\t\t\t\t\t\t\t\t<\/div>\n\t\t\t\t<\/div>\n\t\t\t\t<div class=\"elementor-element elementor-element-f38bbc5 elementor-widget elementor-widget-text-editor\" data-id=\"f38bbc5\" data-element_type=\"widget\" data-widget_type=\"text-editor.default\">\n\t\t\t\t<div class=\"elementor-widget-container\">\n\t\t\t\t\t\t\t\t\t<p>La paz a todos los niveles pasa por el restablecimiento del di\u00e1logo. Para el papa Francisco, la paz no es suave, sino en\u00e9rgica. Se encarna en nuestro mundo real abrupto donde progresan las desesperaciones, las desdichas. Seamos testigos de la esperanza y difundamos paz en el d\u00eda a d\u00eda de nuestras vidas. Les deseamos una feliz y santa peregrinaci\u00f3n. <br \/><br \/>\u00a0 \u00a0 \u00a0 \u00a0 \u00a0 \u00a0 \u00a0 \u00a0 \u00a0 \u00a0 \u00a0 \u00a0 \u00a0 \u00a0 \u00a0 \u00a0 \u00a0 \u00a0 \u00a0 \u00a0 \u00a0 \u00a0 \u00a0 \u00a0 \u00a0 \u00a0 \u00a0 \u00a0 \u00a0 \u00a0 \u00a0 \u00a0 \u00a0 \u00a0 \u00a0 \u00a0 \u00a0 \u00a0 \u00a0 \u00a0 \u00a0 \u00a0 \u00a0 \u00a0 \u00a0 \u00a0 \u00a0 \u00a0 \u00a0 \u00a0 \u00a0 \u00a0<em><strong>Capell\u00e1n castrense Arnault Berrone, director de la PMI<\/strong><\/em><\/p>\t\t\t\t\t\t\t\t<\/div>\n\t\t\t\t<\/div>\n\t\t\t\t\t<\/div>\n\t\t<\/div>\n\t\t\t\t\t<\/div>\n\t\t<\/section>\n\t\t\t\t<section class=\"elementor-section elementor-top-section elementor-element elementor-element-5343a8e elementor-section-boxed elementor-section-height-default elementor-section-height-default\" data-id=\"5343a8e\" data-element_type=\"section\">\n\t\t\t\t\t\t<div class=\"elementor-container elementor-column-gap-default\">\n\t\t\t\t\t<div class=\"elementor-column elementor-col-100 elementor-top-column elementor-element elementor-element-0bae34d\" data-id=\"0bae34d\" data-element_type=\"column\">\n\t\t\t<div class=\"elementor-widget-wrap elementor-element-populated\">\n\t\t\t\t\t\t<div class=\"elementor-element elementor-element-292b0ee elementor-widget elementor-widget-shortcode\" data-id=\"292b0ee\" data-element_type=\"widget\" data-widget_type=\"shortcode.default\">\n\t\t\t\t<div class=\"elementor-widget-container\">\n\t\t\t\t\t\t\t<div class=\"elementor-shortcode\"><iframe src=\"https:\/\/www.facebook.com\/plugins\/video.php?href=https%3A%2F%2Fwww.facebook.com%2Fkto.television%2Fvideos%2F1366919473456012%2F&show_text=1&width=560\" width=\"560\" height=\"489\" style=\"border:none;overflow:hidden\" scrolling=\"no\" frameborder=\"0\" allowTransparency=\"true\" allow=\"encrypted-media\" allowFullScreen=\"true\"><\/iframe><\/div>\n\t\t\t\t\t\t<\/div>\n\t\t\t\t<\/div>\n\t\t\t\t\t<\/div>\n\t\t<\/div>\n\t\t\t\t\t<\/div>\n\t\t<\/section>\n\t\t\t\t<\/div>\n\t\t","protected":false},"excerpt":{"rendered":"<p>&#171;Busca la paz y corre tras ella&#187; Sal 34, 15 El papa Francisco nos lo recuerda en su mensaje para la celebraci\u00f3n de la 25a jornada mundial de la paz: &#171;Dar la paz est\u00e1 en el centro de la misi\u00f3n &hellip; <a href=\"https:\/\/www.lourdes-france.org\/es\/del-17-al-19-de-mayo-61a-peregrinacion-militar-internacional\/\">Continuar<\/a><\/p>\n","protected":false},"author":21,"featured_media":47563,"comment_status":"closed","ping_status":"closed","sticky":false,"template":"","format":"standard","meta":{"_acf_changed":false,"footnotes":""},"categories":[99],"tags":[],"class_list":["post-47497","post","type-post","status-publish","format-standard","has-post-thumbnail","hentry","category-en-ce-moment-es"],"acf":[],"yoast_head":"<!-- This site is optimized with the Yoast SEO plugin v24.7 - https:\/\/yoast.com\/wordpress\/plugins\/seo\/ -->\n<title>Del 17 al 19 de mayo, 61a Peregrinaci\u00f3n Militar Internacional<\/title>\n<meta name=\"robots\" content=\"index, follow, max-snippet:-1, max-image-preview:large, max-video-preview:-1\" \/>\n<link rel=\"canonical\" href=\"https:\/\/www.lourdes-france.org\/es\/del-17-al-19-de-mayo-61a-peregrinacion-militar-internacional\/\" \/>\n<meta name=\"twitter:label1\" content=\"Escrito por\" \/>\n\t<meta name=\"twitter:data1\" content=\"TV LOURDES\" \/>\n\t<meta name=\"twitter:label2\" content=\"Tiempo de lectura\" \/>\n\t<meta name=\"twitter:data2\" content=\"1 minuto\" \/>\n<script type=\"application\/ld+json\" class=\"yoast-schema-graph\">{\"@context\":\"https:\/\/schema.org\",\"@graph\":[{\"@type\":\"WebPage\",\"@id\":\"https:\/\/www.lourdes-france.org\/es\/del-17-al-19-de-mayo-61a-peregrinacion-militar-internacional\/\",\"url\":\"https:\/\/www.lourdes-france.org\/es\/del-17-al-19-de-mayo-61a-peregrinacion-militar-internacional\/\",\"name\":\"Del 17 al 19 de mayo, 61a Peregrinaci\u00f3n Militar Internacional\",\"isPartOf\":{\"@id\":\"https:\/\/preprod-lourdes.cawita.com\/#website\"},\"primaryImageOfPage\":{\"@id\":\"https:\/\/www.lourdes-france.org\/es\/del-17-al-19-de-mayo-61a-peregrinacion-militar-internacional\/#primaryimage\"},\"image\":{\"@id\":\"https:\/\/www.lourdes-france.org\/es\/del-17-al-19-de-mayo-61a-peregrinacion-militar-internacional\/#primaryimage\"},\"thumbnailUrl\":\"https:\/\/www.lourdes-france.org\/wp-content\/uploads\/2019\/05\/bloc-PMI.jpg\",\"datePublished\":\"2019-05-15T08:41:19+00:00\",\"dateModified\":\"2026-01-30T08:34:29+00:00\",\"author\":{\"@id\":\"https:\/\/preprod-lourdes.cawita.com\/#\/schema\/person\/00e15361338ccda7ff575e7807b7ff76\"},\"breadcrumb\":{\"@id\":\"https:\/\/www.lourdes-france.org\/es\/del-17-al-19-de-mayo-61a-peregrinacion-militar-internacional\/#breadcrumb\"},\"inLanguage\":\"es\",\"potentialAction\":[{\"@type\":\"ReadAction\",\"target\":[\"https:\/\/www.lourdes-france.org\/es\/del-17-al-19-de-mayo-61a-peregrinacion-militar-internacional\/\"]}]},{\"@type\":\"ImageObject\",\"inLanguage\":\"es\",\"@id\":\"https:\/\/www.lourdes-france.org\/es\/del-17-al-19-de-mayo-61a-peregrinacion-militar-internacional\/#primaryimage\",\"url\":\"https:\/\/www.lourdes-france.org\/wp-content\/uploads\/2019\/05\/bloc-PMI.jpg\",\"contentUrl\":\"https:\/\/www.lourdes-france.org\/wp-content\/uploads\/2019\/05\/bloc-PMI.jpg\",\"width\":760,\"height\":560},{\"@type\":\"BreadcrumbList\",\"@id\":\"https:\/\/www.lourdes-france.org\/es\/del-17-al-19-de-mayo-61a-peregrinacion-militar-internacional\/#breadcrumb\",\"itemListElement\":[{\"@type\":\"ListItem\",\"position\":1,\"name\":\"Accueil\",\"item\":\"https:\/\/www.lourdes-france.org\/\"},{\"@type\":\"ListItem\",\"position\":2,\"name\":\"Del 17 al 19 de mayo, 61a Peregrinaci\u00f3n Militar Internacional\"}]},{\"@type\":\"WebSite\",\"@id\":\"https:\/\/preprod-lourdes.cawita.com\/#website\",\"url\":\"https:\/\/preprod-lourdes.cawita.com\/\",\"name\":\"Soutenir le Sanctuaire Notre-Dame de Lourdes\",\"description\":\"\",\"potentialAction\":[{\"@type\":\"SearchAction\",\"target\":{\"@type\":\"EntryPoint\",\"urlTemplate\":\"https:\/\/preprod-lourdes.cawita.com\/?s={search_term_string}\"},\"query-input\":{\"@type\":\"PropertyValueSpecification\",\"valueRequired\":true,\"valueName\":\"search_term_string\"}}],\"inLanguage\":\"es\"},{\"@type\":\"Person\",\"@id\":\"https:\/\/preprod-lourdes.cawita.com\/#\/schema\/person\/00e15361338ccda7ff575e7807b7ff76\",\"name\":\"TV LOURDES\",\"image\":{\"@type\":\"ImageObject\",\"inLanguage\":\"es\",\"@id\":\"https:\/\/preprod-lourdes.cawita.com\/#\/schema\/person\/image\/\",\"url\":\"https:\/\/secure.gravatar.com\/avatar\/99ad963db01f0c73acfee4d5f94ac178?s=96&d=mm&r=g\",\"contentUrl\":\"https:\/\/secure.gravatar.com\/avatar\/99ad963db01f0c73acfee4d5f94ac178?s=96&d=mm&r=g\",\"caption\":\"TV LOURDES\"},\"url\":\"https:\/\/www.lourdes-france.org\/es\/author\/tv-lourdes\/\"}]}<\/script>\n<!-- \/ Yoast SEO plugin. -->","yoast_head_json":{"title":"Del 17 al 19 de mayo, 61a Peregrinaci\u00f3n Militar Internacional","robots":{"index":"index","follow":"follow","max-snippet":"max-snippet:-1","max-image-preview":"max-image-preview:large","max-video-preview":"max-video-preview:-1"},"canonical":"https:\/\/www.lourdes-france.org\/es\/del-17-al-19-de-mayo-61a-peregrinacion-militar-internacional\/","twitter_misc":{"Escrito por":"TV LOURDES","Tiempo de lectura":"1 minuto"},"schema":{"@context":"https:\/\/schema.org","@graph":[{"@type":"WebPage","@id":"https:\/\/www.lourdes-france.org\/es\/del-17-al-19-de-mayo-61a-peregrinacion-militar-internacional\/","url":"https:\/\/www.lourdes-france.org\/es\/del-17-al-19-de-mayo-61a-peregrinacion-militar-internacional\/","name":"Del 17 al 19 de mayo, 61a Peregrinaci\u00f3n Militar Internacional","isPartOf":{"@id":"https:\/\/preprod-lourdes.cawita.com\/#website"},"primaryImageOfPage":{"@id":"https:\/\/www.lourdes-france.org\/es\/del-17-al-19-de-mayo-61a-peregrinacion-militar-internacional\/#primaryimage"},"image":{"@id":"https:\/\/www.lourdes-france.org\/es\/del-17-al-19-de-mayo-61a-peregrinacion-militar-internacional\/#primaryimage"},"thumbnailUrl":"https:\/\/www.lourdes-france.org\/wp-content\/uploads\/2019\/05\/bloc-PMI.jpg","datePublished":"2019-05-15T08:41:19+00:00","dateModified":"2026-01-30T08:34:29+00:00","author":{"@id":"https:\/\/preprod-lourdes.cawita.com\/#\/schema\/person\/00e15361338ccda7ff575e7807b7ff76"},"breadcrumb":{"@id":"https:\/\/www.lourdes-france.org\/es\/del-17-al-19-de-mayo-61a-peregrinacion-militar-internacional\/#breadcrumb"},"inLanguage":"es","potentialAction":[{"@type":"ReadAction","target":["https:\/\/www.lourdes-france.org\/es\/del-17-al-19-de-mayo-61a-peregrinacion-militar-internacional\/"]}]},{"@type":"ImageObject","inLanguage":"es","@id":"https:\/\/www.lourdes-france.org\/es\/del-17-al-19-de-mayo-61a-peregrinacion-militar-internacional\/#primaryimage","url":"https:\/\/www.lourdes-france.org\/wp-content\/uploads\/2019\/05\/bloc-PMI.jpg","contentUrl":"https:\/\/www.lourdes-france.org\/wp-content\/uploads\/2019\/05\/bloc-PMI.jpg","width":760,"height":560},{"@type":"BreadcrumbList","@id":"https:\/\/www.lourdes-france.org\/es\/del-17-al-19-de-mayo-61a-peregrinacion-militar-internacional\/#breadcrumb","itemListElement":[{"@type":"ListItem","position":1,"name":"Accueil","item":"https:\/\/www.lourdes-france.org\/"},{"@type":"ListItem","position":2,"name":"Del 17 al 19 de mayo, 61a Peregrinaci\u00f3n Militar Internacional"}]},{"@type":"WebSite","@id":"https:\/\/preprod-lourdes.cawita.com\/#website","url":"https:\/\/preprod-lourdes.cawita.com\/","name":"Soutenir le Sanctuaire Notre-Dame de Lourdes","description":"","potentialAction":[{"@type":"SearchAction","target":{"@type":"EntryPoint","urlTemplate":"https:\/\/preprod-lourdes.cawita.com\/?s={search_term_string}"},"query-input":{"@type":"PropertyValueSpecification","valueRequired":true,"valueName":"search_term_string"}}],"inLanguage":"es"},{"@type":"Person","@id":"https:\/\/preprod-lourdes.cawita.com\/#\/schema\/person\/00e15361338ccda7ff575e7807b7ff76","name":"TV LOURDES","image":{"@type":"ImageObject","inLanguage":"es","@id":"https:\/\/preprod-lourdes.cawita.com\/#\/schema\/person\/image\/","url":"https:\/\/secure.gravatar.com\/avatar\/99ad963db01f0c73acfee4d5f94ac178?s=96&d=mm&r=g","contentUrl":"https:\/\/secure.gravatar.com\/avatar\/99ad963db01f0c73acfee4d5f94ac178?s=96&d=mm&r=g","caption":"TV LOURDES"},"url":"https:\/\/www.lourdes-france.org\/es\/author\/tv-lourdes\/"}]}},"_links":{"self":[{"href":"https:\/\/www.lourdes-france.org\/es\/wp-json\/wp\/v2\/posts\/47497","targetHints":{"allow":["GET"]}}],"collection":[{"href":"https:\/\/www.lourdes-france.org\/es\/wp-json\/wp\/v2\/posts"}],"about":[{"href":"https:\/\/www.lourdes-france.org\/es\/wp-json\/wp\/v2\/types\/post"}],"author":[{"embeddable":true,"href":"https:\/\/www.lourdes-france.org\/es\/wp-json\/wp\/v2\/users\/21"}],"replies":[{"embeddable":true,"href":"https:\/\/www.lourdes-france.org\/es\/wp-json\/wp\/v2\/comments?post=47497"}],"version-history":[{"count":4,"href":"https:\/\/www.lourdes-france.org\/es\/wp-json\/wp\/v2\/posts\/47497\/revisions"}],"predecessor-version":[{"id":47577,"href":"https:\/\/www.lourdes-france.org\/es\/wp-json\/wp\/v2\/posts\/47497\/revisions\/47577"}],"wp:featuredmedia":[{"embeddable":true,"href":"https:\/\/www.lourdes-france.org\/es\/wp-json\/wp\/v2\/media\/47563"}],"wp:attachment":[{"href":"https:\/\/www.lourdes-france.org\/es\/wp-json\/wp\/v2\/media?parent=47497"}],"wp:term":[{"taxonomy":"category","embeddable":true,"href":"https:\/\/www.lourdes-france.org\/es\/wp-json\/wp\/v2\/categories?post=47497"},{"taxonomy":"post_tag","embeddable":true,"href":"https:\/\/www.lourdes-france.org\/es\/wp-json\/wp\/v2\/tags?post=47497"}],"curies":[{"name":"wp","href":"https:\/\/api.w.org\/{rel}","templated":true}]}}