{"id":535907,"date":"2021-03-15T09:15:18","date_gmt":"2021-03-15T08:15:18","guid":{"rendered":"https:\/\/www.lourdes-france.org\/25-mars-lannonciation\/"},"modified":"2026-01-29T15:21:32","modified_gmt":"2026-01-29T14:21:32","slug":"25-de-marzo-la-anunciacion","status":"publish","type":"post","link":"https:\/\/www.lourdes-france.org\/es\/25-de-marzo-la-anunciacion\/","title":{"rendered":"25 de marzo: la Anunciaci\u00f3n"},"content":{"rendered":"\t\t<div data-elementor-type=\"wp-post\" data-elementor-id=\"535907\" class=\"elementor elementor-535907 elementor-531960\" data-elementor-post-type=\"post\">\n\t\t\t\t\t\t<section class=\"elementor-section elementor-top-section elementor-element elementor-element-31e5573c elementor-section-boxed elementor-section-height-default elementor-section-height-default\" data-id=\"31e5573c\" data-element_type=\"section\">\n\t\t\t\t\t\t<div class=\"elementor-container elementor-column-gap-no\">\n\t\t\t\t\t<div class=\"elementor-column elementor-col-100 elementor-top-column elementor-element elementor-element-1573370\" data-id=\"1573370\" data-element_type=\"column\">\n\t\t\t<div class=\"elementor-widget-wrap elementor-element-populated\">\n\t\t\t\t\t\t<div class=\"elementor-element elementor-element-b41bd95 elementor-widget elementor-widget-text-editor\" data-id=\"b41bd95\" data-element_type=\"widget\" data-widget_type=\"text-editor.default\">\n\t\t\t\t<div class=\"elementor-widget-container\">\n\t\t\t\t\t\t\t\t\t<h2>La Anunciaci\u00f3n<\/h2>\t\t\t\t\t\t\t\t<\/div>\n\t\t\t\t<\/div>\n\t\t\t\t<section class=\"elementor-section elementor-inner-section elementor-element elementor-element-fc04535 elementor-section-boxed elementor-section-height-default elementor-section-height-default\" data-id=\"fc04535\" data-element_type=\"section\">\n\t\t\t\t\t\t<div class=\"elementor-container elementor-column-gap-no\">\n\t\t\t\t\t<div class=\"elementor-column elementor-col-50 elementor-inner-column elementor-element elementor-element-da9204c\" data-id=\"da9204c\" data-element_type=\"column\">\n\t\t\t<div class=\"elementor-widget-wrap elementor-element-populated\">\n\t\t\t\t\t\t<div class=\"elementor-element elementor-element-a634615 elementor-widget elementor-widget-image\" data-id=\"a634615\" data-element_type=\"widget\" data-widget_type=\"image.default\">\n\t\t\t\t<div class=\"elementor-widget-container\">\n\t\t\t\t\t\t\t\t\t\t\t\t\t\t\t<img fetchpriority=\"high\" decoding=\"async\" width=\"686\" height=\"1024\" src=\"https:\/\/www.lourdes-france.org\/wp-content\/uploads\/2021\/03\/VITRAIL_7_VINCENT-686x1024.jpg\" class=\"attachment-large size-large wp-image-531999\" alt=\"\" srcset=\"https:\/\/www.lourdes-france.org\/wp-content\/uploads\/2021\/03\/VITRAIL_7_VINCENT-686x1024.jpg 686w, https:\/\/www.lourdes-france.org\/wp-content\/uploads\/2021\/03\/VITRAIL_7_VINCENT-201x300.jpg 201w, https:\/\/www.lourdes-france.org\/wp-content\/uploads\/2021\/03\/VITRAIL_7_VINCENT-768x1146.jpg 768w, https:\/\/www.lourdes-france.org\/wp-content\/uploads\/2021\/03\/VITRAIL_7_VINCENT-1030x1536.jpg 1030w, https:\/\/www.lourdes-france.org\/wp-content\/uploads\/2021\/03\/VITRAIL_7_VINCENT-1373x2048.jpg 1373w, https:\/\/www.lourdes-france.org\/wp-content\/uploads\/2021\/03\/VITRAIL_7_VINCENT-188x280.jpg 188w, https:\/\/www.lourdes-france.org\/wp-content\/uploads\/2021\/03\/VITRAIL_7_VINCENT-scaled.jpg 1716w\" sizes=\"(max-width: 686px) 100vw, 686px\" \/>\t\t\t\t\t\t\t\t\t\t\t\t\t\t\t<\/div>\n\t\t\t\t<\/div>\n\t\t\t\t<div class=\"elementor-element elementor-element-29c2855 elementor-widget elementor-widget-spacer\" data-id=\"29c2855\" data-element_type=\"widget\" data-widget_type=\"spacer.default\">\n\t\t\t\t<div class=\"elementor-widget-container\">\n\t\t\t\t\t\t\t<div class=\"elementor-spacer\">\n\t\t\t<div class=\"elementor-spacer-inner\"><\/div>\n\t\t<\/div>\n\t\t\t\t\t\t<\/div>\n\t\t\t\t<\/div>\n\t\t\t\t\t<\/div>\n\t\t<\/div>\n\t\t\t\t<div class=\"elementor-column elementor-col-50 elementor-inner-column elementor-element elementor-element-2e75661\" data-id=\"2e75661\" data-element_type=\"column\">\n\t\t\t<div class=\"elementor-widget-wrap elementor-element-populated\">\n\t\t\t\t\t\t<div class=\"elementor-element elementor-element-492cbd74 elementor-widget elementor-widget-text-editor\" data-id=\"492cbd74\" data-element_type=\"widget\" data-widget_type=\"text-editor.default\">\n\t\t\t\t<div class=\"elementor-widget-container\">\n\t\t\t\t\t\t\t\t\t<p>En la fiesta de la Anunciaci\u00f3n, el 25 de marzo, Mar\u00eda se entera de que ha sido elegida para dar vida al Hijo de Dios, pues es pura de todo pecado desde el momento de su concepci\u00f3n. En Lourdes, cuando la Se\u00f1ora dice su nombre, tambi\u00e9n abre su coraz\u00f3n, dice qui\u00e9n es a los ojos de Dios, qui\u00e9n es para nosotros: Inmaculada Concepci\u00f3n, perfecta transparencia del Amor que la ilumina.<\/p>\t\t\t\t\t\t\t\t<\/div>\n\t\t\t\t<\/div>\n\t\t\t\t\t<\/div>\n\t\t<\/div>\n\t\t\t\t\t<\/div>\n\t\t<\/section>\n\t\t\t\t<div class=\"elementor-element elementor-element-6df3c6f elementor-widget elementor-widget-text-editor\" data-id=\"6df3c6f\" data-element_type=\"widget\" data-widget_type=\"text-editor.default\">\n\t\t\t\t<div class=\"elementor-widget-container\">\n\t\t\t\t\t\t\t\t\t<h2>La Inmaculada Concepci\u00f3n<\/h2>\t\t\t\t\t\t\t\t<\/div>\n\t\t\t\t<\/div>\n\t\t\t\t<section class=\"elementor-section elementor-inner-section elementor-element elementor-element-60fb141b elementor-section-boxed elementor-section-height-default elementor-section-height-default\" data-id=\"60fb141b\" data-element_type=\"section\">\n\t\t\t\t\t\t<div class=\"elementor-container elementor-column-gap-no\">\n\t\t\t\t\t<div class=\"elementor-column elementor-col-50 elementor-inner-column elementor-element elementor-element-732004a4\" data-id=\"732004a4\" data-element_type=\"column\">\n\t\t\t<div class=\"elementor-widget-wrap elementor-element-populated\">\n\t\t\t\t\t\t<div class=\"elementor-element elementor-element-19e6426 elementor-widget elementor-widget-text-editor\" data-id=\"19e6426\" data-element_type=\"widget\" data-widget_type=\"text-editor.default\">\n\t\t\t\t<div class=\"elementor-widget-container\">\n\t\t\t\t\t\t\t\t\t<p>El 25 de marzo de 1858, la Se\u00f1ora revel\u00f3 su nombre a santa Bernardita. El dogma de la Inmaculada Concepci\u00f3n fue promulgado por el Papa P\u00edo IX el 8 de diciembre de 1854. Bernardita, al no saber leer ni escribir y, por lo tanto, no ir a la escuela de catecismo, no pod\u00eda saberlo. El dogma define a la Inmaculada Concepci\u00f3n de la Virgen Mar\u00eda de la siguiente manera: La beat\u00edsima Virgen Mar\u00eda fue preservada de toda mancha de la culpa original en el primer instante de su concepci\u00f3n por singular gracia y privilegio de Dios omnipotente, en atenci\u00f3n a los m\u00e9ritos de Cristo Jes\u00fas Salvador del g\u00e9nero humano.<\/p>\t\t\t\t\t\t\t\t<\/div>\n\t\t\t\t<\/div>\n\t\t\t\t<div class=\"elementor-element elementor-element-d46b359 elementor-widget elementor-widget-text-editor\" data-id=\"d46b359\" data-element_type=\"widget\" data-widget_type=\"text-editor.default\">\n\t\t\t\t<div class=\"elementor-widget-container\">\n\t\t\t\t\t\t\t\t\t<p>Este a\u00f1o queremos que el 25 de marzo sea un poco m\u00e1s solemne con una misa m\u00e1s festiva y un rosario en la Gruta. Nos gustar\u00eda asociarles a esta celebraci\u00f3n mencionando su uni\u00f3n con nosotros. Por favor, env\u00edenos sus intenciones de oraci\u00f3n.<\/p>\t\t\t\t\t\t\t\t<\/div>\n\t\t\t\t<\/div>\n\t\t\t\t<div class=\"elementor-element elementor-element-a33d2ac elementor-widget elementor-widget-text-editor\" data-id=\"a33d2ac\" data-element_type=\"widget\" data-widget_type=\"text-editor.default\">\n\t\t\t\t<div class=\"elementor-widget-container\">\n\t\t\t\t\t\t\t\t\t<p><span style=\"color: #e8a702;\"><strong>10:00<\/strong><\/span> Misa solemne en la Gruta <br \/><strong>Retransmisi\u00f3n por TV (Franc\u00e9s)<\/strong><br \/><span style=\"color: #e8a702;\"><strong>16:00<\/strong><\/span> Rosario en la Gruta <br \/><strong>Retransmisi\u00f3n por TV Lourdes y EWTN<\/strong><\/p>\t\t\t\t\t\t\t\t<\/div>\n\t\t\t\t<\/div>\n\t\t\t\t\t<\/div>\n\t\t<\/div>\n\t\t\t\t<div class=\"elementor-column elementor-col-50 elementor-inner-column elementor-element elementor-element-d4b8ac0\" data-id=\"d4b8ac0\" data-element_type=\"column\">\n\t\t\t<div class=\"elementor-widget-wrap elementor-element-populated\">\n\t\t\t\t\t\t<div class=\"elementor-element elementor-element-20af636 elementor-widget elementor-widget-image\" data-id=\"20af636\" data-element_type=\"widget\" data-widget_type=\"image.default\">\n\t\t\t\t<div class=\"elementor-widget-container\">\n\t\t\t\t\t\t\t\t\t\t\t\t\t\t\t<img decoding=\"async\" width=\"683\" height=\"1024\" src=\"https:\/\/www.lourdes-france.org\/wp-content\/uploads\/2021\/03\/LaViergedelaGrotte2-683x1024.jpg\" class=\"attachment-large size-large wp-image-531992\" alt=\"\" srcset=\"https:\/\/www.lourdes-france.org\/wp-content\/uploads\/2021\/03\/LaViergedelaGrotte2-683x1024.jpg 683w, https:\/\/www.lourdes-france.org\/wp-content\/uploads\/2021\/03\/LaViergedelaGrotte2-200x300.jpg 200w, https:\/\/www.lourdes-france.org\/wp-content\/uploads\/2021\/03\/LaViergedelaGrotte2-768x1152.jpg 768w, https:\/\/www.lourdes-france.org\/wp-content\/uploads\/2021\/03\/LaViergedelaGrotte2-1024x1536.jpg 1024w, https:\/\/www.lourdes-france.org\/wp-content\/uploads\/2021\/03\/LaViergedelaGrotte2-1366x2048.jpg 1366w, https:\/\/www.lourdes-france.org\/wp-content\/uploads\/2021\/03\/LaViergedelaGrotte2-187x280.jpg 187w, https:\/\/www.lourdes-france.org\/wp-content\/uploads\/2021\/03\/LaViergedelaGrotte2-scaled.jpg 1707w\" sizes=\"(max-width: 683px) 100vw, 683px\" \/>\t\t\t\t\t\t\t\t\t\t\t\t\t\t\t<\/div>\n\t\t\t\t<\/div>\n\t\t\t\t\t<\/div>\n\t\t<\/div>\n\t\t\t\t\t<\/div>\n\t\t<\/section>\n\t\t\t\t\t<\/div>\n\t\t<\/div>\n\t\t\t\t\t<\/div>\n\t\t<\/section>\n\t\t\t\t<\/div>\n\t\t","protected":false},"excerpt":{"rendered":"<p>La Anunciaci\u00f3n En la fiesta de la Anunciaci\u00f3n, el 25 de marzo, Mar\u00eda se entera de que ha sido elegida para dar vida al Hijo de Dios, pues es pura de todo pecado desde el momento de su concepci\u00f3n. En &hellip; <a href=\"https:\/\/www.lourdes-france.org\/es\/25-de-marzo-la-anunciacion\/\">Continuar<\/a><\/p>\n","protected":false},"author":21,"featured_media":531966,"comment_status":"closed","ping_status":"closed","sticky":false,"template":"","format":"standard","meta":{"_acf_changed":false,"footnotes":""},"categories":[99],"tags":[],"class_list":["post-535907","post","type-post","status-publish","format-standard","has-post-thumbnail","hentry","category-en-ce-moment-es"],"acf":[],"yoast_head":"<!-- This site is optimized with the Yoast SEO plugin v24.7 - https:\/\/yoast.com\/wordpress\/plugins\/seo\/ -->\n<title>25 de marzo: la Anunciaci\u00f3n<\/title>\n<meta name=\"robots\" content=\"index, follow, max-snippet:-1, max-image-preview:large, max-video-preview:-1\" \/>\n<link rel=\"canonical\" href=\"https:\/\/www.lourdes-france.org\/es\/25-de-marzo-la-anunciacion\/\" \/>\n<meta name=\"twitter:label1\" content=\"Escrito por\" \/>\n\t<meta name=\"twitter:data1\" content=\"TV LOURDES\" \/>\n\t<meta name=\"twitter:label2\" content=\"Tiempo de lectura\" \/>\n\t<meta name=\"twitter:data2\" content=\"1 minuto\" \/>\n<script type=\"application\/ld+json\" class=\"yoast-schema-graph\">{\"@context\":\"https:\/\/schema.org\",\"@graph\":[{\"@type\":\"WebPage\",\"@id\":\"https:\/\/www.lourdes-france.org\/es\/25-de-marzo-la-anunciacion\/\",\"url\":\"https:\/\/www.lourdes-france.org\/es\/25-de-marzo-la-anunciacion\/\",\"name\":\"25 de marzo: la Anunciaci\u00f3n\",\"isPartOf\":{\"@id\":\"https:\/\/preprod-lourdes.cawita.com\/#website\"},\"primaryImageOfPage\":{\"@id\":\"https:\/\/www.lourdes-france.org\/es\/25-de-marzo-la-anunciacion\/#primaryimage\"},\"image\":{\"@id\":\"https:\/\/www.lourdes-france.org\/es\/25-de-marzo-la-anunciacion\/#primaryimage\"},\"thumbnailUrl\":\"https:\/\/www.lourdes-france.org\/wp-content\/uploads\/2021\/03\/SVG_candelabre_760x560.jpg\",\"datePublished\":\"2021-03-15T08:15:18+00:00\",\"dateModified\":\"2026-01-29T14:21:32+00:00\",\"author\":{\"@id\":\"https:\/\/preprod-lourdes.cawita.com\/#\/schema\/person\/00e15361338ccda7ff575e7807b7ff76\"},\"breadcrumb\":{\"@id\":\"https:\/\/www.lourdes-france.org\/es\/25-de-marzo-la-anunciacion\/#breadcrumb\"},\"inLanguage\":\"es\",\"potentialAction\":[{\"@type\":\"ReadAction\",\"target\":[\"https:\/\/www.lourdes-france.org\/es\/25-de-marzo-la-anunciacion\/\"]}]},{\"@type\":\"ImageObject\",\"inLanguage\":\"es\",\"@id\":\"https:\/\/www.lourdes-france.org\/es\/25-de-marzo-la-anunciacion\/#primaryimage\",\"url\":\"https:\/\/www.lourdes-france.org\/wp-content\/uploads\/2021\/03\/SVG_candelabre_760x560.jpg\",\"contentUrl\":\"https:\/\/www.lourdes-france.org\/wp-content\/uploads\/2021\/03\/SVG_candelabre_760x560.jpg\",\"width\":760,\"height\":560},{\"@type\":\"BreadcrumbList\",\"@id\":\"https:\/\/www.lourdes-france.org\/es\/25-de-marzo-la-anunciacion\/#breadcrumb\",\"itemListElement\":[{\"@type\":\"ListItem\",\"position\":1,\"name\":\"Accueil\",\"item\":\"https:\/\/www.lourdes-france.org\/\"},{\"@type\":\"ListItem\",\"position\":2,\"name\":\"25 de marzo: la Anunciaci\u00f3n\"}]},{\"@type\":\"WebSite\",\"@id\":\"https:\/\/preprod-lourdes.cawita.com\/#website\",\"url\":\"https:\/\/preprod-lourdes.cawita.com\/\",\"name\":\"Soutenir le Sanctuaire Notre-Dame de Lourdes\",\"description\":\"\",\"potentialAction\":[{\"@type\":\"SearchAction\",\"target\":{\"@type\":\"EntryPoint\",\"urlTemplate\":\"https:\/\/preprod-lourdes.cawita.com\/?s={search_term_string}\"},\"query-input\":{\"@type\":\"PropertyValueSpecification\",\"valueRequired\":true,\"valueName\":\"search_term_string\"}}],\"inLanguage\":\"es\"},{\"@type\":\"Person\",\"@id\":\"https:\/\/preprod-lourdes.cawita.com\/#\/schema\/person\/00e15361338ccda7ff575e7807b7ff76\",\"name\":\"TV LOURDES\",\"image\":{\"@type\":\"ImageObject\",\"inLanguage\":\"es\",\"@id\":\"https:\/\/preprod-lourdes.cawita.com\/#\/schema\/person\/image\/\",\"url\":\"https:\/\/secure.gravatar.com\/avatar\/99ad963db01f0c73acfee4d5f94ac178?s=96&d=mm&r=g\",\"contentUrl\":\"https:\/\/secure.gravatar.com\/avatar\/99ad963db01f0c73acfee4d5f94ac178?s=96&d=mm&r=g\",\"caption\":\"TV LOURDES\"},\"url\":\"https:\/\/www.lourdes-france.org\/es\/author\/tv-lourdes\/\"}]}<\/script>\n<!-- \/ Yoast SEO plugin. -->","yoast_head_json":{"title":"25 de marzo: la Anunciaci\u00f3n","robots":{"index":"index","follow":"follow","max-snippet":"max-snippet:-1","max-image-preview":"max-image-preview:large","max-video-preview":"max-video-preview:-1"},"canonical":"https:\/\/www.lourdes-france.org\/es\/25-de-marzo-la-anunciacion\/","twitter_misc":{"Escrito por":"TV LOURDES","Tiempo de lectura":"1 minuto"},"schema":{"@context":"https:\/\/schema.org","@graph":[{"@type":"WebPage","@id":"https:\/\/www.lourdes-france.org\/es\/25-de-marzo-la-anunciacion\/","url":"https:\/\/www.lourdes-france.org\/es\/25-de-marzo-la-anunciacion\/","name":"25 de marzo: la Anunciaci\u00f3n","isPartOf":{"@id":"https:\/\/preprod-lourdes.cawita.com\/#website"},"primaryImageOfPage":{"@id":"https:\/\/www.lourdes-france.org\/es\/25-de-marzo-la-anunciacion\/#primaryimage"},"image":{"@id":"https:\/\/www.lourdes-france.org\/es\/25-de-marzo-la-anunciacion\/#primaryimage"},"thumbnailUrl":"https:\/\/www.lourdes-france.org\/wp-content\/uploads\/2021\/03\/SVG_candelabre_760x560.jpg","datePublished":"2021-03-15T08:15:18+00:00","dateModified":"2026-01-29T14:21:32+00:00","author":{"@id":"https:\/\/preprod-lourdes.cawita.com\/#\/schema\/person\/00e15361338ccda7ff575e7807b7ff76"},"breadcrumb":{"@id":"https:\/\/www.lourdes-france.org\/es\/25-de-marzo-la-anunciacion\/#breadcrumb"},"inLanguage":"es","potentialAction":[{"@type":"ReadAction","target":["https:\/\/www.lourdes-france.org\/es\/25-de-marzo-la-anunciacion\/"]}]},{"@type":"ImageObject","inLanguage":"es","@id":"https:\/\/www.lourdes-france.org\/es\/25-de-marzo-la-anunciacion\/#primaryimage","url":"https:\/\/www.lourdes-france.org\/wp-content\/uploads\/2021\/03\/SVG_candelabre_760x560.jpg","contentUrl":"https:\/\/www.lourdes-france.org\/wp-content\/uploads\/2021\/03\/SVG_candelabre_760x560.jpg","width":760,"height":560},{"@type":"BreadcrumbList","@id":"https:\/\/www.lourdes-france.org\/es\/25-de-marzo-la-anunciacion\/#breadcrumb","itemListElement":[{"@type":"ListItem","position":1,"name":"Accueil","item":"https:\/\/www.lourdes-france.org\/"},{"@type":"ListItem","position":2,"name":"25 de marzo: la Anunciaci\u00f3n"}]},{"@type":"WebSite","@id":"https:\/\/preprod-lourdes.cawita.com\/#website","url":"https:\/\/preprod-lourdes.cawita.com\/","name":"Soutenir le Sanctuaire Notre-Dame de Lourdes","description":"","potentialAction":[{"@type":"SearchAction","target":{"@type":"EntryPoint","urlTemplate":"https:\/\/preprod-lourdes.cawita.com\/?s={search_term_string}"},"query-input":{"@type":"PropertyValueSpecification","valueRequired":true,"valueName":"search_term_string"}}],"inLanguage":"es"},{"@type":"Person","@id":"https:\/\/preprod-lourdes.cawita.com\/#\/schema\/person\/00e15361338ccda7ff575e7807b7ff76","name":"TV LOURDES","image":{"@type":"ImageObject","inLanguage":"es","@id":"https:\/\/preprod-lourdes.cawita.com\/#\/schema\/person\/image\/","url":"https:\/\/secure.gravatar.com\/avatar\/99ad963db01f0c73acfee4d5f94ac178?s=96&d=mm&r=g","contentUrl":"https:\/\/secure.gravatar.com\/avatar\/99ad963db01f0c73acfee4d5f94ac178?s=96&d=mm&r=g","caption":"TV LOURDES"},"url":"https:\/\/www.lourdes-france.org\/es\/author\/tv-lourdes\/"}]}},"_links":{"self":[{"href":"https:\/\/www.lourdes-france.org\/es\/wp-json\/wp\/v2\/posts\/535907","targetHints":{"allow":["GET"]}}],"collection":[{"href":"https:\/\/www.lourdes-france.org\/es\/wp-json\/wp\/v2\/posts"}],"about":[{"href":"https:\/\/www.lourdes-france.org\/es\/wp-json\/wp\/v2\/types\/post"}],"author":[{"embeddable":true,"href":"https:\/\/www.lourdes-france.org\/es\/wp-json\/wp\/v2\/users\/21"}],"replies":[{"embeddable":true,"href":"https:\/\/www.lourdes-france.org\/es\/wp-json\/wp\/v2\/comments?post=535907"}],"version-history":[{"count":4,"href":"https:\/\/www.lourdes-france.org\/es\/wp-json\/wp\/v2\/posts\/535907\/revisions"}],"predecessor-version":[{"id":535911,"href":"https:\/\/www.lourdes-france.org\/es\/wp-json\/wp\/v2\/posts\/535907\/revisions\/535911"}],"wp:featuredmedia":[{"embeddable":true,"href":"https:\/\/www.lourdes-france.org\/es\/wp-json\/wp\/v2\/media\/531966"}],"wp:attachment":[{"href":"https:\/\/www.lourdes-france.org\/es\/wp-json\/wp\/v2\/media?parent=535907"}],"wp:term":[{"taxonomy":"category","embeddable":true,"href":"https:\/\/www.lourdes-france.org\/es\/wp-json\/wp\/v2\/categories?post=535907"},{"taxonomy":"post_tag","embeddable":true,"href":"https:\/\/www.lourdes-france.org\/es\/wp-json\/wp\/v2\/tags?post=535907"}],"curies":[{"name":"wp","href":"https:\/\/api.w.org\/{rel}","templated":true}]}}