{"id":737872,"date":"2021-07-26T09:02:31","date_gmt":"2021-07-26T07:02:31","guid":{"rendered":"https:\/\/www.lourdes-france.org\/?p=737872"},"modified":"2026-01-29T15:18:05","modified_gmt":"2026-01-29T14:18:05","slug":"una-oracion-para-acompanar-la-vela","status":"publish","type":"post","link":"https:\/\/www.lourdes-france.org\/es\/una-oracion-para-acompanar-la-vela\/","title":{"rendered":"Una oraci\u00f3n para acompa\u00f1ar la vela"},"content":{"rendered":"\t\t<div data-elementor-type=\"wp-post\" data-elementor-id=\"737872\" class=\"elementor elementor-737872 elementor-732867\" data-elementor-post-type=\"post\">\n\t\t\t\t\t\t<section class=\"elementor-section elementor-top-section elementor-element elementor-element-0bba7d2 elementor-section-boxed elementor-section-height-default elementor-section-height-default\" data-id=\"0bba7d2\" data-element_type=\"section\">\n\t\t\t\t\t\t<div class=\"elementor-container elementor-column-gap-default\">\n\t\t\t\t\t<div class=\"elementor-column elementor-col-100 elementor-top-column elementor-element elementor-element-e7b5766\" data-id=\"e7b5766\" data-element_type=\"column\">\n\t\t\t<div class=\"elementor-widget-wrap elementor-element-populated\">\n\t\t\t\t\t\t<div class=\"elementor-element elementor-element-290d752 elementor-widget elementor-widget-heading\" data-id=\"290d752\" data-element_type=\"widget\" data-widget_type=\"heading.default\">\n\t\t\t\t<div class=\"elementor-widget-container\">\n\t\t\t\t\t<h2 class=\"elementor-heading-title elementor-size-default\">Confiemos nuestras oraciones a la Inmaculada<\/h2>\t\t\t\t<\/div>\n\t\t\t\t<\/div>\n\t\t\t\t\t<\/div>\n\t\t<\/div>\n\t\t\t\t\t<\/div>\n\t\t<\/section>\n\t\t\t\t<section class=\"elementor-section elementor-top-section elementor-element elementor-element-58e524d elementor-section-boxed elementor-section-height-default elementor-section-height-default\" data-id=\"58e524d\" data-element_type=\"section\">\n\t\t\t\t\t\t<div class=\"elementor-container elementor-column-gap-default\">\n\t\t\t\t\t<div class=\"elementor-column elementor-col-100 elementor-top-column elementor-element elementor-element-bd9915d\" data-id=\"bd9915d\" data-element_type=\"column\">\n\t\t\t<div class=\"elementor-widget-wrap elementor-element-populated\">\n\t\t\t\t\t\t<div class=\"elementor-element elementor-element-eb213ee elementor-widget elementor-widget-text-editor\" data-id=\"eb213ee\" data-element_type=\"widget\" data-widget_type=\"text-editor.default\">\n\t\t\t\t<div class=\"elementor-widget-container\">\n\t\t\t\t\t\t\t\t\t<p class=\"western\" align=\"left\"><span style=\"font-size: large;\"><span lang=\"es-ES\">Mar\u00eda, Inmaculada, es un ser de luz. Despu\u00e9s de la primera aparici\u00f3n, Bernardita dijo: \u00ab<\/span><\/span><span style=\"font-size: large;\"><span lang=\"es-ES\"><i>Vi a una se\u00f1orita envuelta en una luz\u00bb. <\/i><\/span><\/span><span style=\"font-size: large;\"><span lang=\"es-ES\">La vela que enciende desde la tercera aparici\u00f3n la ayuda a rezar, ya que hace recordar a la que llevan el padrino y la madrina el d\u00eda del bautismo. <\/span><\/span><\/p><p class=\"western\" lang=\"es-ES\" align=\"left\"><span style=\"font-size: large;\">Imitemos a Bernardita, vayamos a la Gruta para pedir luz para nuestra vida. Las jornadas se terminan en Lourdes, a las nueve de la noche, con una procesi\u00f3n llamada de las antorchas. Vayamos despu\u00e9s a las capillas de las luces para encender una vela y recemos por todos aquellos que nos han confiado sus intenciones y por nosotros mismos.<\/span><\/p>\t\t\t\t\t\t\t\t<\/div>\n\t\t\t\t<\/div>\n\t\t\t\t\t<\/div>\n\t\t<\/div>\n\t\t\t\t\t<\/div>\n\t\t<\/section>\n\t\t\t\t<section class=\"elementor-section elementor-top-section elementor-element elementor-element-1d3b90c elementor-section-boxed elementor-section-height-default elementor-section-height-default\" data-id=\"1d3b90c\" data-element_type=\"section\">\n\t\t\t\t\t\t<div class=\"elementor-container elementor-column-gap-default\">\n\t\t\t\t\t<div class=\"elementor-column elementor-col-100 elementor-top-column elementor-element elementor-element-5751d43\" data-id=\"5751d43\" data-element_type=\"column\">\n\t\t\t<div class=\"elementor-widget-wrap elementor-element-populated\">\n\t\t\t\t\t\t<div class=\"elementor-element elementor-element-96443af elementor-widget elementor-widget-heading\" data-id=\"96443af\" data-element_type=\"widget\" data-widget_type=\"heading.default\">\n\t\t\t\t<div class=\"elementor-widget-container\">\n\t\t\t\t\t<h2 class=\"elementor-heading-title elementor-size-default\">Encendamos una vela<\/h2>\t\t\t\t<\/div>\n\t\t\t\t<\/div>\n\t\t\t\t\t<\/div>\n\t\t<\/div>\n\t\t\t\t\t<\/div>\n\t\t<\/section>\n\t\t\t\t<section class=\"elementor-section elementor-top-section elementor-element elementor-element-8a4ddaa elementor-section-boxed elementor-section-height-default elementor-section-height-default\" data-id=\"8a4ddaa\" data-element_type=\"section\">\n\t\t\t\t\t\t<div class=\"elementor-container elementor-column-gap-default\">\n\t\t\t\t\t<div class=\"elementor-column elementor-col-100 elementor-top-column elementor-element elementor-element-2577fb8\" data-id=\"2577fb8\" data-element_type=\"column\">\n\t\t\t<div class=\"elementor-widget-wrap elementor-element-populated\">\n\t\t\t\t\t\t<div class=\"elementor-element elementor-element-f4d8dc5 elementor-widget elementor-widget-text-editor\" data-id=\"f4d8dc5\" data-element_type=\"widget\" data-widget_type=\"text-editor.default\">\n\t\t\t\t<div class=\"elementor-widget-container\">\n\t\t\t\t\t\t\t\t\t<p class=\"western\" lang=\"es-ES\" align=\"left\"><span style=\"font-size: large;\"><b>Al d\u00eda siguiente de las nuevas ordenaciones sacerdotales, un\u00e1monos a la oraci\u00f3n por los sacerdotes. Recemos tambi\u00e9n por nuestras familias y pidamos luz para nuestra vida. <br \/><\/b><\/span><\/p><p align=\"left\"><span style=\"font-size: large;\">\u00a0<\/span><\/p>\t\t\t\t\t\t\t\t<\/div>\n\t\t\t\t<\/div>\n\t\t\t\t\t<\/div>\n\t\t<\/div>\n\t\t\t\t\t<\/div>\n\t\t<\/section>\n\t\t\t\t<section class=\"elementor-section elementor-top-section elementor-element elementor-element-ece657b elementor-section-boxed elementor-section-height-default elementor-section-height-default\" data-id=\"ece657b\" data-element_type=\"section\">\n\t\t\t\t\t\t<div class=\"elementor-container elementor-column-gap-default\">\n\t\t\t\t\t<div class=\"elementor-column elementor-col-100 elementor-top-column elementor-element elementor-element-7db9bf1\" data-id=\"7db9bf1\" data-element_type=\"column\">\n\t\t\t<div class=\"elementor-widget-wrap elementor-element-populated\">\n\t\t\t\t\t\t<div class=\"elementor-element elementor-element-ac21c2e elementor-align-center elementor-widget elementor-widget-button\" data-id=\"ac21c2e\" data-element_type=\"widget\" data-widget_type=\"button.default\">\n\t\t\t\t<div class=\"elementor-widget-container\">\n\t\t\t\t\t\t\t\t\t<div class=\"elementor-button-wrapper\">\n\t\t\t\t\t<a class=\"elementor-button elementor-button-link elementor-size-sm\" href=\"https:\/\/www.lourdes-france.org\/es\/cierge-en-ligne\/\">\n\t\t\t\t\t\t<span class=\"elementor-button-content-wrapper\">\n\t\t\t\t\t\t\t\t\t<span class=\"elementor-button-text\">Enciendo una vela<\/span>\n\t\t\t\t\t<\/span>\n\t\t\t\t\t<\/a>\n\t\t\t\t<\/div>\n\t\t\t\t\t\t\t\t<\/div>\n\t\t\t\t<\/div>\n\t\t\t\t\t<\/div>\n\t\t<\/div>\n\t\t\t\t\t<\/div>\n\t\t<\/section>\n\t\t\t\t<section class=\"elementor-section elementor-top-section elementor-element elementor-element-e3170c elementor-section-boxed elementor-section-height-default elementor-section-height-default\" data-id=\"e3170c\" data-element_type=\"section\">\n\t\t\t\t\t\t<div class=\"elementor-container elementor-column-gap-no\">\n\t\t\t\t\t<div class=\"elementor-column elementor-col-100 elementor-top-column elementor-element elementor-element-527b0fb9\" data-id=\"527b0fb9\" data-element_type=\"column\">\n\t\t\t<div class=\"elementor-widget-wrap elementor-element-populated\">\n\t\t\t\t\t\t<div class=\"elementor-element elementor-element-3bb6e507 carrousel-post elementor-arrows-position-inside elementor-pagination-position-outside elementor-widget elementor-widget-image-carousel\" data-id=\"3bb6e507\" data-element_type=\"widget\" data-settings=\"{&quot;slides_to_show&quot;:&quot;1&quot;,&quot;navigation&quot;:&quot;both&quot;,&quot;autoplay&quot;:&quot;yes&quot;,&quot;pause_on_hover&quot;:&quot;yes&quot;,&quot;pause_on_interaction&quot;:&quot;yes&quot;,&quot;autoplay_speed&quot;:5000,&quot;infinite&quot;:&quot;yes&quot;,&quot;effect&quot;:&quot;slide&quot;,&quot;speed&quot;:500}\" data-widget_type=\"image-carousel.default\">\n\t\t\t\t<div class=\"elementor-widget-container\">\n\t\t\t\t\t\t\t<div class=\"elementor-image-carousel-wrapper swiper\" role=\"region\" aria-roledescription=\"carousel\" aria-label=\"Carrusel de im\u00e1genes\" dir=\"ltr\">\n\t\t\t<div class=\"elementor-image-carousel swiper-wrapper\" aria-live=\"off\">\n\t\t\t\t\t\t\t\t<div class=\"swiper-slide\" role=\"group\" aria-roledescription=\"slide\" aria-label=\"1 de 9\"><a data-elementor-open-lightbox=\"yes\" data-elementor-lightbox-slideshow=\"3bb6e507\" data-elementor-lightbox-title=\"21_22-07 ambiance chapelles lumieres-01\" data-e-action-hash=\"#elementor-action%3Aaction%3Dlightbox%26settings%3DeyJpZCI6NzM5NDAzLCJ1cmwiOiJodHRwczpcL1wvd3d3LmxvdXJkZXMtZnJhbmNlLm9yZ1wvd3AtY29udGVudFwvdXBsb2Fkc1wvMjAyMVwvMDdcLzIxXzIyLTA3LWFtYmlhbmNlLWNoYXBlbGxlcy1sdW1pZXJlcy0wMS0zLmpwZyIsInNsaWRlc2hvdyI6IjNiYjZlNTA3In0%3D\" href=\"https:\/\/www.lourdes-france.org\/wp-content\/uploads\/2021\/07\/21_22-07-ambiance-chapelles-lumieres-01-3.jpg\"><figure class=\"swiper-slide-inner\"><img decoding=\"async\" class=\"swiper-slide-image\" src=\"https:\/\/www.lourdes-france.org\/wp-content\/uploads\/2021\/07\/21_22-07-ambiance-chapelles-lumieres-01-3-768x432.jpg\" alt=\"21_22-07 ambiance chapelles lumieres-01\" \/><\/figure><\/a><\/div><div class=\"swiper-slide\" role=\"group\" aria-roledescription=\"slide\" aria-label=\"2 de 9\"><a data-elementor-open-lightbox=\"yes\" data-elementor-lightbox-slideshow=\"3bb6e507\" data-elementor-lightbox-title=\"21_22-07 ambiance chapelles lumieres-03\" data-e-action-hash=\"#elementor-action%3Aaction%3Dlightbox%26settings%3DeyJpZCI6NzM5NDA5LCJ1cmwiOiJodHRwczpcL1wvd3d3LmxvdXJkZXMtZnJhbmNlLm9yZ1wvd3AtY29udGVudFwvdXBsb2Fkc1wvMjAyMVwvMDdcLzIxXzIyLTA3LWFtYmlhbmNlLWNoYXBlbGxlcy1sdW1pZXJlcy0wMy00LmpwZyIsInNsaWRlc2hvdyI6IjNiYjZlNTA3In0%3D\" href=\"https:\/\/www.lourdes-france.org\/wp-content\/uploads\/2021\/07\/21_22-07-ambiance-chapelles-lumieres-03-4.jpg\"><figure class=\"swiper-slide-inner\"><img decoding=\"async\" class=\"swiper-slide-image\" src=\"https:\/\/www.lourdes-france.org\/wp-content\/uploads\/2021\/07\/21_22-07-ambiance-chapelles-lumieres-03-4-768x432.jpg\" alt=\"21_22-07 ambiance chapelles lumieres-03\" \/><\/figure><\/a><\/div><div class=\"swiper-slide\" role=\"group\" aria-roledescription=\"slide\" aria-label=\"3 de 9\"><a data-elementor-open-lightbox=\"yes\" data-elementor-lightbox-slideshow=\"3bb6e507\" data-elementor-lightbox-title=\"21_22-07 ambiance chapelles lumieres-07\" data-e-action-hash=\"#elementor-action%3Aaction%3Dlightbox%26settings%3DeyJpZCI6NzM5NDE1LCJ1cmwiOiJodHRwczpcL1wvd3d3LmxvdXJkZXMtZnJhbmNlLm9yZ1wvd3AtY29udGVudFwvdXBsb2Fkc1wvMjAyMVwvMDdcLzIxXzIyLTA3LWFtYmlhbmNlLWNoYXBlbGxlcy1sdW1pZXJlcy0wNy0zLmpwZyIsInNsaWRlc2hvdyI6IjNiYjZlNTA3In0%3D\" href=\"https:\/\/www.lourdes-france.org\/wp-content\/uploads\/2021\/07\/21_22-07-ambiance-chapelles-lumieres-07-3.jpg\"><figure class=\"swiper-slide-inner\"><img decoding=\"async\" class=\"swiper-slide-image\" src=\"https:\/\/www.lourdes-france.org\/wp-content\/uploads\/2021\/07\/21_22-07-ambiance-chapelles-lumieres-07-3-768x512.jpg\" alt=\"21_22-07 ambiance chapelles lumieres-07\" \/><\/figure><\/a><\/div><div class=\"swiper-slide\" role=\"group\" aria-roledescription=\"slide\" aria-label=\"4 de 9\"><a data-elementor-open-lightbox=\"yes\" data-elementor-lightbox-slideshow=\"3bb6e507\" data-elementor-lightbox-title=\"21_22-07 ambiance chapelles lumieres-08\" data-e-action-hash=\"#elementor-action%3Aaction%3Dlightbox%26settings%3DeyJpZCI6NzM5NDIxLCJ1cmwiOiJodHRwczpcL1wvd3d3LmxvdXJkZXMtZnJhbmNlLm9yZ1wvd3AtY29udGVudFwvdXBsb2Fkc1wvMjAyMVwvMDdcLzIxXzIyLTA3LWFtYmlhbmNlLWNoYXBlbGxlcy1sdW1pZXJlcy0wOC0zLmpwZyIsInNsaWRlc2hvdyI6IjNiYjZlNTA3In0%3D\" href=\"https:\/\/www.lourdes-france.org\/wp-content\/uploads\/2021\/07\/21_22-07-ambiance-chapelles-lumieres-08-3.jpg\"><figure class=\"swiper-slide-inner\"><img decoding=\"async\" class=\"swiper-slide-image\" src=\"https:\/\/www.lourdes-france.org\/wp-content\/uploads\/2021\/07\/21_22-07-ambiance-chapelles-lumieres-08-3-768x512.jpg\" alt=\"21_22-07 ambiance chapelles lumieres-08\" \/><\/figure><\/a><\/div><div class=\"swiper-slide\" role=\"group\" aria-roledescription=\"slide\" aria-label=\"5 de 9\"><a data-elementor-open-lightbox=\"yes\" data-elementor-lightbox-slideshow=\"3bb6e507\" data-elementor-lightbox-title=\"21_22-07 ambiance chapelles lumieres-24\" data-e-action-hash=\"#elementor-action%3Aaction%3Dlightbox%26settings%3DeyJpZCI6NzM5NDI3LCJ1cmwiOiJodHRwczpcL1wvd3d3LmxvdXJkZXMtZnJhbmNlLm9yZ1wvd3AtY29udGVudFwvdXBsb2Fkc1wvMjAyMVwvMDdcLzIxXzIyLTA3LWFtYmlhbmNlLWNoYXBlbGxlcy1sdW1pZXJlcy0yNC0zLmpwZyIsInNsaWRlc2hvdyI6IjNiYjZlNTA3In0%3D\" href=\"https:\/\/www.lourdes-france.org\/wp-content\/uploads\/2021\/07\/21_22-07-ambiance-chapelles-lumieres-24-3.jpg\"><figure class=\"swiper-slide-inner\"><img decoding=\"async\" class=\"swiper-slide-image\" src=\"https:\/\/www.lourdes-france.org\/wp-content\/uploads\/2021\/07\/21_22-07-ambiance-chapelles-lumieres-24-3-768x512.jpg\" alt=\"21_22-07 ambiance chapelles lumieres-24\" \/><\/figure><\/a><\/div><div class=\"swiper-slide\" role=\"group\" aria-roledescription=\"slide\" aria-label=\"6 de 9\"><a data-elementor-open-lightbox=\"yes\" data-elementor-lightbox-slideshow=\"3bb6e507\" data-elementor-lightbox-title=\"21_22-07 ambiance chapelles lumieres-29\" data-e-action-hash=\"#elementor-action%3Aaction%3Dlightbox%26settings%3DeyJpZCI6NzM5NDMzLCJ1cmwiOiJodHRwczpcL1wvd3d3LmxvdXJkZXMtZnJhbmNlLm9yZ1wvd3AtY29udGVudFwvdXBsb2Fkc1wvMjAyMVwvMDdcLzIxXzIyLTA3LWFtYmlhbmNlLWNoYXBlbGxlcy1sdW1pZXJlcy0yOS0zLmpwZyIsInNsaWRlc2hvdyI6IjNiYjZlNTA3In0%3D\" href=\"https:\/\/www.lourdes-france.org\/wp-content\/uploads\/2021\/07\/21_22-07-ambiance-chapelles-lumieres-29-3.jpg\"><figure class=\"swiper-slide-inner\"><img decoding=\"async\" class=\"swiper-slide-image\" src=\"https:\/\/www.lourdes-france.org\/wp-content\/uploads\/2021\/07\/21_22-07-ambiance-chapelles-lumieres-29-3-768x512.jpg\" alt=\"21_22-07 ambiance chapelles lumieres-29\" \/><\/figure><\/a><\/div><div class=\"swiper-slide\" role=\"group\" aria-roledescription=\"slide\" aria-label=\"7 de 9\"><a data-elementor-open-lightbox=\"yes\" data-elementor-lightbox-slideshow=\"3bb6e507\" data-elementor-lightbox-title=\"21_22-07 ambiance jardin recueillement-02\" data-e-action-hash=\"#elementor-action%3Aaction%3Dlightbox%26settings%3DeyJpZCI6NzM5NDM5LCJ1cmwiOiJodHRwczpcL1wvd3d3LmxvdXJkZXMtZnJhbmNlLm9yZ1wvd3AtY29udGVudFwvdXBsb2Fkc1wvMjAyMVwvMDdcLzIxXzIyLTA3LWFtYmlhbmNlLWphcmRpbi1yZWN1ZWlsbGVtZW50LTAyLTMuanBnIiwic2xpZGVzaG93IjoiM2JiNmU1MDcifQ%3D%3D\" href=\"https:\/\/www.lourdes-france.org\/wp-content\/uploads\/2021\/07\/21_22-07-ambiance-jardin-recueillement-02-3.jpg\"><figure class=\"swiper-slide-inner\"><img decoding=\"async\" class=\"swiper-slide-image\" src=\"https:\/\/www.lourdes-france.org\/wp-content\/uploads\/2021\/07\/21_22-07-ambiance-jardin-recueillement-02-3-768x512.jpg\" alt=\"21_22-07 ambiance jardin recueillement-02\" \/><\/figure><\/a><\/div><div class=\"swiper-slide\" role=\"group\" aria-roledescription=\"slide\" aria-label=\"8 de 9\"><a data-elementor-open-lightbox=\"yes\" data-elementor-lightbox-slideshow=\"3bb6e507\" data-elementor-lightbox-title=\"21_22-07 ambiance jardin recueillement-03\" data-e-action-hash=\"#elementor-action%3Aaction%3Dlightbox%26settings%3DeyJpZCI6NzM5NDQ1LCJ1cmwiOiJodHRwczpcL1wvd3d3LmxvdXJkZXMtZnJhbmNlLm9yZ1wvd3AtY29udGVudFwvdXBsb2Fkc1wvMjAyMVwvMDdcLzIxXzIyLTA3LWFtYmlhbmNlLWphcmRpbi1yZWN1ZWlsbGVtZW50LTAzLTMuanBnIiwic2xpZGVzaG93IjoiM2JiNmU1MDcifQ%3D%3D\" href=\"https:\/\/www.lourdes-france.org\/wp-content\/uploads\/2021\/07\/21_22-07-ambiance-jardin-recueillement-03-3.jpg\"><figure class=\"swiper-slide-inner\"><img decoding=\"async\" class=\"swiper-slide-image\" src=\"https:\/\/www.lourdes-france.org\/wp-content\/uploads\/2021\/07\/21_22-07-ambiance-jardin-recueillement-03-3-768x512.jpg\" alt=\"21_22-07 ambiance jardin recueillement-03\" \/><\/figure><\/a><\/div><div class=\"swiper-slide\" role=\"group\" aria-roledescription=\"slide\" aria-label=\"9 de 9\"><a data-elementor-open-lightbox=\"yes\" data-elementor-lightbox-slideshow=\"3bb6e507\" data-elementor-lightbox-title=\"21_22-07 ambiance jardin recueillement-06\" data-e-action-hash=\"#elementor-action%3Aaction%3Dlightbox%26settings%3DeyJpZCI6NzM5NDUxLCJ1cmwiOiJodHRwczpcL1wvd3d3LmxvdXJkZXMtZnJhbmNlLm9yZ1wvd3AtY29udGVudFwvdXBsb2Fkc1wvMjAyMVwvMDdcLzIxXzIyLTA3LWFtYmlhbmNlLWphcmRpbi1yZWN1ZWlsbGVtZW50LTA2LTMuanBnIiwic2xpZGVzaG93IjoiM2JiNmU1MDcifQ%3D%3D\" href=\"https:\/\/www.lourdes-france.org\/wp-content\/uploads\/2021\/07\/21_22-07-ambiance-jardin-recueillement-06-3.jpg\"><figure class=\"swiper-slide-inner\"><img decoding=\"async\" class=\"swiper-slide-image\" src=\"https:\/\/www.lourdes-france.org\/wp-content\/uploads\/2021\/07\/21_22-07-ambiance-jardin-recueillement-06-3-768x512.jpg\" alt=\"21_22-07 ambiance jardin recueillement-06\" \/><\/figure><\/a><\/div>\t\t\t<\/div>\n\t\t\t\t\t\t\t\t\t\t\t\t<div class=\"elementor-swiper-button elementor-swiper-button-prev\" role=\"button\" tabindex=\"0\">\n\t\t\t\t\t\t<i aria-hidden=\"true\" class=\"eicon-chevron-left\"><\/i>\t\t\t\t\t<\/div>\n\t\t\t\t\t<div class=\"elementor-swiper-button elementor-swiper-button-next\" role=\"button\" tabindex=\"0\">\n\t\t\t\t\t\t<i aria-hidden=\"true\" class=\"eicon-chevron-right\"><\/i>\t\t\t\t\t<\/div>\n\t\t\t\t\n\t\t\t\t\t\t\t\t\t<div class=\"swiper-pagination\"><\/div>\n\t\t\t\t\t\t\t\t\t<\/div>\n\t\t\t\t\t\t<\/div>\n\t\t\t\t<\/div>\n\t\t\t\t\t<\/div>\n\t\t<\/div>\n\t\t\t\t\t<\/div>\n\t\t<\/section>\n\t\t\t\t<\/div>\n\t\t","protected":false},"excerpt":{"rendered":"<p>Confiemos nuestras oraciones a la Inmaculada Mar\u00eda, Inmaculada, es un ser de luz. Despu\u00e9s de la primera aparici\u00f3n, Bernardita dijo: \u00abVi a una se\u00f1orita envuelta en una luz\u00bb. La vela que enciende desde la tercera aparici\u00f3n la ayuda a rezar, &hellip; <a href=\"https:\/\/www.lourdes-france.org\/es\/una-oracion-para-acompanar-la-vela\/\">Continuar<\/a><\/p>\n","protected":false},"author":21,"featured_media":732960,"comment_status":"closed","ping_status":"closed","sticky":false,"template":"","format":"standard","meta":{"_acf_changed":false,"footnotes":""},"categories":[27],"tags":[],"class_list":["post-737872","post","type-post","status-publish","format-standard","has-post-thumbnail","hentry","category-sin-categorizar"],"acf":[],"yoast_head":"<!-- This site is optimized with the Yoast SEO plugin v24.7 - https:\/\/yoast.com\/wordpress\/plugins\/seo\/ -->\n<title>Una oraci\u00f3n para acompa\u00f1ar la vela<\/title>\n<meta name=\"robots\" content=\"index, follow, max-snippet:-1, max-image-preview:large, max-video-preview:-1\" \/>\n<link rel=\"canonical\" href=\"https:\/\/www.lourdes-france.org\/es\/una-oracion-para-acompanar-la-vela\/\" \/>\n<meta name=\"twitter:label1\" content=\"Escrito por\" \/>\n\t<meta name=\"twitter:data1\" content=\"TV LOURDES\" \/>\n\t<meta name=\"twitter:label2\" content=\"Tiempo de lectura\" \/>\n\t<meta name=\"twitter:data2\" content=\"1 minuto\" \/>\n<script type=\"application\/ld+json\" class=\"yoast-schema-graph\">{\"@context\":\"https:\/\/schema.org\",\"@graph\":[{\"@type\":\"WebPage\",\"@id\":\"https:\/\/www.lourdes-france.org\/es\/una-oracion-para-acompanar-la-vela\/\",\"url\":\"https:\/\/www.lourdes-france.org\/es\/una-oracion-para-acompanar-la-vela\/\",\"name\":\"Una oraci\u00f3n para acompa\u00f1ar la vela\",\"isPartOf\":{\"@id\":\"https:\/\/preprod-lourdes.cawita.com\/#website\"},\"primaryImageOfPage\":{\"@id\":\"https:\/\/www.lourdes-france.org\/es\/una-oracion-para-acompanar-la-vela\/#primaryimage\"},\"image\":{\"@id\":\"https:\/\/www.lourdes-france.org\/es\/una-oracion-para-acompanar-la-vela\/#primaryimage\"},\"thumbnailUrl\":\"https:\/\/www.lourdes-france.org\/wp-content\/uploads\/2021\/07\/EN-AVANT-21_22-07-ambiance-chapelles-lumieres-24.jpg\",\"datePublished\":\"2021-07-26T07:02:31+00:00\",\"dateModified\":\"2026-01-29T14:18:05+00:00\",\"author\":{\"@id\":\"https:\/\/preprod-lourdes.cawita.com\/#\/schema\/person\/00e15361338ccda7ff575e7807b7ff76\"},\"breadcrumb\":{\"@id\":\"https:\/\/www.lourdes-france.org\/es\/una-oracion-para-acompanar-la-vela\/#breadcrumb\"},\"inLanguage\":\"es\",\"potentialAction\":[{\"@type\":\"ReadAction\",\"target\":[\"https:\/\/www.lourdes-france.org\/es\/una-oracion-para-acompanar-la-vela\/\"]}]},{\"@type\":\"ImageObject\",\"inLanguage\":\"es\",\"@id\":\"https:\/\/www.lourdes-france.org\/es\/una-oracion-para-acompanar-la-vela\/#primaryimage\",\"url\":\"https:\/\/www.lourdes-france.org\/wp-content\/uploads\/2021\/07\/EN-AVANT-21_22-07-ambiance-chapelles-lumieres-24.jpg\",\"contentUrl\":\"https:\/\/www.lourdes-france.org\/wp-content\/uploads\/2021\/07\/EN-AVANT-21_22-07-ambiance-chapelles-lumieres-24.jpg\",\"width\":1200,\"height\":884},{\"@type\":\"BreadcrumbList\",\"@id\":\"https:\/\/www.lourdes-france.org\/es\/una-oracion-para-acompanar-la-vela\/#breadcrumb\",\"itemListElement\":[{\"@type\":\"ListItem\",\"position\":1,\"name\":\"Accueil\",\"item\":\"https:\/\/www.lourdes-france.org\/\"},{\"@type\":\"ListItem\",\"position\":2,\"name\":\"Una oraci\u00f3n para acompa\u00f1ar la vela\"}]},{\"@type\":\"WebSite\",\"@id\":\"https:\/\/preprod-lourdes.cawita.com\/#website\",\"url\":\"https:\/\/preprod-lourdes.cawita.com\/\",\"name\":\"Soutenir le Sanctuaire Notre-Dame de Lourdes\",\"description\":\"\",\"potentialAction\":[{\"@type\":\"SearchAction\",\"target\":{\"@type\":\"EntryPoint\",\"urlTemplate\":\"https:\/\/preprod-lourdes.cawita.com\/?s={search_term_string}\"},\"query-input\":{\"@type\":\"PropertyValueSpecification\",\"valueRequired\":true,\"valueName\":\"search_term_string\"}}],\"inLanguage\":\"es\"},{\"@type\":\"Person\",\"@id\":\"https:\/\/preprod-lourdes.cawita.com\/#\/schema\/person\/00e15361338ccda7ff575e7807b7ff76\",\"name\":\"TV LOURDES\",\"image\":{\"@type\":\"ImageObject\",\"inLanguage\":\"es\",\"@id\":\"https:\/\/preprod-lourdes.cawita.com\/#\/schema\/person\/image\/\",\"url\":\"https:\/\/secure.gravatar.com\/avatar\/99ad963db01f0c73acfee4d5f94ac178?s=96&d=mm&r=g\",\"contentUrl\":\"https:\/\/secure.gravatar.com\/avatar\/99ad963db01f0c73acfee4d5f94ac178?s=96&d=mm&r=g\",\"caption\":\"TV LOURDES\"},\"url\":\"https:\/\/www.lourdes-france.org\/es\/author\/tv-lourdes\/\"}]}<\/script>\n<!-- \/ Yoast SEO plugin. -->","yoast_head_json":{"title":"Una oraci\u00f3n para acompa\u00f1ar la vela","robots":{"index":"index","follow":"follow","max-snippet":"max-snippet:-1","max-image-preview":"max-image-preview:large","max-video-preview":"max-video-preview:-1"},"canonical":"https:\/\/www.lourdes-france.org\/es\/una-oracion-para-acompanar-la-vela\/","twitter_misc":{"Escrito por":"TV LOURDES","Tiempo de lectura":"1 minuto"},"schema":{"@context":"https:\/\/schema.org","@graph":[{"@type":"WebPage","@id":"https:\/\/www.lourdes-france.org\/es\/una-oracion-para-acompanar-la-vela\/","url":"https:\/\/www.lourdes-france.org\/es\/una-oracion-para-acompanar-la-vela\/","name":"Una oraci\u00f3n para acompa\u00f1ar la vela","isPartOf":{"@id":"https:\/\/preprod-lourdes.cawita.com\/#website"},"primaryImageOfPage":{"@id":"https:\/\/www.lourdes-france.org\/es\/una-oracion-para-acompanar-la-vela\/#primaryimage"},"image":{"@id":"https:\/\/www.lourdes-france.org\/es\/una-oracion-para-acompanar-la-vela\/#primaryimage"},"thumbnailUrl":"https:\/\/www.lourdes-france.org\/wp-content\/uploads\/2021\/07\/EN-AVANT-21_22-07-ambiance-chapelles-lumieres-24.jpg","datePublished":"2021-07-26T07:02:31+00:00","dateModified":"2026-01-29T14:18:05+00:00","author":{"@id":"https:\/\/preprod-lourdes.cawita.com\/#\/schema\/person\/00e15361338ccda7ff575e7807b7ff76"},"breadcrumb":{"@id":"https:\/\/www.lourdes-france.org\/es\/una-oracion-para-acompanar-la-vela\/#breadcrumb"},"inLanguage":"es","potentialAction":[{"@type":"ReadAction","target":["https:\/\/www.lourdes-france.org\/es\/una-oracion-para-acompanar-la-vela\/"]}]},{"@type":"ImageObject","inLanguage":"es","@id":"https:\/\/www.lourdes-france.org\/es\/una-oracion-para-acompanar-la-vela\/#primaryimage","url":"https:\/\/www.lourdes-france.org\/wp-content\/uploads\/2021\/07\/EN-AVANT-21_22-07-ambiance-chapelles-lumieres-24.jpg","contentUrl":"https:\/\/www.lourdes-france.org\/wp-content\/uploads\/2021\/07\/EN-AVANT-21_22-07-ambiance-chapelles-lumieres-24.jpg","width":1200,"height":884},{"@type":"BreadcrumbList","@id":"https:\/\/www.lourdes-france.org\/es\/una-oracion-para-acompanar-la-vela\/#breadcrumb","itemListElement":[{"@type":"ListItem","position":1,"name":"Accueil","item":"https:\/\/www.lourdes-france.org\/"},{"@type":"ListItem","position":2,"name":"Una oraci\u00f3n para acompa\u00f1ar la vela"}]},{"@type":"WebSite","@id":"https:\/\/preprod-lourdes.cawita.com\/#website","url":"https:\/\/preprod-lourdes.cawita.com\/","name":"Soutenir le Sanctuaire Notre-Dame de Lourdes","description":"","potentialAction":[{"@type":"SearchAction","target":{"@type":"EntryPoint","urlTemplate":"https:\/\/preprod-lourdes.cawita.com\/?s={search_term_string}"},"query-input":{"@type":"PropertyValueSpecification","valueRequired":true,"valueName":"search_term_string"}}],"inLanguage":"es"},{"@type":"Person","@id":"https:\/\/preprod-lourdes.cawita.com\/#\/schema\/person\/00e15361338ccda7ff575e7807b7ff76","name":"TV LOURDES","image":{"@type":"ImageObject","inLanguage":"es","@id":"https:\/\/preprod-lourdes.cawita.com\/#\/schema\/person\/image\/","url":"https:\/\/secure.gravatar.com\/avatar\/99ad963db01f0c73acfee4d5f94ac178?s=96&d=mm&r=g","contentUrl":"https:\/\/secure.gravatar.com\/avatar\/99ad963db01f0c73acfee4d5f94ac178?s=96&d=mm&r=g","caption":"TV LOURDES"},"url":"https:\/\/www.lourdes-france.org\/es\/author\/tv-lourdes\/"}]}},"_links":{"self":[{"href":"https:\/\/www.lourdes-france.org\/es\/wp-json\/wp\/v2\/posts\/737872","targetHints":{"allow":["GET"]}}],"collection":[{"href":"https:\/\/www.lourdes-france.org\/es\/wp-json\/wp\/v2\/posts"}],"about":[{"href":"https:\/\/www.lourdes-france.org\/es\/wp-json\/wp\/v2\/types\/post"}],"author":[{"embeddable":true,"href":"https:\/\/www.lourdes-france.org\/es\/wp-json\/wp\/v2\/users\/21"}],"replies":[{"embeddable":true,"href":"https:\/\/www.lourdes-france.org\/es\/wp-json\/wp\/v2\/comments?post=737872"}],"version-history":[{"count":1,"href":"https:\/\/www.lourdes-france.org\/es\/wp-json\/wp\/v2\/posts\/737872\/revisions"}],"predecessor-version":[{"id":1096633,"href":"https:\/\/www.lourdes-france.org\/es\/wp-json\/wp\/v2\/posts\/737872\/revisions\/1096633"}],"wp:featuredmedia":[{"embeddable":true,"href":"https:\/\/www.lourdes-france.org\/es\/wp-json\/wp\/v2\/media\/732960"}],"wp:attachment":[{"href":"https:\/\/www.lourdes-france.org\/es\/wp-json\/wp\/v2\/media?parent=737872"}],"wp:term":[{"taxonomy":"category","embeddable":true,"href":"https:\/\/www.lourdes-france.org\/es\/wp-json\/wp\/v2\/categories?post=737872"},{"taxonomy":"post_tag","embeddable":true,"href":"https:\/\/www.lourdes-france.org\/es\/wp-json\/wp\/v2\/tags?post=737872"}],"curies":[{"name":"wp","href":"https:\/\/api.w.org\/{rel}","templated":true}]}}