{"id":131535,"date":"2019-10-22T15:00:33","date_gmt":"2019-10-22T13:00:33","guid":{"rendered":"http:\/\/www.lourdes-france.org\/mgr-olivier-ribadeau-dumas-est-nomme-recteur-du-sanctuaire-notre-dame-de-lourdes\/"},"modified":"2026-01-30T11:36:56","modified_gmt":"2026-01-30T10:36:56","slug":"mons-olivier-ribadeau-dumas-e-stato-nominato-rettore-del-santuario-nostra-signora-di-lourdes","status":"publish","type":"post","link":"https:\/\/www.lourdes-france.org\/it\/mons-olivier-ribadeau-dumas-e-stato-nominato-rettore-del-santuario-nostra-signora-di-lourdes\/","title":{"rendered":"Mons. Olivier Ribadeau Dumas \u00e8 stato nominato Rettore del Santuario Nostra Signora di Lourdes"},"content":{"rendered":"\t\t<div data-elementor-type=\"wp-post\" data-elementor-id=\"131535\" class=\"elementor elementor-131535 elementor-130005\" data-elementor-post-type=\"post\">\n\t\t\t\t\t\t<section class=\"elementor-section elementor-top-section elementor-element elementor-element-bb86a8d elementor-section-boxed elementor-section-height-default elementor-section-height-default\" data-id=\"bb86a8d\" data-element_type=\"section\">\n\t\t\t\t\t\t<div class=\"elementor-container elementor-column-gap-no\">\n\t\t\t\t\t<div class=\"elementor-column elementor-col-100 elementor-top-column elementor-element elementor-element-a3bd48d\" data-id=\"a3bd48d\" data-element_type=\"column\">\n\t\t\t<div class=\"elementor-widget-wrap elementor-element-populated\">\n\t\t\t\t\t\t<div class=\"elementor-element elementor-element-56421bf elementor-widget elementor-widget-text-editor\" data-id=\"56421bf\" data-element_type=\"widget\" data-widget_type=\"text-editor.default\">\n\t\t\t\t<div class=\"elementor-widget-container\">\n\t\t\t\t\t\t\t\t\t<h2>Nomina<\/h2>\t\t\t\t\t\t\t\t<\/div>\n\t\t\t\t<\/div>\n\t\t\t\t<div class=\"elementor-element elementor-element-42a4562 elementor-widget elementor-widget-text-editor\" data-id=\"42a4562\" data-element_type=\"widget\" data-widget_type=\"text-editor.default\">\n\t\t\t\t<div class=\"elementor-widget-container\">\n\t\t\t\t\t\t\t\t\t<p><strong>Mons. Antoine H\u00e9rouard, delegato apostolico per il Santuario di Lourdes, nomina dal 1\u00b0 ottobre 2019 Mons. Olivier Ribadeau Dumas, sacerdote della diocesi di Parigi, Rettore del Santuario Nostra Signora di Lourdes, in accordo con Mons. Michel Aupetit, arcivescovo di Parigi.<br \/><br \/><\/strong>Egli succede a Padre Andr\u00e9 Cabes, al quale Mons. Antoine H\u00e9rouard ha reso omaggio in un messaggio alla comunit\u00e0 di lavoro del Santuario: &#8220;<em>Ha dato cos\u00ec tanto di s\u00e9 stesso, con generosit\u00e0 e senso della Chiesa, per la vita di questo Santuario che gli \u00e8 molto caro<\/em>&#8220;.<\/p>\t\t\t\t\t\t\t\t<\/div>\n\t\t\t\t<\/div>\n\t\t\t\t<div class=\"elementor-element elementor-element-e9eee94 elementor-widget elementor-widget-image\" data-id=\"e9eee94\" data-element_type=\"widget\" data-widget_type=\"image.default\">\n\t\t\t\t<div class=\"elementor-widget-container\">\n\t\t\t\t\t\t\t\t\t\t\t\t<figure class=\"wp-caption\">\n\t\t\t\t\t\t\t\t\t\t<img fetchpriority=\"high\" decoding=\"async\" width=\"300\" height=\"221\" src=\"https:\/\/www.lourdes-france.org\/wp-content\/uploads\/2019\/09\/Bloc-recteur-300x221.jpg\" class=\"attachment-medium size-medium wp-image-130027\" alt=\"\" srcset=\"https:\/\/www.lourdes-france.org\/wp-content\/uploads\/2019\/09\/Bloc-recteur-300x221.jpg 300w, https:\/\/www.lourdes-france.org\/wp-content\/uploads\/2019\/09\/Bloc-recteur-380x280.jpg 380w, https:\/\/www.lourdes-france.org\/wp-content\/uploads\/2019\/09\/Bloc-recteur.jpg 760w\" sizes=\"(max-width: 300px) 100vw, 300px\" \/>\t\t\t\t\t\t\t\t\t\t\t<figcaption class=\"widget-image-caption wp-caption-text\">Mons. Olivier Ribadeau Dumas Rettore del Santuario Nostra Signora di Lourdes - \u00a9 Photo Ciric<\/figcaption>\n\t\t\t\t\t\t\t\t\t\t<\/figure>\n\t\t\t\t\t\t\t\t\t<\/div>\n\t\t\t\t<\/div>\n\t\t\t\t\t<\/div>\n\t\t<\/div>\n\t\t\t\t\t<\/div>\n\t\t<\/section>\n\t\t\t\t<section class=\"elementor-section elementor-top-section elementor-element elementor-element-28564f1 elementor-section-boxed elementor-section-height-default elementor-section-height-default\" data-id=\"28564f1\" data-element_type=\"section\">\n\t\t\t\t\t\t<div class=\"elementor-container elementor-column-gap-no\">\n\t\t\t\t\t<div class=\"elementor-column elementor-col-100 elementor-top-column elementor-element elementor-element-dceba5e\" data-id=\"dceba5e\" data-element_type=\"column\">\n\t\t\t<div class=\"elementor-widget-wrap elementor-element-populated\">\n\t\t\t\t\t\t<div class=\"elementor-element elementor-element-2d679f7 elementor-widget elementor-widget-text-editor\" data-id=\"2d679f7\" data-element_type=\"widget\" data-widget_type=\"text-editor.default\">\n\t\t\t\t<div class=\"elementor-widget-container\">\n\t\t\t\t\t\t\t\t\t<h2>La messa di installazione del <span style=\"color: #e8a700;\">nuovo rettore del Santuario di Lourdes<\/span><\/h2>\t\t\t\t\t\t\t\t<\/div>\n\t\t\t\t<\/div>\n\t\t\t\t<div class=\"elementor-element elementor-element-40493ed elementor-widget elementor-widget-text-editor\" data-id=\"40493ed\" data-element_type=\"widget\" data-widget_type=\"text-editor.default\">\n\t\t\t\t<div class=\"elementor-widget-container\">\n\t\t\t\t\t\t\t\t\t<p><strong>Il 21 ottobre, nella basilica di Nostra Signora del Rosario, Mons. Antoine H\u00e9rouard, vescovo del santuario, ha presieduto la messa di installazione di Mons. Olivier Ribadeau Dumas, rettore, che ha assunto le sue funzioni il primo ottobre 2019. <br \/><\/strong><\/p>\t\t\t\t\t\t\t\t<\/div>\n\t\t\t\t<\/div>\n\t\t\t\t<div class=\"elementor-element elementor-element-d83a175 elementor-widget elementor-widget-text-editor\" data-id=\"d83a175\" data-element_type=\"widget\" data-widget_type=\"text-editor.default\">\n\t\t\t\t<div class=\"elementor-widget-container\">\n\t\t\t\t\t\t\t\t\t<p>All&#8217;inizio della celebrazione, Mons. Olivier Ribadeau Dumas ha ripetuto il gesto, compiuto da Ges\u00f9, della lavanda dei piedi ad una decina di dipendenti o volontari in Santuario. Questo gesto ha permesso di ricordare il senso del servizio. Ges\u00f9 ci invita a lavarci i piedi gli uni gli altri. Mons. H\u00e9rouard, nella sua omelia, ci pone la domanda: \u00ab<i>Al di l\u00e0 delle buone intenzioni, siamo capaci di vivere il nostro servizio? \u00c8 mediante la fede che noi potremo trovare la forza per realizzarlo<\/i>\u00bb (Lettera di San Paolo ai Romani, capitolo 4) Il vescovo del Santuario ha poi aggiunto: \u00ab<i>Qui possiamo affidare il tutto a Maria: le nostre gioie, i nostri progetti, ma anche le nostre sofferenze. Ella consegna tutto a suo Figlio<\/i>\u00bb. Ha insistito sul rispetto che siamo chiamati ad avere verso ogni persona, \u00ab<i>Bernadette si \u00e8 sentita guardata come una person<\/i>a\u00bb. Ha richiamato soprattutto che ciascuno \u00ab<i>deve far fruttificare i suoi talenti attraverso le responsabilit\u00e0 che gli possono essere affidate e inoltre, permettere a ciascuna delle persone che qui passano, di ripartire pi\u00f9 forti<\/i>\u00bb. In questo anno, ove il tema pastorale \u00e8 \u00abBeati i poveri\u00bb, \u00ab<i>noi possiamo ritrovare l&#8217;atteggiamento stesso di Bernadette, che ha semplicemente ridetto ci\u00f2 che le era stato dato<\/i>\u00bb. Dobbiamo saper dire che qui si manifesta la tenerezza di Maria.<\/p>\t\t\t\t\t\t\t\t<\/div>\n\t\t\t\t<\/div>\n\t\t\t\t<div class=\"elementor-element elementor-element-82d4a3b elementor-widget elementor-widget-text-editor\" data-id=\"82d4a3b\" data-element_type=\"widget\" data-widget_type=\"text-editor.default\">\n\t\t\t\t<div class=\"elementor-widget-container\">\n\t\t\t\t\t\t\t\t\t<h2>\u00a0Saper accogliere <span style=\"color: #e8a700;\">i pi\u00f9 \u00abmalconci\u00bb della vita<\/span><\/h2>\t\t\t\t\t\t\t\t<\/div>\n\t\t\t\t<\/div>\n\t\t\t\t<div class=\"elementor-element elementor-element-ff7b55d elementor-widget elementor-widget-text-editor\" data-id=\"ff7b55d\" data-element_type=\"widget\" data-widget_type=\"text-editor.default\">\n\t\t\t\t<div class=\"elementor-widget-container\">\n\t\t\t\t\t\t\t\t\t<p>Mons. Olivier Ribadeau Dumas ha ridetto la sua gioia di installarsi a Lourdes, poich\u00e9 \u00ab<i>non vi \u00e8 esercizio dell&#8217;autorit\u00e0 che come servizio<\/i>\u00bb. \u00ab<i>I pellegrini sono la nostra ragion d&#8217;essere e noi dobbiamo avere a cuore di accogliere, con un&#8217;attenzione tutta particolare, i pi\u00f9 malridotti tra loro<\/i>\u00bb, ha giustamente precisato. All&#8217;inizio della messa, dopo aver letto il \u201cmandato\u201d che riconosceva le apparizioni di Maria a Bernadette, redatto da Mons. Laurence, vescovo di Tarbes, nel 1858, Mons. H\u00e9rouard ha consegnato la croce dei cappellani al nuovo rettore di Lourdes. Si \u00e8 rivolto alla comunit\u00e0 dei sacerdoti del Santuario richiamando \u00ab<i>che i sacerdoti rappresentano Cristo in ogni celebrazione<\/i>\u00bb. Il Santuario di Lourdes irradia in tutto il mondo. \u00ab<i>Noi non lavoriamo superficialmente, ma tutti illuminati dalla tenerezza di Maria. Questo servizio possiamo viverlo con una vera e propria benevolenza<\/i>\u00bb, ha aggiunto. Mons. Olivier Ribadeau Dumas desidera inoltre proseguire gli scambi con i funzionari eletti del comune di Lourdes, nonch\u00e9 con tutti i commercianti e gli albergatori, tutti uniti al servizio dei pellegrini. In conclusione, ha reso un bell&#8217;omaggio al rettorato di padre Andr\u00e9 Cabes e ha chiesto a tutti di pregare nel suo cuore per le sue intenzioni.<\/p>\t\t\t\t\t\t\t\t<\/div>\n\t\t\t\t<\/div>\n\t\t\t\t<div class=\"elementor-element elementor-element-a384807 carrousel-post elementor-arrows-position-inside elementor-pagination-position-outside elementor-widget elementor-widget-image-carousel\" data-id=\"a384807\" data-element_type=\"widget\" data-settings=\"{&quot;slides_to_show&quot;:&quot;1&quot;,&quot;navigation&quot;:&quot;both&quot;,&quot;autoplay&quot;:&quot;yes&quot;,&quot;pause_on_hover&quot;:&quot;yes&quot;,&quot;pause_on_interaction&quot;:&quot;yes&quot;,&quot;autoplay_speed&quot;:5000,&quot;infinite&quot;:&quot;yes&quot;,&quot;effect&quot;:&quot;slide&quot;,&quot;speed&quot;:500}\" data-widget_type=\"image-carousel.default\">\n\t\t\t\t<div class=\"elementor-widget-container\">\n\t\t\t\t\t\t\t<div class=\"elementor-image-carousel-wrapper swiper\" role=\"region\" aria-roledescription=\"carousel\" aria-label=\"Carosello d&#039;immagini\" dir=\"ltr\">\n\t\t\t<div class=\"elementor-image-carousel swiper-wrapper\" aria-live=\"off\">\n\t\t\t\t\t\t\t\t<div class=\"swiper-slide\" role=\"group\" aria-roledescription=\"slide\" aria-label=\"1 di 12\"><a data-elementor-open-lightbox=\"yes\" data-elementor-lightbox-slideshow=\"a384807\" data-elementor-lightbox-title=\"reduitBANDEAU-et-DIAPO_1_CHAPELAINS_GROUPE_GROTTE-7_c\" data-e-action-hash=\"#elementor-action%3Aaction%3Dlightbox%26settings%3DeyJpZCI6MTc2MzE1LCJ1cmwiOiJodHRwczpcL1wvd3d3LmxvdXJkZXMtZnJhbmNlLm9yZ1wvd3AtY29udGVudFwvdXBsb2Fkc1wvMjAxOVwvMTBcL3JlZHVpdEJBTkRFQVUtZXQtRElBUE9fMV9DSEFQRUxBSU5TX0dST1VQRV9HUk9UVEUtN19jLmpwZyIsInNsaWRlc2hvdyI6ImEzODQ4MDcifQ%3D%3D\" href=\"https:\/\/www.lourdes-france.org\/wp-content\/uploads\/2019\/10\/reduitBANDEAU-et-DIAPO_1_CHAPELAINS_GROUPE_GROTTE-7_c.jpg\"><figure class=\"swiper-slide-inner\"><img decoding=\"async\" class=\"swiper-slide-image\" src=\"https:\/\/www.lourdes-france.org\/wp-content\/uploads\/2019\/10\/reduitBANDEAU-et-DIAPO_1_CHAPELAINS_GROUPE_GROTTE-7_c-768x432.jpg\" alt=\"reduitBANDEAU-et-DIAPO_1_CHAPELAINS_GROUPE_GROTTE-7_c\" \/><\/figure><\/a><\/div><div class=\"swiper-slide\" role=\"group\" aria-roledescription=\"slide\" aria-label=\"2 di 12\"><a data-elementor-open-lightbox=\"yes\" data-elementor-lightbox-slideshow=\"a384807\" data-elementor-lightbox-title=\"reduit_2_LAVEMENT-PIEDS-_MesseInstallation-ORD-21-10-2019_c\" data-e-action-hash=\"#elementor-action%3Aaction%3Dlightbox%26settings%3DeyJpZCI6MTc2MTgzLCJ1cmwiOiJodHRwczpcL1wvd3d3LmxvdXJkZXMtZnJhbmNlLm9yZ1wvd3AtY29udGVudFwvdXBsb2Fkc1wvMjAxOVwvMTBcL3JlZHVpdF8yX0xBVkVNRU5ULVBJRURTLV9NZXNzZUluc3RhbGxhdGlvbi1PUkQtMjEtMTAtMjAxOV9jLmpwZyIsInNsaWRlc2hvdyI6ImEzODQ4MDcifQ%3D%3D\" href=\"https:\/\/www.lourdes-france.org\/wp-content\/uploads\/2019\/10\/reduit_2_LAVEMENT-PIEDS-_MesseInstallation-ORD-21-10-2019_c.jpg\"><figure class=\"swiper-slide-inner\"><img decoding=\"async\" class=\"swiper-slide-image\" src=\"https:\/\/www.lourdes-france.org\/wp-content\/uploads\/2019\/10\/reduit_2_LAVEMENT-PIEDS-_MesseInstallation-ORD-21-10-2019_c-768x512.jpg\" alt=\"reduit_2_LAVEMENT-PIEDS-_MesseInstallation-ORD-21-10-2019_c\" \/><\/figure><\/a><\/div><div class=\"swiper-slide\" role=\"group\" aria-roledescription=\"slide\" aria-label=\"3 di 12\"><a data-elementor-open-lightbox=\"yes\" data-elementor-lightbox-slideshow=\"a384807\" data-elementor-lightbox-title=\"reduit_2BIS_Lavement-pieds_messe-installation-ORD-21-10-2019_c\" data-e-action-hash=\"#elementor-action%3Aaction%3Dlightbox%26settings%3DeyJpZCI6MTc2MTk1LCJ1cmwiOiJodHRwczpcL1wvd3d3LmxvdXJkZXMtZnJhbmNlLm9yZ1wvd3AtY29udGVudFwvdXBsb2Fkc1wvMjAxOVwvMTBcL3JlZHVpdF8yQklTX0xhdmVtZW50LXBpZWRzX21lc3NlLWluc3RhbGxhdGlvbi1PUkQtMjEtMTAtMjAxOV9jLmpwZyIsInNsaWRlc2hvdyI6ImEzODQ4MDcifQ%3D%3D\" href=\"https:\/\/www.lourdes-france.org\/wp-content\/uploads\/2019\/10\/reduit_2BIS_Lavement-pieds_messe-installation-ORD-21-10-2019_c.jpg\"><figure class=\"swiper-slide-inner\"><img decoding=\"async\" class=\"swiper-slide-image\" src=\"https:\/\/www.lourdes-france.org\/wp-content\/uploads\/2019\/10\/reduit_2BIS_Lavement-pieds_messe-installation-ORD-21-10-2019_c-768x432.jpg\" alt=\"reduit_2BIS_Lavement-pieds_messe-installation-ORD-21-10-2019_c\" \/><\/figure><\/a><\/div><div class=\"swiper-slide\" role=\"group\" aria-roledescription=\"slide\" aria-label=\"4 di 12\"><a data-elementor-open-lightbox=\"yes\" data-elementor-lightbox-slideshow=\"a384807\" data-elementor-lightbox-title=\"reduit_3_CROIX-CHAPELAIN_NOUVEAU-RECTEUR-26d7_c\" data-e-action-hash=\"#elementor-action%3Aaction%3Dlightbox%26settings%3DeyJpZCI6MTc2MjA3LCJ1cmwiOiJodHRwczpcL1wvd3d3LmxvdXJkZXMtZnJhbmNlLm9yZ1wvd3AtY29udGVudFwvdXBsb2Fkc1wvMjAxOVwvMTBcL3JlZHVpdF8zX0NST0lYLUNIQVBFTEFJTl9OT1VWRUFVLVJFQ1RFVVItMjZkN19jLmpwZyIsInNsaWRlc2hvdyI6ImEzODQ4MDcifQ%3D%3D\" href=\"https:\/\/www.lourdes-france.org\/wp-content\/uploads\/2019\/10\/reduit_3_CROIX-CHAPELAIN_NOUVEAU-RECTEUR-26d7_c.jpg\"><figure class=\"swiper-slide-inner\"><img decoding=\"async\" class=\"swiper-slide-image\" src=\"https:\/\/www.lourdes-france.org\/wp-content\/uploads\/2019\/10\/reduit_3_CROIX-CHAPELAIN_NOUVEAU-RECTEUR-26d7_c-768x512.jpg\" alt=\"reduit_3_CROIX-CHAPELAIN_NOUVEAU-RECTEUR-26d7_c\" \/><\/figure><\/a><\/div><div class=\"swiper-slide\" role=\"group\" aria-roledescription=\"slide\" aria-label=\"5 di 12\"><a data-elementor-open-lightbox=\"yes\" data-elementor-lightbox-slideshow=\"a384807\" data-elementor-lightbox-title=\"reduit_4_LA-MESSE-INSTALLATION-NOUVEAU-RECTEUR-RIBADEAU-DUMAS-21-10-2019_7_c\" data-e-action-hash=\"#elementor-action%3Aaction%3Dlightbox%26settings%3DeyJpZCI6MTc2MjE5LCJ1cmwiOiJodHRwczpcL1wvd3d3LmxvdXJkZXMtZnJhbmNlLm9yZ1wvd3AtY29udGVudFwvdXBsb2Fkc1wvMjAxOVwvMTBcL3JlZHVpdF80X0xBLU1FU1NFLUlOU1RBTExBVElPTi1OT1VWRUFVLVJFQ1RFVVItUklCQURFQVUtRFVNQVMtMjEtMTAtMjAxOV83X2MuanBnIiwic2xpZGVzaG93IjoiYTM4NDgwNyJ9\" href=\"https:\/\/www.lourdes-france.org\/wp-content\/uploads\/2019\/10\/reduit_4_LA-MESSE-INSTALLATION-NOUVEAU-RECTEUR-RIBADEAU-DUMAS-21-10-2019_7_c.jpg\"><figure class=\"swiper-slide-inner\"><img decoding=\"async\" class=\"swiper-slide-image\" src=\"https:\/\/www.lourdes-france.org\/wp-content\/uploads\/2019\/10\/reduit_4_LA-MESSE-INSTALLATION-NOUVEAU-RECTEUR-RIBADEAU-DUMAS-21-10-2019_7_c-768x512.jpg\" alt=\"reduit_4_LA-MESSE-INSTALLATION-NOUVEAU-RECTEUR-RIBADEAU-DUMAS-21-10-2019_7_c\" \/><\/figure><\/a><\/div><div class=\"swiper-slide\" role=\"group\" aria-roledescription=\"slide\" aria-label=\"6 di 12\"><a data-elementor-open-lightbox=\"yes\" data-elementor-lightbox-slideshow=\"a384807\" data-elementor-lightbox-title=\"reduit_5_MesseInstallationRIBADEAU-DUMAS-21-oct2019_7bbf873cff_c\" data-e-action-hash=\"#elementor-action%3Aaction%3Dlightbox%26settings%3DeyJpZCI6MTc2MjMxLCJ1cmwiOiJodHRwczpcL1wvd3d3LmxvdXJkZXMtZnJhbmNlLm9yZ1wvd3AtY29udGVudFwvdXBsb2Fkc1wvMjAxOVwvMTBcL3JlZHVpdF81X01lc3NlSW5zdGFsbGF0aW9uUklCQURFQVUtRFVNQVMtMjEtb2N0MjAxOV83YmJmODczY2ZmX2MuanBnIiwic2xpZGVzaG93IjoiYTM4NDgwNyJ9\" href=\"https:\/\/www.lourdes-france.org\/wp-content\/uploads\/2019\/10\/reduit_5_MesseInstallationRIBADEAU-DUMAS-21-oct2019_7bbf873cff_c.jpg\"><figure class=\"swiper-slide-inner\"><img decoding=\"async\" class=\"swiper-slide-image\" src=\"https:\/\/www.lourdes-france.org\/wp-content\/uploads\/2019\/10\/reduit_5_MesseInstallationRIBADEAU-DUMAS-21-oct2019_7bbf873cff_c-768x432.jpg\" alt=\"reduit_5_MesseInstallationRIBADEAU-DUMAS-21-oct2019_7bbf873cff_c\" \/><\/figure><\/a><\/div><div class=\"swiper-slide\" role=\"group\" aria-roledescription=\"slide\" aria-label=\"7 di 12\"><a data-elementor-open-lightbox=\"yes\" data-elementor-lightbox-slideshow=\"a384807\" data-elementor-lightbox-title=\"reduit_6_MESSE-21-OCT-2019-Installation-ORD-ELEVATION_7268538d44_c\" data-e-action-hash=\"#elementor-action%3Aaction%3Dlightbox%26settings%3DeyJpZCI6MTc2MjQzLCJ1cmwiOiJodHRwczpcL1wvd3d3LmxvdXJkZXMtZnJhbmNlLm9yZ1wvd3AtY29udGVudFwvdXBsb2Fkc1wvMjAxOVwvMTBcL3JlZHVpdF82X01FU1NFLTIxLU9DVC0yMDE5LUluc3RhbGxhdGlvbi1PUkQtRUxFVkFUSU9OXzcyNjg1MzhkNDRfYy5qcGciLCJzbGlkZXNob3ciOiJhMzg0ODA3In0%3D\" href=\"https:\/\/www.lourdes-france.org\/wp-content\/uploads\/2019\/10\/reduit_6_MESSE-21-OCT-2019-Installation-ORD-ELEVATION_7268538d44_c.jpg\"><figure class=\"swiper-slide-inner\"><img decoding=\"async\" class=\"swiper-slide-image\" src=\"https:\/\/www.lourdes-france.org\/wp-content\/uploads\/2019\/10\/reduit_6_MESSE-21-OCT-2019-Installation-ORD-ELEVATION_7268538d44_c.jpg\" alt=\"reduit_6_MESSE-21-OCT-2019-Installation-ORD-ELEVATION_7268538d44_c\" \/><\/figure><\/a><\/div><div class=\"swiper-slide\" role=\"group\" aria-roledescription=\"slide\" aria-label=\"8 di 12\"><a data-elementor-open-lightbox=\"yes\" data-elementor-lightbox-slideshow=\"a384807\" data-elementor-lightbox-title=\"reduit_7_MesseInstallation_RibadeauDumas_21_10_2019_3ca_c\" data-e-action-hash=\"#elementor-action%3Aaction%3Dlightbox%26settings%3DeyJpZCI6MTc2MjU1LCJ1cmwiOiJodHRwczpcL1wvd3d3LmxvdXJkZXMtZnJhbmNlLm9yZ1wvd3AtY29udGVudFwvdXBsb2Fkc1wvMjAxOVwvMTBcL3JlZHVpdF83X01lc3NlSW5zdGFsbGF0aW9uX1JpYmFkZWF1RHVtYXNfMjFfMTBfMjAxOV8zY2FfYy5qcGciLCJzbGlkZXNob3ciOiJhMzg0ODA3In0%3D\" href=\"https:\/\/www.lourdes-france.org\/wp-content\/uploads\/2019\/10\/reduit_7_MesseInstallation_RibadeauDumas_21_10_2019_3ca_c.jpg\"><figure class=\"swiper-slide-inner\"><img decoding=\"async\" class=\"swiper-slide-image\" src=\"https:\/\/www.lourdes-france.org\/wp-content\/uploads\/2019\/10\/reduit_7_MesseInstallation_RibadeauDumas_21_10_2019_3ca_c-768x512.jpg\" alt=\"reduit_7_MesseInstallation_RibadeauDumas_21_10_2019_3ca_c\" \/><\/figure><\/a><\/div><div class=\"swiper-slide\" role=\"group\" aria-roledescription=\"slide\" aria-label=\"9 di 12\"><a data-elementor-open-lightbox=\"yes\" data-elementor-lightbox-slideshow=\"a384807\" data-elementor-lightbox-title=\"reduit_8_ORD-COMMUNION-21-10-2019_c\" data-e-action-hash=\"#elementor-action%3Aaction%3Dlightbox%26settings%3DeyJpZCI6MTc2MjY3LCJ1cmwiOiJodHRwczpcL1wvd3d3LmxvdXJkZXMtZnJhbmNlLm9yZ1wvd3AtY29udGVudFwvdXBsb2Fkc1wvMjAxOVwvMTBcL3JlZHVpdF84X09SRC1DT01NVU5JT04tMjEtMTAtMjAxOV9jLmpwZyIsInNsaWRlc2hvdyI6ImEzODQ4MDcifQ%3D%3D\" href=\"https:\/\/www.lourdes-france.org\/wp-content\/uploads\/2019\/10\/reduit_8_ORD-COMMUNION-21-10-2019_c.jpg\"><figure class=\"swiper-slide-inner\"><img decoding=\"async\" class=\"swiper-slide-image\" src=\"https:\/\/www.lourdes-france.org\/wp-content\/uploads\/2019\/10\/reduit_8_ORD-COMMUNION-21-10-2019_c-768x512.jpg\" alt=\"reduit_8_ORD-COMMUNION-21-10-2019_c\" \/><\/figure><\/a><\/div><div class=\"swiper-slide\" role=\"group\" aria-roledescription=\"slide\" aria-label=\"10 di 12\"><a data-elementor-open-lightbox=\"yes\" data-elementor-lightbox-slideshow=\"a384807\" data-elementor-lightbox-title=\"reduit_9_RIBADEAU_DUMAS_Communion_c\" data-e-action-hash=\"#elementor-action%3Aaction%3Dlightbox%26settings%3DeyJpZCI6MTc2Mjc5LCJ1cmwiOiJodHRwczpcL1wvd3d3LmxvdXJkZXMtZnJhbmNlLm9yZ1wvd3AtY29udGVudFwvdXBsb2Fkc1wvMjAxOVwvMTBcL3JlZHVpdF85X1JJQkFERUFVX0RVTUFTX0NvbW11bmlvbl9jLmpwZyIsInNsaWRlc2hvdyI6ImEzODQ4MDcifQ%3D%3D\" href=\"https:\/\/www.lourdes-france.org\/wp-content\/uploads\/2019\/10\/reduit_9_RIBADEAU_DUMAS_Communion_c.jpg\"><figure class=\"swiper-slide-inner\"><img decoding=\"async\" class=\"swiper-slide-image\" src=\"https:\/\/www.lourdes-france.org\/wp-content\/uploads\/2019\/10\/reduit_9_RIBADEAU_DUMAS_Communion_c-768x432.jpg\" alt=\"reduit_9_RIBADEAU_DUMAS_Communion_c\" \/><\/figure><\/a><\/div><div class=\"swiper-slide\" role=\"group\" aria-roledescription=\"slide\" aria-label=\"11 di 12\"><a data-elementor-open-lightbox=\"yes\" data-elementor-lightbox-slideshow=\"a384807\" data-elementor-lightbox-title=\"reduit_10_ORD_GROTTE_4498e5827b_c\" data-e-action-hash=\"#elementor-action%3Aaction%3Dlightbox%26settings%3DeyJpZCI6MTc2MjkxLCJ1cmwiOiJodHRwczpcL1wvd3d3LmxvdXJkZXMtZnJhbmNlLm9yZ1wvd3AtY29udGVudFwvdXBsb2Fkc1wvMjAxOVwvMTBcL3JlZHVpdF8xMF9PUkRfR1JPVFRFXzQ0OThlNTgyN2JfYy5qcGciLCJzbGlkZXNob3ciOiJhMzg0ODA3In0%3D\" href=\"https:\/\/www.lourdes-france.org\/wp-content\/uploads\/2019\/10\/reduit_10_ORD_GROTTE_4498e5827b_c.jpg\"><figure class=\"swiper-slide-inner\"><img decoding=\"async\" class=\"swiper-slide-image\" src=\"https:\/\/www.lourdes-france.org\/wp-content\/uploads\/2019\/10\/reduit_10_ORD_GROTTE_4498e5827b_c-768x512.jpg\" alt=\"reduit_10_ORD_GROTTE_4498e5827b_c\" \/><\/figure><\/a><\/div><div class=\"swiper-slide\" role=\"group\" aria-roledescription=\"slide\" aria-label=\"12 di 12\"><a data-elementor-open-lightbox=\"yes\" data-elementor-lightbox-slideshow=\"a384807\" data-elementor-lightbox-title=\"reduit_11_ORD-GROTTE_4d3712ebe0_c\" data-e-action-hash=\"#elementor-action%3Aaction%3Dlightbox%26settings%3DeyJpZCI6MTc2MzAzLCJ1cmwiOiJodHRwczpcL1wvd3d3LmxvdXJkZXMtZnJhbmNlLm9yZ1wvd3AtY29udGVudFwvdXBsb2Fkc1wvMjAxOVwvMTBcL3JlZHVpdF8xMV9PUkQtR1JPVFRFXzRkMzcxMmViZTBfYy5qcGciLCJzbGlkZXNob3ciOiJhMzg0ODA3In0%3D\" href=\"https:\/\/www.lourdes-france.org\/wp-content\/uploads\/2019\/10\/reduit_11_ORD-GROTTE_4d3712ebe0_c.jpg\"><figure class=\"swiper-slide-inner\"><img decoding=\"async\" class=\"swiper-slide-image\" src=\"https:\/\/www.lourdes-france.org\/wp-content\/uploads\/2019\/10\/reduit_11_ORD-GROTTE_4d3712ebe0_c-768x512.jpg\" alt=\"reduit_11_ORD-GROTTE_4d3712ebe0_c\" \/><\/figure><\/a><\/div>\t\t\t<\/div>\n\t\t\t\t\t\t\t\t\t\t\t\t<div class=\"elementor-swiper-button elementor-swiper-button-prev\" role=\"button\" tabindex=\"0\">\n\t\t\t\t\t\t<i aria-hidden=\"true\" class=\"eicon-chevron-left\"><\/i>\t\t\t\t\t<\/div>\n\t\t\t\t\t<div class=\"elementor-swiper-button elementor-swiper-button-next\" role=\"button\" tabindex=\"0\">\n\t\t\t\t\t\t<i aria-hidden=\"true\" class=\"eicon-chevron-right\"><\/i>\t\t\t\t\t<\/div>\n\t\t\t\t\n\t\t\t\t\t\t\t\t\t<div class=\"swiper-pagination\"><\/div>\n\t\t\t\t\t\t\t\t\t<\/div>\n\t\t\t\t\t\t<\/div>\n\t\t\t\t<\/div>\n\t\t\t\t\t<\/div>\n\t\t<\/div>\n\t\t\t\t\t<\/div>\n\t\t<\/section>\n\t\t\t\t<\/div>\n\t\t","protected":false},"excerpt":{"rendered":"<p>Nomina Mons. Antoine H\u00e9rouard, delegato apostolico per il Santuario di Lourdes, nomina dal 1\u00b0 ottobre 2019 Mons. Olivier Ribadeau Dumas, sacerdote della diocesi di Parigi, Rettore del Santuario Nostra Signora di Lourdes, in accordo con Mons. Michel Aupetit, arcivescovo di &hellip; <a href=\"https:\/\/www.lourdes-france.org\/it\/mons-olivier-ribadeau-dumas-e-stato-nominato-rettore-del-santuario-nostra-signora-di-lourdes\/\">Continua<\/a><\/p>\n","protected":false},"author":21,"featured_media":130027,"comment_status":"closed","ping_status":"closed","sticky":false,"template":"","format":"standard","meta":{"_acf_changed":false,"footnotes":""},"categories":[28,80],"tags":[],"class_list":["post-131535","post","type-post","status-publish","format-standard","has-post-thumbnail","hentry","category-non-categorizzato","category-en-ce-moment-it"],"acf":[],"yoast_head":"<!-- This site is optimized with the Yoast SEO plugin v24.7 - https:\/\/yoast.com\/wordpress\/plugins\/seo\/ -->\n<title>Mons. Olivier Ribadeau Dumas \u00e8 stato nominato Rettore del Santuario Nostra Signora di Lourdes<\/title>\n<meta name=\"robots\" content=\"index, follow, max-snippet:-1, max-image-preview:large, max-video-preview:-1\" \/>\n<link rel=\"canonical\" href=\"https:\/\/www.lourdes-france.org\/it\/mons-olivier-ribadeau-dumas-e-stato-nominato-rettore-del-santuario-nostra-signora-di-lourdes\/\" \/>\n<meta name=\"twitter:label1\" content=\"Scritto da\" \/>\n\t<meta name=\"twitter:data1\" content=\"TV LOURDES\" \/>\n\t<meta name=\"twitter:label2\" content=\"Tempo di lettura stimato\" \/>\n\t<meta name=\"twitter:data2\" content=\"3 minuti\" \/>\n<script type=\"application\/ld+json\" class=\"yoast-schema-graph\">{\"@context\":\"https:\/\/schema.org\",\"@graph\":[{\"@type\":\"WebPage\",\"@id\":\"https:\/\/www.lourdes-france.org\/it\/mons-olivier-ribadeau-dumas-e-stato-nominato-rettore-del-santuario-nostra-signora-di-lourdes\/\",\"url\":\"https:\/\/www.lourdes-france.org\/it\/mons-olivier-ribadeau-dumas-e-stato-nominato-rettore-del-santuario-nostra-signora-di-lourdes\/\",\"name\":\"Mons. Olivier Ribadeau Dumas \u00e8 stato nominato Rettore del Santuario Nostra Signora di Lourdes\",\"isPartOf\":{\"@id\":\"https:\/\/preprod-lourdes.cawita.com\/#website\"},\"primaryImageOfPage\":{\"@id\":\"https:\/\/www.lourdes-france.org\/it\/mons-olivier-ribadeau-dumas-e-stato-nominato-rettore-del-santuario-nostra-signora-di-lourdes\/#primaryimage\"},\"image\":{\"@id\":\"https:\/\/www.lourdes-france.org\/it\/mons-olivier-ribadeau-dumas-e-stato-nominato-rettore-del-santuario-nostra-signora-di-lourdes\/#primaryimage\"},\"thumbnailUrl\":\"https:\/\/www.lourdes-france.org\/wp-content\/uploads\/2019\/09\/Bloc-recteur.jpg\",\"datePublished\":\"2019-10-22T13:00:33+00:00\",\"dateModified\":\"2026-01-30T10:36:56+00:00\",\"author\":{\"@id\":\"https:\/\/preprod-lourdes.cawita.com\/#\/schema\/person\/00e15361338ccda7ff575e7807b7ff76\"},\"breadcrumb\":{\"@id\":\"https:\/\/www.lourdes-france.org\/it\/mons-olivier-ribadeau-dumas-e-stato-nominato-rettore-del-santuario-nostra-signora-di-lourdes\/#breadcrumb\"},\"inLanguage\":\"it-IT\",\"potentialAction\":[{\"@type\":\"ReadAction\",\"target\":[\"https:\/\/www.lourdes-france.org\/it\/mons-olivier-ribadeau-dumas-e-stato-nominato-rettore-del-santuario-nostra-signora-di-lourdes\/\"]}]},{\"@type\":\"ImageObject\",\"inLanguage\":\"it-IT\",\"@id\":\"https:\/\/www.lourdes-france.org\/it\/mons-olivier-ribadeau-dumas-e-stato-nominato-rettore-del-santuario-nostra-signora-di-lourdes\/#primaryimage\",\"url\":\"https:\/\/www.lourdes-france.org\/wp-content\/uploads\/2019\/09\/Bloc-recteur.jpg\",\"contentUrl\":\"https:\/\/www.lourdes-france.org\/wp-content\/uploads\/2019\/09\/Bloc-recteur.jpg\",\"width\":760,\"height\":560},{\"@type\":\"BreadcrumbList\",\"@id\":\"https:\/\/www.lourdes-france.org\/it\/mons-olivier-ribadeau-dumas-e-stato-nominato-rettore-del-santuario-nostra-signora-di-lourdes\/#breadcrumb\",\"itemListElement\":[{\"@type\":\"ListItem\",\"position\":1,\"name\":\"Accueil\",\"item\":\"https:\/\/www.lourdes-france.org\/\"},{\"@type\":\"ListItem\",\"position\":2,\"name\":\"Mons. Olivier Ribadeau Dumas \u00e8 stato nominato Rettore del Santuario Nostra Signora di Lourdes\"}]},{\"@type\":\"WebSite\",\"@id\":\"https:\/\/preprod-lourdes.cawita.com\/#website\",\"url\":\"https:\/\/preprod-lourdes.cawita.com\/\",\"name\":\"Soutenir le Sanctuaire Notre-Dame de Lourdes\",\"description\":\"\",\"potentialAction\":[{\"@type\":\"SearchAction\",\"target\":{\"@type\":\"EntryPoint\",\"urlTemplate\":\"https:\/\/preprod-lourdes.cawita.com\/?s={search_term_string}\"},\"query-input\":{\"@type\":\"PropertyValueSpecification\",\"valueRequired\":true,\"valueName\":\"search_term_string\"}}],\"inLanguage\":\"it-IT\"},{\"@type\":\"Person\",\"@id\":\"https:\/\/preprod-lourdes.cawita.com\/#\/schema\/person\/00e15361338ccda7ff575e7807b7ff76\",\"name\":\"TV LOURDES\",\"image\":{\"@type\":\"ImageObject\",\"inLanguage\":\"it-IT\",\"@id\":\"https:\/\/preprod-lourdes.cawita.com\/#\/schema\/person\/image\/\",\"url\":\"https:\/\/secure.gravatar.com\/avatar\/99ad963db01f0c73acfee4d5f94ac178?s=96&d=mm&r=g\",\"contentUrl\":\"https:\/\/secure.gravatar.com\/avatar\/99ad963db01f0c73acfee4d5f94ac178?s=96&d=mm&r=g\",\"caption\":\"TV LOURDES\"},\"url\":\"https:\/\/www.lourdes-france.org\/it\/author\/tv-lourdes\/\"}]}<\/script>\n<!-- \/ Yoast SEO plugin. -->","yoast_head_json":{"title":"Mons. Olivier Ribadeau Dumas \u00e8 stato nominato Rettore del Santuario Nostra Signora di Lourdes","robots":{"index":"index","follow":"follow","max-snippet":"max-snippet:-1","max-image-preview":"max-image-preview:large","max-video-preview":"max-video-preview:-1"},"canonical":"https:\/\/www.lourdes-france.org\/it\/mons-olivier-ribadeau-dumas-e-stato-nominato-rettore-del-santuario-nostra-signora-di-lourdes\/","twitter_misc":{"Scritto da":"TV LOURDES","Tempo di lettura stimato":"3 minuti"},"schema":{"@context":"https:\/\/schema.org","@graph":[{"@type":"WebPage","@id":"https:\/\/www.lourdes-france.org\/it\/mons-olivier-ribadeau-dumas-e-stato-nominato-rettore-del-santuario-nostra-signora-di-lourdes\/","url":"https:\/\/www.lourdes-france.org\/it\/mons-olivier-ribadeau-dumas-e-stato-nominato-rettore-del-santuario-nostra-signora-di-lourdes\/","name":"Mons. Olivier Ribadeau Dumas \u00e8 stato nominato Rettore del Santuario Nostra Signora di Lourdes","isPartOf":{"@id":"https:\/\/preprod-lourdes.cawita.com\/#website"},"primaryImageOfPage":{"@id":"https:\/\/www.lourdes-france.org\/it\/mons-olivier-ribadeau-dumas-e-stato-nominato-rettore-del-santuario-nostra-signora-di-lourdes\/#primaryimage"},"image":{"@id":"https:\/\/www.lourdes-france.org\/it\/mons-olivier-ribadeau-dumas-e-stato-nominato-rettore-del-santuario-nostra-signora-di-lourdes\/#primaryimage"},"thumbnailUrl":"https:\/\/www.lourdes-france.org\/wp-content\/uploads\/2019\/09\/Bloc-recteur.jpg","datePublished":"2019-10-22T13:00:33+00:00","dateModified":"2026-01-30T10:36:56+00:00","author":{"@id":"https:\/\/preprod-lourdes.cawita.com\/#\/schema\/person\/00e15361338ccda7ff575e7807b7ff76"},"breadcrumb":{"@id":"https:\/\/www.lourdes-france.org\/it\/mons-olivier-ribadeau-dumas-e-stato-nominato-rettore-del-santuario-nostra-signora-di-lourdes\/#breadcrumb"},"inLanguage":"it-IT","potentialAction":[{"@type":"ReadAction","target":["https:\/\/www.lourdes-france.org\/it\/mons-olivier-ribadeau-dumas-e-stato-nominato-rettore-del-santuario-nostra-signora-di-lourdes\/"]}]},{"@type":"ImageObject","inLanguage":"it-IT","@id":"https:\/\/www.lourdes-france.org\/it\/mons-olivier-ribadeau-dumas-e-stato-nominato-rettore-del-santuario-nostra-signora-di-lourdes\/#primaryimage","url":"https:\/\/www.lourdes-france.org\/wp-content\/uploads\/2019\/09\/Bloc-recteur.jpg","contentUrl":"https:\/\/www.lourdes-france.org\/wp-content\/uploads\/2019\/09\/Bloc-recteur.jpg","width":760,"height":560},{"@type":"BreadcrumbList","@id":"https:\/\/www.lourdes-france.org\/it\/mons-olivier-ribadeau-dumas-e-stato-nominato-rettore-del-santuario-nostra-signora-di-lourdes\/#breadcrumb","itemListElement":[{"@type":"ListItem","position":1,"name":"Accueil","item":"https:\/\/www.lourdes-france.org\/"},{"@type":"ListItem","position":2,"name":"Mons. Olivier Ribadeau Dumas \u00e8 stato nominato Rettore del Santuario Nostra Signora di Lourdes"}]},{"@type":"WebSite","@id":"https:\/\/preprod-lourdes.cawita.com\/#website","url":"https:\/\/preprod-lourdes.cawita.com\/","name":"Soutenir le Sanctuaire Notre-Dame de Lourdes","description":"","potentialAction":[{"@type":"SearchAction","target":{"@type":"EntryPoint","urlTemplate":"https:\/\/preprod-lourdes.cawita.com\/?s={search_term_string}"},"query-input":{"@type":"PropertyValueSpecification","valueRequired":true,"valueName":"search_term_string"}}],"inLanguage":"it-IT"},{"@type":"Person","@id":"https:\/\/preprod-lourdes.cawita.com\/#\/schema\/person\/00e15361338ccda7ff575e7807b7ff76","name":"TV LOURDES","image":{"@type":"ImageObject","inLanguage":"it-IT","@id":"https:\/\/preprod-lourdes.cawita.com\/#\/schema\/person\/image\/","url":"https:\/\/secure.gravatar.com\/avatar\/99ad963db01f0c73acfee4d5f94ac178?s=96&d=mm&r=g","contentUrl":"https:\/\/secure.gravatar.com\/avatar\/99ad963db01f0c73acfee4d5f94ac178?s=96&d=mm&r=g","caption":"TV LOURDES"},"url":"https:\/\/www.lourdes-france.org\/it\/author\/tv-lourdes\/"}]}},"_links":{"self":[{"href":"https:\/\/www.lourdes-france.org\/it\/wp-json\/wp\/v2\/posts\/131535","targetHints":{"allow":["GET"]}}],"collection":[{"href":"https:\/\/www.lourdes-france.org\/it\/wp-json\/wp\/v2\/posts"}],"about":[{"href":"https:\/\/www.lourdes-france.org\/it\/wp-json\/wp\/v2\/types\/post"}],"author":[{"embeddable":true,"href":"https:\/\/www.lourdes-france.org\/it\/wp-json\/wp\/v2\/users\/21"}],"replies":[{"embeddable":true,"href":"https:\/\/www.lourdes-france.org\/it\/wp-json\/wp\/v2\/comments?post=131535"}],"version-history":[{"count":6,"href":"https:\/\/www.lourdes-france.org\/it\/wp-json\/wp\/v2\/posts\/131535\/revisions"}],"predecessor-version":[{"id":176931,"href":"https:\/\/www.lourdes-france.org\/it\/wp-json\/wp\/v2\/posts\/131535\/revisions\/176931"}],"wp:featuredmedia":[{"embeddable":true,"href":"https:\/\/www.lourdes-france.org\/it\/wp-json\/wp\/v2\/media\/130027"}],"wp:attachment":[{"href":"https:\/\/www.lourdes-france.org\/it\/wp-json\/wp\/v2\/media?parent=131535"}],"wp:term":[{"taxonomy":"category","embeddable":true,"href":"https:\/\/www.lourdes-france.org\/it\/wp-json\/wp\/v2\/categories?post=131535"},{"taxonomy":"post_tag","embeddable":true,"href":"https:\/\/www.lourdes-france.org\/it\/wp-json\/wp\/v2\/tags?post=131535"}],"curies":[{"name":"wp","href":"https:\/\/api.w.org\/{rel}","templated":true}]}}