{"id":18355,"date":"2018-10-22T09:00:53","date_gmt":"2018-10-22T07:00:53","guid":{"rendered":"https:\/\/www.lourdes-france.org\/comment-je-suis-devenu-hospitalier-de-lourdes\/"},"modified":"2026-01-30T11:47:48","modified_gmt":"2026-01-30T10:47:48","slug":"come-sono-diventato-hospitalier-di-lourdes","status":"publish","type":"post","link":"https:\/\/www.lourdes-france.org\/it\/come-sono-diventato-hospitalier-di-lourdes\/","title":{"rendered":"Come sono diventato hospitalier di Lourdes"},"content":{"rendered":"\t\t<div data-elementor-type=\"wp-post\" data-elementor-id=\"18355\" class=\"elementor elementor-18355 elementor-18291 elementor-bc-flex-widget\" data-elementor-post-type=\"post\">\n\t\t\t\t\t\t<section class=\"elementor-section elementor-top-section elementor-element elementor-element-368b08a3 elementor-section-boxed elementor-section-height-default elementor-section-height-default\" data-id=\"368b08a3\" data-element_type=\"section\">\n\t\t\t\t\t\t<div class=\"elementor-container elementor-column-gap-no\">\n\t\t\t\t\t<div class=\"elementor-column elementor-col-100 elementor-top-column elementor-element elementor-element-2bcad9fa\" data-id=\"2bcad9fa\" data-element_type=\"column\">\n\t\t\t<div class=\"elementor-widget-wrap elementor-element-populated\">\n\t\t\t\t\t\t<div class=\"elementor-element elementor-element-52058b9e elementor-widget elementor-widget-spacer\" data-id=\"52058b9e\" data-element_type=\"widget\" data-widget_type=\"spacer.default\">\n\t\t\t\t<div class=\"elementor-widget-container\">\n\t\t\t\t\t\t\t<div class=\"elementor-spacer\">\n\t\t\t<div class=\"elementor-spacer-inner\"><\/div>\n\t\t<\/div>\n\t\t\t\t\t\t<\/div>\n\t\t\t\t<\/div>\n\t\t\t\t<div class=\"elementor-element elementor-element-23043fd6 elementor-widget elementor-widget-text-editor\" data-id=\"23043fd6\" data-element_type=\"widget\" data-widget_type=\"text-editor.default\">\n\t\t\t\t<div class=\"elementor-widget-container\">\n\t\t\t\t\t\t\t\t\t<p>\u201cEro solito pregare, ma le mie preghiere non sono mai state esaudite. Nel mio spirito di bambino mi sono detto: Cristo, come tutti gli uomini, non \u00e8 gentile. Quindi ho pregato Maria perch\u00e9 le mamme amano i bambini.<\/p>\t\t\t\t\t\t\t\t<\/div>\n\t\t\t\t<\/div>\n\t\t\t\t<div class=\"elementor-element elementor-element-7aadc79 elementor-widget elementor-widget-text-editor\" data-id=\"7aadc79\" data-element_type=\"widget\" data-widget_type=\"text-editor.default\">\n\t\t\t\t<div class=\"elementor-widget-container\">\n\t\t\t\t\t\t\t\t\t<p>Mi sono sposato e ho avuto 3 figli. Mia moglie si \u00e8 ammalata. Avevo sentito vagamente parlare di Lourdes. Ho deciso di andarci con la mia famiglia (un po\u2019 da turista, \u00e8 vero, con una videocamera e una macchina fotografica). Alla Grotta seguivamo i pellegrini sotto la roccia. Mio figlio e mia moglie stavano camminando davanti a me. Nel mezzo della Grotta, \u00e8 successo qualcosa di molto forte ed improvviso. Un&#8217;intensa emozione ha invaso il mio corpo, la mia mente e le lacrime sono fluite dagli occhi senza che potessi fermarle. Non ho capito perch\u00e9. Appena uscito dalla Grotta, tutto \u00e8 scomparso all&#8217;improvviso com\u2019era iniziato. Ho fatto finta di filmare in modo da nascondere gli occhi. Ancora oggi, non so cosa sia successo. Mi sono persino chiesto se non fossi disturbato o stanco. La sera stessa siamo tornati a casa.<\/p>\t\t\t\t\t\t\t\t<\/div>\n\t\t\t\t<\/div>\n\t\t\t\t<div class=\"elementor-element elementor-element-e4dc0ea elementor-widget elementor-widget-text-editor\" data-id=\"e4dc0ea\" data-element_type=\"widget\" data-widget_type=\"text-editor.default\">\n\t\t\t\t<div class=\"elementor-widget-container\">\n\t\t\t\t\t\t\t\t\t<p>Nel corso del tempo qualcosa di profondo stava crescendo dentro di me: una forza che mi spingeva a fare qualcosa ma che cosa? Ho quindi cercato: si trattava di sollievo cattolico, di conforto del cuore, di suggestione popolare? Sentivo che non era nulla di tutto ci\u00f2. Un pomeriggio, ripensando a Lourdes, ho cercato un sito. Ho visto che si poteva servire nel santuario. Ho subito capito che avevo trovato la cosa giusta. Sono divenuto hospitalier. Ho fatto la mia prima comunione alla Cattedrale di San Giovanni a Perpignan. Poi, alla mia nipotina di 7 anni, \u00e8 stata diagnosticata la leucemia. In un secondo, la nostra vita \u00e8 stata sconvolta. Avevo chiesto spesso al Signore di non mettere alla prova la mia fede perch\u00e9 non sapevo come avrei reagito. Impotenti, il nostro unico modo per combattere \u00e8 stato quello di pregare, pregare di nuovo. Un pomeriggio, nella stanza di mia figlia, ho recitato una preghiera. Nel mezzo, bisogna fare un segno della croce. La mia bambina era seduta sul suo letto, non poteva vedermi. Mentre mi segnavo, ha guardato il soffitto e ha detto tre volte: &#8220;Ges\u00f9&#8221;. Si \u00e8 subito rimessa a giocare come se nulla fosse accaduto. Ho finito la mia preghiera e non ho osato chiederle cosa avesse visto. Oggi sta meglio e continua la sua chemio. Non sono in grado di dire o capire cosa sia successo, ma voglio credere che l&#8217;Altissimo ci abbia concesso una grazia.<br \/><strong>Pierre (Francia)<\/strong><\/p>\t\t\t\t\t\t\t\t<\/div>\n\t\t\t\t<\/div>\n\t\t\t\t<div class=\"elementor-element elementor-element-1a266dd elementor-widget elementor-widget-image\" data-id=\"1a266dd\" data-element_type=\"widget\" data-widget_type=\"image.default\">\n\t\t\t\t<div class=\"elementor-widget-container\">\n\t\t\t\t\t\t\t\t\t\t\t\t\t\t\t\t<a href=\"https:\/\/www.lourdes-france.org\/wp-content\/uploads\/2018\/10\/PierreRodriguez_JournalGraces_DR-1.jpg\" data-elementor-open-lightbox=\"yes\" data-elementor-lightbox-title=\"PierreRodriguez_JournalGraces_DR\" data-e-action-hash=\"#elementor-action%3Aaction%3Dlightbox%26settings%3DeyJpZCI6MTgzMzUsInVybCI6Imh0dHBzOlwvXC93d3cubG91cmRlcy1mcmFuY2Uub3JnXC93cC1jb250ZW50XC91cGxvYWRzXC8yMDE4XC8xMFwvUGllcnJlUm9kcmlndWV6X0pvdXJuYWxHcmFjZXNfRFItMS5qcGcifQ%3D%3D\">\n\t\t\t\t\t\t\t<img decoding=\"async\" src=\"https:\/\/www.lourdes-france.org\/wp-content\/uploads\/elementor\/thumbs\/PierreRodriguez_JournalGraces_DR-1-p61bvy1t1f8erp1zuoxm0tlrucec2j6qv9lv9m9enk.jpg\" title=\"PierreRodriguez_JournalGraces_DR\" alt=\"PierreRodriguez_JournalGraces_DR\" loading=\"lazy\" \/>\t\t\t\t\t\t\t\t<\/a>\n\t\t\t\t\t\t\t\t\t\t\t\t\t\t\t<\/div>\n\t\t\t\t<\/div>\n\t\t\t\t<div class=\"elementor-element elementor-element-7b7a1fb elementor-widget elementor-widget-text-editor\" data-id=\"7b7a1fb\" data-element_type=\"widget\" data-widget_type=\"text-editor.default\">\n\t\t\t\t<div class=\"elementor-widget-container\">\n\t\t\t\t\t\t\t\t\t<p>Pierrre Rodriguez a Lourdes<\/p>\t\t\t\t\t\t\t\t<\/div>\n\t\t\t\t<\/div>\n\t\t\t\t<div class=\"elementor-element elementor-element-73e247b elementor-widget elementor-widget-spacer\" data-id=\"73e247b\" data-element_type=\"widget\" data-widget_type=\"spacer.default\">\n\t\t\t\t<div class=\"elementor-widget-container\">\n\t\t\t\t\t\t\t<div class=\"elementor-spacer\">\n\t\t\t<div class=\"elementor-spacer-inner\"><\/div>\n\t\t<\/div>\n\t\t\t\t\t\t<\/div>\n\t\t\t\t<\/div>\n\t\t\t\t\t<\/div>\n\t\t<\/div>\n\t\t\t\t\t<\/div>\n\t\t<\/section>\n\t\t\t\t<\/div>\n\t\t","protected":false},"excerpt":{"rendered":"<p>\u201cEro solito pregare, ma le mie preghiere non sono mai state esaudite. Nel mio spirito di bambino mi sono detto: Cristo, come tutti gli uomini, non \u00e8 gentile. Quindi ho pregato Maria perch\u00e9 le mamme amano i bambini. Mi sono &hellip; <a href=\"https:\/\/www.lourdes-france.org\/it\/come-sono-diventato-hospitalier-di-lourdes\/\">Continua<\/a><\/p>\n","protected":false},"author":21,"featured_media":18417,"comment_status":"closed","ping_status":"closed","sticky":false,"template":"","format":"standard","meta":{"_acf_changed":false,"footnotes":""},"categories":[131],"tags":[],"class_list":["post-18355","post","type-post","status-publish","format-standard","has-post-thumbnail","hentry","category-amazing-grace-it"],"acf":[],"yoast_head":"<!-- This site is optimized with the Yoast SEO plugin v24.7 - https:\/\/yoast.com\/wordpress\/plugins\/seo\/ -->\n<title>Come sono diventato hospitalier di Lourdes<\/title>\n<meta name=\"robots\" content=\"index, follow, max-snippet:-1, max-image-preview:large, max-video-preview:-1\" \/>\n<link rel=\"canonical\" href=\"https:\/\/www.lourdes-france.org\/it\/come-sono-diventato-hospitalier-di-lourdes\/\" \/>\n<meta name=\"twitter:label1\" content=\"Scritto da\" \/>\n\t<meta name=\"twitter:data1\" content=\"TV LOURDES\" \/>\n\t<meta name=\"twitter:label2\" content=\"Tempo di lettura stimato\" \/>\n\t<meta name=\"twitter:data2\" content=\"2 minuti\" \/>\n<script type=\"application\/ld+json\" class=\"yoast-schema-graph\">{\"@context\":\"https:\/\/schema.org\",\"@graph\":[{\"@type\":\"WebPage\",\"@id\":\"https:\/\/www.lourdes-france.org\/it\/come-sono-diventato-hospitalier-di-lourdes\/\",\"url\":\"https:\/\/www.lourdes-france.org\/it\/come-sono-diventato-hospitalier-di-lourdes\/\",\"name\":\"Come sono diventato hospitalier di Lourdes\",\"isPartOf\":{\"@id\":\"https:\/\/preprod-lourdes.cawita.com\/#website\"},\"primaryImageOfPage\":{\"@id\":\"https:\/\/www.lourdes-france.org\/it\/come-sono-diventato-hospitalier-di-lourdes\/#primaryimage\"},\"image\":{\"@id\":\"https:\/\/www.lourdes-france.org\/it\/come-sono-diventato-hospitalier-di-lourdes\/#primaryimage\"},\"thumbnailUrl\":\"https:\/\/www.lourdes-france.org\/wp-content\/uploads\/2018\/10\/FatimaetAparecida2017-380.jpg\",\"datePublished\":\"2018-10-22T07:00:53+00:00\",\"dateModified\":\"2026-01-30T10:47:48+00:00\",\"author\":{\"@id\":\"https:\/\/preprod-lourdes.cawita.com\/#\/schema\/person\/00e15361338ccda7ff575e7807b7ff76\"},\"breadcrumb\":{\"@id\":\"https:\/\/www.lourdes-france.org\/it\/come-sono-diventato-hospitalier-di-lourdes\/#breadcrumb\"},\"inLanguage\":\"it-IT\",\"potentialAction\":[{\"@type\":\"ReadAction\",\"target\":[\"https:\/\/www.lourdes-france.org\/it\/come-sono-diventato-hospitalier-di-lourdes\/\"]}]},{\"@type\":\"ImageObject\",\"inLanguage\":\"it-IT\",\"@id\":\"https:\/\/www.lourdes-france.org\/it\/come-sono-diventato-hospitalier-di-lourdes\/#primaryimage\",\"url\":\"https:\/\/www.lourdes-france.org\/wp-content\/uploads\/2018\/10\/FatimaetAparecida2017-380.jpg\",\"contentUrl\":\"https:\/\/www.lourdes-france.org\/wp-content\/uploads\/2018\/10\/FatimaetAparecida2017-380.jpg\",\"width\":380,\"height\":280},{\"@type\":\"BreadcrumbList\",\"@id\":\"https:\/\/www.lourdes-france.org\/it\/come-sono-diventato-hospitalier-di-lourdes\/#breadcrumb\",\"itemListElement\":[{\"@type\":\"ListItem\",\"position\":1,\"name\":\"Accueil\",\"item\":\"https:\/\/www.lourdes-france.org\/\"},{\"@type\":\"ListItem\",\"position\":2,\"name\":\"Come sono diventato hospitalier di Lourdes\"}]},{\"@type\":\"WebSite\",\"@id\":\"https:\/\/preprod-lourdes.cawita.com\/#website\",\"url\":\"https:\/\/preprod-lourdes.cawita.com\/\",\"name\":\"Soutenir le Sanctuaire Notre-Dame de Lourdes\",\"description\":\"\",\"potentialAction\":[{\"@type\":\"SearchAction\",\"target\":{\"@type\":\"EntryPoint\",\"urlTemplate\":\"https:\/\/preprod-lourdes.cawita.com\/?s={search_term_string}\"},\"query-input\":{\"@type\":\"PropertyValueSpecification\",\"valueRequired\":true,\"valueName\":\"search_term_string\"}}],\"inLanguage\":\"it-IT\"},{\"@type\":\"Person\",\"@id\":\"https:\/\/preprod-lourdes.cawita.com\/#\/schema\/person\/00e15361338ccda7ff575e7807b7ff76\",\"name\":\"TV LOURDES\",\"image\":{\"@type\":\"ImageObject\",\"inLanguage\":\"it-IT\",\"@id\":\"https:\/\/preprod-lourdes.cawita.com\/#\/schema\/person\/image\/\",\"url\":\"https:\/\/secure.gravatar.com\/avatar\/99ad963db01f0c73acfee4d5f94ac178?s=96&d=mm&r=g\",\"contentUrl\":\"https:\/\/secure.gravatar.com\/avatar\/99ad963db01f0c73acfee4d5f94ac178?s=96&d=mm&r=g\",\"caption\":\"TV LOURDES\"},\"url\":\"https:\/\/www.lourdes-france.org\/it\/author\/tv-lourdes\/\"}]}<\/script>\n<!-- \/ Yoast SEO plugin. -->","yoast_head_json":{"title":"Come sono diventato hospitalier di Lourdes","robots":{"index":"index","follow":"follow","max-snippet":"max-snippet:-1","max-image-preview":"max-image-preview:large","max-video-preview":"max-video-preview:-1"},"canonical":"https:\/\/www.lourdes-france.org\/it\/come-sono-diventato-hospitalier-di-lourdes\/","twitter_misc":{"Scritto da":"TV LOURDES","Tempo di lettura stimato":"2 minuti"},"schema":{"@context":"https:\/\/schema.org","@graph":[{"@type":"WebPage","@id":"https:\/\/www.lourdes-france.org\/it\/come-sono-diventato-hospitalier-di-lourdes\/","url":"https:\/\/www.lourdes-france.org\/it\/come-sono-diventato-hospitalier-di-lourdes\/","name":"Come sono diventato hospitalier di Lourdes","isPartOf":{"@id":"https:\/\/preprod-lourdes.cawita.com\/#website"},"primaryImageOfPage":{"@id":"https:\/\/www.lourdes-france.org\/it\/come-sono-diventato-hospitalier-di-lourdes\/#primaryimage"},"image":{"@id":"https:\/\/www.lourdes-france.org\/it\/come-sono-diventato-hospitalier-di-lourdes\/#primaryimage"},"thumbnailUrl":"https:\/\/www.lourdes-france.org\/wp-content\/uploads\/2018\/10\/FatimaetAparecida2017-380.jpg","datePublished":"2018-10-22T07:00:53+00:00","dateModified":"2026-01-30T10:47:48+00:00","author":{"@id":"https:\/\/preprod-lourdes.cawita.com\/#\/schema\/person\/00e15361338ccda7ff575e7807b7ff76"},"breadcrumb":{"@id":"https:\/\/www.lourdes-france.org\/it\/come-sono-diventato-hospitalier-di-lourdes\/#breadcrumb"},"inLanguage":"it-IT","potentialAction":[{"@type":"ReadAction","target":["https:\/\/www.lourdes-france.org\/it\/come-sono-diventato-hospitalier-di-lourdes\/"]}]},{"@type":"ImageObject","inLanguage":"it-IT","@id":"https:\/\/www.lourdes-france.org\/it\/come-sono-diventato-hospitalier-di-lourdes\/#primaryimage","url":"https:\/\/www.lourdes-france.org\/wp-content\/uploads\/2018\/10\/FatimaetAparecida2017-380.jpg","contentUrl":"https:\/\/www.lourdes-france.org\/wp-content\/uploads\/2018\/10\/FatimaetAparecida2017-380.jpg","width":380,"height":280},{"@type":"BreadcrumbList","@id":"https:\/\/www.lourdes-france.org\/it\/come-sono-diventato-hospitalier-di-lourdes\/#breadcrumb","itemListElement":[{"@type":"ListItem","position":1,"name":"Accueil","item":"https:\/\/www.lourdes-france.org\/"},{"@type":"ListItem","position":2,"name":"Come sono diventato hospitalier di Lourdes"}]},{"@type":"WebSite","@id":"https:\/\/preprod-lourdes.cawita.com\/#website","url":"https:\/\/preprod-lourdes.cawita.com\/","name":"Soutenir le Sanctuaire Notre-Dame de Lourdes","description":"","potentialAction":[{"@type":"SearchAction","target":{"@type":"EntryPoint","urlTemplate":"https:\/\/preprod-lourdes.cawita.com\/?s={search_term_string}"},"query-input":{"@type":"PropertyValueSpecification","valueRequired":true,"valueName":"search_term_string"}}],"inLanguage":"it-IT"},{"@type":"Person","@id":"https:\/\/preprod-lourdes.cawita.com\/#\/schema\/person\/00e15361338ccda7ff575e7807b7ff76","name":"TV LOURDES","image":{"@type":"ImageObject","inLanguage":"it-IT","@id":"https:\/\/preprod-lourdes.cawita.com\/#\/schema\/person\/image\/","url":"https:\/\/secure.gravatar.com\/avatar\/99ad963db01f0c73acfee4d5f94ac178?s=96&d=mm&r=g","contentUrl":"https:\/\/secure.gravatar.com\/avatar\/99ad963db01f0c73acfee4d5f94ac178?s=96&d=mm&r=g","caption":"TV LOURDES"},"url":"https:\/\/www.lourdes-france.org\/it\/author\/tv-lourdes\/"}]}},"_links":{"self":[{"href":"https:\/\/www.lourdes-france.org\/it\/wp-json\/wp\/v2\/posts\/18355","targetHints":{"allow":["GET"]}}],"collection":[{"href":"https:\/\/www.lourdes-france.org\/it\/wp-json\/wp\/v2\/posts"}],"about":[{"href":"https:\/\/www.lourdes-france.org\/it\/wp-json\/wp\/v2\/types\/post"}],"author":[{"embeddable":true,"href":"https:\/\/www.lourdes-france.org\/it\/wp-json\/wp\/v2\/users\/21"}],"replies":[{"embeddable":true,"href":"https:\/\/www.lourdes-france.org\/it\/wp-json\/wp\/v2\/comments?post=18355"}],"version-history":[{"count":6,"href":"https:\/\/www.lourdes-france.org\/it\/wp-json\/wp\/v2\/posts\/18355\/revisions"}],"predecessor-version":[{"id":20938,"href":"https:\/\/www.lourdes-france.org\/it\/wp-json\/wp\/v2\/posts\/18355\/revisions\/20938"}],"wp:featuredmedia":[{"embeddable":true,"href":"https:\/\/www.lourdes-france.org\/it\/wp-json\/wp\/v2\/media\/18417"}],"wp:attachment":[{"href":"https:\/\/www.lourdes-france.org\/it\/wp-json\/wp\/v2\/media?parent=18355"}],"wp:term":[{"taxonomy":"category","embeddable":true,"href":"https:\/\/www.lourdes-france.org\/it\/wp-json\/wp\/v2\/categories?post=18355"},{"taxonomy":"post_tag","embeddable":true,"href":"https:\/\/www.lourdes-france.org\/it\/wp-json\/wp\/v2\/tags?post=18355"}],"curies":[{"name":"wp","href":"https:\/\/api.w.org\/{rel}","templated":true}]}}