{"id":33347,"date":"2019-03-14T15:21:57","date_gmt":"2019-03-14T14:21:57","guid":{"rendered":"https:\/\/www.lourdes-france.org\/25-mars-la-dame-dit-son-nom-je-suis-limmaculee-conception\/"},"modified":"2026-01-30T11:44:07","modified_gmt":"2026-01-30T10:44:07","slug":"25-marzo-la-signora-dice-il-suo-nome-io-sono-limmacolata-concezione","status":"publish","type":"post","link":"https:\/\/www.lourdes-france.org\/it\/25-marzo-la-signora-dice-il-suo-nome-io-sono-limmacolata-concezione\/","title":{"rendered":"25 marzo: La Signora dice il suo nome &#8220;Io sono l&#8217;Immacolata Concezione&#8221;"},"content":{"rendered":"\t\t<div data-elementor-type=\"wp-post\" data-elementor-id=\"33347\" class=\"elementor elementor-33347 elementor-33107 elementor-bc-flex-widget\" data-elementor-post-type=\"post\">\n\t\t\t\t\t\t<section class=\"elementor-section elementor-top-section elementor-element elementor-element-345b57d8 elementor-section-boxed elementor-section-height-default elementor-section-height-default\" data-id=\"345b57d8\" data-element_type=\"section\">\n\t\t\t\t\t\t<div class=\"elementor-container elementor-column-gap-no\">\n\t\t\t\t\t<div class=\"elementor-column elementor-col-100 elementor-top-column elementor-element elementor-element-25828ea5\" data-id=\"25828ea5\" data-element_type=\"column\">\n\t\t\t<div class=\"elementor-widget-wrap elementor-element-populated\">\n\t\t\t\t\t\t<div class=\"elementor-element elementor-element-419c38f elementor-widget elementor-widget-text-editor\" data-id=\"419c38f\" data-element_type=\"widget\" data-widget_type=\"text-editor.default\">\n\t\t\t\t<div class=\"elementor-widget-container\">\n\t\t\t\t\t\t\t\t\t<p>La festa dell&#8217;Annunciazione, il 25 marzo, di solito \u00e8 poco solennizzata a Lourdes, a differenza dell&#8217;11 febbraio, anniversario della prima Apparizione. Ora, quando la Signora dice il suo nome, nello stesso tempo apre il suo cuore, dice chi lei \u00e8 agli occhi di Dio, chi \u00e8 per noi: l\u2019Immacolata Concezione, perfetta trasparenza dell&#8217;Amore che la illumina.<\/p>\t\t\t\t\t\t\t\t<\/div>\n\t\t\t\t<\/div>\n\t\t\t\t<div class=\"elementor-element elementor-element-e730b56 elementor-widget elementor-widget-text-editor\" data-id=\"e730b56\" data-element_type=\"widget\" data-widget_type=\"text-editor.default\">\n\t\t\t\t<div class=\"elementor-widget-container\">\n\t\t\t\t\t\t\t\t\t<p>Quest&#8217;anno vorremmo valorizzare maggiormente il 25 marzo con una messa pi\u00f9 solenne e un rosario internazionale alla Grotta. Vorremmo associarvi richiamando la vostra unione con noi.<\/p>\t\t\t\t\t\t\t\t<\/div>\n\t\t\t\t<\/div>\n\t\t\t\t<div class=\"elementor-element elementor-element-a835106 elementor-widget elementor-widget-text-editor\" data-id=\"a835106\" data-element_type=\"widget\" data-widget_type=\"text-editor.default\">\n\t\t\t\t<div class=\"elementor-widget-container\">\n\t\t\t\t\t\t\t\t\t<h2>Nel Santuario il <span style=\"color: #e8a700;\">25 marzo<\/span><\/h2>\t\t\t\t\t\t\t\t<\/div>\n\t\t\t\t<\/div>\n\t\t\t\t<div class=\"elementor-element elementor-element-12988bc elementor-widget elementor-widget-text-editor\" data-id=\"12988bc\" data-element_type=\"widget\" data-widget_type=\"text-editor.default\">\n\t\t\t\t<div class=\"elementor-widget-container\">\n\t\t\t\t\t\t\t\t\t<p><span style=\"color: #e8a702;\"><strong>h.11,15<\/strong><\/span> Santa Messa nella Basilica Nostra Signora del Rosario.<br \/><span style=\"color: #e8a702;\"><strong>h.12,00<\/strong><\/span> Angelus per la Francia alla Grotta.<br \/><span style=\"color: #e8a702;\"><strong>h.15,30<\/strong><\/span> Rosario internazionale alla Grotta, alla presenza della Famiglia Nostra Signora di Lourdes.<br \/><span style=\"color: #e8a702;\"><strong>h.16,15<\/strong><\/span> Vespri nella basilica dell\u2019Immacolata Concezione<\/p>\t\t\t\t\t\t\t\t<\/div>\n\t\t\t\t<\/div>\n\t\t\t\t<div class=\"elementor-element elementor-element-f84207d elementor-widget elementor-widget-text-editor\" data-id=\"f84207d\" data-element_type=\"widget\" data-widget_type=\"text-editor.default\">\n\t\t\t\t<div class=\"elementor-widget-container\">\n\t\t\t\t\t\t\t\t\t<h2>Unitevi alla <span style=\"color: #e8a700;\">famiglia Nostra Signora Di Lourdes<br \/><\/span><\/h2>\t\t\t\t\t\t\t\t<\/div>\n\t\t\t\t<\/div>\n\t\t\t\t<div class=\"elementor-element elementor-element-3b7c0d3 elementor-widget elementor-widget-text-editor\" data-id=\"3b7c0d3\" data-element_type=\"widget\" data-widget_type=\"text-editor.default\">\n\t\t\t\t<div class=\"elementor-widget-container\">\n\t\t\t\t\t\t\t\t\t<p>Il 22 agosto 2016, l\u2019antica Arciconfraternita dell&#8217;Immacolata Concezione di Nostra Signora di Lourdes ha ripreso vita con il nome di Famiglia di Nostra Signora di Lourdes. Questa associazione ci permette di continuare a godere dei frutti dell&#8217;incontro di Maria con Bernadette, grazie in particolare alla meditazione di una lettera mensile che risveglia la vitalit\u00e0 del nostro battesimo facendoci partecipi della fede di Maria.<\/p>\t\t\t\t\t\t\t\t<\/div>\n\t\t\t\t<\/div>\n\t\t\t\t<div class=\"elementor-element elementor-element-bd1367f elementor-widget elementor-widget-text-editor\" data-id=\"bd1367f\" data-element_type=\"widget\" data-widget_type=\"text-editor.default\">\n\t\t\t\t<div class=\"elementor-widget-container\">\n\t\t\t\t\t\t\t\t\t<p>Possono aderire sia le persone singolarmente che i gruppi. Non si tratta di un supplemento di burocrazie associazionistiche, ma piuttosto di una abitazione mariana offerta a tutta la nostra vita cristiana. \u00c8 la luce della Grotta che ci accompagna ogni giorno. Il segno della nostra adesione ci viene dato sotto forma dello scapolare blu di Maria e Bernadette. Concretamente, siamo anche invitati a dare un contributo di 30 \u20ac per tre anni, che alimenta un fondo per la celebrazione delle messe per i membri della Famiglia, in particolare la \u201cmessa del pellegrino\u201d il sabato.<\/p>\t\t\t\t\t\t\t\t<\/div>\n\t\t\t\t<\/div>\n\t\t\t\t<div class=\"elementor-element elementor-element-7d30bfe elementor-widget elementor-widget-text-editor\" data-id=\"7d30bfe\" data-element_type=\"widget\" data-widget_type=\"text-editor.default\">\n\t\t\t\t<div class=\"elementor-widget-container\">\n\t\t\t\t\t\t\t\t\t<h2>Beneficiare di <span style=\"color: #e8a700;\">un\u2019Indulgenza<\/span><\/h2>\t\t\t\t\t\t\t\t<\/div>\n\t\t\t\t<\/div>\n\t\t\t\t<div class=\"elementor-element elementor-element-9b4b64f elementor-widget elementor-widget-text-editor\" data-id=\"9b4b64f\" data-element_type=\"widget\" data-widget_type=\"text-editor.default\">\n\t\t\t\t<div class=\"elementor-widget-container\">\n\t\t\t\t\t\t\t\t\t<p>In quest&#8217;anno Bernadette, abbiamo chiesto a Roma di confermare la concessione delle indulgenze che erano state accordate all&#8217;Arciconfraternita. La risposta positiva \u00e8 appena arrivata.<\/p>\t\t\t\t\t\t\t\t<\/div>\n\t\t\t\t<\/div>\n\t\t\t\t<div class=\"elementor-element elementor-element-ab2fc17 elementor-widget elementor-widget-text-editor\" data-id=\"ab2fc17\" data-element_type=\"widget\" data-widget_type=\"text-editor.default\">\n\t\t\t\t<div class=\"elementor-widget-container\">\n\t\t\t\t\t\t\t\t\t<p>Vorremmo in particolare condividere con tutti gli amici di Lourdes la grazia della Misericordia che ci viene offerta dall&#8217;adesione alla Famiglia di Nostra Signora di Lourdes.<\/p>\t\t\t\t\t\t\t\t<\/div>\n\t\t\t\t<\/div>\n\t\t\t\t<div class=\"elementor-element elementor-element-e84fc34 elementor-widget elementor-widget-text-editor\" data-id=\"e84fc34\" data-element_type=\"widget\" data-widget_type=\"text-editor.default\">\n\t\t\t\t<div class=\"elementor-widget-container\">\n\t\t\t\t\t\t\t\t\t<p>Troverete qui di seguito il &#8220;<a href=\"\/it\/famiglia-nostra-signora-di-lourdes\">Regolamento<\/a>&#8221; della Famiglia. Potete farci sapere se vi unite alla preghiera del 25 marzo e proporre, come gruppo o individualmente, la vostra adesione alla Famiglia.<\/p>\t\t\t\t\t\t\t\t<\/div>\n\t\t\t\t<\/div>\n\t\t\t\t<div class=\"elementor-element elementor-element-fe4aa8b elementor-widget elementor-widget-text-editor\" data-id=\"fe4aa8b\" data-element_type=\"widget\" data-widget_type=\"text-editor.default\">\n\t\t\t\t<div class=\"elementor-widget-container\">\n\t\t\t\t\t\t\t\t\t<p>Maria chiese a Bernadette di andare dai sacerdoti affinch\u00e9 costruissero una cappella a Lourdes. Credo che sar\u00e0 felice di vedere moltiplicarsi tante piccole cappelle, oasi di tenerezza divina nel nostro mondo cos\u00ec duro.<\/p>\t\t\t\t\t\t\t\t<\/div>\n\t\t\t\t<\/div>\n\t\t\t\t\t<\/div>\n\t\t<\/div>\n\t\t\t\t\t<\/div>\n\t\t<\/section>\n\t\t\t\t<section class=\"elementor-section elementor-top-section elementor-element elementor-element-ad551e5 elementor-section-boxed elementor-section-height-default elementor-section-height-default\" data-id=\"ad551e5\" data-element_type=\"section\">\n\t\t\t\t\t\t<div class=\"elementor-container elementor-column-gap-default\">\n\t\t\t\t\t<div class=\"elementor-column elementor-col-100 elementor-top-column elementor-element elementor-element-1d89360\" data-id=\"1d89360\" data-element_type=\"column\">\n\t\t\t<div class=\"elementor-widget-wrap elementor-element-populated\">\n\t\t\t\t\t\t<div class=\"elementor-element elementor-element-5345498 elementor-widget elementor-widget-text-editor\" data-id=\"5345498\" data-element_type=\"widget\" data-widget_type=\"text-editor.default\">\n\t\t\t\t<div class=\"elementor-widget-container\">\n\t\t\t\t\t\t\t\t\t<h2><span style=\"color: #e8a700;\">2019 &#8211; Anno BERNADETTE<\/span><br \/>La grazia della misericordia offerta a tutti gli amici di Lourdes<\/h2>\t\t\t\t\t\t\t\t<\/div>\n\t\t\t\t<\/div>\n\t\t\t\t<div class=\"elementor-element elementor-element-9b33a42 elementor-widget elementor-widget-text-editor\" data-id=\"9b33a42\" data-element_type=\"widget\" data-widget_type=\"text-editor.default\">\n\t\t\t\t<div class=\"elementor-widget-container\">\n\t\t\t\t\t\t\t\t\t<p>n quest&#8217;anno 2019, anno Bernadette, vorremmo offrire soprattutto la grazia della Misericordia a tutti gli amici di Lourdes. Persone e gruppi sono invitati ad unirsi alla <a href=\"\/it\/famiglia-nostra-signora-di-lourdes\">Famiglia di Nostra Signora di Lourdes<\/a>.<\/p>\t\t\t\t\t\t\t\t<\/div>\n\t\t\t\t<\/div>\n\t\t\t\t<div class=\"elementor-element elementor-element-ff5d0e2 elementor-widget elementor-widget-image\" data-id=\"ff5d0e2\" data-element_type=\"widget\" data-widget_type=\"image.default\">\n\t\t\t\t<div class=\"elementor-widget-container\">\n\t\t\t\t\t\t\t\t\t\t\t\t\t\t\t<img fetchpriority=\"high\" decoding=\"async\" width=\"1024\" height=\"683\" src=\"https:\/\/www.lourdes-france.org\/wp-content\/uploads\/2019\/03\/processionmarialedunational2_\u00a9Pierre_Vincent-1024x683.jpg\" class=\"attachment-large size-large wp-image-33277\" alt=\"\" srcset=\"https:\/\/www.lourdes-france.org\/wp-content\/uploads\/2019\/03\/processionmarialedunational2_\u00a9Pierre_Vincent-1024x683.jpg 1024w, https:\/\/www.lourdes-france.org\/wp-content\/uploads\/2019\/03\/processionmarialedunational2_\u00a9Pierre_Vincent-300x200.jpg 300w, https:\/\/www.lourdes-france.org\/wp-content\/uploads\/2019\/03\/processionmarialedunational2_\u00a9Pierre_Vincent-768x512.jpg 768w, https:\/\/www.lourdes-france.org\/wp-content\/uploads\/2019\/03\/processionmarialedunational2_\u00a9Pierre_Vincent-380x253.jpg 380w\" sizes=\"(max-width: 1024px) 100vw, 1024px\" \/>\t\t\t\t\t\t\t\t\t\t\t\t\t\t\t<\/div>\n\t\t\t\t<\/div>\n\t\t\t\t<div class=\"elementor-element elementor-element-4359c64 elementor-widget elementor-widget-text-editor\" data-id=\"4359c64\" data-element_type=\"widget\" data-widget_type=\"text-editor.default\">\n\t\t\t\t<div class=\"elementor-widget-container\">\n\t\t\t\t\t\t\t\t\t<h2><span style=\"color: #e8a700;\">Dio,\u00a0<\/span>Padre ricco di misericordia<\/h2>\t\t\t\t\t\t\t\t<\/div>\n\t\t\t\t<\/div>\n\t\t\t\t<div class=\"elementor-element elementor-element-2ae37e6 elementor-widget elementor-widget-text-editor\" data-id=\"2ae37e6\" data-element_type=\"widget\" data-widget_type=\"text-editor.default\">\n\t\t\t\t<div class=\"elementor-widget-container\">\n\t\t\t\t\t\t\t\t\t<p>Il pellegrinaggio a Lourdes \u00e8 solo una tappa nel cammino della vita. Tutta la nostra esistenza \u00e8 un pellegrinaggio verso la Patria del Cielo. Un&#8217;anticipazione ci viene gi\u00e0 offerta nell&#8217;amore condiviso, frutto della misericordia del cuore di Dio. Egli si \u00e8 fatto piccolo affinch\u00e9 non avessimo paura di lui, per non farci aver pi\u00f9 paura gli uni degli altri.<\/p>\t\t\t\t\t\t\t\t<\/div>\n\t\t\t\t<\/div>\n\t\t\t\t<div class=\"elementor-element elementor-element-e06f506 elementor-widget elementor-widget-text-editor\" data-id=\"e06f506\" data-element_type=\"widget\" data-widget_type=\"text-editor.default\">\n\t\t\t\t<div class=\"elementor-widget-container\">\n\t\t\t\t\t\t\t\t\t<p>A Lourdes, il 25 marzo, la Signora ha detto il suo nome a Bernadette: &#8220;Io sono l&#8217;Immacolata Concezione.\u201d Sono la creatura perfettamente trasparente alla Luce: lascio passare l&#8217;Amore del Salvatore che si fa carne in me. La creatura e il Creatore sono una cosa sola nel grembo della donna.<\/p>\t\t\t\t\t\t\t\t<\/div>\n\t\t\t\t<\/div>\n\t\t\t\t<div class=\"elementor-element elementor-element-ac3f162 elementor-widget elementor-widget-text-editor\" data-id=\"ac3f162\" data-element_type=\"widget\" data-widget_type=\"text-editor.default\">\n\t\t\t\t<div class=\"elementor-widget-container\">\n\t\t\t\t\t\t\t\t\t<p>Da allora il peccato \u00e8 vinto, la morte \u00e8 sospesa. Ogni volta che, attraverso il battesimo, un figlio degli uomini \u00e8 immerso nella vita di Ges\u00f9, il Figlio, la risurrezione \u00e8 all&#8217;opera. Ogni volta che, attraverso il sacramento della Penitenza, riviviamo la grazia del battesimo, veniamo di nuovo alla vita. Tutte le conseguenze del peccato, che stiamo ancora trascinando, possono essere ridotte a nulla dalla sovrabbondanza del dono di Dio. La sua indulgenza \u00e8 illimitata per il figliol prodigo che ritorna da lui.<\/p>\t\t\t\t\t\t\t\t<\/div>\n\t\t\t\t<\/div>\n\t\t\t\t<div class=\"elementor-element elementor-element-148a8ab elementor-widget elementor-widget-text-editor\" data-id=\"148a8ab\" data-element_type=\"widget\" data-widget_type=\"text-editor.default\">\n\t\t\t\t<div class=\"elementor-widget-container\">\n\t\t\t\t\t\t\t\t\t<p>Quando ci confessiamo, ci comunichiamo e preghiamo per le intenzioni della Chiesa e del Papa, in alcuni momenti privilegiati che ci vengono offerti, riceviamo l&#8217;indulgenza plenaria: ci lasciamo trasportare nel braciere ardente del cuore del nostro Dio. Esigenza e dono d&#8217;Amore.<\/p>\t\t\t\t\t\t\t\t<\/div>\n\t\t\t\t<\/div>\n\t\t\t\t<div class=\"elementor-element elementor-element-99f7490 elementor-widget elementor-widget-text-editor\" data-id=\"99f7490\" data-element_type=\"widget\" data-widget_type=\"text-editor.default\">\n\t\t\t\t<div class=\"elementor-widget-container\">\n\t\t\t\t\t\t\t\t\t<p>A Lourdes, possiamo ricevere normalmente l&#8217;indulgenza in varie occasioni che ci vengono ricordate qui di seguito (Allegato), secondo le norme dell\u2019<em>Enchiridion Indulgentiarum<\/em> del 16 luglio 1999.<\/p>\t\t\t\t\t\t\t\t<\/div>\n\t\t\t\t<\/div>\n\t\t\t\t<div class=\"elementor-element elementor-element-b32a2ec elementor-widget elementor-widget-text-editor\" data-id=\"b32a2ec\" data-element_type=\"widget\" data-widget_type=\"text-editor.default\">\n\t\t\t\t<div class=\"elementor-widget-container\">\n\t\t\t\t\t\t\t\t\t<h2>La <span style=\"color: #e8a700;\">famiglia di Nostra Signora di Lourdes<\/span><\/h2>\t\t\t\t\t\t\t\t<\/div>\n\t\t\t\t<\/div>\n\t\t\t\t<div class=\"elementor-element elementor-element-06c56b3 elementor-widget elementor-widget-text-editor\" data-id=\"06c56b3\" data-element_type=\"widget\" data-widget_type=\"text-editor.default\">\n\t\t\t\t<div class=\"elementor-widget-container\">\n\t\t\t\t\t\t\t\t\t<p>Alla fine del Giubileo della Misericordia, il 22 agosto 2016, anche il vescovo di Tarbes e Lourdes ha riflettuto sulla fonte della Misericordia. Se ci uniamo alla Famiglia, ci viene proposto di approfittare dell&#8217;indulgenza plenaria una volta all&#8217;anno, scegliendo tra le seguenti possibilit\u00e0: l&#8217;anniversario della nostra affiliazione, i giorni pi\u00f9 importanti delle apparizioni (11 febbraio prima apparizione, il 18 febbraio, giorno in cui a Bernadette fu promessa la felicit\u00e0 nell&#8217;altro mondo, il 25 febbraio, giorno dell\u2019invito alla penitenza e della scoperta della sorgente, e il 25 marzo, quando la Signora disse il suo nome: &#8220;Io sono l&#8217;Immacolata Concezione&#8221;), cos\u00ec come l&#8217;8 dicembre ed il 15 e 22 agosto, festa di Maria Regina, giorno in cui l&#8217;Associazione fu rilanciata.<\/p>\t\t\t\t\t\t\t\t<\/div>\n\t\t\t\t<\/div>\n\t\t\t\t<section class=\"elementor-section elementor-inner-section elementor-element elementor-element-20b4bd4 elementor-section-boxed elementor-section-height-default elementor-section-height-default\" data-id=\"20b4bd4\" data-element_type=\"section\">\n\t\t\t\t\t\t<div class=\"elementor-container elementor-column-gap-default\">\n\t\t\t\t\t<div class=\"elementor-column elementor-col-50 elementor-inner-column elementor-element elementor-element-7733a5e\" data-id=\"7733a5e\" data-element_type=\"column\">\n\t\t\t<div class=\"elementor-widget-wrap elementor-element-populated\">\n\t\t\t\t\t\t<div class=\"elementor-element elementor-element-ef00e70 elementor-widget elementor-widget-text-editor\" data-id=\"ef00e70\" data-element_type=\"widget\" data-widget_type=\"text-editor.default\">\n\t\t\t\t<div class=\"elementor-widget-container\">\n\t\t\t\t\t\t\t\t\t<p>In quest&#8217;anno 2019, anno Bernadette, vorremmo soprattutto offrire la grazia della Misericordia a tutti gli amici di Lourdes. Persone e gruppi sono invitati ad unirsi alla Famiglia di Nostra Signora di Lourdes. Cos\u00ec continueremo a vivere della grazia del pellegrinaggio, un po&#8217; come suor Bernadette, l&#8217;ultima miracolata riconosciuta, guarita a casa, mentre riviveva l&#8217;adorazione alla quale aveva partecipato nella basilica sotterranea otto giorni prima.<\/p>\t\t\t\t\t\t\t\t<\/div>\n\t\t\t\t<\/div>\n\t\t\t\t\t<\/div>\n\t\t<\/div>\n\t\t\t\t<div class=\"elementor-column elementor-col-50 elementor-inner-column elementor-element elementor-element-b3b9342\" data-id=\"b3b9342\" data-element_type=\"column\">\n\t\t\t<div class=\"elementor-widget-wrap elementor-element-populated\">\n\t\t\t\t\t\t<div class=\"elementor-element elementor-element-34d941b elementor-widget elementor-widget-image\" data-id=\"34d941b\" data-element_type=\"widget\" data-widget_type=\"image.default\">\n\t\t\t\t<div class=\"elementor-widget-container\">\n\t\t\t\t\t\t\t\t\t\t\t\t\t\t\t<img decoding=\"async\" width=\"760\" height=\"560\" src=\"https:\/\/www.lourdes-france.org\/wp-content\/uploads\/2019\/03\/FamilleNDL-min-380.jpg\" class=\"attachment-large size-large wp-image-33129\" alt=\"\" srcset=\"https:\/\/www.lourdes-france.org\/wp-content\/uploads\/2019\/03\/FamilleNDL-min-380.jpg 760w, https:\/\/www.lourdes-france.org\/wp-content\/uploads\/2019\/03\/FamilleNDL-min-380-300x221.jpg 300w, https:\/\/www.lourdes-france.org\/wp-content\/uploads\/2019\/03\/FamilleNDL-min-380-380x280.jpg 380w\" sizes=\"(max-width: 760px) 100vw, 760px\" \/>\t\t\t\t\t\t\t\t\t\t\t\t\t\t\t<\/div>\n\t\t\t\t<\/div>\n\t\t\t\t\t<\/div>\n\t\t<\/div>\n\t\t\t\t\t<\/div>\n\t\t<\/section>\n\t\t\t\t<div class=\"elementor-element elementor-element-302c9d4 elementor-widget elementor-widget-text-editor\" data-id=\"302c9d4\" data-element_type=\"widget\" data-widget_type=\"text-editor.default\">\n\t\t\t\t<div class=\"elementor-widget-container\">\n\t\t\t\t\t\t\t\t\t<p>Il Signore ci accompagna sul nostro cammino quotidiano. Non manchiamo all\u2019appuntamento. La luce di Lourdes vuole brillare in tutti i cuori.<\/p>\t\t\t\t\t\t\t\t<\/div>\n\t\t\t\t<\/div>\n\t\t\t\t<div class=\"elementor-element elementor-element-19c0552 elementor-widget elementor-widget-text-editor\" data-id=\"19c0552\" data-element_type=\"widget\" data-widget_type=\"text-editor.default\">\n\t\t\t\t<div class=\"elementor-widget-container\">\n\t\t\t\t\t\t\t\t\t<p>Per maggiori informazioni, si prega di contattare: <a href=\"mailto:famillendl@lourdes-france.com\">famillendl@lourdes-france.com<\/a><\/p>\t\t\t\t\t\t\t\t<\/div>\n\t\t\t\t<\/div>\n\t\t\t\t<div class=\"elementor-element elementor-element-be6a1cd elementor-widget elementor-widget-text-editor\" data-id=\"be6a1cd\" data-element_type=\"widget\" data-widget_type=\"text-editor.default\">\n\t\t\t\t<div class=\"elementor-widget-container\">\n\t\t\t\t\t\t\t\t\t<h2>Indulgenze plenarie generali applicabili a Lourdes<\/h2>\t\t\t\t\t\t\t\t<\/div>\n\t\t\t\t<\/div>\n\t\t\t\t<div class=\"elementor-element elementor-element-49ea6c5 elementor-widget elementor-widget-text-editor\" data-id=\"49ea6c5\" data-element_type=\"widget\" data-widget_type=\"text-editor.default\">\n\t\t\t\t<div class=\"elementor-widget-container\">\n\t\t\t\t\t\t\t\t\t<p>L&#8217;indulgenza plenaria \u00e8 accordata ai fedeli che visitano il Santissimo Sacramento per un\u2019adorazione di almeno mezz&#8217;ora (EI 1986, conc. 3).<\/p>\t\t\t\t\t\t\t\t<\/div>\n\t\t\t\t<\/div>\n\t\t\t\t<div class=\"elementor-element elementor-element-f93f0e3 elementor-widget elementor-widget-text-editor\" data-id=\"f93f0e3\" data-element_type=\"widget\" data-widget_type=\"text-editor.default\">\n\t\t\t\t<div class=\"elementor-widget-container\">\n\t\t\t\t\t\t\t\t\t<p>L&#8217;indulgenza plenaria \u00e8 accordata ai fedeli che compiono il pio esercizio delle stazioni della Via Crucis (EI 1986, conc. 63).<\/p>\t\t\t\t\t\t\t\t<\/div>\n\t\t\t\t<\/div>\n\t\t\t\t<div class=\"elementor-element elementor-element-e27b8be elementor-widget elementor-widget-text-editor\" data-id=\"e27b8be\" data-element_type=\"widget\" data-widget_type=\"text-editor.default\">\n\t\t\t\t<div class=\"elementor-widget-container\">\n\t\t\t\t\t\t\t\t\t<p>L&#8217;indulgenza plenaria viene accordata ai fedeli che recitano il Rosario mariano (EI 1986, Conc. 48). \u00c8 sufficiente recitare almeno cinque decine, ma devono essere recitate senza interruzione.<\/p>\t\t\t\t\t\t\t\t<\/div>\n\t\t\t\t<\/div>\n\t\t\t\t<div class=\"elementor-element elementor-element-5653a02 elementor-widget elementor-widget-text-editor\" data-id=\"5653a02\" data-element_type=\"widget\" data-widget_type=\"text-editor.default\">\n\t\t\t\t<div class=\"elementor-widget-container\">\n\t\t\t\t\t\t\t\t\t<p>Un&#8217;indulgenza plenaria \u00e8 accordata ai fedeli che visitano una basilica recitando piamente il Pater e il Credo:<br \/><br \/>a) nella solennit\u00e0 dei Santi Apostoli Pietro e Paolo;<br \/><br \/>b) il giorno della solennit\u00e0 del Titolare:<br \/>basilica dell&#8217;Immacolata Concezione: 8 dicembre,<br \/>Basilica del Rosario: 7 ottobre,<br \/>Basilica di San Pio X: 21 agosto;<br \/><br \/>c) 2 agosto, data di indulgenza della Porziuncola*;<br \/><br \/>d) una volta all&#8217;anno, un giorno a scelta del fedele.<br \/><br \/><em>* Ogni 2 agosto, in occasione della festa liturgica della Madonna degli Angeli, celebrata nella famiglia francescana, tutti i fedeli possono ottenere una particolare indulgenza plenaria, la cosiddetta indulgenza della Porziuncola. Pu\u00f2 essere ottenuta dal 1\u00b0 agosto a mezzogiorno fino al 2 agosto a mezzanotte (&#8220;Concessioni&#8221; n\u00b0 33, \u00a7 1\u00b0 &#8211; \u200b\u200b2\u00b0, 3\u00b0 e 5\u00b0). D&#8217;altra parte, non \u00e8 pi\u00f9 possibile ottenere pi\u00f9 indulgenze plenarie nello stesso giorno: ma \u00e8 sempre possibile ottenere, oltre all&#8217;indulgenza plenaria, molte indulgenze parziali nello stesso giorno.<\/em><\/p>\t\t\t\t\t\t\t\t<\/div>\n\t\t\t\t<\/div>\n\t\t\t\t<div class=\"elementor-element elementor-element-d46ef1c elementor-widget elementor-widget-text-editor\" data-id=\"d46ef1c\" data-element_type=\"widget\" data-widget_type=\"text-editor.default\">\n\t\t\t\t<div class=\"elementor-widget-container\">\n\t\t\t\t\t\t\t\t\t<p>Un&#8217;indulgenza plenaria \u00e8 accordata ai fedeli che visitano il santuario recitando piamente il Pater e il Credo:<br \/><br \/>a) il giorno della solennit\u00e0 della Madonna di Lourdes, 11 febbraio<br \/><br \/>b) ogni volta che partecipano ad un pellegrinaggio collettivo.<\/p>\t\t\t\t\t\t\t\t<\/div>\n\t\t\t\t<\/div>\n\t\t\t\t\t<\/div>\n\t\t<\/div>\n\t\t\t\t\t<\/div>\n\t\t<\/section>\n\t\t\t\t<\/div>\n\t\t","protected":false},"excerpt":{"rendered":"<p>La festa dell&#8217;Annunciazione, il 25 marzo, di solito \u00e8 poco solennizzata a Lourdes, a differenza dell&#8217;11 febbraio, anniversario della prima Apparizione. Ora, quando la Signora dice il suo nome, nello stesso tempo apre il suo cuore, dice chi lei \u00e8 &hellip; <a href=\"https:\/\/www.lourdes-france.org\/it\/25-marzo-la-signora-dice-il-suo-nome-io-sono-limmacolata-concezione\/\">Continua<\/a><\/p>\n","protected":false},"author":21,"featured_media":33129,"comment_status":"closed","ping_status":"closed","sticky":false,"template":"","format":"standard","meta":{"_acf_changed":false,"footnotes":""},"categories":[80],"tags":[],"class_list":["post-33347","post","type-post","status-publish","format-standard","has-post-thumbnail","hentry","category-en-ce-moment-it"],"acf":[],"yoast_head":"<!-- This site is optimized with the Yoast SEO plugin v24.7 - https:\/\/yoast.com\/wordpress\/plugins\/seo\/ -->\n<title>25 marzo: La Signora dice il suo nome &quot;Io sono l&#039;Immacolata Concezione&quot;<\/title>\n<meta name=\"robots\" content=\"index, follow, max-snippet:-1, max-image-preview:large, max-video-preview:-1\" \/>\n<link rel=\"canonical\" href=\"https:\/\/www.lourdes-france.org\/it\/25-marzo-la-signora-dice-il-suo-nome-io-sono-limmacolata-concezione\/\" \/>\n<meta name=\"twitter:label1\" content=\"Scritto da\" \/>\n\t<meta name=\"twitter:data1\" content=\"TV LOURDES\" \/>\n\t<meta name=\"twitter:label2\" content=\"Tempo di lettura stimato\" \/>\n\t<meta name=\"twitter:data2\" content=\"6 minuti\" \/>\n<script type=\"application\/ld+json\" class=\"yoast-schema-graph\">{\"@context\":\"https:\/\/schema.org\",\"@graph\":[{\"@type\":\"WebPage\",\"@id\":\"https:\/\/www.lourdes-france.org\/it\/25-marzo-la-signora-dice-il-suo-nome-io-sono-limmacolata-concezione\/\",\"url\":\"https:\/\/www.lourdes-france.org\/it\/25-marzo-la-signora-dice-il-suo-nome-io-sono-limmacolata-concezione\/\",\"name\":\"25 marzo: La Signora dice il suo nome \\\"Io sono l'Immacolata Concezione\\\"\",\"isPartOf\":{\"@id\":\"https:\/\/preprod-lourdes.cawita.com\/#website\"},\"primaryImageOfPage\":{\"@id\":\"https:\/\/www.lourdes-france.org\/it\/25-marzo-la-signora-dice-il-suo-nome-io-sono-limmacolata-concezione\/#primaryimage\"},\"image\":{\"@id\":\"https:\/\/www.lourdes-france.org\/it\/25-marzo-la-signora-dice-il-suo-nome-io-sono-limmacolata-concezione\/#primaryimage\"},\"thumbnailUrl\":\"https:\/\/www.lourdes-france.org\/wp-content\/uploads\/2019\/03\/FamilleNDL-min-380.jpg\",\"datePublished\":\"2019-03-14T14:21:57+00:00\",\"dateModified\":\"2026-01-30T10:44:07+00:00\",\"author\":{\"@id\":\"https:\/\/preprod-lourdes.cawita.com\/#\/schema\/person\/00e15361338ccda7ff575e7807b7ff76\"},\"breadcrumb\":{\"@id\":\"https:\/\/www.lourdes-france.org\/it\/25-marzo-la-signora-dice-il-suo-nome-io-sono-limmacolata-concezione\/#breadcrumb\"},\"inLanguage\":\"it-IT\",\"potentialAction\":[{\"@type\":\"ReadAction\",\"target\":[\"https:\/\/www.lourdes-france.org\/it\/25-marzo-la-signora-dice-il-suo-nome-io-sono-limmacolata-concezione\/\"]}]},{\"@type\":\"ImageObject\",\"inLanguage\":\"it-IT\",\"@id\":\"https:\/\/www.lourdes-france.org\/it\/25-marzo-la-signora-dice-il-suo-nome-io-sono-limmacolata-concezione\/#primaryimage\",\"url\":\"https:\/\/www.lourdes-france.org\/wp-content\/uploads\/2019\/03\/FamilleNDL-min-380.jpg\",\"contentUrl\":\"https:\/\/www.lourdes-france.org\/wp-content\/uploads\/2019\/03\/FamilleNDL-min-380.jpg\",\"width\":760,\"height\":560},{\"@type\":\"BreadcrumbList\",\"@id\":\"https:\/\/www.lourdes-france.org\/it\/25-marzo-la-signora-dice-il-suo-nome-io-sono-limmacolata-concezione\/#breadcrumb\",\"itemListElement\":[{\"@type\":\"ListItem\",\"position\":1,\"name\":\"Accueil\",\"item\":\"https:\/\/www.lourdes-france.org\/\"},{\"@type\":\"ListItem\",\"position\":2,\"name\":\"25 marzo: La Signora dice il suo nome \u00ab\u00a0Io sono l&rsquo;Immacolata Concezione\u00a0\u00bb\"}]},{\"@type\":\"WebSite\",\"@id\":\"https:\/\/preprod-lourdes.cawita.com\/#website\",\"url\":\"https:\/\/preprod-lourdes.cawita.com\/\",\"name\":\"Soutenir le Sanctuaire Notre-Dame de Lourdes\",\"description\":\"\",\"potentialAction\":[{\"@type\":\"SearchAction\",\"target\":{\"@type\":\"EntryPoint\",\"urlTemplate\":\"https:\/\/preprod-lourdes.cawita.com\/?s={search_term_string}\"},\"query-input\":{\"@type\":\"PropertyValueSpecification\",\"valueRequired\":true,\"valueName\":\"search_term_string\"}}],\"inLanguage\":\"it-IT\"},{\"@type\":\"Person\",\"@id\":\"https:\/\/preprod-lourdes.cawita.com\/#\/schema\/person\/00e15361338ccda7ff575e7807b7ff76\",\"name\":\"TV LOURDES\",\"image\":{\"@type\":\"ImageObject\",\"inLanguage\":\"it-IT\",\"@id\":\"https:\/\/preprod-lourdes.cawita.com\/#\/schema\/person\/image\/\",\"url\":\"https:\/\/secure.gravatar.com\/avatar\/99ad963db01f0c73acfee4d5f94ac178?s=96&d=mm&r=g\",\"contentUrl\":\"https:\/\/secure.gravatar.com\/avatar\/99ad963db01f0c73acfee4d5f94ac178?s=96&d=mm&r=g\",\"caption\":\"TV LOURDES\"},\"url\":\"https:\/\/www.lourdes-france.org\/it\/author\/tv-lourdes\/\"}]}<\/script>\n<!-- \/ Yoast SEO plugin. -->","yoast_head_json":{"title":"25 marzo: La Signora dice il suo nome \"Io sono l'Immacolata Concezione\"","robots":{"index":"index","follow":"follow","max-snippet":"max-snippet:-1","max-image-preview":"max-image-preview:large","max-video-preview":"max-video-preview:-1"},"canonical":"https:\/\/www.lourdes-france.org\/it\/25-marzo-la-signora-dice-il-suo-nome-io-sono-limmacolata-concezione\/","twitter_misc":{"Scritto da":"TV LOURDES","Tempo di lettura stimato":"6 minuti"},"schema":{"@context":"https:\/\/schema.org","@graph":[{"@type":"WebPage","@id":"https:\/\/www.lourdes-france.org\/it\/25-marzo-la-signora-dice-il-suo-nome-io-sono-limmacolata-concezione\/","url":"https:\/\/www.lourdes-france.org\/it\/25-marzo-la-signora-dice-il-suo-nome-io-sono-limmacolata-concezione\/","name":"25 marzo: La Signora dice il suo nome \"Io sono l'Immacolata Concezione\"","isPartOf":{"@id":"https:\/\/preprod-lourdes.cawita.com\/#website"},"primaryImageOfPage":{"@id":"https:\/\/www.lourdes-france.org\/it\/25-marzo-la-signora-dice-il-suo-nome-io-sono-limmacolata-concezione\/#primaryimage"},"image":{"@id":"https:\/\/www.lourdes-france.org\/it\/25-marzo-la-signora-dice-il-suo-nome-io-sono-limmacolata-concezione\/#primaryimage"},"thumbnailUrl":"https:\/\/www.lourdes-france.org\/wp-content\/uploads\/2019\/03\/FamilleNDL-min-380.jpg","datePublished":"2019-03-14T14:21:57+00:00","dateModified":"2026-01-30T10:44:07+00:00","author":{"@id":"https:\/\/preprod-lourdes.cawita.com\/#\/schema\/person\/00e15361338ccda7ff575e7807b7ff76"},"breadcrumb":{"@id":"https:\/\/www.lourdes-france.org\/it\/25-marzo-la-signora-dice-il-suo-nome-io-sono-limmacolata-concezione\/#breadcrumb"},"inLanguage":"it-IT","potentialAction":[{"@type":"ReadAction","target":["https:\/\/www.lourdes-france.org\/it\/25-marzo-la-signora-dice-il-suo-nome-io-sono-limmacolata-concezione\/"]}]},{"@type":"ImageObject","inLanguage":"it-IT","@id":"https:\/\/www.lourdes-france.org\/it\/25-marzo-la-signora-dice-il-suo-nome-io-sono-limmacolata-concezione\/#primaryimage","url":"https:\/\/www.lourdes-france.org\/wp-content\/uploads\/2019\/03\/FamilleNDL-min-380.jpg","contentUrl":"https:\/\/www.lourdes-france.org\/wp-content\/uploads\/2019\/03\/FamilleNDL-min-380.jpg","width":760,"height":560},{"@type":"BreadcrumbList","@id":"https:\/\/www.lourdes-france.org\/it\/25-marzo-la-signora-dice-il-suo-nome-io-sono-limmacolata-concezione\/#breadcrumb","itemListElement":[{"@type":"ListItem","position":1,"name":"Accueil","item":"https:\/\/www.lourdes-france.org\/"},{"@type":"ListItem","position":2,"name":"25 marzo: La Signora dice il suo nome \u00ab\u00a0Io sono l&rsquo;Immacolata Concezione\u00a0\u00bb"}]},{"@type":"WebSite","@id":"https:\/\/preprod-lourdes.cawita.com\/#website","url":"https:\/\/preprod-lourdes.cawita.com\/","name":"Soutenir le Sanctuaire Notre-Dame de Lourdes","description":"","potentialAction":[{"@type":"SearchAction","target":{"@type":"EntryPoint","urlTemplate":"https:\/\/preprod-lourdes.cawita.com\/?s={search_term_string}"},"query-input":{"@type":"PropertyValueSpecification","valueRequired":true,"valueName":"search_term_string"}}],"inLanguage":"it-IT"},{"@type":"Person","@id":"https:\/\/preprod-lourdes.cawita.com\/#\/schema\/person\/00e15361338ccda7ff575e7807b7ff76","name":"TV LOURDES","image":{"@type":"ImageObject","inLanguage":"it-IT","@id":"https:\/\/preprod-lourdes.cawita.com\/#\/schema\/person\/image\/","url":"https:\/\/secure.gravatar.com\/avatar\/99ad963db01f0c73acfee4d5f94ac178?s=96&d=mm&r=g","contentUrl":"https:\/\/secure.gravatar.com\/avatar\/99ad963db01f0c73acfee4d5f94ac178?s=96&d=mm&r=g","caption":"TV LOURDES"},"url":"https:\/\/www.lourdes-france.org\/it\/author\/tv-lourdes\/"}]}},"_links":{"self":[{"href":"https:\/\/www.lourdes-france.org\/it\/wp-json\/wp\/v2\/posts\/33347","targetHints":{"allow":["GET"]}}],"collection":[{"href":"https:\/\/www.lourdes-france.org\/it\/wp-json\/wp\/v2\/posts"}],"about":[{"href":"https:\/\/www.lourdes-france.org\/it\/wp-json\/wp\/v2\/types\/post"}],"author":[{"embeddable":true,"href":"https:\/\/www.lourdes-france.org\/it\/wp-json\/wp\/v2\/users\/21"}],"replies":[{"embeddable":true,"href":"https:\/\/www.lourdes-france.org\/it\/wp-json\/wp\/v2\/comments?post=33347"}],"version-history":[{"count":4,"href":"https:\/\/www.lourdes-france.org\/it\/wp-json\/wp\/v2\/posts\/33347\/revisions"}],"predecessor-version":[{"id":33477,"href":"https:\/\/www.lourdes-france.org\/it\/wp-json\/wp\/v2\/posts\/33347\/revisions\/33477"}],"wp:featuredmedia":[{"embeddable":true,"href":"https:\/\/www.lourdes-france.org\/it\/wp-json\/wp\/v2\/media\/33129"}],"wp:attachment":[{"href":"https:\/\/www.lourdes-france.org\/it\/wp-json\/wp\/v2\/media?parent=33347"}],"wp:term":[{"taxonomy":"category","embeddable":true,"href":"https:\/\/www.lourdes-france.org\/it\/wp-json\/wp\/v2\/categories?post=33347"},{"taxonomy":"post_tag","embeddable":true,"href":"https:\/\/www.lourdes-france.org\/it\/wp-json\/wp\/v2\/tags?post=33347"}],"curies":[{"name":"wp","href":"https:\/\/api.w.org\/{rel}","templated":true}]}}