{"id":37011,"date":"2019-04-10T15:38:09","date_gmt":"2019-04-10T13:38:09","guid":{"rendered":"https:\/\/www.lourdes-france.org\/une-exposition-de-photos-sur-bernadette-au-sanctuaire-la-premiere-sainte-photographiee\/"},"modified":"2026-01-30T11:42:58","modified_gmt":"2026-01-30T10:42:58","slug":"al-santuario-una-mostra-fotografica-su-bernadette-fu-la-prima-santa-ad-essere-fotografata","status":"publish","type":"post","link":"https:\/\/www.lourdes-france.org\/it\/al-santuario-una-mostra-fotografica-su-bernadette-fu-la-prima-santa-ad-essere-fotografata\/","title":{"rendered":"Al Santuario, una mostra fotografica su Bernadette  fu la prima Santa ad essere fotografata"},"content":{"rendered":"\t\t<div data-elementor-type=\"wp-post\" data-elementor-id=\"37011\" class=\"elementor elementor-37011 elementor-36161 elementor-bc-flex-widget\" data-elementor-post-type=\"post\">\n\t\t\t\t\t\t<section class=\"elementor-section elementor-top-section elementor-element elementor-element-1cc5dba elementor-section-boxed elementor-section-height-default elementor-section-height-default\" data-id=\"1cc5dba\" data-element_type=\"section\">\n\t\t\t\t\t\t<div class=\"elementor-container elementor-column-gap-no\">\n\t\t\t\t\t<div class=\"elementor-column elementor-col-100 elementor-top-column elementor-element elementor-element-6c077f50\" data-id=\"6c077f50\" data-element_type=\"column\">\n\t\t\t<div class=\"elementor-widget-wrap elementor-element-populated\">\n\t\t\t\t\t\t<div class=\"elementor-element elementor-element-3d95f7f6 elementor-widget elementor-widget-text-editor\" data-id=\"3d95f7f6\" data-element_type=\"widget\" data-widget_type=\"text-editor.default\">\n\t\t\t\t<div class=\"elementor-widget-container\">\n\t\t\t\t\t\t\t\t\t<p>Le fotografie di Bernadette sono state scattate agli albori della fotografia sia a Lourdes che a Nevers. Non \u00e8 mai stata fotografata durante le apparizioni. Troverete oltre 70 fotografie autentiche raccolte da padre Ren\u00e9 Laurentin, storico di Lourdes. Sono state riprese tra il 1861 e il 1868 e nel 1879, per il servizio funebre.<\/p>\t\t\t\t\t\t\t\t<\/div>\n\t\t\t\t<\/div>\n\t\t\t\t<div class=\"elementor-element elementor-element-48b7725 elementor-widget elementor-widget-text-editor\" data-id=\"48b7725\" data-element_type=\"widget\" data-widget_type=\"text-editor.default\">\n\t\t\t\t<div class=\"elementor-widget-container\">\n\t\t\t\t\t\t\t\t\t<p>Questa mostra rivela l&#8217;obbedienza di Bernadette a sei fotografi professionisti, ma anche il suo equilibrio, il suo senso delle proporzioni e persino la sua interiorit\u00e0. Si pu\u00f2 percepire la sua capacit\u00e0 di resistenza, grazie alla quale ha fatto fronte alle minacce delle autorit\u00e0.<\/p>\t\t\t\t\t\t\t\t<\/div>\n\t\t\t\t<\/div>\n\t\t\t\t<div class=\"elementor-element elementor-element-a8c2a3e elementor-widget elementor-widget-text-editor\" data-id=\"a8c2a3e\" data-element_type=\"widget\" data-widget_type=\"text-editor.default\">\n\t\t\t\t<div class=\"elementor-widget-container\">\n\t\t\t\t\t\t\t\t\t<p>La vita di Bernadette \u00e8 presentata attraverso la serie di gemmail, &#8220;un percorso di luce&#8221;. Questa evocazione \u00e8 anche un&#8217;opportunit\u00e0 per rendere omaggio a quest&#8217;arte, nata a Lourdes nel 1969*. Dopo aver ammirato la mostra si pu\u00f2 arrivare alla basilica sotterranea che risulta discretamente illuminata da questi gemmail, cos\u00ec come da quelli su i Misteri del Rosario di Robert Falcucci (1987) e quelli sulla Via Crucis di Cristo di Denys de Sol\u00e8re (1981).<\/p>\t\t\t\t\t\t\t\t<\/div>\n\t\t\t\t<\/div>\n\t\t\t\t<div class=\"elementor-element elementor-element-adf87de elementor-widget elementor-widget-text-editor\" data-id=\"adf87de\" data-element_type=\"widget\" data-widget_type=\"text-editor.default\">\n\t\t\t\t<div class=\"elementor-widget-container\">\n\t\t\t\t\t\t\t\t\t<p>* Il termine gemmail \u00e8 una contrazione di &#8220;gemma&#8221; (intesa come pietra preziosa o vetro colorato) e &#8220;smalto&#8221; (che fissa i frammenti di vetro). A differenza delle vetrate, il gemmail \u00e8 una sovrapposizione di frammenti di vetro colorato che lasciano entrare la luce. Questa tecnica \u00e8 stata messa a punto da Jean Crotti dopo la Seconda Guerra Mondiale e sviluppata da Roger Malherbe-Navarre. La gemma ha la particolarit\u00e0 di essere retroilluminata, e questo permette di illuminare la basilica sotterranea San Pio X.<\/p>\t\t\t\t\t\t\t\t<\/div>\n\t\t\t\t<\/div>\n\t\t\t\t<div class=\"elementor-element elementor-element-49c74c6 elementor-widget elementor-widget-shortcode\" data-id=\"49c74c6\" data-element_type=\"widget\" data-widget_type=\"shortcode.default\">\n\t\t\t\t<div class=\"elementor-widget-container\">\n\t\t\t\t\t\t\t<div class=\"elementor-shortcode\"><a data-flickr-embed=\"true\"  href=\"https:\/\/www.flickr.com\/photos\/lourdes_sanctuaires\/albums\/72157690849487903\" title=\"Exposition Bernadette galerie Sainte-Veronique\"><img fetchpriority=\"high\" decoding=\"async\" src=\"https:\/\/live.staticflickr.com\/7827\/46668901935_8a8a986979_c.jpg\" width=\"500\" height=\"534\" alt=\"Exposition Bernadette galerie Sainte-Veronique\"><\/a><script async src=\"\/\/embedr.flickr.com\/assets\/client-code.js\" charset=\"utf-8\"><\/script><\/div>\n\t\t\t\t\t\t<\/div>\n\t\t\t\t<\/div>\n\t\t\t\t\t<\/div>\n\t\t<\/div>\n\t\t\t\t\t<\/div>\n\t\t<\/section>\n\t\t\t\t<\/div>\n\t\t","protected":false},"excerpt":{"rendered":"<p>Le fotografie di Bernadette sono state scattate agli albori della fotografia sia a Lourdes che a Nevers. Non \u00e8 mai stata fotografata durante le apparizioni. Troverete oltre 70 fotografie autentiche raccolte da padre Ren\u00e9 Laurentin, storico di Lourdes. Sono state &hellip; <a href=\"https:\/\/www.lourdes-france.org\/it\/al-santuario-una-mostra-fotografica-su-bernadette-fu-la-prima-santa-ad-essere-fotografata\/\">Continua<\/a><\/p>\n","protected":false},"author":21,"featured_media":36183,"comment_status":"closed","ping_status":"closed","sticky":false,"template":"","format":"standard","meta":{"_acf_changed":false,"footnotes":""},"categories":[80],"tags":[],"class_list":["post-37011","post","type-post","status-publish","format-standard","has-post-thumbnail","hentry","category-en-ce-moment-it"],"acf":[],"yoast_head":"<!-- This site is optimized with the Yoast SEO plugin v24.7 - https:\/\/yoast.com\/wordpress\/plugins\/seo\/ -->\n<title>Al Santuario, una mostra fotografica su Bernadette fu la prima Santa ad essere fotografata<\/title>\n<meta name=\"robots\" content=\"index, follow, max-snippet:-1, max-image-preview:large, max-video-preview:-1\" \/>\n<link rel=\"canonical\" href=\"https:\/\/www.lourdes-france.org\/it\/al-santuario-una-mostra-fotografica-su-bernadette-fu-la-prima-santa-ad-essere-fotografata\/\" \/>\n<meta name=\"twitter:label1\" content=\"Scritto da\" \/>\n\t<meta name=\"twitter:data1\" content=\"TV LOURDES\" \/>\n\t<meta name=\"twitter:label2\" content=\"Tempo di lettura stimato\" \/>\n\t<meta name=\"twitter:data2\" content=\"1 minuto\" \/>\n<script type=\"application\/ld+json\" class=\"yoast-schema-graph\">{\"@context\":\"https:\/\/schema.org\",\"@graph\":[{\"@type\":\"WebPage\",\"@id\":\"https:\/\/www.lourdes-france.org\/it\/al-santuario-una-mostra-fotografica-su-bernadette-fu-la-prima-santa-ad-essere-fotografata\/\",\"url\":\"https:\/\/www.lourdes-france.org\/it\/al-santuario-una-mostra-fotografica-su-bernadette-fu-la-prima-santa-ad-essere-fotografata\/\",\"name\":\"Al Santuario, una mostra fotografica su Bernadette fu la prima Santa ad essere fotografata\",\"isPartOf\":{\"@id\":\"https:\/\/preprod-lourdes.cawita.com\/#website\"},\"primaryImageOfPage\":{\"@id\":\"https:\/\/www.lourdes-france.org\/it\/al-santuario-una-mostra-fotografica-su-bernadette-fu-la-prima-santa-ad-essere-fotografata\/#primaryimage\"},\"image\":{\"@id\":\"https:\/\/www.lourdes-france.org\/it\/al-santuario-una-mostra-fotografica-su-bernadette-fu-la-prima-santa-ad-essere-fotografata\/#primaryimage\"},\"thumbnailUrl\":\"https:\/\/www.lourdes-france.org\/wp-content\/uploads\/2019\/04\/ExpoBernadette_Bernadette4-380.jpg\",\"datePublished\":\"2019-04-10T13:38:09+00:00\",\"dateModified\":\"2026-01-30T10:42:58+00:00\",\"author\":{\"@id\":\"https:\/\/preprod-lourdes.cawita.com\/#\/schema\/person\/00e15361338ccda7ff575e7807b7ff76\"},\"breadcrumb\":{\"@id\":\"https:\/\/www.lourdes-france.org\/it\/al-santuario-una-mostra-fotografica-su-bernadette-fu-la-prima-santa-ad-essere-fotografata\/#breadcrumb\"},\"inLanguage\":\"it-IT\",\"potentialAction\":[{\"@type\":\"ReadAction\",\"target\":[\"https:\/\/www.lourdes-france.org\/it\/al-santuario-una-mostra-fotografica-su-bernadette-fu-la-prima-santa-ad-essere-fotografata\/\"]}]},{\"@type\":\"ImageObject\",\"inLanguage\":\"it-IT\",\"@id\":\"https:\/\/www.lourdes-france.org\/it\/al-santuario-una-mostra-fotografica-su-bernadette-fu-la-prima-santa-ad-essere-fotografata\/#primaryimage\",\"url\":\"https:\/\/www.lourdes-france.org\/wp-content\/uploads\/2019\/04\/ExpoBernadette_Bernadette4-380.jpg\",\"contentUrl\":\"https:\/\/www.lourdes-france.org\/wp-content\/uploads\/2019\/04\/ExpoBernadette_Bernadette4-380.jpg\",\"width\":760,\"height\":560},{\"@type\":\"BreadcrumbList\",\"@id\":\"https:\/\/www.lourdes-france.org\/it\/al-santuario-una-mostra-fotografica-su-bernadette-fu-la-prima-santa-ad-essere-fotografata\/#breadcrumb\",\"itemListElement\":[{\"@type\":\"ListItem\",\"position\":1,\"name\":\"Accueil\",\"item\":\"https:\/\/www.lourdes-france.org\/\"},{\"@type\":\"ListItem\",\"position\":2,\"name\":\"Al Santuario, una mostra fotografica su Bernadette fu la prima Santa ad essere fotografata\"}]},{\"@type\":\"WebSite\",\"@id\":\"https:\/\/preprod-lourdes.cawita.com\/#website\",\"url\":\"https:\/\/preprod-lourdes.cawita.com\/\",\"name\":\"Soutenir le Sanctuaire Notre-Dame de Lourdes\",\"description\":\"\",\"potentialAction\":[{\"@type\":\"SearchAction\",\"target\":{\"@type\":\"EntryPoint\",\"urlTemplate\":\"https:\/\/preprod-lourdes.cawita.com\/?s={search_term_string}\"},\"query-input\":{\"@type\":\"PropertyValueSpecification\",\"valueRequired\":true,\"valueName\":\"search_term_string\"}}],\"inLanguage\":\"it-IT\"},{\"@type\":\"Person\",\"@id\":\"https:\/\/preprod-lourdes.cawita.com\/#\/schema\/person\/00e15361338ccda7ff575e7807b7ff76\",\"name\":\"TV LOURDES\",\"image\":{\"@type\":\"ImageObject\",\"inLanguage\":\"it-IT\",\"@id\":\"https:\/\/preprod-lourdes.cawita.com\/#\/schema\/person\/image\/\",\"url\":\"https:\/\/secure.gravatar.com\/avatar\/99ad963db01f0c73acfee4d5f94ac178?s=96&d=mm&r=g\",\"contentUrl\":\"https:\/\/secure.gravatar.com\/avatar\/99ad963db01f0c73acfee4d5f94ac178?s=96&d=mm&r=g\",\"caption\":\"TV LOURDES\"},\"url\":\"https:\/\/www.lourdes-france.org\/it\/author\/tv-lourdes\/\"}]}<\/script>\n<!-- \/ Yoast SEO plugin. -->","yoast_head_json":{"title":"Al Santuario, una mostra fotografica su Bernadette fu la prima Santa ad essere fotografata","robots":{"index":"index","follow":"follow","max-snippet":"max-snippet:-1","max-image-preview":"max-image-preview:large","max-video-preview":"max-video-preview:-1"},"canonical":"https:\/\/www.lourdes-france.org\/it\/al-santuario-una-mostra-fotografica-su-bernadette-fu-la-prima-santa-ad-essere-fotografata\/","twitter_misc":{"Scritto da":"TV LOURDES","Tempo di lettura stimato":"1 minuto"},"schema":{"@context":"https:\/\/schema.org","@graph":[{"@type":"WebPage","@id":"https:\/\/www.lourdes-france.org\/it\/al-santuario-una-mostra-fotografica-su-bernadette-fu-la-prima-santa-ad-essere-fotografata\/","url":"https:\/\/www.lourdes-france.org\/it\/al-santuario-una-mostra-fotografica-su-bernadette-fu-la-prima-santa-ad-essere-fotografata\/","name":"Al Santuario, una mostra fotografica su Bernadette fu la prima Santa ad essere fotografata","isPartOf":{"@id":"https:\/\/preprod-lourdes.cawita.com\/#website"},"primaryImageOfPage":{"@id":"https:\/\/www.lourdes-france.org\/it\/al-santuario-una-mostra-fotografica-su-bernadette-fu-la-prima-santa-ad-essere-fotografata\/#primaryimage"},"image":{"@id":"https:\/\/www.lourdes-france.org\/it\/al-santuario-una-mostra-fotografica-su-bernadette-fu-la-prima-santa-ad-essere-fotografata\/#primaryimage"},"thumbnailUrl":"https:\/\/www.lourdes-france.org\/wp-content\/uploads\/2019\/04\/ExpoBernadette_Bernadette4-380.jpg","datePublished":"2019-04-10T13:38:09+00:00","dateModified":"2026-01-30T10:42:58+00:00","author":{"@id":"https:\/\/preprod-lourdes.cawita.com\/#\/schema\/person\/00e15361338ccda7ff575e7807b7ff76"},"breadcrumb":{"@id":"https:\/\/www.lourdes-france.org\/it\/al-santuario-una-mostra-fotografica-su-bernadette-fu-la-prima-santa-ad-essere-fotografata\/#breadcrumb"},"inLanguage":"it-IT","potentialAction":[{"@type":"ReadAction","target":["https:\/\/www.lourdes-france.org\/it\/al-santuario-una-mostra-fotografica-su-bernadette-fu-la-prima-santa-ad-essere-fotografata\/"]}]},{"@type":"ImageObject","inLanguage":"it-IT","@id":"https:\/\/www.lourdes-france.org\/it\/al-santuario-una-mostra-fotografica-su-bernadette-fu-la-prima-santa-ad-essere-fotografata\/#primaryimage","url":"https:\/\/www.lourdes-france.org\/wp-content\/uploads\/2019\/04\/ExpoBernadette_Bernadette4-380.jpg","contentUrl":"https:\/\/www.lourdes-france.org\/wp-content\/uploads\/2019\/04\/ExpoBernadette_Bernadette4-380.jpg","width":760,"height":560},{"@type":"BreadcrumbList","@id":"https:\/\/www.lourdes-france.org\/it\/al-santuario-una-mostra-fotografica-su-bernadette-fu-la-prima-santa-ad-essere-fotografata\/#breadcrumb","itemListElement":[{"@type":"ListItem","position":1,"name":"Accueil","item":"https:\/\/www.lourdes-france.org\/"},{"@type":"ListItem","position":2,"name":"Al Santuario, una mostra fotografica su Bernadette fu la prima Santa ad essere fotografata"}]},{"@type":"WebSite","@id":"https:\/\/preprod-lourdes.cawita.com\/#website","url":"https:\/\/preprod-lourdes.cawita.com\/","name":"Soutenir le Sanctuaire Notre-Dame de Lourdes","description":"","potentialAction":[{"@type":"SearchAction","target":{"@type":"EntryPoint","urlTemplate":"https:\/\/preprod-lourdes.cawita.com\/?s={search_term_string}"},"query-input":{"@type":"PropertyValueSpecification","valueRequired":true,"valueName":"search_term_string"}}],"inLanguage":"it-IT"},{"@type":"Person","@id":"https:\/\/preprod-lourdes.cawita.com\/#\/schema\/person\/00e15361338ccda7ff575e7807b7ff76","name":"TV LOURDES","image":{"@type":"ImageObject","inLanguage":"it-IT","@id":"https:\/\/preprod-lourdes.cawita.com\/#\/schema\/person\/image\/","url":"https:\/\/secure.gravatar.com\/avatar\/99ad963db01f0c73acfee4d5f94ac178?s=96&d=mm&r=g","contentUrl":"https:\/\/secure.gravatar.com\/avatar\/99ad963db01f0c73acfee4d5f94ac178?s=96&d=mm&r=g","caption":"TV LOURDES"},"url":"https:\/\/www.lourdes-france.org\/it\/author\/tv-lourdes\/"}]}},"_links":{"self":[{"href":"https:\/\/www.lourdes-france.org\/it\/wp-json\/wp\/v2\/posts\/37011","targetHints":{"allow":["GET"]}}],"collection":[{"href":"https:\/\/www.lourdes-france.org\/it\/wp-json\/wp\/v2\/posts"}],"about":[{"href":"https:\/\/www.lourdes-france.org\/it\/wp-json\/wp\/v2\/types\/post"}],"author":[{"embeddable":true,"href":"https:\/\/www.lourdes-france.org\/it\/wp-json\/wp\/v2\/users\/21"}],"replies":[{"embeddable":true,"href":"https:\/\/www.lourdes-france.org\/it\/wp-json\/wp\/v2\/comments?post=37011"}],"version-history":[{"count":2,"href":"https:\/\/www.lourdes-france.org\/it\/wp-json\/wp\/v2\/posts\/37011\/revisions"}],"predecessor-version":[{"id":37207,"href":"https:\/\/www.lourdes-france.org\/it\/wp-json\/wp\/v2\/posts\/37011\/revisions\/37207"}],"wp:featuredmedia":[{"embeddable":true,"href":"https:\/\/www.lourdes-france.org\/it\/wp-json\/wp\/v2\/media\/36183"}],"wp:attachment":[{"href":"https:\/\/www.lourdes-france.org\/it\/wp-json\/wp\/v2\/media?parent=37011"}],"wp:term":[{"taxonomy":"category","embeddable":true,"href":"https:\/\/www.lourdes-france.org\/it\/wp-json\/wp\/v2\/categories?post=37011"},{"taxonomy":"post_tag","embeddable":true,"href":"https:\/\/www.lourdes-france.org\/it\/wp-json\/wp\/v2\/tags?post=37011"}],"curies":[{"name":"wp","href":"https:\/\/api.w.org\/{rel}","templated":true}]}}