{"id":535902,"date":"2021-03-15T09:38:24","date_gmt":"2021-03-15T08:38:24","guid":{"rendered":"https:\/\/www.lourdes-france.org\/la-semaine-sainte\/"},"modified":"2026-01-30T11:24:37","modified_gmt":"2026-01-30T10:24:37","slug":"la-settimana-santa","status":"publish","type":"post","link":"https:\/\/www.lourdes-france.org\/it\/la-settimana-santa\/","title":{"rendered":"La settimana santa"},"content":{"rendered":"\t\t<div data-elementor-type=\"wp-post\" data-elementor-id=\"535902\" class=\"elementor elementor-535902 elementor-532010\" data-elementor-post-type=\"post\">\n\t\t\t\t\t\t<section class=\"elementor-section elementor-top-section elementor-element elementor-element-35170a0f elementor-section-boxed elementor-section-height-default elementor-section-height-default\" data-id=\"35170a0f\" data-element_type=\"section\">\n\t\t\t\t\t\t<div class=\"elementor-container elementor-column-gap-no\">\n\t\t\t\t\t<div class=\"elementor-column elementor-col-100 elementor-top-column elementor-element elementor-element-5326308a\" data-id=\"5326308a\" data-element_type=\"column\">\n\t\t\t<div class=\"elementor-widget-wrap elementor-element-populated\">\n\t\t\t\t\t\t<div class=\"elementor-element elementor-element-73ff613e elementor-widget elementor-widget-text-editor\" data-id=\"73ff613e\" data-element_type=\"widget\" data-widget_type=\"text-editor.default\">\n\t\t\t\t<div class=\"elementor-widget-container\">\n\t\t\t\t\t\t\t\t\t<h2>Nostra Signora di Lourdes, <span style=\"color: #e8a700;\">prega per noi !<br \/><\/span><\/h2>\t\t\t\t\t\t\t\t<\/div>\n\t\t\t\t<\/div>\n\t\t\t\t<div class=\"elementor-element elementor-element-74e530f7 elementor-widget elementor-widget-text-editor\" data-id=\"74e530f7\" data-element_type=\"widget\" data-widget_type=\"text-editor.default\">\n\t\t\t\t<div class=\"elementor-widget-container\">\n\t\t\t\t\t\t\t\t\t<p>Per i cattolici, la Settimana Santa \u00e8 l&#8217;ultima settimana di Quaresima. Inizia con la Domenica delle Palme, 28 marzo, che commemora l&#8217;ingresso solenne di Cristo a Gerusalemme. Include il Gioved\u00ec Santo, quando Ges\u00f9 istitu\u00ec l&#8217;Eucaristia durante l&#8217;Ultima Cena e il Venerd\u00ec Santo, giorno della Passione di Cristo e della sua morte sulla croce. Si conclude con la veglia pasquale nella notte dal Sabato Santo alla Domenica di Pasqua, quando \u00e8 celebrata la Risurrezione di Cristo. Di seguito sono riportati tutti gli orari.<\/p>\t\t\t\t\t\t\t\t<\/div>\n\t\t\t\t<\/div>\n\t\t\t\t<div class=\"elementor-element elementor-element-2180446 elementor-widget elementor-widget-text-editor\" data-id=\"2180446\" data-element_type=\"widget\" data-widget_type=\"text-editor.default\">\n\t\t\t\t<div class=\"elementor-widget-container\">\n\t\t\t\t\t\t\t\t\t<p><strong><span style=\"color: #e8a702;\">Domenica delle Palme<\/span> 28 marzo<\/strong><br \/><strong>h.10,00:<\/strong> messa alla Grotta con benedizione delle palme (KTO e TV Lourdes)<br \/><strong>h.11,15:<\/strong> messa nella basilica San Pio X con benedizione delle palme (TV Lourdes)<br \/><strong>h.15,00:<\/strong> rosario alla Grotta in inglese (TV Lourdes e EWTN)<br \/><strong>h.15,30:<\/strong> rosario alla Grotta in francese (TV Lourdes e KTO)<br \/><strong>h.16,00:<\/strong> rosario alla Grotta in spagnolo (TV Lourdes e EWTN)<br \/><strong>h.18,00:<\/strong> rosario alla Grotta in italiano (TV Lourdes e TV 2000)<br \/><br \/><strong><span style=\"color: #e8a702;\">Gioved\u00ec santo<\/span> 1\u00b0 aprile<\/strong><br \/><strong>h.15,00:<\/strong> rosario alla Grotta in inglese (TV Lourdes e EWTN)<br \/><strong>h.15,30:<\/strong> rosario alla Grotta in francese (TV Lourdes e KTO)<br \/><strong>h.16,00:<\/strong> Messa in Coena Domini nella Basilica di San Pio X (TV Lourdes)<br \/><strong>h.16,00:<\/strong> rosario alla Grotta in spagnolo (EWTN)<br \/><strong>h.18,00:<\/strong> rosario alla Grotta in italiano (TV Lourdes e TV 2000)<br \/><br \/><strong><span style=\"color: #e8a702;\">Venerd\u00ec santo<\/span> 2 aprile<\/strong><br \/><strong>h.11,00:<\/strong> Via Crucis sul sagrato delle basiliche (TV Lourdes)<br \/><strong>h.15,00:<\/strong> rosario alla Grotta in inglese (TV Lourdes e EWTN)<br \/><strong>h.15,00:<\/strong> ufficio della Passione presso la Basilica San Pio X (TV Lourdes)<br \/><strong>h.15,30:<\/strong> rosario alla Grotta in francese (KTO)<br \/><strong>h.16,00:<\/strong> rosario alla Grotta in spagnolo (TV Lourdes e EWTN)<br \/><strong>h.18,00:<\/strong> rosario alla Grotta in italiano (TV Lourdes e TV 2000)<br \/><br \/><strong><span style=\"color: #e8a702;\">Veglia pasquale sabato santo<\/span> 3 aprile<\/strong><br \/><strong>h.15,00:<\/strong> rosario alla Grotta in inglese (TV Lourdes e EWTN)<br \/><strong>h.15,30:<\/strong> rosario alla Grotta in francese (TV Lourdes e KTO)<br \/><strong>h.16,00:<\/strong> rosario alla Grotta in spagnolo (TV Lourdes e EWTN)<br \/><strong>h.18,00:<\/strong> rosario alla Grotta in italiano (TV Lourdes e TV 2000)<br \/>Se c\u2019\u00e8 il coprifuoco: h.21:00 Veglia a porte chiuse alla Grotta (TV Lourdes)<br \/><strong>Se non c\u2019\u00e8 il coprifuoco: ore 21 Veglia nella Basilica di San Pio X (TV Lourdes)<br \/><br \/><\/strong><strong><span style=\"color: #e8a702;\">Pasqua domenica<\/span> 4 aprile<\/strong><br \/><strong>h.10,00:<\/strong> messa alla Grotta (KTO e TV Lourdes)<br \/><strong>h.11,15,<\/strong> messa nella basilica San Pio X (TV Lourdes)<br \/><strong>h.15,00:<\/strong> rosario alla Grotta in inglese (TV Lourdes e EWTN)<br \/><strong>h.15,30:<\/strong> rosario alla Grotta in francese (TV Lourdes e KTO)<br \/><strong>h.16,00:<\/strong> rosario alla Grotta in spagnolo (TV Lourdes e EWTN)<br \/><strong>h.18,00:<\/strong> rosario alla Grotta in italiano (TV Lourdes e TV 2000)<br \/>Se non c&#8217;\u00e8 il coprifuoco: <strong>h.21,00<\/strong> Processione mariana alla Grotta (TV Lourdes)<\/p>\t\t\t\t\t\t\t\t<\/div>\n\t\t\t\t<\/div>\n\t\t\t\t<div class=\"elementor-element elementor-element-22e229a elementor-widget elementor-widget-text-editor\" data-id=\"22e229a\" data-element_type=\"widget\" data-widget_type=\"text-editor.default\">\n\t\t\t\t<div class=\"elementor-widget-container\">\n\t\t\t\t\t\t\t\t\t<h2>Preghiamo con Santa Bernadette<br \/>Per metterci nelle mani di Dio e preparare i nostri cuori alla gioia della Pasqua, preghiera di santa Bernadette.<span style=\"color: #e8a700;\"><br \/><\/span><\/h2>\t\t\t\t\t\t\t\t<\/div>\n\t\t\t\t<\/div>\n\t\t\t\t<div class=\"elementor-element elementor-element-42c75db elementor-widget elementor-widget-text-editor\" data-id=\"42c75db\" data-element_type=\"widget\" data-widget_type=\"text-editor.default\">\n\t\t\t\t<div class=\"elementor-widget-container\">\n\t\t\t\t\t\t\t\t\t<p><strong>Preghiera di una povera mendicante a Ges\u00f9<\/strong><\/p><p>&#8220;O Ges\u00f9, dammi, ti prego,<br \/>il pane dell&#8217;umilt\u00e0,<br \/>il pane dell\u2019obbedienza,<br \/>il pane della carit\u00e0,<br \/>il pane della forza per spezzare la mia volont\u00e0 e scioglierla nella tua,<br \/>il pane della mortificazione interiore,<br \/>il pane del distacco dalle creature,<br \/>il pane della pazienza per sopportare i dolori che il mio cuore soffre.<br \/>O Ges\u00f9, mi vuoi crocifissa, fiat,<br \/>il pane della forza per ben soffrire,<br \/>il pane di vedere solo te solo in tutto e sempre,<br \/>Ges\u00f9, Maria, la Croce, non voglio altri amici che questi.&#8221;<\/p><p><em>Preghiera di una povera mendicante a Ges\u00f9 &#8211; Bernadette Soubirous, Quaderno di note intime, p. 17.<\/em><\/p>\t\t\t\t\t\t\t\t<\/div>\n\t\t\t\t<\/div>\n\t\t\t\t\t<\/div>\n\t\t<\/div>\n\t\t\t\t\t<\/div>\n\t\t<\/section>\n\t\t\t\t<\/div>\n\t\t","protected":false},"excerpt":{"rendered":"<p>Nostra Signora di Lourdes, prega per noi ! Per i cattolici, la Settimana Santa \u00e8 l&#8217;ultima settimana di Quaresima. Inizia con la Domenica delle Palme, 28 marzo, che commemora l&#8217;ingresso solenne di Cristo a Gerusalemme. Include il Gioved\u00ec Santo, quando &hellip; <a href=\"https:\/\/www.lourdes-france.org\/it\/la-settimana-santa\/\">Continua<\/a><\/p>\n","protected":false},"author":21,"featured_media":537462,"comment_status":"closed","ping_status":"closed","sticky":false,"template":"","format":"standard","meta":{"_acf_changed":false,"footnotes":""},"categories":[80],"tags":[],"class_list":["post-535902","post","type-post","status-publish","format-standard","has-post-thumbnail","hentry","category-en-ce-moment-it"],"acf":[],"yoast_head":"<!-- This site is optimized with the Yoast SEO plugin v24.7 - https:\/\/yoast.com\/wordpress\/plugins\/seo\/ -->\n<title>La settimana santa<\/title>\n<meta name=\"robots\" content=\"index, follow, max-snippet:-1, max-image-preview:large, max-video-preview:-1\" \/>\n<link rel=\"canonical\" href=\"https:\/\/www.lourdes-france.org\/it\/la-settimana-santa\/\" \/>\n<meta name=\"twitter:label1\" content=\"Scritto da\" \/>\n\t<meta name=\"twitter:data1\" content=\"TV LOURDES\" \/>\n\t<meta name=\"twitter:label2\" content=\"Tempo di lettura stimato\" \/>\n\t<meta name=\"twitter:data2\" content=\"3 minuti\" \/>\n<script type=\"application\/ld+json\" class=\"yoast-schema-graph\">{\"@context\":\"https:\/\/schema.org\",\"@graph\":[{\"@type\":\"WebPage\",\"@id\":\"https:\/\/www.lourdes-france.org\/it\/la-settimana-santa\/\",\"url\":\"https:\/\/www.lourdes-france.org\/it\/la-settimana-santa\/\",\"name\":\"La settimana santa\",\"isPartOf\":{\"@id\":\"https:\/\/preprod-lourdes.cawita.com\/#website\"},\"primaryImageOfPage\":{\"@id\":\"https:\/\/www.lourdes-france.org\/it\/la-settimana-santa\/#primaryimage\"},\"image\":{\"@id\":\"https:\/\/www.lourdes-france.org\/it\/la-settimana-santa\/#primaryimage\"},\"thumbnailUrl\":\"https:\/\/www.lourdes-france.org\/wp-content\/uploads\/2021\/03\/Semaine-sainte-2021-vignette-760x560px_IT.jpg\",\"datePublished\":\"2021-03-15T08:38:24+00:00\",\"dateModified\":\"2026-01-30T10:24:37+00:00\",\"author\":{\"@id\":\"https:\/\/preprod-lourdes.cawita.com\/#\/schema\/person\/00e15361338ccda7ff575e7807b7ff76\"},\"breadcrumb\":{\"@id\":\"https:\/\/www.lourdes-france.org\/it\/la-settimana-santa\/#breadcrumb\"},\"inLanguage\":\"it-IT\",\"potentialAction\":[{\"@type\":\"ReadAction\",\"target\":[\"https:\/\/www.lourdes-france.org\/it\/la-settimana-santa\/\"]}]},{\"@type\":\"ImageObject\",\"inLanguage\":\"it-IT\",\"@id\":\"https:\/\/www.lourdes-france.org\/it\/la-settimana-santa\/#primaryimage\",\"url\":\"https:\/\/www.lourdes-france.org\/wp-content\/uploads\/2021\/03\/Semaine-sainte-2021-vignette-760x560px_IT.jpg\",\"contentUrl\":\"https:\/\/www.lourdes-france.org\/wp-content\/uploads\/2021\/03\/Semaine-sainte-2021-vignette-760x560px_IT.jpg\",\"width\":760,\"height\":560},{\"@type\":\"BreadcrumbList\",\"@id\":\"https:\/\/www.lourdes-france.org\/it\/la-settimana-santa\/#breadcrumb\",\"itemListElement\":[{\"@type\":\"ListItem\",\"position\":1,\"name\":\"Accueil\",\"item\":\"https:\/\/www.lourdes-france.org\/\"},{\"@type\":\"ListItem\",\"position\":2,\"name\":\"La settimana santa\"}]},{\"@type\":\"WebSite\",\"@id\":\"https:\/\/preprod-lourdes.cawita.com\/#website\",\"url\":\"https:\/\/preprod-lourdes.cawita.com\/\",\"name\":\"Soutenir le Sanctuaire Notre-Dame de Lourdes\",\"description\":\"\",\"potentialAction\":[{\"@type\":\"SearchAction\",\"target\":{\"@type\":\"EntryPoint\",\"urlTemplate\":\"https:\/\/preprod-lourdes.cawita.com\/?s={search_term_string}\"},\"query-input\":{\"@type\":\"PropertyValueSpecification\",\"valueRequired\":true,\"valueName\":\"search_term_string\"}}],\"inLanguage\":\"it-IT\"},{\"@type\":\"Person\",\"@id\":\"https:\/\/preprod-lourdes.cawita.com\/#\/schema\/person\/00e15361338ccda7ff575e7807b7ff76\",\"name\":\"TV LOURDES\",\"image\":{\"@type\":\"ImageObject\",\"inLanguage\":\"it-IT\",\"@id\":\"https:\/\/preprod-lourdes.cawita.com\/#\/schema\/person\/image\/\",\"url\":\"https:\/\/secure.gravatar.com\/avatar\/99ad963db01f0c73acfee4d5f94ac178?s=96&d=mm&r=g\",\"contentUrl\":\"https:\/\/secure.gravatar.com\/avatar\/99ad963db01f0c73acfee4d5f94ac178?s=96&d=mm&r=g\",\"caption\":\"TV LOURDES\"},\"url\":\"https:\/\/www.lourdes-france.org\/it\/author\/tv-lourdes\/\"}]}<\/script>\n<!-- \/ Yoast SEO plugin. -->","yoast_head_json":{"title":"La settimana santa","robots":{"index":"index","follow":"follow","max-snippet":"max-snippet:-1","max-image-preview":"max-image-preview:large","max-video-preview":"max-video-preview:-1"},"canonical":"https:\/\/www.lourdes-france.org\/it\/la-settimana-santa\/","twitter_misc":{"Scritto da":"TV LOURDES","Tempo di lettura stimato":"3 minuti"},"schema":{"@context":"https:\/\/schema.org","@graph":[{"@type":"WebPage","@id":"https:\/\/www.lourdes-france.org\/it\/la-settimana-santa\/","url":"https:\/\/www.lourdes-france.org\/it\/la-settimana-santa\/","name":"La settimana santa","isPartOf":{"@id":"https:\/\/preprod-lourdes.cawita.com\/#website"},"primaryImageOfPage":{"@id":"https:\/\/www.lourdes-france.org\/it\/la-settimana-santa\/#primaryimage"},"image":{"@id":"https:\/\/www.lourdes-france.org\/it\/la-settimana-santa\/#primaryimage"},"thumbnailUrl":"https:\/\/www.lourdes-france.org\/wp-content\/uploads\/2021\/03\/Semaine-sainte-2021-vignette-760x560px_IT.jpg","datePublished":"2021-03-15T08:38:24+00:00","dateModified":"2026-01-30T10:24:37+00:00","author":{"@id":"https:\/\/preprod-lourdes.cawita.com\/#\/schema\/person\/00e15361338ccda7ff575e7807b7ff76"},"breadcrumb":{"@id":"https:\/\/www.lourdes-france.org\/it\/la-settimana-santa\/#breadcrumb"},"inLanguage":"it-IT","potentialAction":[{"@type":"ReadAction","target":["https:\/\/www.lourdes-france.org\/it\/la-settimana-santa\/"]}]},{"@type":"ImageObject","inLanguage":"it-IT","@id":"https:\/\/www.lourdes-france.org\/it\/la-settimana-santa\/#primaryimage","url":"https:\/\/www.lourdes-france.org\/wp-content\/uploads\/2021\/03\/Semaine-sainte-2021-vignette-760x560px_IT.jpg","contentUrl":"https:\/\/www.lourdes-france.org\/wp-content\/uploads\/2021\/03\/Semaine-sainte-2021-vignette-760x560px_IT.jpg","width":760,"height":560},{"@type":"BreadcrumbList","@id":"https:\/\/www.lourdes-france.org\/it\/la-settimana-santa\/#breadcrumb","itemListElement":[{"@type":"ListItem","position":1,"name":"Accueil","item":"https:\/\/www.lourdes-france.org\/"},{"@type":"ListItem","position":2,"name":"La settimana santa"}]},{"@type":"WebSite","@id":"https:\/\/preprod-lourdes.cawita.com\/#website","url":"https:\/\/preprod-lourdes.cawita.com\/","name":"Soutenir le Sanctuaire Notre-Dame de Lourdes","description":"","potentialAction":[{"@type":"SearchAction","target":{"@type":"EntryPoint","urlTemplate":"https:\/\/preprod-lourdes.cawita.com\/?s={search_term_string}"},"query-input":{"@type":"PropertyValueSpecification","valueRequired":true,"valueName":"search_term_string"}}],"inLanguage":"it-IT"},{"@type":"Person","@id":"https:\/\/preprod-lourdes.cawita.com\/#\/schema\/person\/00e15361338ccda7ff575e7807b7ff76","name":"TV LOURDES","image":{"@type":"ImageObject","inLanguage":"it-IT","@id":"https:\/\/preprod-lourdes.cawita.com\/#\/schema\/person\/image\/","url":"https:\/\/secure.gravatar.com\/avatar\/99ad963db01f0c73acfee4d5f94ac178?s=96&d=mm&r=g","contentUrl":"https:\/\/secure.gravatar.com\/avatar\/99ad963db01f0c73acfee4d5f94ac178?s=96&d=mm&r=g","caption":"TV LOURDES"},"url":"https:\/\/www.lourdes-france.org\/it\/author\/tv-lourdes\/"}]}},"_links":{"self":[{"href":"https:\/\/www.lourdes-france.org\/it\/wp-json\/wp\/v2\/posts\/535902","targetHints":{"allow":["GET"]}}],"collection":[{"href":"https:\/\/www.lourdes-france.org\/it\/wp-json\/wp\/v2\/posts"}],"about":[{"href":"https:\/\/www.lourdes-france.org\/it\/wp-json\/wp\/v2\/types\/post"}],"author":[{"embeddable":true,"href":"https:\/\/www.lourdes-france.org\/it\/wp-json\/wp\/v2\/users\/21"}],"replies":[{"embeddable":true,"href":"https:\/\/www.lourdes-france.org\/it\/wp-json\/wp\/v2\/comments?post=535902"}],"version-history":[{"count":5,"href":"https:\/\/www.lourdes-france.org\/it\/wp-json\/wp\/v2\/posts\/535902\/revisions"}],"predecessor-version":[{"id":537468,"href":"https:\/\/www.lourdes-france.org\/it\/wp-json\/wp\/v2\/posts\/535902\/revisions\/537468"}],"wp:featuredmedia":[{"embeddable":true,"href":"https:\/\/www.lourdes-france.org\/it\/wp-json\/wp\/v2\/media\/537462"}],"wp:attachment":[{"href":"https:\/\/www.lourdes-france.org\/it\/wp-json\/wp\/v2\/media?parent=535902"}],"wp:term":[{"taxonomy":"category","embeddable":true,"href":"https:\/\/www.lourdes-france.org\/it\/wp-json\/wp\/v2\/categories?post=535902"},{"taxonomy":"post_tag","embeddable":true,"href":"https:\/\/www.lourdes-france.org\/it\/wp-json\/wp\/v2\/tags?post=535902"}],"curies":[{"name":"wp","href":"https:\/\/api.w.org\/{rel}","templated":true}]}}